{"id":78157,"date":"2021-11-19T00:00:54","date_gmt":"2021-11-18T22:00:54","guid":{"rendered":"http:\/\/www.noubarris.net\/web40\/?p=78157"},"modified":"2021-11-17T21:33:10","modified_gmt":"2021-11-17T19:33:10","slug":"lhort-jardi-date-una-huerta-supera-una-altra-ordre-de-desnonament","status":"publish","type":"post","link":"https:\/\/www.noubarris.net\/web40\/lhort-jardi-date-una-huerta-supera-una-altra-ordre-de-desnonament\/","title":{"rendered":"L&#8217;hort jard\u00ed Date una Huerta supera una altra ordre de desnonament"},"content":{"rendered":"<p><strong>La propietat ha sol\u00b7licitat ajornar el llan\u00e7ament previst per a avui<\/strong><\/p>\n<p>Les persones que conformen la comunitat del solar ocupat de Date una Huerta tenien preparada per a avui una nova mobiltzaci\u00f3 per tal d&#8217;aturar un possible desnonament. Tanmateix, dimecres els va arribar la not\u00edcia que el fons voltor propietari del terreny havia demanat aturar l&#8217;operaci\u00f3. Date una Huerta supera, doncs, el sis\u00e8 intent de desnonament i aquest cop sense necessitat de convocar els ve\u00efns i ve\u00efnes de la Prosperitat a la porta de l&#8217;espai, al carrer de Joaquim Valls. El col\u00b7lectiu agafa aire de nou just per celebrar el cinqu\u00e8 aniversari del projecte.<\/p>\n<p>Tot i aix\u00f2, no acaben d&#8217;estar tranquils i comencen a resentir-se del desgast dels darrers quatre anys, en qu\u00e8 s&#8217;han hagut de mobilitzar -festivament, aix\u00f2 s\u00ed- davant les ordres de desnonament. Ara reclamen una soluci\u00f3 definitiva que pot passar perqu\u00e8 l&#8217;empresa signi finalment la proposta de cessi\u00f3 d&#8217;\u00fas que l&#8217;ha fet arribar Districte de Nou Barris en el seu paper de mediador entre ve\u00efns i propietat. Aquesta cessi\u00f3 d&#8217;\u00fas obriria la porta a que els membres de Date una Huerta i el ve\u00efnat en general continuessin a l&#8217;hort-jard\u00ed fins que l&#8217;empresa trob\u00e9s un comprador. &#8220;Nosaltres sempre hem defensat que mentre no s&#8217;hi construeixi, serem aqu\u00ed, per\u00f2 hem cedit a condicionar la nostra pres\u00e8ncia a que es vengui, per tal de facilitar l&#8217;acord. -explica Bicicleto, de Date una Huerta- El que no entenem \u00e9s per qu\u00e8 no acaba de signar l&#8217;empresa. Si s&#8217;ha de fer la cessi\u00f3 d&#8217;\u00fas, que es formalitzi ja&#8221;. I \u00e9s que el col\u00b7lectiu vol una mica d&#8217;estabilitat per poder treballar les projectes sense l&#8217;amena\u00e7a del llan\u00e7ament cada sis mesos.<\/p>\n<p>Recorden que el solar ara \u00e9s net i t\u00e9 un aspecte ben diferent al que tenia fa cinc anys, quan van entrar en un espai ple de rates i brossa. &#8220;No volem que aquest solar torni a ser un espai ple brut\u00edcia. Els ve\u00efns del voltant havien denunciat un munt de cops perqu\u00e8 no es netejava i le srates entraven a casa seva&#8221;, apunta Bicicleto. Aquesta \u00e9s una de les raons que ha fet que comptin amb el suport de l&#8217;entorn i de l&#8217;AV Prosperitat qui, en cas de formalitzar-se la cessi\u00f3 d&#8217;\u00fas entre l&#8217;empresa i l&#8217;Ajuntament, obtindria la cessi\u00f3 de mans de Districte.<\/p>\n","protected":false},"excerpt":{"rendered":"<p>La propietat ha sol\u00b7licitat ajornar el llan\u00e7ament previst per a avui Les persones que conformen la comunitat del solar ocupat<\/p>\n","protected":false},"author":2,"featured_media":78158,"comment_status":"closed","ping_status":"closed","sticky":false,"template":"","format":"standard","meta":{"colormag_page_layout":"default_layout","_monsterinsights_skip_tracking":false,"_monsterinsights_sitenote_active":false,"_monsterinsights_sitenote_note":"","_monsterinsights_sitenote_category":0,"footnotes":""},"categories":[135,124],"tags":[621,518],"class_list":["post-78157","post","type-post","status-publish","format-standard","has-post-thumbnail","hentry","category-la-prosperitat","category-societat","tag-date-una-huerta","tag-horts-urbans"],"yoast_head":"<!-- This site is optimized with the Yoast SEO plugin v25.3 - https:\/\/yoast.com\/wordpress\/plugins\/seo\/ -->\n<title>L&#039;hort jard\u00ed Date una Huerta supera una altra ordre de desnonament - NouBarris.Net<\/title>\n<meta name=\"robots\" content=\"index, follow, max-snippet:-1, max-image-preview:large, max-video-preview:-1\" \/>\n<link rel=\"canonical\" href=\"https:\/\/www.noubarris.net\/web40\/lhort-jardi-date-una-huerta-supera-una-altra-ordre-de-desnonament\/\" \/>\n<meta property=\"og:locale\" content=\"ca_ES\" \/>\n<meta property=\"og:type\" content=\"article\" \/>\n<meta property=\"og:title\" content=\"L&#039;hort jard\u00ed Date una Huerta supera una altra ordre de desnonament - NouBarris.Net\" \/>\n<meta property=\"og:description\" content=\"La propietat ha sol\u00b7licitat ajornar el llan\u00e7ament previst per a avui Les persones que conformen la comunitat del solar ocupat\" \/>\n<meta property=\"og:url\" content=\"https:\/\/www.noubarris.net\/web40\/lhort-jardi-date-una-huerta-supera-una-altra-ordre-de-desnonament\/\" \/>\n<meta property=\"og:site_name\" content=\"NouBarris.Net\" \/>\n<meta property=\"article:publisher\" content=\"https:\/\/www.facebook.com\/NouBarris.net\/?locale=es_ES\" \/>\n<meta property=\"article:published_time\" content=\"2021-11-18T22:00:54+00:00\" \/>\n<meta property=\"og:image\" content=\"https:\/\/www.noubarris.net\/web40\/wp-content\/uploads\/2021\/11\/191121.jpg\" \/>\n\t<meta property=\"og:image:width\" content=\"768\" \/>\n\t<meta property=\"og:image:height\" content=\"432\" \/>\n\t<meta property=\"og:image:type\" content=\"image\/jpeg\" \/>\n<meta name=\"author\" content=\"Informatius\" \/>\n<meta name=\"twitter:card\" content=\"summary_large_image\" \/>\n<meta name=\"twitter:creator\" content=\"@9BTV\" \/>\n<meta name=\"twitter:site\" content=\"@9BTV\" \/>\n<meta name=\"twitter:label1\" content=\"Escrit per\" \/>\n\t<meta name=\"twitter:data1\" content=\"Informatius\" \/>\n\t<meta name=\"twitter:label2\" content=\"Temps estimat de lectura\" \/>\n\t<meta name=\"twitter:data2\" content=\"2 minuts\" \/>\n<script type=\"application\/ld+json\" class=\"yoast-schema-graph\">{\"@context\":\"https:\/\/schema.org\",\"@graph\":[{\"@type\":\"Article\",\"@id\":\"https:\/\/www.noubarris.net\/web40\/lhort-jardi-date-una-huerta-supera-una-altra-ordre-de-desnonament\/#article\",\"isPartOf\":{\"@id\":\"https:\/\/www.noubarris.net\/web40\/lhort-jardi-date-una-huerta-supera-una-altra-ordre-de-desnonament\/\"},\"author\":{\"name\":\"Informatius\",\"@id\":\"https:\/\/www.noubarris.net\/web40\/#\/schema\/person\/1827f92aaa316c54abbf4dac0de76069\"},\"headline\":\"L&#8217;hort jard\u00ed Date una Huerta supera una altra ordre de desnonament\",\"datePublished\":\"2021-11-18T22:00:54+00:00\",\"mainEntityOfPage\":{\"@id\":\"https:\/\/www.noubarris.net\/web40\/lhort-jardi-date-una-huerta-supera-una-altra-ordre-de-desnonament\/\"},\"wordCount\":431,\"publisher\":{\"@id\":\"https:\/\/www.noubarris.net\/web40\/#organization\"},\"image\":{\"@id\":\"https:\/\/www.noubarris.net\/web40\/lhort-jardi-date-una-huerta-supera-una-altra-ordre-de-desnonament\/#primaryimage\"},\"thumbnailUrl\":\"https:\/\/www.noubarris.net\/web40\/wp-content\/uploads\/2021\/11\/191121.jpg\",\"keywords\":[\"Date una huerta\",\"horts urbans\"],\"articleSection\":[\"La Prosperitat\",\"Societat\"],\"inLanguage\":\"ca\"},{\"@type\":\"WebPage\",\"@id\":\"https:\/\/www.noubarris.net\/web40\/lhort-jardi-date-una-huerta-supera-una-altra-ordre-de-desnonament\/\",\"url\":\"https:\/\/www.noubarris.net\/web40\/lhort-jardi-date-una-huerta-supera-una-altra-ordre-de-desnonament\/\",\"name\":\"L'hort jard\u00ed Date una Huerta supera una altra ordre de desnonament - NouBarris.Net\",\"isPartOf\":{\"@id\":\"https:\/\/www.noubarris.net\/web40\/#website\"},\"primaryImageOfPage\":{\"@id\":\"https:\/\/www.noubarris.net\/web40\/lhort-jardi-date-una-huerta-supera-una-altra-ordre-de-desnonament\/#primaryimage\"},\"image\":{\"@id\":\"https:\/\/www.noubarris.net\/web40\/lhort-jardi-date-una-huerta-supera-una-altra-ordre-de-desnonament\/#primaryimage\"},\"thumbnailUrl\":\"https:\/\/www.noubarris.net\/web40\/wp-content\/uploads\/2021\/11\/191121.jpg\",\"datePublished\":\"2021-11-18T22:00:54+00:00\",\"breadcrumb\":{\"@id\":\"https:\/\/www.noubarris.net\/web40\/lhort-jardi-date-una-huerta-supera-una-altra-ordre-de-desnonament\/#breadcrumb\"},\"inLanguage\":\"ca\",\"potentialAction\":[{\"@type\":\"ReadAction\",\"target\":[\"https:\/\/www.noubarris.net\/web40\/lhort-jardi-date-una-huerta-supera-una-altra-ordre-de-desnonament\/\"]}]},{\"@type\":\"ImageObject\",\"inLanguage\":\"ca\",\"@id\":\"https:\/\/www.noubarris.net\/web40\/lhort-jardi-date-una-huerta-supera-una-altra-ordre-de-desnonament\/#primaryimage\",\"url\":\"https:\/\/www.noubarris.net\/web40\/wp-content\/uploads\/2021\/11\/191121.jpg\",\"contentUrl\":\"https:\/\/www.noubarris.net\/web40\/wp-content\/uploads\/2021\/11\/191121.jpg\",\"width\":768,\"height\":432},{\"@type\":\"BreadcrumbList\",\"@id\":\"https:\/\/www.noubarris.net\/web40\/lhort-jardi-date-una-huerta-supera-una-altra-ordre-de-desnonament\/#breadcrumb\",\"itemListElement\":[{\"@type\":\"ListItem\",\"position\":1,\"name\":\"Inici\",\"item\":\"https:\/\/www.noubarris.net\/web40\/\"},{\"@type\":\"ListItem\",\"position\":2,\"name\":\"L&#8217;hort jard\u00ed Date una Huerta supera una altra ordre de desnonament\"}]},{\"@type\":\"WebSite\",\"@id\":\"https:\/\/www.noubarris.net\/web40\/#website\",\"url\":\"https:\/\/www.noubarris.net\/web40\/\",\"name\":\"NouBarris.Net\",\"description\":\"Seguint la vida de Nou Barris des de 1985\",\"publisher\":{\"@id\":\"https:\/\/www.noubarris.net\/web40\/#organization\"},\"potentialAction\":[{\"@type\":\"SearchAction\",\"target\":{\"@type\":\"EntryPoint\",\"urlTemplate\":\"https:\/\/www.noubarris.net\/web40\/?s={search_term_string}\"},\"query-input\":{\"@type\":\"PropertyValueSpecification\",\"valueRequired\":true,\"valueName\":\"search_term_string\"}}],\"inLanguage\":\"ca\"},{\"@type\":\"Organization\",\"@id\":\"https:\/\/www.noubarris.net\/web40\/#organization\",\"name\":\"NouBarris.Net\",\"url\":\"https:\/\/www.noubarris.net\/web40\/\",\"logo\":{\"@type\":\"ImageObject\",\"inLanguage\":\"ca\",\"@id\":\"https:\/\/www.noubarris.net\/web40\/#\/schema\/logo\/image\/\",\"url\":\"https:\/\/www.noubarris.net\/web40\/wp-content\/uploads\/2024\/11\/cropped-cropped-LOGO_9BTV-2024_Insta-1.jpg\",\"contentUrl\":\"https:\/\/www.noubarris.net\/web40\/wp-content\/uploads\/2024\/11\/cropped-cropped-LOGO_9BTV-2024_Insta-1.jpg\",\"width\":512,\"height\":512,\"caption\":\"NouBarris.Net\"},\"image\":{\"@id\":\"https:\/\/www.noubarris.net\/web40\/#\/schema\/logo\/image\/\"},\"sameAs\":[\"https:\/\/www.facebook.com\/NouBarris.net\/?locale=es_ES\",\"https:\/\/x.com\/9BTV\"]},{\"@type\":\"Person\",\"@id\":\"https:\/\/www.noubarris.net\/web40\/#\/schema\/person\/1827f92aaa316c54abbf4dac0de76069\",\"name\":\"Informatius\",\"image\":{\"@type\":\"ImageObject\",\"inLanguage\":\"ca\",\"@id\":\"https:\/\/www.noubarris.net\/web40\/#\/schema\/person\/image\/\",\"url\":\"https:\/\/secure.gravatar.com\/avatar\/87a3b47928835fc72c6ee5b0e1a7263ef0c2d05003a98189bc14926c5f11bcdb?s=96&d=mm&r=g\",\"contentUrl\":\"https:\/\/secure.gravatar.com\/avatar\/87a3b47928835fc72c6ee5b0e1a7263ef0c2d05003a98189bc14926c5f11bcdb?s=96&d=mm&r=g\",\"caption\":\"Informatius\"},\"url\":\"https:\/\/www.noubarris.net\/web40\/author\/tele\/\"}]}<\/script>\n<!-- \/ Yoast SEO plugin. -->","yoast_head_json":{"title":"L'hort jard\u00ed Date una Huerta supera una altra ordre de desnonament - NouBarris.Net","robots":{"index":"index","follow":"follow","max-snippet":"max-snippet:-1","max-image-preview":"max-image-preview:large","max-video-preview":"max-video-preview:-1"},"canonical":"https:\/\/www.noubarris.net\/web40\/lhort-jardi-date-una-huerta-supera-una-altra-ordre-de-desnonament\/","og_locale":"ca_ES","og_type":"article","og_title":"L'hort jard\u00ed Date una Huerta supera una altra ordre de desnonament - NouBarris.Net","og_description":"La propietat ha sol\u00b7licitat ajornar el llan\u00e7ament previst per a avui Les persones que conformen la comunitat del solar ocupat","og_url":"https:\/\/www.noubarris.net\/web40\/lhort-jardi-date-una-huerta-supera-una-altra-ordre-de-desnonament\/","og_site_name":"NouBarris.Net","article_publisher":"https:\/\/www.facebook.com\/NouBarris.net\/?locale=es_ES","article_published_time":"2021-11-18T22:00:54+00:00","og_image":[{"width":768,"height":432,"url":"https:\/\/www.noubarris.net\/web40\/wp-content\/uploads\/2021\/11\/191121.jpg","type":"image\/jpeg"}],"author":"Informatius","twitter_card":"summary_large_image","twitter_creator":"@9BTV","twitter_site":"@9BTV","twitter_misc":{"Escrit per":"Informatius","Temps estimat de lectura":"2 minuts"},"schema":{"@context":"https:\/\/schema.org","@graph":[{"@type":"Article","@id":"https:\/\/www.noubarris.net\/web40\/lhort-jardi-date-una-huerta-supera-una-altra-ordre-de-desnonament\/#article","isPartOf":{"@id":"https:\/\/www.noubarris.net\/web40\/lhort-jardi-date-una-huerta-supera-una-altra-ordre-de-desnonament\/"},"author":{"name":"Informatius","@id":"https:\/\/www.noubarris.net\/web40\/#\/schema\/person\/1827f92aaa316c54abbf4dac0de76069"},"headline":"L&#8217;hort jard\u00ed Date una Huerta supera una altra ordre de desnonament","datePublished":"2021-11-18T22:00:54+00:00","mainEntityOfPage":{"@id":"https:\/\/www.noubarris.net\/web40\/lhort-jardi-date-una-huerta-supera-una-altra-ordre-de-desnonament\/"},"wordCount":431,"publisher":{"@id":"https:\/\/www.noubarris.net\/web40\/#organization"},"image":{"@id":"https:\/\/www.noubarris.net\/web40\/lhort-jardi-date-una-huerta-supera-una-altra-ordre-de-desnonament\/#primaryimage"},"thumbnailUrl":"https:\/\/www.noubarris.net\/web40\/wp-content\/uploads\/2021\/11\/191121.jpg","keywords":["Date una huerta","horts urbans"],"articleSection":["La Prosperitat","Societat"],"inLanguage":"ca"},{"@type":"WebPage","@id":"https:\/\/www.noubarris.net\/web40\/lhort-jardi-date-una-huerta-supera-una-altra-ordre-de-desnonament\/","url":"https:\/\/www.noubarris.net\/web40\/lhort-jardi-date-una-huerta-supera-una-altra-ordre-de-desnonament\/","name":"L'hort jard\u00ed Date una Huerta supera una altra ordre de desnonament - NouBarris.Net","isPartOf":{"@id":"https:\/\/www.noubarris.net\/web40\/#website"},"primaryImageOfPage":{"@id":"https:\/\/www.noubarris.net\/web40\/lhort-jardi-date-una-huerta-supera-una-altra-ordre-de-desnonament\/#primaryimage"},"image":{"@id":"https:\/\/www.noubarris.net\/web40\/lhort-jardi-date-una-huerta-supera-una-altra-ordre-de-desnonament\/#primaryimage"},"thumbnailUrl":"https:\/\/www.noubarris.net\/web40\/wp-content\/uploads\/2021\/11\/191121.jpg","datePublished":"2021-11-18T22:00:54+00:00","breadcrumb":{"@id":"https:\/\/www.noubarris.net\/web40\/lhort-jardi-date-una-huerta-supera-una-altra-ordre-de-desnonament\/#breadcrumb"},"inLanguage":"ca","potentialAction":[{"@type":"ReadAction","target":["https:\/\/www.noubarris.net\/web40\/lhort-jardi-date-una-huerta-supera-una-altra-ordre-de-desnonament\/"]}]},{"@type":"ImageObject","inLanguage":"ca","@id":"https:\/\/www.noubarris.net\/web40\/lhort-jardi-date-una-huerta-supera-una-altra-ordre-de-desnonament\/#primaryimage","url":"https:\/\/www.noubarris.net\/web40\/wp-content\/uploads\/2021\/11\/191121.jpg","contentUrl":"https:\/\/www.noubarris.net\/web40\/wp-content\/uploads\/2021\/11\/191121.jpg","width":768,"height":432},{"@type":"BreadcrumbList","@id":"https:\/\/www.noubarris.net\/web40\/lhort-jardi-date-una-huerta-supera-una-altra-ordre-de-desnonament\/#breadcrumb","itemListElement":[{"@type":"ListItem","position":1,"name":"Inici","item":"https:\/\/www.noubarris.net\/web40\/"},{"@type":"ListItem","position":2,"name":"L&#8217;hort jard\u00ed Date una Huerta supera una altra ordre de desnonament"}]},{"@type":"WebSite","@id":"https:\/\/www.noubarris.net\/web40\/#website","url":"https:\/\/www.noubarris.net\/web40\/","name":"NouBarris.Net","description":"Seguint la vida de Nou Barris des de 1985","publisher":{"@id":"https:\/\/www.noubarris.net\/web40\/#organization"},"potentialAction":[{"@type":"SearchAction","target":{"@type":"EntryPoint","urlTemplate":"https:\/\/www.noubarris.net\/web40\/?s={search_term_string}"},"query-input":{"@type":"PropertyValueSpecification","valueRequired":true,"valueName":"search_term_string"}}],"inLanguage":"ca"},{"@type":"Organization","@id":"https:\/\/www.noubarris.net\/web40\/#organization","name":"NouBarris.Net","url":"https:\/\/www.noubarris.net\/web40\/","logo":{"@type":"ImageObject","inLanguage":"ca","@id":"https:\/\/www.noubarris.net\/web40\/#\/schema\/logo\/image\/","url":"https:\/\/www.noubarris.net\/web40\/wp-content\/uploads\/2024\/11\/cropped-cropped-LOGO_9BTV-2024_Insta-1.jpg","contentUrl":"https:\/\/www.noubarris.net\/web40\/wp-content\/uploads\/2024\/11\/cropped-cropped-LOGO_9BTV-2024_Insta-1.jpg","width":512,"height":512,"caption":"NouBarris.Net"},"image":{"@id":"https:\/\/www.noubarris.net\/web40\/#\/schema\/logo\/image\/"},"sameAs":["https:\/\/www.facebook.com\/NouBarris.net\/?locale=es_ES","https:\/\/x.com\/9BTV"]},{"@type":"Person","@id":"https:\/\/www.noubarris.net\/web40\/#\/schema\/person\/1827f92aaa316c54abbf4dac0de76069","name":"Informatius","image":{"@type":"ImageObject","inLanguage":"ca","@id":"https:\/\/www.noubarris.net\/web40\/#\/schema\/person\/image\/","url":"https:\/\/secure.gravatar.com\/avatar\/87a3b47928835fc72c6ee5b0e1a7263ef0c2d05003a98189bc14926c5f11bcdb?s=96&d=mm&r=g","contentUrl":"https:\/\/secure.gravatar.com\/avatar\/87a3b47928835fc72c6ee5b0e1a7263ef0c2d05003a98189bc14926c5f11bcdb?s=96&d=mm&r=g","caption":"Informatius"},"url":"https:\/\/www.noubarris.net\/web40\/author\/tele\/"}]}},"_links":{"self":[{"href":"https:\/\/www.noubarris.net\/web40\/wp-json\/wp\/v2\/posts\/78157","targetHints":{"allow":["GET"]}}],"collection":[{"href":"https:\/\/www.noubarris.net\/web40\/wp-json\/wp\/v2\/posts"}],"about":[{"href":"https:\/\/www.noubarris.net\/web40\/wp-json\/wp\/v2\/types\/post"}],"author":[{"embeddable":true,"href":"https:\/\/www.noubarris.net\/web40\/wp-json\/wp\/v2\/users\/2"}],"replies":[{"embeddable":true,"href":"https:\/\/www.noubarris.net\/web40\/wp-json\/wp\/v2\/comments?post=78157"}],"version-history":[{"count":1,"href":"https:\/\/www.noubarris.net\/web40\/wp-json\/wp\/v2\/posts\/78157\/revisions"}],"predecessor-version":[{"id":78159,"href":"https:\/\/www.noubarris.net\/web40\/wp-json\/wp\/v2\/posts\/78157\/revisions\/78159"}],"wp:featuredmedia":[{"embeddable":true,"href":"https:\/\/www.noubarris.net\/web40\/wp-json\/wp\/v2\/media\/78158"}],"wp:attachment":[{"href":"https:\/\/www.noubarris.net\/web40\/wp-json\/wp\/v2\/media?parent=78157"}],"wp:term":[{"taxonomy":"category","embeddable":true,"href":"https:\/\/www.noubarris.net\/web40\/wp-json\/wp\/v2\/categories?post=78157"},{"taxonomy":"post_tag","embeddable":true,"href":"https:\/\/www.noubarris.net\/web40\/wp-json\/wp\/v2\/tags?post=78157"}],"curies":[{"name":"wp","href":"https:\/\/api.w.org\/{rel}","templated":true}]}}