{"id":78167,"date":"2021-11-22T00:00:26","date_gmt":"2021-11-21T22:00:26","guid":{"rendered":"http:\/\/www.noubarris.net\/web40\/?p=78167"},"modified":"2021-11-21T19:52:24","modified_gmt":"2021-11-21T17:52:24","slug":"tmb-fara-obres-a-ll4-i-ll5-al-turo-de-la-peira-vilapicina-i-la-torre-llobeta-per-acabar-amb-les-vibracions","status":"publish","type":"post","link":"https:\/\/www.noubarris.net\/web40\/tmb-fara-obres-a-ll4-i-ll5-al-turo-de-la-peira-vilapicina-i-la-torre-llobeta-per-acabar-amb-les-vibracions\/","title":{"rendered":"TMB far\u00e0 obres a l&#8217;L4 i l&#8217;L5 al Tur\u00f3 de la Peira, Vilapicina i la Torre Llobeta per evitar les vibracions"},"content":{"rendered":"<p><strong>A l&#8217;L5 se substituiran les vies entre Horta i Sagrera, mentre que a l&#8217;L4 s&#8217;activar\u00e0 un pla de xoc que mitigui les mol\u00e8sties<\/strong><\/p>\n<p>TMB prepara dues grans actuacions per acabar amb les vibracions que s&#8217;han detectat a la zona sud de Nou Barris, als voltants de les parades de Vilapicina i Virrei Amat, de la l\u00ednia blava, i a la de Maragall, de la l\u00ednia groga. Despr\u00e9s d&#8217;estudiar la situaci\u00f3, han decidit renovar les vies de la l\u00ednia blava entre Horta i Sagrera i, en el cas de la l\u00ednia groga, activar un pla de xoc per reduir les mol\u00e8sties en espera d&#8217;una renovaci\u00f3 de vies prevista per al 2026. Per als dos casos els ve\u00efnat s&#8217;han organitzat en comissions de seguiment i compten amb el suport de Districte de Nou Barris.<\/p>\n<p>Fa m\u00e9s d&#8217;un any que els ve\u00efns dels barris del Tur\u00f3 de la Peira i de Vilapicina i la Torre Llobeta es queixen que perceben vibracions i soroll amb el pas dels metros de la l\u00ednia 5. Unes mol\u00e8sties que pateixen sobretot a la zona del passeig de Fabra i Puig i als entorns de la pla\u00e7a del Virrei Amat. En aquestes zones els ve\u00efns han notat com dringuen les copes a les vitrines o tremola el mirall. Arran les queixes ve\u00efnals, TMB ha analitzat els t\u00fanels els darrers mesos i en comprovar-ne el desgast dels materials, ha tret a concurs les obres per renovar tota l&#8217;estructura de via entre les estacions d&#8217;Horta i Sagrera, un tram que inclouen les parades noubarrienques de Vilapicina, Virrei Amat i, en el l\u00edmit amb Horta, Maragall. Seran unes obres complexes pressupostades en uns 17 milions d&#8217;euros i que obligaran a tallar el servei. En un principi el plec de licitaci\u00f3 preveu dur-les a terme -si no hi ha cap contratemps &#8211; a setmana santa i als mesos de juliol i agost. El ve\u00efnat afectat ha conegut els detalls d&#8217;aquestes actuacions a trav\u00e9s de l&#8217;anunci de licitaci\u00f3 o de la premsa, i reclama una reuni\u00f3 urgent amb TMB per con\u00e9ixer els detalls de tot plegat. A m\u00e9s, volen que es facin inspeccions i controls als habitatges on, asseguren, han aparegut algnues esquerdes.<\/p>\n<p>Pel que fa a Maragall, on ara mateix s&#8217;estan fent les obres del nou intercanviador entre les l\u00ednies 4 i 5, TMB programar\u00e0 el recanvi de les vies. Tanmateix aquestes obres trigaran uns anys i, mentrestant, s&#8217;hi faran algunes actuacions de manteniment sobre les vies per reduir les vibracions a la superf\u00edcie, i sobretot als edificis propers. Aquestes obres comen\u00e7aran a l&#8217;abril i s&#8217;allargaran fins al mes d&#8217;octubre.<\/p>\n","protected":false},"excerpt":{"rendered":"<p>A l&#8217;L5 se substituiran les vies entre Horta i Sagrera, mentre que a l&#8217;L4 s&#8217;activar\u00e0 un pla de xoc que<\/p>\n","protected":false},"author":2,"featured_media":78168,"comment_status":"closed","ping_status":"closed","sticky":false,"template":"","format":"standard","meta":{"colormag_page_layout":"default_layout","_monsterinsights_skip_tracking":false,"_monsterinsights_sitenote_active":false,"_monsterinsights_sitenote_note":"","_monsterinsights_sitenote_category":0,"footnotes":""},"categories":[139,125,142],"tags":[420,308],"class_list":["post-78167","post","type-post","status-publish","format-standard","has-post-thumbnail","hentry","category-el-turo-de-la-peira","category-mobilitat","category-vilapicina-i-la-torre-llobeta","tag-metro","tag-protestes"],"yoast_head":"<!-- This site is optimized with the Yoast SEO plugin v25.3 - https:\/\/yoast.com\/wordpress\/plugins\/seo\/ -->\n<title>TMB far\u00e0 obres a l&#039;L4 i l&#039;L5 al Tur\u00f3 de la Peira, Vilapicina i la Torre Llobeta per evitar les vibracions - NouBarris.Net<\/title>\n<meta name=\"robots\" content=\"index, follow, max-snippet:-1, max-image-preview:large, max-video-preview:-1\" \/>\n<link rel=\"canonical\" href=\"https:\/\/www.noubarris.net\/web40\/tmb-fara-obres-a-ll4-i-ll5-al-turo-de-la-peira-vilapicina-i-la-torre-llobeta-per-acabar-amb-les-vibracions\/\" \/>\n<meta property=\"og:locale\" content=\"ca_ES\" \/>\n<meta property=\"og:type\" content=\"article\" \/>\n<meta property=\"og:title\" content=\"TMB far\u00e0 obres a l&#039;L4 i l&#039;L5 al Tur\u00f3 de la Peira, Vilapicina i la Torre Llobeta per evitar les vibracions - NouBarris.Net\" \/>\n<meta property=\"og:description\" content=\"A l&#8217;L5 se substituiran les vies entre Horta i Sagrera, mentre que a l&#8217;L4 s&#8217;activar\u00e0 un pla de xoc que\" \/>\n<meta property=\"og:url\" content=\"https:\/\/www.noubarris.net\/web40\/tmb-fara-obres-a-ll4-i-ll5-al-turo-de-la-peira-vilapicina-i-la-torre-llobeta-per-acabar-amb-les-vibracions\/\" \/>\n<meta property=\"og:site_name\" content=\"NouBarris.Net\" \/>\n<meta property=\"article:publisher\" content=\"https:\/\/www.facebook.com\/NouBarris.net\/?locale=es_ES\" \/>\n<meta property=\"article:published_time\" content=\"2021-11-21T22:00:26+00:00\" \/>\n<meta property=\"og:image\" content=\"https:\/\/www.noubarris.net\/web40\/wp-content\/uploads\/2021\/11\/221121.jpg\" \/>\n\t<meta property=\"og:image:width\" content=\"768\" \/>\n\t<meta property=\"og:image:height\" content=\"432\" \/>\n\t<meta property=\"og:image:type\" content=\"image\/jpeg\" \/>\n<meta name=\"author\" content=\"Informatius\" \/>\n<meta name=\"twitter:card\" content=\"summary_large_image\" \/>\n<meta name=\"twitter:creator\" content=\"@9BTV\" \/>\n<meta name=\"twitter:site\" content=\"@9BTV\" \/>\n<meta name=\"twitter:label1\" content=\"Escrit per\" \/>\n\t<meta name=\"twitter:data1\" content=\"Informatius\" \/>\n\t<meta name=\"twitter:label2\" content=\"Temps estimat de lectura\" \/>\n\t<meta name=\"twitter:data2\" content=\"2 minuts\" \/>\n<script type=\"application\/ld+json\" class=\"yoast-schema-graph\">{\"@context\":\"https:\/\/schema.org\",\"@graph\":[{\"@type\":\"Article\",\"@id\":\"https:\/\/www.noubarris.net\/web40\/tmb-fara-obres-a-ll4-i-ll5-al-turo-de-la-peira-vilapicina-i-la-torre-llobeta-per-acabar-amb-les-vibracions\/#article\",\"isPartOf\":{\"@id\":\"https:\/\/www.noubarris.net\/web40\/tmb-fara-obres-a-ll4-i-ll5-al-turo-de-la-peira-vilapicina-i-la-torre-llobeta-per-acabar-amb-les-vibracions\/\"},\"author\":{\"name\":\"Informatius\",\"@id\":\"https:\/\/www.noubarris.net\/web40\/#\/schema\/person\/1827f92aaa316c54abbf4dac0de76069\"},\"headline\":\"TMB far\u00e0 obres a l&#8217;L4 i l&#8217;L5 al Tur\u00f3 de la Peira, Vilapicina i la Torre Llobeta per evitar les vibracions\",\"datePublished\":\"2021-11-21T22:00:26+00:00\",\"mainEntityOfPage\":{\"@id\":\"https:\/\/www.noubarris.net\/web40\/tmb-fara-obres-a-ll4-i-ll5-al-turo-de-la-peira-vilapicina-i-la-torre-llobeta-per-acabar-amb-les-vibracions\/\"},\"wordCount\":488,\"publisher\":{\"@id\":\"https:\/\/www.noubarris.net\/web40\/#organization\"},\"image\":{\"@id\":\"https:\/\/www.noubarris.net\/web40\/tmb-fara-obres-a-ll4-i-ll5-al-turo-de-la-peira-vilapicina-i-la-torre-llobeta-per-acabar-amb-les-vibracions\/#primaryimage\"},\"thumbnailUrl\":\"https:\/\/www.noubarris.net\/web40\/wp-content\/uploads\/2021\/11\/221121.jpg\",\"keywords\":[\"Metro\",\"Protestes\"],\"articleSection\":[\"El Tur\u00f3 de la Peira\",\"Mobilitat\",\"Vilapicina i la Torre Llobeta\"],\"inLanguage\":\"ca\"},{\"@type\":\"WebPage\",\"@id\":\"https:\/\/www.noubarris.net\/web40\/tmb-fara-obres-a-ll4-i-ll5-al-turo-de-la-peira-vilapicina-i-la-torre-llobeta-per-acabar-amb-les-vibracions\/\",\"url\":\"https:\/\/www.noubarris.net\/web40\/tmb-fara-obres-a-ll4-i-ll5-al-turo-de-la-peira-vilapicina-i-la-torre-llobeta-per-acabar-amb-les-vibracions\/\",\"name\":\"TMB far\u00e0 obres a l'L4 i l'L5 al Tur\u00f3 de la Peira, Vilapicina i la Torre Llobeta per evitar les vibracions - NouBarris.Net\",\"isPartOf\":{\"@id\":\"https:\/\/www.noubarris.net\/web40\/#website\"},\"primaryImageOfPage\":{\"@id\":\"https:\/\/www.noubarris.net\/web40\/tmb-fara-obres-a-ll4-i-ll5-al-turo-de-la-peira-vilapicina-i-la-torre-llobeta-per-acabar-amb-les-vibracions\/#primaryimage\"},\"image\":{\"@id\":\"https:\/\/www.noubarris.net\/web40\/tmb-fara-obres-a-ll4-i-ll5-al-turo-de-la-peira-vilapicina-i-la-torre-llobeta-per-acabar-amb-les-vibracions\/#primaryimage\"},\"thumbnailUrl\":\"https:\/\/www.noubarris.net\/web40\/wp-content\/uploads\/2021\/11\/221121.jpg\",\"datePublished\":\"2021-11-21T22:00:26+00:00\",\"breadcrumb\":{\"@id\":\"https:\/\/www.noubarris.net\/web40\/tmb-fara-obres-a-ll4-i-ll5-al-turo-de-la-peira-vilapicina-i-la-torre-llobeta-per-acabar-amb-les-vibracions\/#breadcrumb\"},\"inLanguage\":\"ca\",\"potentialAction\":[{\"@type\":\"ReadAction\",\"target\":[\"https:\/\/www.noubarris.net\/web40\/tmb-fara-obres-a-ll4-i-ll5-al-turo-de-la-peira-vilapicina-i-la-torre-llobeta-per-acabar-amb-les-vibracions\/\"]}]},{\"@type\":\"ImageObject\",\"inLanguage\":\"ca\",\"@id\":\"https:\/\/www.noubarris.net\/web40\/tmb-fara-obres-a-ll4-i-ll5-al-turo-de-la-peira-vilapicina-i-la-torre-llobeta-per-acabar-amb-les-vibracions\/#primaryimage\",\"url\":\"https:\/\/www.noubarris.net\/web40\/wp-content\/uploads\/2021\/11\/221121.jpg\",\"contentUrl\":\"https:\/\/www.noubarris.net\/web40\/wp-content\/uploads\/2021\/11\/221121.jpg\",\"width\":768,\"height\":432},{\"@type\":\"BreadcrumbList\",\"@id\":\"https:\/\/www.noubarris.net\/web40\/tmb-fara-obres-a-ll4-i-ll5-al-turo-de-la-peira-vilapicina-i-la-torre-llobeta-per-acabar-amb-les-vibracions\/#breadcrumb\",\"itemListElement\":[{\"@type\":\"ListItem\",\"position\":1,\"name\":\"Inici\",\"item\":\"https:\/\/www.noubarris.net\/web40\/\"},{\"@type\":\"ListItem\",\"position\":2,\"name\":\"TMB far\u00e0 obres a l&#8217;L4 i l&#8217;L5 al Tur\u00f3 de la Peira, Vilapicina i la Torre Llobeta per evitar les vibracions\"}]},{\"@type\":\"WebSite\",\"@id\":\"https:\/\/www.noubarris.net\/web40\/#website\",\"url\":\"https:\/\/www.noubarris.net\/web40\/\",\"name\":\"NouBarris.Net\",\"description\":\"Seguint la vida de Nou Barris des de 1985\",\"publisher\":{\"@id\":\"https:\/\/www.noubarris.net\/web40\/#organization\"},\"potentialAction\":[{\"@type\":\"SearchAction\",\"target\":{\"@type\":\"EntryPoint\",\"urlTemplate\":\"https:\/\/www.noubarris.net\/web40\/?s={search_term_string}\"},\"query-input\":{\"@type\":\"PropertyValueSpecification\",\"valueRequired\":true,\"valueName\":\"search_term_string\"}}],\"inLanguage\":\"ca\"},{\"@type\":\"Organization\",\"@id\":\"https:\/\/www.noubarris.net\/web40\/#organization\",\"name\":\"NouBarris.Net\",\"url\":\"https:\/\/www.noubarris.net\/web40\/\",\"logo\":{\"@type\":\"ImageObject\",\"inLanguage\":\"ca\",\"@id\":\"https:\/\/www.noubarris.net\/web40\/#\/schema\/logo\/image\/\",\"url\":\"https:\/\/www.noubarris.net\/web40\/wp-content\/uploads\/2024\/11\/cropped-cropped-LOGO_9BTV-2024_Insta-1.jpg\",\"contentUrl\":\"https:\/\/www.noubarris.net\/web40\/wp-content\/uploads\/2024\/11\/cropped-cropped-LOGO_9BTV-2024_Insta-1.jpg\",\"width\":512,\"height\":512,\"caption\":\"NouBarris.Net\"},\"image\":{\"@id\":\"https:\/\/www.noubarris.net\/web40\/#\/schema\/logo\/image\/\"},\"sameAs\":[\"https:\/\/www.facebook.com\/NouBarris.net\/?locale=es_ES\",\"https:\/\/x.com\/9BTV\"]},{\"@type\":\"Person\",\"@id\":\"https:\/\/www.noubarris.net\/web40\/#\/schema\/person\/1827f92aaa316c54abbf4dac0de76069\",\"name\":\"Informatius\",\"image\":{\"@type\":\"ImageObject\",\"inLanguage\":\"ca\",\"@id\":\"https:\/\/www.noubarris.net\/web40\/#\/schema\/person\/image\/\",\"url\":\"https:\/\/secure.gravatar.com\/avatar\/87a3b47928835fc72c6ee5b0e1a7263ef0c2d05003a98189bc14926c5f11bcdb?s=96&d=mm&r=g\",\"contentUrl\":\"https:\/\/secure.gravatar.com\/avatar\/87a3b47928835fc72c6ee5b0e1a7263ef0c2d05003a98189bc14926c5f11bcdb?s=96&d=mm&r=g\",\"caption\":\"Informatius\"},\"url\":\"https:\/\/www.noubarris.net\/web40\/author\/tele\/\"}]}<\/script>\n<!-- \/ Yoast SEO plugin. -->","yoast_head_json":{"title":"TMB far\u00e0 obres a l'L4 i l'L5 al Tur\u00f3 de la Peira, Vilapicina i la Torre Llobeta per evitar les vibracions - NouBarris.Net","robots":{"index":"index","follow":"follow","max-snippet":"max-snippet:-1","max-image-preview":"max-image-preview:large","max-video-preview":"max-video-preview:-1"},"canonical":"https:\/\/www.noubarris.net\/web40\/tmb-fara-obres-a-ll4-i-ll5-al-turo-de-la-peira-vilapicina-i-la-torre-llobeta-per-acabar-amb-les-vibracions\/","og_locale":"ca_ES","og_type":"article","og_title":"TMB far\u00e0 obres a l'L4 i l'L5 al Tur\u00f3 de la Peira, Vilapicina i la Torre Llobeta per evitar les vibracions - NouBarris.Net","og_description":"A l&#8217;L5 se substituiran les vies entre Horta i Sagrera, mentre que a l&#8217;L4 s&#8217;activar\u00e0 un pla de xoc que","og_url":"https:\/\/www.noubarris.net\/web40\/tmb-fara-obres-a-ll4-i-ll5-al-turo-de-la-peira-vilapicina-i-la-torre-llobeta-per-acabar-amb-les-vibracions\/","og_site_name":"NouBarris.Net","article_publisher":"https:\/\/www.facebook.com\/NouBarris.net\/?locale=es_ES","article_published_time":"2021-11-21T22:00:26+00:00","og_image":[{"width":768,"height":432,"url":"https:\/\/www.noubarris.net\/web40\/wp-content\/uploads\/2021\/11\/221121.jpg","type":"image\/jpeg"}],"author":"Informatius","twitter_card":"summary_large_image","twitter_creator":"@9BTV","twitter_site":"@9BTV","twitter_misc":{"Escrit per":"Informatius","Temps estimat de lectura":"2 minuts"},"schema":{"@context":"https:\/\/schema.org","@graph":[{"@type":"Article","@id":"https:\/\/www.noubarris.net\/web40\/tmb-fara-obres-a-ll4-i-ll5-al-turo-de-la-peira-vilapicina-i-la-torre-llobeta-per-acabar-amb-les-vibracions\/#article","isPartOf":{"@id":"https:\/\/www.noubarris.net\/web40\/tmb-fara-obres-a-ll4-i-ll5-al-turo-de-la-peira-vilapicina-i-la-torre-llobeta-per-acabar-amb-les-vibracions\/"},"author":{"name":"Informatius","@id":"https:\/\/www.noubarris.net\/web40\/#\/schema\/person\/1827f92aaa316c54abbf4dac0de76069"},"headline":"TMB far\u00e0 obres a l&#8217;L4 i l&#8217;L5 al Tur\u00f3 de la Peira, Vilapicina i la Torre Llobeta per evitar les vibracions","datePublished":"2021-11-21T22:00:26+00:00","mainEntityOfPage":{"@id":"https:\/\/www.noubarris.net\/web40\/tmb-fara-obres-a-ll4-i-ll5-al-turo-de-la-peira-vilapicina-i-la-torre-llobeta-per-acabar-amb-les-vibracions\/"},"wordCount":488,"publisher":{"@id":"https:\/\/www.noubarris.net\/web40\/#organization"},"image":{"@id":"https:\/\/www.noubarris.net\/web40\/tmb-fara-obres-a-ll4-i-ll5-al-turo-de-la-peira-vilapicina-i-la-torre-llobeta-per-acabar-amb-les-vibracions\/#primaryimage"},"thumbnailUrl":"https:\/\/www.noubarris.net\/web40\/wp-content\/uploads\/2021\/11\/221121.jpg","keywords":["Metro","Protestes"],"articleSection":["El Tur\u00f3 de la Peira","Mobilitat","Vilapicina i la Torre Llobeta"],"inLanguage":"ca"},{"@type":"WebPage","@id":"https:\/\/www.noubarris.net\/web40\/tmb-fara-obres-a-ll4-i-ll5-al-turo-de-la-peira-vilapicina-i-la-torre-llobeta-per-acabar-amb-les-vibracions\/","url":"https:\/\/www.noubarris.net\/web40\/tmb-fara-obres-a-ll4-i-ll5-al-turo-de-la-peira-vilapicina-i-la-torre-llobeta-per-acabar-amb-les-vibracions\/","name":"TMB far\u00e0 obres a l'L4 i l'L5 al Tur\u00f3 de la Peira, Vilapicina i la Torre Llobeta per evitar les vibracions - NouBarris.Net","isPartOf":{"@id":"https:\/\/www.noubarris.net\/web40\/#website"},"primaryImageOfPage":{"@id":"https:\/\/www.noubarris.net\/web40\/tmb-fara-obres-a-ll4-i-ll5-al-turo-de-la-peira-vilapicina-i-la-torre-llobeta-per-acabar-amb-les-vibracions\/#primaryimage"},"image":{"@id":"https:\/\/www.noubarris.net\/web40\/tmb-fara-obres-a-ll4-i-ll5-al-turo-de-la-peira-vilapicina-i-la-torre-llobeta-per-acabar-amb-les-vibracions\/#primaryimage"},"thumbnailUrl":"https:\/\/www.noubarris.net\/web40\/wp-content\/uploads\/2021\/11\/221121.jpg","datePublished":"2021-11-21T22:00:26+00:00","breadcrumb":{"@id":"https:\/\/www.noubarris.net\/web40\/tmb-fara-obres-a-ll4-i-ll5-al-turo-de-la-peira-vilapicina-i-la-torre-llobeta-per-acabar-amb-les-vibracions\/#breadcrumb"},"inLanguage":"ca","potentialAction":[{"@type":"ReadAction","target":["https:\/\/www.noubarris.net\/web40\/tmb-fara-obres-a-ll4-i-ll5-al-turo-de-la-peira-vilapicina-i-la-torre-llobeta-per-acabar-amb-les-vibracions\/"]}]},{"@type":"ImageObject","inLanguage":"ca","@id":"https:\/\/www.noubarris.net\/web40\/tmb-fara-obres-a-ll4-i-ll5-al-turo-de-la-peira-vilapicina-i-la-torre-llobeta-per-acabar-amb-les-vibracions\/#primaryimage","url":"https:\/\/www.noubarris.net\/web40\/wp-content\/uploads\/2021\/11\/221121.jpg","contentUrl":"https:\/\/www.noubarris.net\/web40\/wp-content\/uploads\/2021\/11\/221121.jpg","width":768,"height":432},{"@type":"BreadcrumbList","@id":"https:\/\/www.noubarris.net\/web40\/tmb-fara-obres-a-ll4-i-ll5-al-turo-de-la-peira-vilapicina-i-la-torre-llobeta-per-acabar-amb-les-vibracions\/#breadcrumb","itemListElement":[{"@type":"ListItem","position":1,"name":"Inici","item":"https:\/\/www.noubarris.net\/web40\/"},{"@type":"ListItem","position":2,"name":"TMB far\u00e0 obres a l&#8217;L4 i l&#8217;L5 al Tur\u00f3 de la Peira, Vilapicina i la Torre Llobeta per evitar les vibracions"}]},{"@type":"WebSite","@id":"https:\/\/www.noubarris.net\/web40\/#website","url":"https:\/\/www.noubarris.net\/web40\/","name":"NouBarris.Net","description":"Seguint la vida de Nou Barris des de 1985","publisher":{"@id":"https:\/\/www.noubarris.net\/web40\/#organization"},"potentialAction":[{"@type":"SearchAction","target":{"@type":"EntryPoint","urlTemplate":"https:\/\/www.noubarris.net\/web40\/?s={search_term_string}"},"query-input":{"@type":"PropertyValueSpecification","valueRequired":true,"valueName":"search_term_string"}}],"inLanguage":"ca"},{"@type":"Organization","@id":"https:\/\/www.noubarris.net\/web40\/#organization","name":"NouBarris.Net","url":"https:\/\/www.noubarris.net\/web40\/","logo":{"@type":"ImageObject","inLanguage":"ca","@id":"https:\/\/www.noubarris.net\/web40\/#\/schema\/logo\/image\/","url":"https:\/\/www.noubarris.net\/web40\/wp-content\/uploads\/2024\/11\/cropped-cropped-LOGO_9BTV-2024_Insta-1.jpg","contentUrl":"https:\/\/www.noubarris.net\/web40\/wp-content\/uploads\/2024\/11\/cropped-cropped-LOGO_9BTV-2024_Insta-1.jpg","width":512,"height":512,"caption":"NouBarris.Net"},"image":{"@id":"https:\/\/www.noubarris.net\/web40\/#\/schema\/logo\/image\/"},"sameAs":["https:\/\/www.facebook.com\/NouBarris.net\/?locale=es_ES","https:\/\/x.com\/9BTV"]},{"@type":"Person","@id":"https:\/\/www.noubarris.net\/web40\/#\/schema\/person\/1827f92aaa316c54abbf4dac0de76069","name":"Informatius","image":{"@type":"ImageObject","inLanguage":"ca","@id":"https:\/\/www.noubarris.net\/web40\/#\/schema\/person\/image\/","url":"https:\/\/secure.gravatar.com\/avatar\/87a3b47928835fc72c6ee5b0e1a7263ef0c2d05003a98189bc14926c5f11bcdb?s=96&d=mm&r=g","contentUrl":"https:\/\/secure.gravatar.com\/avatar\/87a3b47928835fc72c6ee5b0e1a7263ef0c2d05003a98189bc14926c5f11bcdb?s=96&d=mm&r=g","caption":"Informatius"},"url":"https:\/\/www.noubarris.net\/web40\/author\/tele\/"}]}},"_links":{"self":[{"href":"https:\/\/www.noubarris.net\/web40\/wp-json\/wp\/v2\/posts\/78167","targetHints":{"allow":["GET"]}}],"collection":[{"href":"https:\/\/www.noubarris.net\/web40\/wp-json\/wp\/v2\/posts"}],"about":[{"href":"https:\/\/www.noubarris.net\/web40\/wp-json\/wp\/v2\/types\/post"}],"author":[{"embeddable":true,"href":"https:\/\/www.noubarris.net\/web40\/wp-json\/wp\/v2\/users\/2"}],"replies":[{"embeddable":true,"href":"https:\/\/www.noubarris.net\/web40\/wp-json\/wp\/v2\/comments?post=78167"}],"version-history":[{"count":3,"href":"https:\/\/www.noubarris.net\/web40\/wp-json\/wp\/v2\/posts\/78167\/revisions"}],"predecessor-version":[{"id":78170,"href":"https:\/\/www.noubarris.net\/web40\/wp-json\/wp\/v2\/posts\/78167\/revisions\/78170"}],"wp:featuredmedia":[{"embeddable":true,"href":"https:\/\/www.noubarris.net\/web40\/wp-json\/wp\/v2\/media\/78168"}],"wp:attachment":[{"href":"https:\/\/www.noubarris.net\/web40\/wp-json\/wp\/v2\/media?parent=78167"}],"wp:term":[{"taxonomy":"category","embeddable":true,"href":"https:\/\/www.noubarris.net\/web40\/wp-json\/wp\/v2\/categories?post=78167"},{"taxonomy":"post_tag","embeddable":true,"href":"https:\/\/www.noubarris.net\/web40\/wp-json\/wp\/v2\/tags?post=78167"}],"curies":[{"name":"wp","href":"https:\/\/api.w.org\/{rel}","templated":true}]}}