{"id":78186,"date":"2021-11-24T00:00:36","date_gmt":"2021-11-23T22:00:36","guid":{"rendered":"http:\/\/www.noubarris.net\/web40\/?p=78186"},"modified":"2021-11-23T18:41:32","modified_gmt":"2021-11-23T16:41:32","slug":"torre-baro-diu-adeu-al-transformador-aeri-dendesa","status":"publish","type":"post","link":"https:\/\/www.noubarris.net\/web40\/torre-baro-diu-adeu-al-transformador-aeri-dendesa\/","title":{"rendered":"Torre Bar\u00f3 diu adeu al transformador aeri d&#8217;Endesa"},"content":{"rendered":"<p><strong>Els ve\u00efns estrenen aquesta setmana la nova instal\u00b7laci\u00f3 el\u00e8ctrica per poder alimentar el barri amb el doble de pot\u00e8ncia<\/strong><\/p>\n<p>La companyia Endesa va tallar dilluns els cables de l&#8217;antic transformador aeri que donava electricitat al barri de Torre Bar\u00f3. Amb l&#8217;ajuda d&#8217;un grup electrogen, per garantir el sevei als abonats, els operaris van connectar el nou transformador que va arribar a finals de novembre. Amb les noves instal\u00b7lacions el\u00e8ctriques, m\u00e9s potents que les antigues, es vol acabar amb els talls de llums i avaries constants que fa temps que els ve\u00efns denuncien al barri.<\/p>\n<p>Les actuacions formen part de l&#8217;acord que l&#8217;Ajuntament i Endesa van establir al febrer passat i que tamb\u00e9 van incloure el soterrament d&#8217;algunes l\u00ednies el\u00e8ctriques de baixa tensi\u00f3 al barri.\u00a0 Els ve\u00efns de Torre Bar\u00f3 estan satisfets amb les millores per\u00f2 afirmen que continuaran batallant per a que se soterrin tamb\u00e9 la resta de l\u00ednies. Tamb\u00e9 demanen mesures com ara bons socials per a que molts ve\u00efns en situaci\u00f3 de pobresa energ\u00e8tica puguin fer front a les elevades factures de la llum.<\/p>\n","protected":false},"excerpt":{"rendered":"<p>Els ve\u00efns estrenen aquesta setmana la nova instal\u00b7laci\u00f3 el\u00e8ctrica per poder alimentar el barri amb el doble de pot\u00e8ncia La<\/p>\n","protected":false},"author":2,"featured_media":78187,"comment_status":"closed","ping_status":"closed","sticky":false,"template":"","format":"standard","meta":{"colormag_page_layout":"default_layout","_monsterinsights_skip_tracking":false,"_monsterinsights_sitenote_active":false,"_monsterinsights_sitenote_note":"","_monsterinsights_sitenote_category":0,"footnotes":""},"categories":[124,137],"tags":[360,53],"class_list":["post-78186","post","type-post","status-publish","format-standard","has-post-thumbnail","hentry","category-societat","category-torre-baro","tag-obres","tag-torre-baro"],"yoast_head":"<!-- This site is optimized with the Yoast SEO plugin v25.3 - https:\/\/yoast.com\/wordpress\/plugins\/seo\/ -->\n<title>Torre Bar\u00f3 diu adeu al transformador aeri d&#039;Endesa - NouBarris.Net<\/title>\n<meta name=\"robots\" content=\"index, follow, max-snippet:-1, max-image-preview:large, max-video-preview:-1\" \/>\n<link rel=\"canonical\" href=\"https:\/\/www.noubarris.net\/web40\/torre-baro-diu-adeu-al-transformador-aeri-dendesa\/\" \/>\n<meta property=\"og:locale\" content=\"ca_ES\" \/>\n<meta property=\"og:type\" content=\"article\" \/>\n<meta property=\"og:title\" content=\"Torre Bar\u00f3 diu adeu al transformador aeri d&#039;Endesa - NouBarris.Net\" \/>\n<meta property=\"og:description\" content=\"Els ve\u00efns estrenen aquesta setmana la nova instal\u00b7laci\u00f3 el\u00e8ctrica per poder alimentar el barri amb el doble de pot\u00e8ncia La\" \/>\n<meta property=\"og:url\" content=\"https:\/\/www.noubarris.net\/web40\/torre-baro-diu-adeu-al-transformador-aeri-dendesa\/\" \/>\n<meta property=\"og:site_name\" content=\"NouBarris.Net\" \/>\n<meta property=\"article:publisher\" content=\"https:\/\/www.facebook.com\/NouBarris.net\/?locale=es_ES\" \/>\n<meta property=\"article:published_time\" content=\"2021-11-23T22:00:36+00:00\" \/>\n<meta property=\"og:image\" content=\"https:\/\/www.noubarris.net\/web40\/wp-content\/uploads\/2021\/11\/241121.jpg\" \/>\n\t<meta property=\"og:image:width\" content=\"768\" \/>\n\t<meta property=\"og:image:height\" content=\"432\" \/>\n\t<meta property=\"og:image:type\" content=\"image\/jpeg\" \/>\n<meta name=\"author\" content=\"Informatius\" \/>\n<meta name=\"twitter:card\" content=\"summary_large_image\" \/>\n<meta name=\"twitter:creator\" content=\"@9BTV\" \/>\n<meta name=\"twitter:site\" content=\"@9BTV\" \/>\n<meta name=\"twitter:label1\" content=\"Escrit per\" \/>\n\t<meta name=\"twitter:data1\" content=\"Informatius\" \/>\n\t<meta name=\"twitter:label2\" content=\"Temps estimat de lectura\" \/>\n\t<meta name=\"twitter:data2\" content=\"1 minut\" \/>\n<script type=\"application\/ld+json\" class=\"yoast-schema-graph\">{\"@context\":\"https:\/\/schema.org\",\"@graph\":[{\"@type\":\"Article\",\"@id\":\"https:\/\/www.noubarris.net\/web40\/torre-baro-diu-adeu-al-transformador-aeri-dendesa\/#article\",\"isPartOf\":{\"@id\":\"https:\/\/www.noubarris.net\/web40\/torre-baro-diu-adeu-al-transformador-aeri-dendesa\/\"},\"author\":{\"name\":\"Informatius\",\"@id\":\"https:\/\/www.noubarris.net\/web40\/#\/schema\/person\/1827f92aaa316c54abbf4dac0de76069\"},\"headline\":\"Torre Bar\u00f3 diu adeu al transformador aeri d&#8217;Endesa\",\"datePublished\":\"2021-11-23T22:00:36+00:00\",\"mainEntityOfPage\":{\"@id\":\"https:\/\/www.noubarris.net\/web40\/torre-baro-diu-adeu-al-transformador-aeri-dendesa\/\"},\"wordCount\":205,\"publisher\":{\"@id\":\"https:\/\/www.noubarris.net\/web40\/#organization\"},\"image\":{\"@id\":\"https:\/\/www.noubarris.net\/web40\/torre-baro-diu-adeu-al-transformador-aeri-dendesa\/#primaryimage\"},\"thumbnailUrl\":\"https:\/\/www.noubarris.net\/web40\/wp-content\/uploads\/2021\/11\/241121.jpg\",\"keywords\":[\"Obres\",\"Torre Bar\u00f3\"],\"articleSection\":[\"Societat\",\"Torre Bar\u00f3\"],\"inLanguage\":\"ca\"},{\"@type\":\"WebPage\",\"@id\":\"https:\/\/www.noubarris.net\/web40\/torre-baro-diu-adeu-al-transformador-aeri-dendesa\/\",\"url\":\"https:\/\/www.noubarris.net\/web40\/torre-baro-diu-adeu-al-transformador-aeri-dendesa\/\",\"name\":\"Torre Bar\u00f3 diu adeu al transformador aeri d'Endesa - NouBarris.Net\",\"isPartOf\":{\"@id\":\"https:\/\/www.noubarris.net\/web40\/#website\"},\"primaryImageOfPage\":{\"@id\":\"https:\/\/www.noubarris.net\/web40\/torre-baro-diu-adeu-al-transformador-aeri-dendesa\/#primaryimage\"},\"image\":{\"@id\":\"https:\/\/www.noubarris.net\/web40\/torre-baro-diu-adeu-al-transformador-aeri-dendesa\/#primaryimage\"},\"thumbnailUrl\":\"https:\/\/www.noubarris.net\/web40\/wp-content\/uploads\/2021\/11\/241121.jpg\",\"datePublished\":\"2021-11-23T22:00:36+00:00\",\"breadcrumb\":{\"@id\":\"https:\/\/www.noubarris.net\/web40\/torre-baro-diu-adeu-al-transformador-aeri-dendesa\/#breadcrumb\"},\"inLanguage\":\"ca\",\"potentialAction\":[{\"@type\":\"ReadAction\",\"target\":[\"https:\/\/www.noubarris.net\/web40\/torre-baro-diu-adeu-al-transformador-aeri-dendesa\/\"]}]},{\"@type\":\"ImageObject\",\"inLanguage\":\"ca\",\"@id\":\"https:\/\/www.noubarris.net\/web40\/torre-baro-diu-adeu-al-transformador-aeri-dendesa\/#primaryimage\",\"url\":\"https:\/\/www.noubarris.net\/web40\/wp-content\/uploads\/2021\/11\/241121.jpg\",\"contentUrl\":\"https:\/\/www.noubarris.net\/web40\/wp-content\/uploads\/2021\/11\/241121.jpg\",\"width\":768,\"height\":432},{\"@type\":\"BreadcrumbList\",\"@id\":\"https:\/\/www.noubarris.net\/web40\/torre-baro-diu-adeu-al-transformador-aeri-dendesa\/#breadcrumb\",\"itemListElement\":[{\"@type\":\"ListItem\",\"position\":1,\"name\":\"Inici\",\"item\":\"https:\/\/www.noubarris.net\/web40\/\"},{\"@type\":\"ListItem\",\"position\":2,\"name\":\"Torre Bar\u00f3 diu adeu al transformador aeri d&#8217;Endesa\"}]},{\"@type\":\"WebSite\",\"@id\":\"https:\/\/www.noubarris.net\/web40\/#website\",\"url\":\"https:\/\/www.noubarris.net\/web40\/\",\"name\":\"NouBarris.Net\",\"description\":\"Seguint la vida de Nou Barris des de 1985\",\"publisher\":{\"@id\":\"https:\/\/www.noubarris.net\/web40\/#organization\"},\"potentialAction\":[{\"@type\":\"SearchAction\",\"target\":{\"@type\":\"EntryPoint\",\"urlTemplate\":\"https:\/\/www.noubarris.net\/web40\/?s={search_term_string}\"},\"query-input\":{\"@type\":\"PropertyValueSpecification\",\"valueRequired\":true,\"valueName\":\"search_term_string\"}}],\"inLanguage\":\"ca\"},{\"@type\":\"Organization\",\"@id\":\"https:\/\/www.noubarris.net\/web40\/#organization\",\"name\":\"NouBarris.Net\",\"url\":\"https:\/\/www.noubarris.net\/web40\/\",\"logo\":{\"@type\":\"ImageObject\",\"inLanguage\":\"ca\",\"@id\":\"https:\/\/www.noubarris.net\/web40\/#\/schema\/logo\/image\/\",\"url\":\"https:\/\/www.noubarris.net\/web40\/wp-content\/uploads\/2024\/11\/cropped-cropped-LOGO_9BTV-2024_Insta-1.jpg\",\"contentUrl\":\"https:\/\/www.noubarris.net\/web40\/wp-content\/uploads\/2024\/11\/cropped-cropped-LOGO_9BTV-2024_Insta-1.jpg\",\"width\":512,\"height\":512,\"caption\":\"NouBarris.Net\"},\"image\":{\"@id\":\"https:\/\/www.noubarris.net\/web40\/#\/schema\/logo\/image\/\"},\"sameAs\":[\"https:\/\/www.facebook.com\/NouBarris.net\/?locale=es_ES\",\"https:\/\/x.com\/9BTV\"]},{\"@type\":\"Person\",\"@id\":\"https:\/\/www.noubarris.net\/web40\/#\/schema\/person\/1827f92aaa316c54abbf4dac0de76069\",\"name\":\"Informatius\",\"image\":{\"@type\":\"ImageObject\",\"inLanguage\":\"ca\",\"@id\":\"https:\/\/www.noubarris.net\/web40\/#\/schema\/person\/image\/\",\"url\":\"https:\/\/secure.gravatar.com\/avatar\/87a3b47928835fc72c6ee5b0e1a7263ef0c2d05003a98189bc14926c5f11bcdb?s=96&d=mm&r=g\",\"contentUrl\":\"https:\/\/secure.gravatar.com\/avatar\/87a3b47928835fc72c6ee5b0e1a7263ef0c2d05003a98189bc14926c5f11bcdb?s=96&d=mm&r=g\",\"caption\":\"Informatius\"},\"url\":\"https:\/\/www.noubarris.net\/web40\/author\/tele\/\"}]}<\/script>\n<!-- \/ Yoast SEO plugin. -->","yoast_head_json":{"title":"Torre Bar\u00f3 diu adeu al transformador aeri d'Endesa - NouBarris.Net","robots":{"index":"index","follow":"follow","max-snippet":"max-snippet:-1","max-image-preview":"max-image-preview:large","max-video-preview":"max-video-preview:-1"},"canonical":"https:\/\/www.noubarris.net\/web40\/torre-baro-diu-adeu-al-transformador-aeri-dendesa\/","og_locale":"ca_ES","og_type":"article","og_title":"Torre Bar\u00f3 diu adeu al transformador aeri d'Endesa - NouBarris.Net","og_description":"Els ve\u00efns estrenen aquesta setmana la nova instal\u00b7laci\u00f3 el\u00e8ctrica per poder alimentar el barri amb el doble de pot\u00e8ncia La","og_url":"https:\/\/www.noubarris.net\/web40\/torre-baro-diu-adeu-al-transformador-aeri-dendesa\/","og_site_name":"NouBarris.Net","article_publisher":"https:\/\/www.facebook.com\/NouBarris.net\/?locale=es_ES","article_published_time":"2021-11-23T22:00:36+00:00","og_image":[{"width":768,"height":432,"url":"https:\/\/www.noubarris.net\/web40\/wp-content\/uploads\/2021\/11\/241121.jpg","type":"image\/jpeg"}],"author":"Informatius","twitter_card":"summary_large_image","twitter_creator":"@9BTV","twitter_site":"@9BTV","twitter_misc":{"Escrit per":"Informatius","Temps estimat de lectura":"1 minut"},"schema":{"@context":"https:\/\/schema.org","@graph":[{"@type":"Article","@id":"https:\/\/www.noubarris.net\/web40\/torre-baro-diu-adeu-al-transformador-aeri-dendesa\/#article","isPartOf":{"@id":"https:\/\/www.noubarris.net\/web40\/torre-baro-diu-adeu-al-transformador-aeri-dendesa\/"},"author":{"name":"Informatius","@id":"https:\/\/www.noubarris.net\/web40\/#\/schema\/person\/1827f92aaa316c54abbf4dac0de76069"},"headline":"Torre Bar\u00f3 diu adeu al transformador aeri d&#8217;Endesa","datePublished":"2021-11-23T22:00:36+00:00","mainEntityOfPage":{"@id":"https:\/\/www.noubarris.net\/web40\/torre-baro-diu-adeu-al-transformador-aeri-dendesa\/"},"wordCount":205,"publisher":{"@id":"https:\/\/www.noubarris.net\/web40\/#organization"},"image":{"@id":"https:\/\/www.noubarris.net\/web40\/torre-baro-diu-adeu-al-transformador-aeri-dendesa\/#primaryimage"},"thumbnailUrl":"https:\/\/www.noubarris.net\/web40\/wp-content\/uploads\/2021\/11\/241121.jpg","keywords":["Obres","Torre Bar\u00f3"],"articleSection":["Societat","Torre Bar\u00f3"],"inLanguage":"ca"},{"@type":"WebPage","@id":"https:\/\/www.noubarris.net\/web40\/torre-baro-diu-adeu-al-transformador-aeri-dendesa\/","url":"https:\/\/www.noubarris.net\/web40\/torre-baro-diu-adeu-al-transformador-aeri-dendesa\/","name":"Torre Bar\u00f3 diu adeu al transformador aeri d'Endesa - NouBarris.Net","isPartOf":{"@id":"https:\/\/www.noubarris.net\/web40\/#website"},"primaryImageOfPage":{"@id":"https:\/\/www.noubarris.net\/web40\/torre-baro-diu-adeu-al-transformador-aeri-dendesa\/#primaryimage"},"image":{"@id":"https:\/\/www.noubarris.net\/web40\/torre-baro-diu-adeu-al-transformador-aeri-dendesa\/#primaryimage"},"thumbnailUrl":"https:\/\/www.noubarris.net\/web40\/wp-content\/uploads\/2021\/11\/241121.jpg","datePublished":"2021-11-23T22:00:36+00:00","breadcrumb":{"@id":"https:\/\/www.noubarris.net\/web40\/torre-baro-diu-adeu-al-transformador-aeri-dendesa\/#breadcrumb"},"inLanguage":"ca","potentialAction":[{"@type":"ReadAction","target":["https:\/\/www.noubarris.net\/web40\/torre-baro-diu-adeu-al-transformador-aeri-dendesa\/"]}]},{"@type":"ImageObject","inLanguage":"ca","@id":"https:\/\/www.noubarris.net\/web40\/torre-baro-diu-adeu-al-transformador-aeri-dendesa\/#primaryimage","url":"https:\/\/www.noubarris.net\/web40\/wp-content\/uploads\/2021\/11\/241121.jpg","contentUrl":"https:\/\/www.noubarris.net\/web40\/wp-content\/uploads\/2021\/11\/241121.jpg","width":768,"height":432},{"@type":"BreadcrumbList","@id":"https:\/\/www.noubarris.net\/web40\/torre-baro-diu-adeu-al-transformador-aeri-dendesa\/#breadcrumb","itemListElement":[{"@type":"ListItem","position":1,"name":"Inici","item":"https:\/\/www.noubarris.net\/web40\/"},{"@type":"ListItem","position":2,"name":"Torre Bar\u00f3 diu adeu al transformador aeri d&#8217;Endesa"}]},{"@type":"WebSite","@id":"https:\/\/www.noubarris.net\/web40\/#website","url":"https:\/\/www.noubarris.net\/web40\/","name":"NouBarris.Net","description":"Seguint la vida de Nou Barris des de 1985","publisher":{"@id":"https:\/\/www.noubarris.net\/web40\/#organization"},"potentialAction":[{"@type":"SearchAction","target":{"@type":"EntryPoint","urlTemplate":"https:\/\/www.noubarris.net\/web40\/?s={search_term_string}"},"query-input":{"@type":"PropertyValueSpecification","valueRequired":true,"valueName":"search_term_string"}}],"inLanguage":"ca"},{"@type":"Organization","@id":"https:\/\/www.noubarris.net\/web40\/#organization","name":"NouBarris.Net","url":"https:\/\/www.noubarris.net\/web40\/","logo":{"@type":"ImageObject","inLanguage":"ca","@id":"https:\/\/www.noubarris.net\/web40\/#\/schema\/logo\/image\/","url":"https:\/\/www.noubarris.net\/web40\/wp-content\/uploads\/2024\/11\/cropped-cropped-LOGO_9BTV-2024_Insta-1.jpg","contentUrl":"https:\/\/www.noubarris.net\/web40\/wp-content\/uploads\/2024\/11\/cropped-cropped-LOGO_9BTV-2024_Insta-1.jpg","width":512,"height":512,"caption":"NouBarris.Net"},"image":{"@id":"https:\/\/www.noubarris.net\/web40\/#\/schema\/logo\/image\/"},"sameAs":["https:\/\/www.facebook.com\/NouBarris.net\/?locale=es_ES","https:\/\/x.com\/9BTV"]},{"@type":"Person","@id":"https:\/\/www.noubarris.net\/web40\/#\/schema\/person\/1827f92aaa316c54abbf4dac0de76069","name":"Informatius","image":{"@type":"ImageObject","inLanguage":"ca","@id":"https:\/\/www.noubarris.net\/web40\/#\/schema\/person\/image\/","url":"https:\/\/secure.gravatar.com\/avatar\/87a3b47928835fc72c6ee5b0e1a7263ef0c2d05003a98189bc14926c5f11bcdb?s=96&d=mm&r=g","contentUrl":"https:\/\/secure.gravatar.com\/avatar\/87a3b47928835fc72c6ee5b0e1a7263ef0c2d05003a98189bc14926c5f11bcdb?s=96&d=mm&r=g","caption":"Informatius"},"url":"https:\/\/www.noubarris.net\/web40\/author\/tele\/"}]}},"_links":{"self":[{"href":"https:\/\/www.noubarris.net\/web40\/wp-json\/wp\/v2\/posts\/78186","targetHints":{"allow":["GET"]}}],"collection":[{"href":"https:\/\/www.noubarris.net\/web40\/wp-json\/wp\/v2\/posts"}],"about":[{"href":"https:\/\/www.noubarris.net\/web40\/wp-json\/wp\/v2\/types\/post"}],"author":[{"embeddable":true,"href":"https:\/\/www.noubarris.net\/web40\/wp-json\/wp\/v2\/users\/2"}],"replies":[{"embeddable":true,"href":"https:\/\/www.noubarris.net\/web40\/wp-json\/wp\/v2\/comments?post=78186"}],"version-history":[{"count":2,"href":"https:\/\/www.noubarris.net\/web40\/wp-json\/wp\/v2\/posts\/78186\/revisions"}],"predecessor-version":[{"id":78189,"href":"https:\/\/www.noubarris.net\/web40\/wp-json\/wp\/v2\/posts\/78186\/revisions\/78189"}],"wp:featuredmedia":[{"embeddable":true,"href":"https:\/\/www.noubarris.net\/web40\/wp-json\/wp\/v2\/media\/78187"}],"wp:attachment":[{"href":"https:\/\/www.noubarris.net\/web40\/wp-json\/wp\/v2\/media?parent=78186"}],"wp:term":[{"taxonomy":"category","embeddable":true,"href":"https:\/\/www.noubarris.net\/web40\/wp-json\/wp\/v2\/categories?post=78186"},{"taxonomy":"post_tag","embeddable":true,"href":"https:\/\/www.noubarris.net\/web40\/wp-json\/wp\/v2\/tags?post=78186"}],"curies":[{"name":"wp","href":"https:\/\/api.w.org\/{rel}","templated":true}]}}