{"id":78250,"date":"2021-12-08T00:00:03","date_gmt":"2021-12-07T22:00:03","guid":{"rendered":"http:\/\/www.noubarris.net\/web40\/?p=78250"},"modified":"2021-12-05T13:05:37","modified_gmt":"2021-12-05T11:05:37","slug":"can-peguera-inicia-obres-per-a-la-seva-transformacio-urbanistica","status":"publish","type":"post","link":"https:\/\/www.noubarris.net\/web40\/can-peguera-inicia-obres-per-a-la-seva-transformacio-urbanistica\/","title":{"rendered":"Can Peguera inicia obres per a la seva transformaci\u00f3 urban\u00edstica"},"content":{"rendered":"<p><strong>Les actuacions comencen aquest mes i milloraran les connexions amb el Tur\u00f3 de la Peira i els equipaments del barri<\/strong><\/p>\n<p>Can Peguera inicia les actuacions del pla de futur del barri amb unes obres que tenen l&#8217;objectiu de millorar els accessos i connexions amb el Tur\u00f3 de la Peira i l&#8217;anomenada franja o balc\u00f3 d&#8217;equipaments. A finals de m\u00e9s comencaran les obres al tram d&#8217;escales del carrer de Beret amb Vila-seca. En aquest punt est\u00e0 previst renovar les escales i construir un ascensor que connectar\u00e0 els tres nivells existents. A m\u00e9s, es preparar\u00e0 el terreny per a les properes actuacions previstes en posterior fases que afegiran millores urban\u00edstiques i en els equipaments.<\/p>\n<p><img loading=\"lazy\" decoding=\"async\" class=\"size-medium wp-image-78252 alignleft\" src=\"https:\/\/www.noubarris.net\/web40\/wp-content\/uploads\/2021\/12\/081221b-300x169.jpg\" alt=\"\" width=\"300\" height=\"169\" srcset=\"https:\/\/www.noubarris.net\/web40\/wp-content\/uploads\/2021\/12\/081221b-300x169.jpg 300w, https:\/\/www.noubarris.net\/web40\/wp-content\/uploads\/2021\/12\/081221b-600x338.jpg 600w, https:\/\/www.noubarris.net\/web40\/wp-content\/uploads\/2021\/12\/081221b-150x84.jpg 150w, https:\/\/www.noubarris.net\/web40\/wp-content\/uploads\/2021\/12\/081221b.jpg 768w\" sizes=\"auto, (max-width: 300px) 100vw, 300px\" \/><\/p>\n<p>A m\u00e9s, atenent a les demandes dels ve\u00efns, Districte far\u00e0 un posada a punt dels dos ascensors de ja existents a la zona. Segons l&#8217;AV de Can Peguera aquestes instal\u00b7lacions pateixen avaries constantment i necessiten una soluci\u00f3 definitiva. &#8220;Ara que l&#8217;acc\u00e9s pel carrer de Beret es complicar\u00e0 amb les obres durant dos anys, necessitem m\u00e9s que mai que els ascensors funcionin, perqu\u00e8 s\u00f3n l&#8217;\u00fanica alternativa directa cap al balc\u00f3 d&#8217;equipaments&#8221;, comenta Pep Ortiz, president de l&#8217;AV de Can Peguera.<\/p>\n<p><img loading=\"lazy\" decoding=\"async\" class=\"size-medium wp-image-78253 alignright\" src=\"https:\/\/www.noubarris.net\/web40\/wp-content\/uploads\/2021\/12\/081221c-300x169.jpg\" alt=\"\" width=\"300\" height=\"169\" srcset=\"https:\/\/www.noubarris.net\/web40\/wp-content\/uploads\/2021\/12\/081221c-300x169.jpg 300w, https:\/\/www.noubarris.net\/web40\/wp-content\/uploads\/2021\/12\/081221c-600x338.jpg 600w, https:\/\/www.noubarris.net\/web40\/wp-content\/uploads\/2021\/12\/081221c-150x84.jpg 150w, https:\/\/www.noubarris.net\/web40\/wp-content\/uploads\/2021\/12\/081221c.jpg 768w\" sizes=\"auto, (max-width: 300px) 100vw, 300px\" \/><\/p>\n<p>Les obres d&#8217;aquesta primera fase tenen un pressupost de 4,1 milions d&#8217;euros que surten d&#8217;una partida de Districte i el Pla de Barris. En paral\u00b7lel a les obres en mobilitat i urbanisme que comencen, Ajuntament i ve\u00efns continuen definint altres \u00e0mbits del pla de futur de Can Peguera, com ara la rehabilitaci\u00f3 dels habitatges que volen preservar mantenint la seva identitat.<\/p>\n","protected":false},"excerpt":{"rendered":"<p>Les actuacions comencen aquest mes i milloraran les connexions amb el Tur\u00f3 de la Peira i els equipaments del barri<\/p>\n","protected":false},"author":2,"featured_media":78251,"comment_status":"closed","ping_status":"closed","sticky":false,"template":"","format":"standard","meta":{"colormag_page_layout":"default_layout","_monsterinsights_skip_tracking":false,"_monsterinsights_sitenote_active":false,"_monsterinsights_sitenote_note":"","_monsterinsights_sitenote_category":0,"footnotes":""},"categories":[130,302],"tags":[374,46,360,69],"class_list":["post-78250","post","type-post","status-publish","format-standard","has-post-thumbnail","hentry","category-can-peguera","category-urbanisme","tag-accessibilitat","tag-can-peguera","tag-obres","tag-urbanisme"],"yoast_head":"<!-- This site is optimized with the Yoast SEO plugin v25.3 - https:\/\/yoast.com\/wordpress\/plugins\/seo\/ -->\n<title>Can Peguera inicia obres per a la seva transformaci\u00f3 urban\u00edstica - NouBarris.Net<\/title>\n<meta name=\"robots\" content=\"index, follow, max-snippet:-1, max-image-preview:large, max-video-preview:-1\" \/>\n<link rel=\"canonical\" href=\"https:\/\/www.noubarris.net\/web40\/can-peguera-inicia-obres-per-a-la-seva-transformacio-urbanistica\/\" \/>\n<meta property=\"og:locale\" content=\"ca_ES\" \/>\n<meta property=\"og:type\" content=\"article\" \/>\n<meta property=\"og:title\" content=\"Can Peguera inicia obres per a la seva transformaci\u00f3 urban\u00edstica - NouBarris.Net\" \/>\n<meta property=\"og:description\" content=\"Les actuacions comencen aquest mes i milloraran les connexions amb el Tur\u00f3 de la Peira i els equipaments del barri\" \/>\n<meta property=\"og:url\" content=\"https:\/\/www.noubarris.net\/web40\/can-peguera-inicia-obres-per-a-la-seva-transformacio-urbanistica\/\" \/>\n<meta property=\"og:site_name\" content=\"NouBarris.Net\" \/>\n<meta property=\"article:publisher\" content=\"https:\/\/www.facebook.com\/NouBarris.net\/?locale=es_ES\" \/>\n<meta property=\"article:published_time\" content=\"2021-12-07T22:00:03+00:00\" \/>\n<meta property=\"og:image\" content=\"https:\/\/www.noubarris.net\/web40\/wp-content\/uploads\/2021\/12\/081221a.jpg\" \/>\n\t<meta property=\"og:image:width\" content=\"768\" \/>\n\t<meta property=\"og:image:height\" content=\"432\" \/>\n\t<meta property=\"og:image:type\" content=\"image\/jpeg\" \/>\n<meta name=\"author\" content=\"Informatius\" \/>\n<meta name=\"twitter:card\" content=\"summary_large_image\" \/>\n<meta name=\"twitter:creator\" content=\"@9BTV\" \/>\n<meta name=\"twitter:site\" content=\"@9BTV\" \/>\n<meta name=\"twitter:label1\" content=\"Escrit per\" \/>\n\t<meta name=\"twitter:data1\" content=\"Informatius\" \/>\n\t<meta name=\"twitter:label2\" content=\"Temps estimat de lectura\" \/>\n\t<meta name=\"twitter:data2\" content=\"1 minut\" \/>\n<script type=\"application\/ld+json\" class=\"yoast-schema-graph\">{\"@context\":\"https:\/\/schema.org\",\"@graph\":[{\"@type\":\"Article\",\"@id\":\"https:\/\/www.noubarris.net\/web40\/can-peguera-inicia-obres-per-a-la-seva-transformacio-urbanistica\/#article\",\"isPartOf\":{\"@id\":\"https:\/\/www.noubarris.net\/web40\/can-peguera-inicia-obres-per-a-la-seva-transformacio-urbanistica\/\"},\"author\":{\"name\":\"Informatius\",\"@id\":\"https:\/\/www.noubarris.net\/web40\/#\/schema\/person\/1827f92aaa316c54abbf4dac0de76069\"},\"headline\":\"Can Peguera inicia obres per a la seva transformaci\u00f3 urban\u00edstica\",\"datePublished\":\"2021-12-07T22:00:03+00:00\",\"mainEntityOfPage\":{\"@id\":\"https:\/\/www.noubarris.net\/web40\/can-peguera-inicia-obres-per-a-la-seva-transformacio-urbanistica\/\"},\"wordCount\":285,\"publisher\":{\"@id\":\"https:\/\/www.noubarris.net\/web40\/#organization\"},\"image\":{\"@id\":\"https:\/\/www.noubarris.net\/web40\/can-peguera-inicia-obres-per-a-la-seva-transformacio-urbanistica\/#primaryimage\"},\"thumbnailUrl\":\"https:\/\/www.noubarris.net\/web40\/wp-content\/uploads\/2021\/12\/081221a.jpg\",\"keywords\":[\"Accessibilitat\",\"Can Peguera\",\"Obres\",\"Urbanisme\"],\"articleSection\":[\"Can Peguera\",\"Urbanisme\"],\"inLanguage\":\"ca\"},{\"@type\":\"WebPage\",\"@id\":\"https:\/\/www.noubarris.net\/web40\/can-peguera-inicia-obres-per-a-la-seva-transformacio-urbanistica\/\",\"url\":\"https:\/\/www.noubarris.net\/web40\/can-peguera-inicia-obres-per-a-la-seva-transformacio-urbanistica\/\",\"name\":\"Can Peguera inicia obres per a la seva transformaci\u00f3 urban\u00edstica - NouBarris.Net\",\"isPartOf\":{\"@id\":\"https:\/\/www.noubarris.net\/web40\/#website\"},\"primaryImageOfPage\":{\"@id\":\"https:\/\/www.noubarris.net\/web40\/can-peguera-inicia-obres-per-a-la-seva-transformacio-urbanistica\/#primaryimage\"},\"image\":{\"@id\":\"https:\/\/www.noubarris.net\/web40\/can-peguera-inicia-obres-per-a-la-seva-transformacio-urbanistica\/#primaryimage\"},\"thumbnailUrl\":\"https:\/\/www.noubarris.net\/web40\/wp-content\/uploads\/2021\/12\/081221a.jpg\",\"datePublished\":\"2021-12-07T22:00:03+00:00\",\"breadcrumb\":{\"@id\":\"https:\/\/www.noubarris.net\/web40\/can-peguera-inicia-obres-per-a-la-seva-transformacio-urbanistica\/#breadcrumb\"},\"inLanguage\":\"ca\",\"potentialAction\":[{\"@type\":\"ReadAction\",\"target\":[\"https:\/\/www.noubarris.net\/web40\/can-peguera-inicia-obres-per-a-la-seva-transformacio-urbanistica\/\"]}]},{\"@type\":\"ImageObject\",\"inLanguage\":\"ca\",\"@id\":\"https:\/\/www.noubarris.net\/web40\/can-peguera-inicia-obres-per-a-la-seva-transformacio-urbanistica\/#primaryimage\",\"url\":\"https:\/\/www.noubarris.net\/web40\/wp-content\/uploads\/2021\/12\/081221a.jpg\",\"contentUrl\":\"https:\/\/www.noubarris.net\/web40\/wp-content\/uploads\/2021\/12\/081221a.jpg\",\"width\":768,\"height\":432},{\"@type\":\"BreadcrumbList\",\"@id\":\"https:\/\/www.noubarris.net\/web40\/can-peguera-inicia-obres-per-a-la-seva-transformacio-urbanistica\/#breadcrumb\",\"itemListElement\":[{\"@type\":\"ListItem\",\"position\":1,\"name\":\"Inici\",\"item\":\"https:\/\/www.noubarris.net\/web40\/\"},{\"@type\":\"ListItem\",\"position\":2,\"name\":\"Can Peguera inicia obres per a la seva transformaci\u00f3 urban\u00edstica\"}]},{\"@type\":\"WebSite\",\"@id\":\"https:\/\/www.noubarris.net\/web40\/#website\",\"url\":\"https:\/\/www.noubarris.net\/web40\/\",\"name\":\"NouBarris.Net\",\"description\":\"Seguint la vida de Nou Barris des de 1985\",\"publisher\":{\"@id\":\"https:\/\/www.noubarris.net\/web40\/#organization\"},\"potentialAction\":[{\"@type\":\"SearchAction\",\"target\":{\"@type\":\"EntryPoint\",\"urlTemplate\":\"https:\/\/www.noubarris.net\/web40\/?s={search_term_string}\"},\"query-input\":{\"@type\":\"PropertyValueSpecification\",\"valueRequired\":true,\"valueName\":\"search_term_string\"}}],\"inLanguage\":\"ca\"},{\"@type\":\"Organization\",\"@id\":\"https:\/\/www.noubarris.net\/web40\/#organization\",\"name\":\"NouBarris.Net\",\"url\":\"https:\/\/www.noubarris.net\/web40\/\",\"logo\":{\"@type\":\"ImageObject\",\"inLanguage\":\"ca\",\"@id\":\"https:\/\/www.noubarris.net\/web40\/#\/schema\/logo\/image\/\",\"url\":\"https:\/\/www.noubarris.net\/web40\/wp-content\/uploads\/2024\/11\/cropped-cropped-LOGO_9BTV-2024_Insta-1.jpg\",\"contentUrl\":\"https:\/\/www.noubarris.net\/web40\/wp-content\/uploads\/2024\/11\/cropped-cropped-LOGO_9BTV-2024_Insta-1.jpg\",\"width\":512,\"height\":512,\"caption\":\"NouBarris.Net\"},\"image\":{\"@id\":\"https:\/\/www.noubarris.net\/web40\/#\/schema\/logo\/image\/\"},\"sameAs\":[\"https:\/\/www.facebook.com\/NouBarris.net\/?locale=es_ES\",\"https:\/\/x.com\/9BTV\"]},{\"@type\":\"Person\",\"@id\":\"https:\/\/www.noubarris.net\/web40\/#\/schema\/person\/1827f92aaa316c54abbf4dac0de76069\",\"name\":\"Informatius\",\"image\":{\"@type\":\"ImageObject\",\"inLanguage\":\"ca\",\"@id\":\"https:\/\/www.noubarris.net\/web40\/#\/schema\/person\/image\/\",\"url\":\"https:\/\/secure.gravatar.com\/avatar\/87a3b47928835fc72c6ee5b0e1a7263ef0c2d05003a98189bc14926c5f11bcdb?s=96&d=mm&r=g\",\"contentUrl\":\"https:\/\/secure.gravatar.com\/avatar\/87a3b47928835fc72c6ee5b0e1a7263ef0c2d05003a98189bc14926c5f11bcdb?s=96&d=mm&r=g\",\"caption\":\"Informatius\"},\"url\":\"https:\/\/www.noubarris.net\/web40\/author\/tele\/\"}]}<\/script>\n<!-- \/ Yoast SEO plugin. -->","yoast_head_json":{"title":"Can Peguera inicia obres per a la seva transformaci\u00f3 urban\u00edstica - NouBarris.Net","robots":{"index":"index","follow":"follow","max-snippet":"max-snippet:-1","max-image-preview":"max-image-preview:large","max-video-preview":"max-video-preview:-1"},"canonical":"https:\/\/www.noubarris.net\/web40\/can-peguera-inicia-obres-per-a-la-seva-transformacio-urbanistica\/","og_locale":"ca_ES","og_type":"article","og_title":"Can Peguera inicia obres per a la seva transformaci\u00f3 urban\u00edstica - NouBarris.Net","og_description":"Les actuacions comencen aquest mes i milloraran les connexions amb el Tur\u00f3 de la Peira i els equipaments del barri","og_url":"https:\/\/www.noubarris.net\/web40\/can-peguera-inicia-obres-per-a-la-seva-transformacio-urbanistica\/","og_site_name":"NouBarris.Net","article_publisher":"https:\/\/www.facebook.com\/NouBarris.net\/?locale=es_ES","article_published_time":"2021-12-07T22:00:03+00:00","og_image":[{"width":768,"height":432,"url":"https:\/\/www.noubarris.net\/web40\/wp-content\/uploads\/2021\/12\/081221a.jpg","type":"image\/jpeg"}],"author":"Informatius","twitter_card":"summary_large_image","twitter_creator":"@9BTV","twitter_site":"@9BTV","twitter_misc":{"Escrit per":"Informatius","Temps estimat de lectura":"1 minut"},"schema":{"@context":"https:\/\/schema.org","@graph":[{"@type":"Article","@id":"https:\/\/www.noubarris.net\/web40\/can-peguera-inicia-obres-per-a-la-seva-transformacio-urbanistica\/#article","isPartOf":{"@id":"https:\/\/www.noubarris.net\/web40\/can-peguera-inicia-obres-per-a-la-seva-transformacio-urbanistica\/"},"author":{"name":"Informatius","@id":"https:\/\/www.noubarris.net\/web40\/#\/schema\/person\/1827f92aaa316c54abbf4dac0de76069"},"headline":"Can Peguera inicia obres per a la seva transformaci\u00f3 urban\u00edstica","datePublished":"2021-12-07T22:00:03+00:00","mainEntityOfPage":{"@id":"https:\/\/www.noubarris.net\/web40\/can-peguera-inicia-obres-per-a-la-seva-transformacio-urbanistica\/"},"wordCount":285,"publisher":{"@id":"https:\/\/www.noubarris.net\/web40\/#organization"},"image":{"@id":"https:\/\/www.noubarris.net\/web40\/can-peguera-inicia-obres-per-a-la-seva-transformacio-urbanistica\/#primaryimage"},"thumbnailUrl":"https:\/\/www.noubarris.net\/web40\/wp-content\/uploads\/2021\/12\/081221a.jpg","keywords":["Accessibilitat","Can Peguera","Obres","Urbanisme"],"articleSection":["Can Peguera","Urbanisme"],"inLanguage":"ca"},{"@type":"WebPage","@id":"https:\/\/www.noubarris.net\/web40\/can-peguera-inicia-obres-per-a-la-seva-transformacio-urbanistica\/","url":"https:\/\/www.noubarris.net\/web40\/can-peguera-inicia-obres-per-a-la-seva-transformacio-urbanistica\/","name":"Can Peguera inicia obres per a la seva transformaci\u00f3 urban\u00edstica - NouBarris.Net","isPartOf":{"@id":"https:\/\/www.noubarris.net\/web40\/#website"},"primaryImageOfPage":{"@id":"https:\/\/www.noubarris.net\/web40\/can-peguera-inicia-obres-per-a-la-seva-transformacio-urbanistica\/#primaryimage"},"image":{"@id":"https:\/\/www.noubarris.net\/web40\/can-peguera-inicia-obres-per-a-la-seva-transformacio-urbanistica\/#primaryimage"},"thumbnailUrl":"https:\/\/www.noubarris.net\/web40\/wp-content\/uploads\/2021\/12\/081221a.jpg","datePublished":"2021-12-07T22:00:03+00:00","breadcrumb":{"@id":"https:\/\/www.noubarris.net\/web40\/can-peguera-inicia-obres-per-a-la-seva-transformacio-urbanistica\/#breadcrumb"},"inLanguage":"ca","potentialAction":[{"@type":"ReadAction","target":["https:\/\/www.noubarris.net\/web40\/can-peguera-inicia-obres-per-a-la-seva-transformacio-urbanistica\/"]}]},{"@type":"ImageObject","inLanguage":"ca","@id":"https:\/\/www.noubarris.net\/web40\/can-peguera-inicia-obres-per-a-la-seva-transformacio-urbanistica\/#primaryimage","url":"https:\/\/www.noubarris.net\/web40\/wp-content\/uploads\/2021\/12\/081221a.jpg","contentUrl":"https:\/\/www.noubarris.net\/web40\/wp-content\/uploads\/2021\/12\/081221a.jpg","width":768,"height":432},{"@type":"BreadcrumbList","@id":"https:\/\/www.noubarris.net\/web40\/can-peguera-inicia-obres-per-a-la-seva-transformacio-urbanistica\/#breadcrumb","itemListElement":[{"@type":"ListItem","position":1,"name":"Inici","item":"https:\/\/www.noubarris.net\/web40\/"},{"@type":"ListItem","position":2,"name":"Can Peguera inicia obres per a la seva transformaci\u00f3 urban\u00edstica"}]},{"@type":"WebSite","@id":"https:\/\/www.noubarris.net\/web40\/#website","url":"https:\/\/www.noubarris.net\/web40\/","name":"NouBarris.Net","description":"Seguint la vida de Nou Barris des de 1985","publisher":{"@id":"https:\/\/www.noubarris.net\/web40\/#organization"},"potentialAction":[{"@type":"SearchAction","target":{"@type":"EntryPoint","urlTemplate":"https:\/\/www.noubarris.net\/web40\/?s={search_term_string}"},"query-input":{"@type":"PropertyValueSpecification","valueRequired":true,"valueName":"search_term_string"}}],"inLanguage":"ca"},{"@type":"Organization","@id":"https:\/\/www.noubarris.net\/web40\/#organization","name":"NouBarris.Net","url":"https:\/\/www.noubarris.net\/web40\/","logo":{"@type":"ImageObject","inLanguage":"ca","@id":"https:\/\/www.noubarris.net\/web40\/#\/schema\/logo\/image\/","url":"https:\/\/www.noubarris.net\/web40\/wp-content\/uploads\/2024\/11\/cropped-cropped-LOGO_9BTV-2024_Insta-1.jpg","contentUrl":"https:\/\/www.noubarris.net\/web40\/wp-content\/uploads\/2024\/11\/cropped-cropped-LOGO_9BTV-2024_Insta-1.jpg","width":512,"height":512,"caption":"NouBarris.Net"},"image":{"@id":"https:\/\/www.noubarris.net\/web40\/#\/schema\/logo\/image\/"},"sameAs":["https:\/\/www.facebook.com\/NouBarris.net\/?locale=es_ES","https:\/\/x.com\/9BTV"]},{"@type":"Person","@id":"https:\/\/www.noubarris.net\/web40\/#\/schema\/person\/1827f92aaa316c54abbf4dac0de76069","name":"Informatius","image":{"@type":"ImageObject","inLanguage":"ca","@id":"https:\/\/www.noubarris.net\/web40\/#\/schema\/person\/image\/","url":"https:\/\/secure.gravatar.com\/avatar\/87a3b47928835fc72c6ee5b0e1a7263ef0c2d05003a98189bc14926c5f11bcdb?s=96&d=mm&r=g","contentUrl":"https:\/\/secure.gravatar.com\/avatar\/87a3b47928835fc72c6ee5b0e1a7263ef0c2d05003a98189bc14926c5f11bcdb?s=96&d=mm&r=g","caption":"Informatius"},"url":"https:\/\/www.noubarris.net\/web40\/author\/tele\/"}]}},"_links":{"self":[{"href":"https:\/\/www.noubarris.net\/web40\/wp-json\/wp\/v2\/posts\/78250","targetHints":{"allow":["GET"]}}],"collection":[{"href":"https:\/\/www.noubarris.net\/web40\/wp-json\/wp\/v2\/posts"}],"about":[{"href":"https:\/\/www.noubarris.net\/web40\/wp-json\/wp\/v2\/types\/post"}],"author":[{"embeddable":true,"href":"https:\/\/www.noubarris.net\/web40\/wp-json\/wp\/v2\/users\/2"}],"replies":[{"embeddable":true,"href":"https:\/\/www.noubarris.net\/web40\/wp-json\/wp\/v2\/comments?post=78250"}],"version-history":[{"count":2,"href":"https:\/\/www.noubarris.net\/web40\/wp-json\/wp\/v2\/posts\/78250\/revisions"}],"predecessor-version":[{"id":78255,"href":"https:\/\/www.noubarris.net\/web40\/wp-json\/wp\/v2\/posts\/78250\/revisions\/78255"}],"wp:featuredmedia":[{"embeddable":true,"href":"https:\/\/www.noubarris.net\/web40\/wp-json\/wp\/v2\/media\/78251"}],"wp:attachment":[{"href":"https:\/\/www.noubarris.net\/web40\/wp-json\/wp\/v2\/media?parent=78250"}],"wp:term":[{"taxonomy":"category","embeddable":true,"href":"https:\/\/www.noubarris.net\/web40\/wp-json\/wp\/v2\/categories?post=78250"},{"taxonomy":"post_tag","embeddable":true,"href":"https:\/\/www.noubarris.net\/web40\/wp-json\/wp\/v2\/tags?post=78250"}],"curies":[{"name":"wp","href":"https:\/\/api.w.org\/{rel}","templated":true}]}}