{"id":78263,"date":"2021-12-13T00:00:00","date_gmt":"2021-12-12T22:00:00","guid":{"rendered":"http:\/\/www.noubarris.net\/web40\/?p=78263"},"modified":"2021-12-11T21:12:47","modified_gmt":"2021-12-11T19:12:47","slug":"districte-de-nou-barris-treballa-per-ampliar-el-kasal-de-joves-de-les-roquetes-mentre-no-es-trasllada","status":"publish","type":"post","link":"https:\/\/www.noubarris.net\/web40\/districte-de-nou-barris-treballa-per-ampliar-el-kasal-de-joves-de-les-roquetes-mentre-no-es-trasllada\/","title":{"rendered":"Districte vol  ampliar el Kasal de Joves de les Roquetes mentre no es trasllada"},"content":{"rendered":"<p><strong>Aix\u00ed ho va explicar el regidor Xavier Marc\u00e9 a l&#8217;Audi\u00e8ncia P\u00fablica, en qu\u00e8 tamb\u00e9 va convidar els ve\u00efns de la Zona Nord a reunir-se a la taula d&#8217;habitatge per parlar sobre els desnonaments <\/strong><\/p>\n<p>Els membres del Kasal de Joves de les Roquetes van reivindicar a trav\u00e9s d&#8217;un portaveu, a l&#8217;Audi\u00e8ncia P\u00fablica de Nou Barris una soluci\u00f3 per als problemes d&#8217;espai i de conviv\u00e8ncia amb els edificis ve\u00efns que tenen actualment. Fa anys que reclamen un trasllart a l&#8217;Amfiteatre de les Roquetes, un espai m\u00e9s apartat dels edificis que creuen que els permet cr\u00e9ixer i dur a terme les seves activitats sense molestar l&#8217;entorn.\u00a0 La sorpresa va ser quan el regidor va prendre la paraula per explicar-los que Districte est\u00e0 treballant en una soluci\u00f3 temporal fins que arribi el trasllat definitiu. Aquesta soluci\u00f3 temporal passa per intentar comprar la finca que hi ha tot just a tocar del casal Ton i Guida, on tamb\u00e9 est\u00e0 situat el Kasal de Joves de les Roquetes. Aquesta adquisici\u00f3 &#8220;es vol fer en els propers dos mesos&#8221;, va anunciar el regidor Xavier Marc\u00e9, i faria possible l&#8217;ampliaci\u00f3 de l&#8217;espai dels joves.<\/p>\n<p>D&#8217;altra banda, preguntat tamb\u00e9 per la construcci\u00f3 del nou casal a l&#8217;amfiteatre, Marc\u00e9 va recordar que abans de res cal fer un canvi de planejament que permeti construir un equipament en aquest espai. Districte, assegura, ja ho ha sol\u00b7licitat al Departament d&#8217;Ecologia Urbana i resta a l&#8217;espera de resoluci\u00f3. El regidor va apuntar que l&#8217;objectiu seria solucionar aquest punt aquest mandat, per tal d&#8217;afrontar la construcci\u00f3 del casal el seg\u00fcent mandat.<\/p>\n\n\n<figure class=\"wp-block-image size-full\"><img loading=\"lazy\" decoding=\"async\" width=\"800\" height=\"445\" src=\"https:\/\/www.noubarris.net\/web40\/wp-content\/uploads\/2021\/12\/101221b.jpeg\" alt=\"\" class=\"wp-image-78266\" srcset=\"https:\/\/www.noubarris.net\/web40\/wp-content\/uploads\/2021\/12\/101221b.jpeg 800w, https:\/\/www.noubarris.net\/web40\/wp-content\/uploads\/2021\/12\/101221b-300x167.jpeg 300w, https:\/\/www.noubarris.net\/web40\/wp-content\/uploads\/2021\/12\/101221b-768x427.jpeg 768w, https:\/\/www.noubarris.net\/web40\/wp-content\/uploads\/2021\/12\/101221b-600x334.jpeg 600w, https:\/\/www.noubarris.net\/web40\/wp-content\/uploads\/2021\/12\/101221b-150x83.jpeg 150w\" sizes=\"auto, (max-width: 800px) 100vw, 800px\" \/><figcaption>L&#8217;amfiteatre de les Roquetes<\/figcaption><\/figure>\n\n\n\n<p>A la sessi\u00f3 tamb\u00e9, i com ja \u00e9s tristement habitual des de fa uns anys, hi van intervenir alguns dels molts ve\u00efns i ve\u00efnes amb ordres de desnonament o problemes per tenir un habitatge. Van explicar les seves situacions i com aquesta incertesa i preocupaci\u00f3 afecta a la salut psicol\u00f2gica i f\u00edsica de les fam\u00edlies. Tamb\u00e9 van fer sentir les seves reivindicacions, amb pancartes i crits, per reclamar lloguers socials i m\u00e9s pisos d&#8217;emerg\u00e8ncia, tot recordant que cal passar una selecci\u00f3 massa exigent per accedir a un lloguer.<\/p>\n\n\n\n<p>Despr\u00e9s de diversos intents per respondre als ve\u00efns i alguns avisos d&#8217;aixecar la sessi\u00f3, el regidor de Nou Barris, Xavier Marc\u00e9 va adre\u00e7ar els ve\u00efns i ve\u00efnes a reunir-se en una sessi\u00f3 de la taula d&#8217;habitatge per parlar de la situaci\u00f3. A m\u00e9s, va indicar que, tot i que aviat es recuperaran 11 pisos socials, procedents del <a href=\"https:\/\/www.noubarris.net\/web40\/?p=78117\">paquet de Regesa que es rescatar\u00e0 a la pla\u00e7a dels Eucaliptus<\/a>, per\u00f2 que aquests 11 pisos no s\u00f3n suficients per donar resposta a tota la necessitat d&#8217;habitatge a la Zona Nord. Aix\u00ed mateix, va defensar que l&#8217;Ajuntament no t\u00e9 totes les solucions per a aquest problema i que &#8220;s&#8217;aturen tots els desnonaments que poden&#8221;.  <\/p>\n\n\n\n<p><\/p>\n","protected":false},"excerpt":{"rendered":"<p>Aix\u00ed ho va explicar el regidor Xavier Marc\u00e9 a l&#8217;Audi\u00e8ncia P\u00fablica, en qu\u00e8 tamb\u00e9 va convidar els ve\u00efns de la<\/p>\n","protected":false},"author":2,"featured_media":78264,"comment_status":"closed","ping_status":"closed","sticky":false,"template":"","format":"standard","meta":{"colormag_page_layout":"default_layout","_monsterinsights_skip_tracking":false,"_monsterinsights_sitenote_active":false,"_monsterinsights_sitenote_note":"","_monsterinsights_sitenote_category":0,"footnotes":""},"categories":[447,1],"tags":[121,94,299],"class_list":["post-78263","post","type-post","status-publish","format-standard","has-post-thumbnail","hentry","category-audiencia-publica-i-plenari","category-nou-barris","tag-equipaments","tag-habitatge","tag-joves"],"yoast_head":"<!-- This site is optimized with the Yoast SEO plugin v25.3 - https:\/\/yoast.com\/wordpress\/plugins\/seo\/ -->\n<title>Districte vol ampliar el Kasal de Joves de les Roquetes mentre no es trasllada - NouBarris.Net<\/title>\n<meta name=\"robots\" content=\"index, follow, max-snippet:-1, max-image-preview:large, max-video-preview:-1\" \/>\n<link rel=\"canonical\" href=\"https:\/\/www.noubarris.net\/web40\/districte-de-nou-barris-treballa-per-ampliar-el-kasal-de-joves-de-les-roquetes-mentre-no-es-trasllada\/\" \/>\n<meta property=\"og:locale\" content=\"ca_ES\" \/>\n<meta property=\"og:type\" content=\"article\" \/>\n<meta property=\"og:title\" content=\"Districte vol ampliar el Kasal de Joves de les Roquetes mentre no es trasllada - NouBarris.Net\" \/>\n<meta property=\"og:description\" content=\"Aix\u00ed ho va explicar el regidor Xavier Marc\u00e9 a l&#8217;Audi\u00e8ncia P\u00fablica, en qu\u00e8 tamb\u00e9 va convidar els ve\u00efns de la\" \/>\n<meta property=\"og:url\" content=\"https:\/\/www.noubarris.net\/web40\/districte-de-nou-barris-treballa-per-ampliar-el-kasal-de-joves-de-les-roquetes-mentre-no-es-trasllada\/\" \/>\n<meta property=\"og:site_name\" content=\"NouBarris.Net\" \/>\n<meta property=\"article:publisher\" content=\"https:\/\/www.facebook.com\/NouBarris.net\/?locale=es_ES\" \/>\n<meta property=\"article:published_time\" content=\"2021-12-12T22:00:00+00:00\" \/>\n<meta property=\"og:image\" content=\"https:\/\/www.noubarris.net\/web40\/wp-content\/uploads\/2021\/12\/101221.jpg\" \/>\n\t<meta property=\"og:image:width\" content=\"787\" \/>\n\t<meta property=\"og:image:height\" content=\"445\" \/>\n\t<meta property=\"og:image:type\" content=\"image\/jpeg\" \/>\n<meta name=\"author\" content=\"Informatius\" \/>\n<meta name=\"twitter:card\" content=\"summary_large_image\" \/>\n<meta name=\"twitter:creator\" content=\"@9BTV\" \/>\n<meta name=\"twitter:site\" content=\"@9BTV\" \/>\n<meta name=\"twitter:label1\" content=\"Escrit per\" \/>\n\t<meta name=\"twitter:data1\" content=\"Informatius\" \/>\n\t<meta name=\"twitter:label2\" content=\"Temps estimat de lectura\" \/>\n\t<meta name=\"twitter:data2\" content=\"2 minuts\" \/>\n<script type=\"application\/ld+json\" class=\"yoast-schema-graph\">{\"@context\":\"https:\/\/schema.org\",\"@graph\":[{\"@type\":\"Article\",\"@id\":\"https:\/\/www.noubarris.net\/web40\/districte-de-nou-barris-treballa-per-ampliar-el-kasal-de-joves-de-les-roquetes-mentre-no-es-trasllada\/#article\",\"isPartOf\":{\"@id\":\"https:\/\/www.noubarris.net\/web40\/districte-de-nou-barris-treballa-per-ampliar-el-kasal-de-joves-de-les-roquetes-mentre-no-es-trasllada\/\"},\"author\":{\"name\":\"Informatius\",\"@id\":\"https:\/\/www.noubarris.net\/web40\/#\/schema\/person\/1827f92aaa316c54abbf4dac0de76069\"},\"headline\":\"Districte vol ampliar el Kasal de Joves de les Roquetes mentre no es trasllada\",\"datePublished\":\"2021-12-12T22:00:00+00:00\",\"mainEntityOfPage\":{\"@id\":\"https:\/\/www.noubarris.net\/web40\/districte-de-nou-barris-treballa-per-ampliar-el-kasal-de-joves-de-les-roquetes-mentre-no-es-trasllada\/\"},\"wordCount\":521,\"publisher\":{\"@id\":\"https:\/\/www.noubarris.net\/web40\/#organization\"},\"image\":{\"@id\":\"https:\/\/www.noubarris.net\/web40\/districte-de-nou-barris-treballa-per-ampliar-el-kasal-de-joves-de-les-roquetes-mentre-no-es-trasllada\/#primaryimage\"},\"thumbnailUrl\":\"https:\/\/www.noubarris.net\/web40\/wp-content\/uploads\/2021\/12\/101221.jpg\",\"keywords\":[\"Equipaments\",\"Habitatge\",\"Joves\"],\"articleSection\":[\"Audi\u00e8ncia p\u00fablica i Plenari\",\"Nou Barris\"],\"inLanguage\":\"ca\"},{\"@type\":\"WebPage\",\"@id\":\"https:\/\/www.noubarris.net\/web40\/districte-de-nou-barris-treballa-per-ampliar-el-kasal-de-joves-de-les-roquetes-mentre-no-es-trasllada\/\",\"url\":\"https:\/\/www.noubarris.net\/web40\/districte-de-nou-barris-treballa-per-ampliar-el-kasal-de-joves-de-les-roquetes-mentre-no-es-trasllada\/\",\"name\":\"Districte vol ampliar el Kasal de Joves de les Roquetes mentre no es trasllada - NouBarris.Net\",\"isPartOf\":{\"@id\":\"https:\/\/www.noubarris.net\/web40\/#website\"},\"primaryImageOfPage\":{\"@id\":\"https:\/\/www.noubarris.net\/web40\/districte-de-nou-barris-treballa-per-ampliar-el-kasal-de-joves-de-les-roquetes-mentre-no-es-trasllada\/#primaryimage\"},\"image\":{\"@id\":\"https:\/\/www.noubarris.net\/web40\/districte-de-nou-barris-treballa-per-ampliar-el-kasal-de-joves-de-les-roquetes-mentre-no-es-trasllada\/#primaryimage\"},\"thumbnailUrl\":\"https:\/\/www.noubarris.net\/web40\/wp-content\/uploads\/2021\/12\/101221.jpg\",\"datePublished\":\"2021-12-12T22:00:00+00:00\",\"breadcrumb\":{\"@id\":\"https:\/\/www.noubarris.net\/web40\/districte-de-nou-barris-treballa-per-ampliar-el-kasal-de-joves-de-les-roquetes-mentre-no-es-trasllada\/#breadcrumb\"},\"inLanguage\":\"ca\",\"potentialAction\":[{\"@type\":\"ReadAction\",\"target\":[\"https:\/\/www.noubarris.net\/web40\/districte-de-nou-barris-treballa-per-ampliar-el-kasal-de-joves-de-les-roquetes-mentre-no-es-trasllada\/\"]}]},{\"@type\":\"ImageObject\",\"inLanguage\":\"ca\",\"@id\":\"https:\/\/www.noubarris.net\/web40\/districte-de-nou-barris-treballa-per-ampliar-el-kasal-de-joves-de-les-roquetes-mentre-no-es-trasllada\/#primaryimage\",\"url\":\"https:\/\/www.noubarris.net\/web40\/wp-content\/uploads\/2021\/12\/101221.jpg\",\"contentUrl\":\"https:\/\/www.noubarris.net\/web40\/wp-content\/uploads\/2021\/12\/101221.jpg\",\"width\":787,\"height\":445},{\"@type\":\"BreadcrumbList\",\"@id\":\"https:\/\/www.noubarris.net\/web40\/districte-de-nou-barris-treballa-per-ampliar-el-kasal-de-joves-de-les-roquetes-mentre-no-es-trasllada\/#breadcrumb\",\"itemListElement\":[{\"@type\":\"ListItem\",\"position\":1,\"name\":\"Inici\",\"item\":\"https:\/\/www.noubarris.net\/web40\/\"},{\"@type\":\"ListItem\",\"position\":2,\"name\":\"Districte vol ampliar el Kasal de Joves de les Roquetes mentre no es trasllada\"}]},{\"@type\":\"WebSite\",\"@id\":\"https:\/\/www.noubarris.net\/web40\/#website\",\"url\":\"https:\/\/www.noubarris.net\/web40\/\",\"name\":\"NouBarris.Net\",\"description\":\"Seguint la vida de Nou Barris des de 1985\",\"publisher\":{\"@id\":\"https:\/\/www.noubarris.net\/web40\/#organization\"},\"potentialAction\":[{\"@type\":\"SearchAction\",\"target\":{\"@type\":\"EntryPoint\",\"urlTemplate\":\"https:\/\/www.noubarris.net\/web40\/?s={search_term_string}\"},\"query-input\":{\"@type\":\"PropertyValueSpecification\",\"valueRequired\":true,\"valueName\":\"search_term_string\"}}],\"inLanguage\":\"ca\"},{\"@type\":\"Organization\",\"@id\":\"https:\/\/www.noubarris.net\/web40\/#organization\",\"name\":\"NouBarris.Net\",\"url\":\"https:\/\/www.noubarris.net\/web40\/\",\"logo\":{\"@type\":\"ImageObject\",\"inLanguage\":\"ca\",\"@id\":\"https:\/\/www.noubarris.net\/web40\/#\/schema\/logo\/image\/\",\"url\":\"https:\/\/www.noubarris.net\/web40\/wp-content\/uploads\/2024\/11\/cropped-cropped-LOGO_9BTV-2024_Insta-1.jpg\",\"contentUrl\":\"https:\/\/www.noubarris.net\/web40\/wp-content\/uploads\/2024\/11\/cropped-cropped-LOGO_9BTV-2024_Insta-1.jpg\",\"width\":512,\"height\":512,\"caption\":\"NouBarris.Net\"},\"image\":{\"@id\":\"https:\/\/www.noubarris.net\/web40\/#\/schema\/logo\/image\/\"},\"sameAs\":[\"https:\/\/www.facebook.com\/NouBarris.net\/?locale=es_ES\",\"https:\/\/x.com\/9BTV\"]},{\"@type\":\"Person\",\"@id\":\"https:\/\/www.noubarris.net\/web40\/#\/schema\/person\/1827f92aaa316c54abbf4dac0de76069\",\"name\":\"Informatius\",\"image\":{\"@type\":\"ImageObject\",\"inLanguage\":\"ca\",\"@id\":\"https:\/\/www.noubarris.net\/web40\/#\/schema\/person\/image\/\",\"url\":\"https:\/\/secure.gravatar.com\/avatar\/87a3b47928835fc72c6ee5b0e1a7263ef0c2d05003a98189bc14926c5f11bcdb?s=96&d=mm&r=g\",\"contentUrl\":\"https:\/\/secure.gravatar.com\/avatar\/87a3b47928835fc72c6ee5b0e1a7263ef0c2d05003a98189bc14926c5f11bcdb?s=96&d=mm&r=g\",\"caption\":\"Informatius\"},\"url\":\"https:\/\/www.noubarris.net\/web40\/author\/tele\/\"}]}<\/script>\n<!-- \/ Yoast SEO plugin. -->","yoast_head_json":{"title":"Districte vol ampliar el Kasal de Joves de les Roquetes mentre no es trasllada - NouBarris.Net","robots":{"index":"index","follow":"follow","max-snippet":"max-snippet:-1","max-image-preview":"max-image-preview:large","max-video-preview":"max-video-preview:-1"},"canonical":"https:\/\/www.noubarris.net\/web40\/districte-de-nou-barris-treballa-per-ampliar-el-kasal-de-joves-de-les-roquetes-mentre-no-es-trasllada\/","og_locale":"ca_ES","og_type":"article","og_title":"Districte vol ampliar el Kasal de Joves de les Roquetes mentre no es trasllada - NouBarris.Net","og_description":"Aix\u00ed ho va explicar el regidor Xavier Marc\u00e9 a l&#8217;Audi\u00e8ncia P\u00fablica, en qu\u00e8 tamb\u00e9 va convidar els ve\u00efns de la","og_url":"https:\/\/www.noubarris.net\/web40\/districte-de-nou-barris-treballa-per-ampliar-el-kasal-de-joves-de-les-roquetes-mentre-no-es-trasllada\/","og_site_name":"NouBarris.Net","article_publisher":"https:\/\/www.facebook.com\/NouBarris.net\/?locale=es_ES","article_published_time":"2021-12-12T22:00:00+00:00","og_image":[{"width":787,"height":445,"url":"https:\/\/www.noubarris.net\/web40\/wp-content\/uploads\/2021\/12\/101221.jpg","type":"image\/jpeg"}],"author":"Informatius","twitter_card":"summary_large_image","twitter_creator":"@9BTV","twitter_site":"@9BTV","twitter_misc":{"Escrit per":"Informatius","Temps estimat de lectura":"2 minuts"},"schema":{"@context":"https:\/\/schema.org","@graph":[{"@type":"Article","@id":"https:\/\/www.noubarris.net\/web40\/districte-de-nou-barris-treballa-per-ampliar-el-kasal-de-joves-de-les-roquetes-mentre-no-es-trasllada\/#article","isPartOf":{"@id":"https:\/\/www.noubarris.net\/web40\/districte-de-nou-barris-treballa-per-ampliar-el-kasal-de-joves-de-les-roquetes-mentre-no-es-trasllada\/"},"author":{"name":"Informatius","@id":"https:\/\/www.noubarris.net\/web40\/#\/schema\/person\/1827f92aaa316c54abbf4dac0de76069"},"headline":"Districte vol ampliar el Kasal de Joves de les Roquetes mentre no es trasllada","datePublished":"2021-12-12T22:00:00+00:00","mainEntityOfPage":{"@id":"https:\/\/www.noubarris.net\/web40\/districte-de-nou-barris-treballa-per-ampliar-el-kasal-de-joves-de-les-roquetes-mentre-no-es-trasllada\/"},"wordCount":521,"publisher":{"@id":"https:\/\/www.noubarris.net\/web40\/#organization"},"image":{"@id":"https:\/\/www.noubarris.net\/web40\/districte-de-nou-barris-treballa-per-ampliar-el-kasal-de-joves-de-les-roquetes-mentre-no-es-trasllada\/#primaryimage"},"thumbnailUrl":"https:\/\/www.noubarris.net\/web40\/wp-content\/uploads\/2021\/12\/101221.jpg","keywords":["Equipaments","Habitatge","Joves"],"articleSection":["Audi\u00e8ncia p\u00fablica i Plenari","Nou Barris"],"inLanguage":"ca"},{"@type":"WebPage","@id":"https:\/\/www.noubarris.net\/web40\/districte-de-nou-barris-treballa-per-ampliar-el-kasal-de-joves-de-les-roquetes-mentre-no-es-trasllada\/","url":"https:\/\/www.noubarris.net\/web40\/districte-de-nou-barris-treballa-per-ampliar-el-kasal-de-joves-de-les-roquetes-mentre-no-es-trasllada\/","name":"Districte vol ampliar el Kasal de Joves de les Roquetes mentre no es trasllada - NouBarris.Net","isPartOf":{"@id":"https:\/\/www.noubarris.net\/web40\/#website"},"primaryImageOfPage":{"@id":"https:\/\/www.noubarris.net\/web40\/districte-de-nou-barris-treballa-per-ampliar-el-kasal-de-joves-de-les-roquetes-mentre-no-es-trasllada\/#primaryimage"},"image":{"@id":"https:\/\/www.noubarris.net\/web40\/districte-de-nou-barris-treballa-per-ampliar-el-kasal-de-joves-de-les-roquetes-mentre-no-es-trasllada\/#primaryimage"},"thumbnailUrl":"https:\/\/www.noubarris.net\/web40\/wp-content\/uploads\/2021\/12\/101221.jpg","datePublished":"2021-12-12T22:00:00+00:00","breadcrumb":{"@id":"https:\/\/www.noubarris.net\/web40\/districte-de-nou-barris-treballa-per-ampliar-el-kasal-de-joves-de-les-roquetes-mentre-no-es-trasllada\/#breadcrumb"},"inLanguage":"ca","potentialAction":[{"@type":"ReadAction","target":["https:\/\/www.noubarris.net\/web40\/districte-de-nou-barris-treballa-per-ampliar-el-kasal-de-joves-de-les-roquetes-mentre-no-es-trasllada\/"]}]},{"@type":"ImageObject","inLanguage":"ca","@id":"https:\/\/www.noubarris.net\/web40\/districte-de-nou-barris-treballa-per-ampliar-el-kasal-de-joves-de-les-roquetes-mentre-no-es-trasllada\/#primaryimage","url":"https:\/\/www.noubarris.net\/web40\/wp-content\/uploads\/2021\/12\/101221.jpg","contentUrl":"https:\/\/www.noubarris.net\/web40\/wp-content\/uploads\/2021\/12\/101221.jpg","width":787,"height":445},{"@type":"BreadcrumbList","@id":"https:\/\/www.noubarris.net\/web40\/districte-de-nou-barris-treballa-per-ampliar-el-kasal-de-joves-de-les-roquetes-mentre-no-es-trasllada\/#breadcrumb","itemListElement":[{"@type":"ListItem","position":1,"name":"Inici","item":"https:\/\/www.noubarris.net\/web40\/"},{"@type":"ListItem","position":2,"name":"Districte vol ampliar el Kasal de Joves de les Roquetes mentre no es trasllada"}]},{"@type":"WebSite","@id":"https:\/\/www.noubarris.net\/web40\/#website","url":"https:\/\/www.noubarris.net\/web40\/","name":"NouBarris.Net","description":"Seguint la vida de Nou Barris des de 1985","publisher":{"@id":"https:\/\/www.noubarris.net\/web40\/#organization"},"potentialAction":[{"@type":"SearchAction","target":{"@type":"EntryPoint","urlTemplate":"https:\/\/www.noubarris.net\/web40\/?s={search_term_string}"},"query-input":{"@type":"PropertyValueSpecification","valueRequired":true,"valueName":"search_term_string"}}],"inLanguage":"ca"},{"@type":"Organization","@id":"https:\/\/www.noubarris.net\/web40\/#organization","name":"NouBarris.Net","url":"https:\/\/www.noubarris.net\/web40\/","logo":{"@type":"ImageObject","inLanguage":"ca","@id":"https:\/\/www.noubarris.net\/web40\/#\/schema\/logo\/image\/","url":"https:\/\/www.noubarris.net\/web40\/wp-content\/uploads\/2024\/11\/cropped-cropped-LOGO_9BTV-2024_Insta-1.jpg","contentUrl":"https:\/\/www.noubarris.net\/web40\/wp-content\/uploads\/2024\/11\/cropped-cropped-LOGO_9BTV-2024_Insta-1.jpg","width":512,"height":512,"caption":"NouBarris.Net"},"image":{"@id":"https:\/\/www.noubarris.net\/web40\/#\/schema\/logo\/image\/"},"sameAs":["https:\/\/www.facebook.com\/NouBarris.net\/?locale=es_ES","https:\/\/x.com\/9BTV"]},{"@type":"Person","@id":"https:\/\/www.noubarris.net\/web40\/#\/schema\/person\/1827f92aaa316c54abbf4dac0de76069","name":"Informatius","image":{"@type":"ImageObject","inLanguage":"ca","@id":"https:\/\/www.noubarris.net\/web40\/#\/schema\/person\/image\/","url":"https:\/\/secure.gravatar.com\/avatar\/87a3b47928835fc72c6ee5b0e1a7263ef0c2d05003a98189bc14926c5f11bcdb?s=96&d=mm&r=g","contentUrl":"https:\/\/secure.gravatar.com\/avatar\/87a3b47928835fc72c6ee5b0e1a7263ef0c2d05003a98189bc14926c5f11bcdb?s=96&d=mm&r=g","caption":"Informatius"},"url":"https:\/\/www.noubarris.net\/web40\/author\/tele\/"}]}},"_links":{"self":[{"href":"https:\/\/www.noubarris.net\/web40\/wp-json\/wp\/v2\/posts\/78263","targetHints":{"allow":["GET"]}}],"collection":[{"href":"https:\/\/www.noubarris.net\/web40\/wp-json\/wp\/v2\/posts"}],"about":[{"href":"https:\/\/www.noubarris.net\/web40\/wp-json\/wp\/v2\/types\/post"}],"author":[{"embeddable":true,"href":"https:\/\/www.noubarris.net\/web40\/wp-json\/wp\/v2\/users\/2"}],"replies":[{"embeddable":true,"href":"https:\/\/www.noubarris.net\/web40\/wp-json\/wp\/v2\/comments?post=78263"}],"version-history":[{"count":3,"href":"https:\/\/www.noubarris.net\/web40\/wp-json\/wp\/v2\/posts\/78263\/revisions"}],"predecessor-version":[{"id":78293,"href":"https:\/\/www.noubarris.net\/web40\/wp-json\/wp\/v2\/posts\/78263\/revisions\/78293"}],"wp:featuredmedia":[{"embeddable":true,"href":"https:\/\/www.noubarris.net\/web40\/wp-json\/wp\/v2\/media\/78264"}],"wp:attachment":[{"href":"https:\/\/www.noubarris.net\/web40\/wp-json\/wp\/v2\/media?parent=78263"}],"wp:term":[{"taxonomy":"category","embeddable":true,"href":"https:\/\/www.noubarris.net\/web40\/wp-json\/wp\/v2\/categories?post=78263"},{"taxonomy":"post_tag","embeddable":true,"href":"https:\/\/www.noubarris.net\/web40\/wp-json\/wp\/v2\/tags?post=78263"}],"curies":[{"name":"wp","href":"https:\/\/api.w.org\/{rel}","templated":true}]}}