{"id":78326,"date":"2021-12-20T00:00:48","date_gmt":"2021-12-19T22:00:48","guid":{"rendered":"http:\/\/www.noubarris.net\/web40\/?p=78326"},"modified":"2021-12-19T10:01:39","modified_gmt":"2021-12-19T08:01:39","slug":"la-placa-de-soller-es-converteix-de-nou-en-punt-de-vacunacio-temporal-amb-cita-previa","status":"publish","type":"post","link":"https:\/\/www.noubarris.net\/web40\/la-placa-de-soller-es-converteix-de-nou-en-punt-de-vacunacio-temporal-amb-cita-previa\/","title":{"rendered":"La pla\u00e7a de S\u00f3ller es converteix de nou en punt de vacunaci\u00f3 temporal amb cita pr\u00e8via"},"content":{"rendered":"<p><strong>Reobre tamb\u00e9 el punt de suport a la vacunaci\u00f3 al Casal de Gent Gran de les Roquetes per ajudar a demanar la cita<\/strong><\/p>\n<p>Els contagis repunten i la demanda de vacunaci\u00f3 ha pujat tamb\u00e9 amb la introducci\u00f3 del passaport covid. Per aix\u00f2 avui torna a la pla\u00e7a de S\u00f3ller un punt m\u00f2bil de vacunaci\u00f3 fins al 23 de desembre. La principal novetat, per\u00f2, ser\u00e0 que aquet cop atendr\u00e0 <a href=\"https:\/\/vacunacovid.catsalut.gencat.cat\/\">tan sols amb cita pr\u00e8via<\/a>. Ho far\u00e0 de 9 a 13h i de 15 a 19h.<\/p>\n<p>Podran accedir-hi les persones majors de 60 anys que hagin de rebre la tercera dosi, la de refor\u00e7; tamb\u00e9 les que es van vacunar amb Janssen i ara els hi cal dosi de refor\u00e7; i les persones majors de 15 anys que vulguin rebre la primera dosi.<\/p>\n\n\n<h3 class=\"wp-block-heading\"><a rel=\"noreferrer noopener\" href=\"https:\/\/vacunacovid.catsalut.gencat.cat\/\" target=\"_blank\">>> Demanar cita pr\u00e8via per vacunar-se<\/a><\/h3>\n\n\n\n<p>Les persones que necessitin ajuda per demanar la cita pr\u00e8via per no tenir acc\u00e9s a internet o descon\u00e9ixer com es fan els tr\u00e0mit, es poden adre\u00e7ar als punts de suport, com el del Casal de Barri de Torre Bar\u00f3 o el de la Trinitat Nova. Un altre \u00e9s del Casal de Gent Gran de les Roquetes, que reobre avui i estar\u00e0 disponible fins al proper 31 de gener.  En aquest punt tamb\u00e9 s&#8217;emeten certificats de vacunaci\u00f3. L&#8217;horari \u00e9s dilluns i dimarts de 9.30 a 12.30h i de 17 a 19h. <\/p>\n\n\n\n<p><\/p>\n\n\n","protected":false},"excerpt":{"rendered":"<p>Reobre tamb\u00e9 el punt de suport a la vacunaci\u00f3 al Casal de Gent Gran de les Roquetes per ajudar a<\/p>\n","protected":false},"author":2,"featured_media":78327,"comment_status":"closed","ping_status":"closed","sticky":false,"template":"","format":"standard","meta":{"colormag_page_layout":"default_layout","_monsterinsights_skip_tracking":false,"_monsterinsights_sitenote_active":false,"_monsterinsights_sitenote_note":"","_monsterinsights_sitenote_category":0,"footnotes":""},"categories":[134,124],"tags":[640],"class_list":["post-78326","post","type-post","status-publish","format-standard","has-post-thumbnail","hentry","category-porta","category-societat","tag-coronavirus"],"yoast_head":"<!-- This site is optimized with the Yoast SEO plugin v25.3 - https:\/\/yoast.com\/wordpress\/plugins\/seo\/ -->\n<title>La pla\u00e7a de S\u00f3ller es converteix de nou en punt de vacunaci\u00f3 temporal amb cita pr\u00e8via - NouBarris.Net<\/title>\n<meta name=\"robots\" content=\"index, follow, max-snippet:-1, max-image-preview:large, max-video-preview:-1\" \/>\n<link rel=\"canonical\" href=\"https:\/\/www.noubarris.net\/web40\/la-placa-de-soller-es-converteix-de-nou-en-punt-de-vacunacio-temporal-amb-cita-previa\/\" \/>\n<meta property=\"og:locale\" content=\"ca_ES\" \/>\n<meta property=\"og:type\" content=\"article\" \/>\n<meta property=\"og:title\" content=\"La pla\u00e7a de S\u00f3ller es converteix de nou en punt de vacunaci\u00f3 temporal amb cita pr\u00e8via - NouBarris.Net\" \/>\n<meta property=\"og:description\" content=\"Reobre tamb\u00e9 el punt de suport a la vacunaci\u00f3 al Casal de Gent Gran de les Roquetes per ajudar a\" \/>\n<meta property=\"og:url\" content=\"https:\/\/www.noubarris.net\/web40\/la-placa-de-soller-es-converteix-de-nou-en-punt-de-vacunacio-temporal-amb-cita-previa\/\" \/>\n<meta property=\"og:site_name\" content=\"NouBarris.Net\" \/>\n<meta property=\"article:publisher\" content=\"https:\/\/www.facebook.com\/NouBarris.net\/?locale=es_ES\" \/>\n<meta property=\"article:published_time\" content=\"2021-12-19T22:00:48+00:00\" \/>\n<meta property=\"og:image\" content=\"https:\/\/www.noubarris.net\/web40\/wp-content\/uploads\/2021\/12\/201221.jpg\" \/>\n\t<meta property=\"og:image:width\" content=\"768\" \/>\n\t<meta property=\"og:image:height\" content=\"432\" \/>\n\t<meta property=\"og:image:type\" content=\"image\/jpeg\" \/>\n<meta name=\"author\" content=\"Informatius\" \/>\n<meta name=\"twitter:card\" content=\"summary_large_image\" \/>\n<meta name=\"twitter:creator\" content=\"@9BTV\" \/>\n<meta name=\"twitter:site\" content=\"@9BTV\" \/>\n<meta name=\"twitter:label1\" content=\"Escrit per\" \/>\n\t<meta name=\"twitter:data1\" content=\"Informatius\" \/>\n\t<meta name=\"twitter:label2\" content=\"Temps estimat de lectura\" \/>\n\t<meta name=\"twitter:data2\" content=\"1 minut\" \/>\n<script type=\"application\/ld+json\" class=\"yoast-schema-graph\">{\"@context\":\"https:\/\/schema.org\",\"@graph\":[{\"@type\":\"Article\",\"@id\":\"https:\/\/www.noubarris.net\/web40\/la-placa-de-soller-es-converteix-de-nou-en-punt-de-vacunacio-temporal-amb-cita-previa\/#article\",\"isPartOf\":{\"@id\":\"https:\/\/www.noubarris.net\/web40\/la-placa-de-soller-es-converteix-de-nou-en-punt-de-vacunacio-temporal-amb-cita-previa\/\"},\"author\":{\"name\":\"Informatius\",\"@id\":\"https:\/\/www.noubarris.net\/web40\/#\/schema\/person\/1827f92aaa316c54abbf4dac0de76069\"},\"headline\":\"La pla\u00e7a de S\u00f3ller es converteix de nou en punt de vacunaci\u00f3 temporal amb cita pr\u00e8via\",\"datePublished\":\"2021-12-19T22:00:48+00:00\",\"mainEntityOfPage\":{\"@id\":\"https:\/\/www.noubarris.net\/web40\/la-placa-de-soller-es-converteix-de-nou-en-punt-de-vacunacio-temporal-amb-cita-previa\/\"},\"wordCount\":249,\"publisher\":{\"@id\":\"https:\/\/www.noubarris.net\/web40\/#organization\"},\"image\":{\"@id\":\"https:\/\/www.noubarris.net\/web40\/la-placa-de-soller-es-converteix-de-nou-en-punt-de-vacunacio-temporal-amb-cita-previa\/#primaryimage\"},\"thumbnailUrl\":\"https:\/\/www.noubarris.net\/web40\/wp-content\/uploads\/2021\/12\/201221.jpg\",\"keywords\":[\"coronavirus\"],\"articleSection\":[\"Porta\",\"Societat\"],\"inLanguage\":\"ca\"},{\"@type\":\"WebPage\",\"@id\":\"https:\/\/www.noubarris.net\/web40\/la-placa-de-soller-es-converteix-de-nou-en-punt-de-vacunacio-temporal-amb-cita-previa\/\",\"url\":\"https:\/\/www.noubarris.net\/web40\/la-placa-de-soller-es-converteix-de-nou-en-punt-de-vacunacio-temporal-amb-cita-previa\/\",\"name\":\"La pla\u00e7a de S\u00f3ller es converteix de nou en punt de vacunaci\u00f3 temporal amb cita pr\u00e8via - NouBarris.Net\",\"isPartOf\":{\"@id\":\"https:\/\/www.noubarris.net\/web40\/#website\"},\"primaryImageOfPage\":{\"@id\":\"https:\/\/www.noubarris.net\/web40\/la-placa-de-soller-es-converteix-de-nou-en-punt-de-vacunacio-temporal-amb-cita-previa\/#primaryimage\"},\"image\":{\"@id\":\"https:\/\/www.noubarris.net\/web40\/la-placa-de-soller-es-converteix-de-nou-en-punt-de-vacunacio-temporal-amb-cita-previa\/#primaryimage\"},\"thumbnailUrl\":\"https:\/\/www.noubarris.net\/web40\/wp-content\/uploads\/2021\/12\/201221.jpg\",\"datePublished\":\"2021-12-19T22:00:48+00:00\",\"breadcrumb\":{\"@id\":\"https:\/\/www.noubarris.net\/web40\/la-placa-de-soller-es-converteix-de-nou-en-punt-de-vacunacio-temporal-amb-cita-previa\/#breadcrumb\"},\"inLanguage\":\"ca\",\"potentialAction\":[{\"@type\":\"ReadAction\",\"target\":[\"https:\/\/www.noubarris.net\/web40\/la-placa-de-soller-es-converteix-de-nou-en-punt-de-vacunacio-temporal-amb-cita-previa\/\"]}]},{\"@type\":\"ImageObject\",\"inLanguage\":\"ca\",\"@id\":\"https:\/\/www.noubarris.net\/web40\/la-placa-de-soller-es-converteix-de-nou-en-punt-de-vacunacio-temporal-amb-cita-previa\/#primaryimage\",\"url\":\"https:\/\/www.noubarris.net\/web40\/wp-content\/uploads\/2021\/12\/201221.jpg\",\"contentUrl\":\"https:\/\/www.noubarris.net\/web40\/wp-content\/uploads\/2021\/12\/201221.jpg\",\"width\":768,\"height\":432},{\"@type\":\"BreadcrumbList\",\"@id\":\"https:\/\/www.noubarris.net\/web40\/la-placa-de-soller-es-converteix-de-nou-en-punt-de-vacunacio-temporal-amb-cita-previa\/#breadcrumb\",\"itemListElement\":[{\"@type\":\"ListItem\",\"position\":1,\"name\":\"Inici\",\"item\":\"https:\/\/www.noubarris.net\/web40\/\"},{\"@type\":\"ListItem\",\"position\":2,\"name\":\"La pla\u00e7a de S\u00f3ller es converteix de nou en punt de vacunaci\u00f3 temporal amb cita pr\u00e8via\"}]},{\"@type\":\"WebSite\",\"@id\":\"https:\/\/www.noubarris.net\/web40\/#website\",\"url\":\"https:\/\/www.noubarris.net\/web40\/\",\"name\":\"NouBarris.Net\",\"description\":\"Seguint la vida de Nou Barris des de 1985\",\"publisher\":{\"@id\":\"https:\/\/www.noubarris.net\/web40\/#organization\"},\"potentialAction\":[{\"@type\":\"SearchAction\",\"target\":{\"@type\":\"EntryPoint\",\"urlTemplate\":\"https:\/\/www.noubarris.net\/web40\/?s={search_term_string}\"},\"query-input\":{\"@type\":\"PropertyValueSpecification\",\"valueRequired\":true,\"valueName\":\"search_term_string\"}}],\"inLanguage\":\"ca\"},{\"@type\":\"Organization\",\"@id\":\"https:\/\/www.noubarris.net\/web40\/#organization\",\"name\":\"NouBarris.Net\",\"url\":\"https:\/\/www.noubarris.net\/web40\/\",\"logo\":{\"@type\":\"ImageObject\",\"inLanguage\":\"ca\",\"@id\":\"https:\/\/www.noubarris.net\/web40\/#\/schema\/logo\/image\/\",\"url\":\"https:\/\/www.noubarris.net\/web40\/wp-content\/uploads\/2024\/11\/cropped-cropped-LOGO_9BTV-2024_Insta-1.jpg\",\"contentUrl\":\"https:\/\/www.noubarris.net\/web40\/wp-content\/uploads\/2024\/11\/cropped-cropped-LOGO_9BTV-2024_Insta-1.jpg\",\"width\":512,\"height\":512,\"caption\":\"NouBarris.Net\"},\"image\":{\"@id\":\"https:\/\/www.noubarris.net\/web40\/#\/schema\/logo\/image\/\"},\"sameAs\":[\"https:\/\/www.facebook.com\/NouBarris.net\/?locale=es_ES\",\"https:\/\/x.com\/9BTV\"]},{\"@type\":\"Person\",\"@id\":\"https:\/\/www.noubarris.net\/web40\/#\/schema\/person\/1827f92aaa316c54abbf4dac0de76069\",\"name\":\"Informatius\",\"image\":{\"@type\":\"ImageObject\",\"inLanguage\":\"ca\",\"@id\":\"https:\/\/www.noubarris.net\/web40\/#\/schema\/person\/image\/\",\"url\":\"https:\/\/secure.gravatar.com\/avatar\/87a3b47928835fc72c6ee5b0e1a7263ef0c2d05003a98189bc14926c5f11bcdb?s=96&d=mm&r=g\",\"contentUrl\":\"https:\/\/secure.gravatar.com\/avatar\/87a3b47928835fc72c6ee5b0e1a7263ef0c2d05003a98189bc14926c5f11bcdb?s=96&d=mm&r=g\",\"caption\":\"Informatius\"},\"url\":\"https:\/\/www.noubarris.net\/web40\/author\/tele\/\"}]}<\/script>\n<!-- \/ Yoast SEO plugin. -->","yoast_head_json":{"title":"La pla\u00e7a de S\u00f3ller es converteix de nou en punt de vacunaci\u00f3 temporal amb cita pr\u00e8via - NouBarris.Net","robots":{"index":"index","follow":"follow","max-snippet":"max-snippet:-1","max-image-preview":"max-image-preview:large","max-video-preview":"max-video-preview:-1"},"canonical":"https:\/\/www.noubarris.net\/web40\/la-placa-de-soller-es-converteix-de-nou-en-punt-de-vacunacio-temporal-amb-cita-previa\/","og_locale":"ca_ES","og_type":"article","og_title":"La pla\u00e7a de S\u00f3ller es converteix de nou en punt de vacunaci\u00f3 temporal amb cita pr\u00e8via - NouBarris.Net","og_description":"Reobre tamb\u00e9 el punt de suport a la vacunaci\u00f3 al Casal de Gent Gran de les Roquetes per ajudar a","og_url":"https:\/\/www.noubarris.net\/web40\/la-placa-de-soller-es-converteix-de-nou-en-punt-de-vacunacio-temporal-amb-cita-previa\/","og_site_name":"NouBarris.Net","article_publisher":"https:\/\/www.facebook.com\/NouBarris.net\/?locale=es_ES","article_published_time":"2021-12-19T22:00:48+00:00","og_image":[{"width":768,"height":432,"url":"https:\/\/www.noubarris.net\/web40\/wp-content\/uploads\/2021\/12\/201221.jpg","type":"image\/jpeg"}],"author":"Informatius","twitter_card":"summary_large_image","twitter_creator":"@9BTV","twitter_site":"@9BTV","twitter_misc":{"Escrit per":"Informatius","Temps estimat de lectura":"1 minut"},"schema":{"@context":"https:\/\/schema.org","@graph":[{"@type":"Article","@id":"https:\/\/www.noubarris.net\/web40\/la-placa-de-soller-es-converteix-de-nou-en-punt-de-vacunacio-temporal-amb-cita-previa\/#article","isPartOf":{"@id":"https:\/\/www.noubarris.net\/web40\/la-placa-de-soller-es-converteix-de-nou-en-punt-de-vacunacio-temporal-amb-cita-previa\/"},"author":{"name":"Informatius","@id":"https:\/\/www.noubarris.net\/web40\/#\/schema\/person\/1827f92aaa316c54abbf4dac0de76069"},"headline":"La pla\u00e7a de S\u00f3ller es converteix de nou en punt de vacunaci\u00f3 temporal amb cita pr\u00e8via","datePublished":"2021-12-19T22:00:48+00:00","mainEntityOfPage":{"@id":"https:\/\/www.noubarris.net\/web40\/la-placa-de-soller-es-converteix-de-nou-en-punt-de-vacunacio-temporal-amb-cita-previa\/"},"wordCount":249,"publisher":{"@id":"https:\/\/www.noubarris.net\/web40\/#organization"},"image":{"@id":"https:\/\/www.noubarris.net\/web40\/la-placa-de-soller-es-converteix-de-nou-en-punt-de-vacunacio-temporal-amb-cita-previa\/#primaryimage"},"thumbnailUrl":"https:\/\/www.noubarris.net\/web40\/wp-content\/uploads\/2021\/12\/201221.jpg","keywords":["coronavirus"],"articleSection":["Porta","Societat"],"inLanguage":"ca"},{"@type":"WebPage","@id":"https:\/\/www.noubarris.net\/web40\/la-placa-de-soller-es-converteix-de-nou-en-punt-de-vacunacio-temporal-amb-cita-previa\/","url":"https:\/\/www.noubarris.net\/web40\/la-placa-de-soller-es-converteix-de-nou-en-punt-de-vacunacio-temporal-amb-cita-previa\/","name":"La pla\u00e7a de S\u00f3ller es converteix de nou en punt de vacunaci\u00f3 temporal amb cita pr\u00e8via - NouBarris.Net","isPartOf":{"@id":"https:\/\/www.noubarris.net\/web40\/#website"},"primaryImageOfPage":{"@id":"https:\/\/www.noubarris.net\/web40\/la-placa-de-soller-es-converteix-de-nou-en-punt-de-vacunacio-temporal-amb-cita-previa\/#primaryimage"},"image":{"@id":"https:\/\/www.noubarris.net\/web40\/la-placa-de-soller-es-converteix-de-nou-en-punt-de-vacunacio-temporal-amb-cita-previa\/#primaryimage"},"thumbnailUrl":"https:\/\/www.noubarris.net\/web40\/wp-content\/uploads\/2021\/12\/201221.jpg","datePublished":"2021-12-19T22:00:48+00:00","breadcrumb":{"@id":"https:\/\/www.noubarris.net\/web40\/la-placa-de-soller-es-converteix-de-nou-en-punt-de-vacunacio-temporal-amb-cita-previa\/#breadcrumb"},"inLanguage":"ca","potentialAction":[{"@type":"ReadAction","target":["https:\/\/www.noubarris.net\/web40\/la-placa-de-soller-es-converteix-de-nou-en-punt-de-vacunacio-temporal-amb-cita-previa\/"]}]},{"@type":"ImageObject","inLanguage":"ca","@id":"https:\/\/www.noubarris.net\/web40\/la-placa-de-soller-es-converteix-de-nou-en-punt-de-vacunacio-temporal-amb-cita-previa\/#primaryimage","url":"https:\/\/www.noubarris.net\/web40\/wp-content\/uploads\/2021\/12\/201221.jpg","contentUrl":"https:\/\/www.noubarris.net\/web40\/wp-content\/uploads\/2021\/12\/201221.jpg","width":768,"height":432},{"@type":"BreadcrumbList","@id":"https:\/\/www.noubarris.net\/web40\/la-placa-de-soller-es-converteix-de-nou-en-punt-de-vacunacio-temporal-amb-cita-previa\/#breadcrumb","itemListElement":[{"@type":"ListItem","position":1,"name":"Inici","item":"https:\/\/www.noubarris.net\/web40\/"},{"@type":"ListItem","position":2,"name":"La pla\u00e7a de S\u00f3ller es converteix de nou en punt de vacunaci\u00f3 temporal amb cita pr\u00e8via"}]},{"@type":"WebSite","@id":"https:\/\/www.noubarris.net\/web40\/#website","url":"https:\/\/www.noubarris.net\/web40\/","name":"NouBarris.Net","description":"Seguint la vida de Nou Barris des de 1985","publisher":{"@id":"https:\/\/www.noubarris.net\/web40\/#organization"},"potentialAction":[{"@type":"SearchAction","target":{"@type":"EntryPoint","urlTemplate":"https:\/\/www.noubarris.net\/web40\/?s={search_term_string}"},"query-input":{"@type":"PropertyValueSpecification","valueRequired":true,"valueName":"search_term_string"}}],"inLanguage":"ca"},{"@type":"Organization","@id":"https:\/\/www.noubarris.net\/web40\/#organization","name":"NouBarris.Net","url":"https:\/\/www.noubarris.net\/web40\/","logo":{"@type":"ImageObject","inLanguage":"ca","@id":"https:\/\/www.noubarris.net\/web40\/#\/schema\/logo\/image\/","url":"https:\/\/www.noubarris.net\/web40\/wp-content\/uploads\/2024\/11\/cropped-cropped-LOGO_9BTV-2024_Insta-1.jpg","contentUrl":"https:\/\/www.noubarris.net\/web40\/wp-content\/uploads\/2024\/11\/cropped-cropped-LOGO_9BTV-2024_Insta-1.jpg","width":512,"height":512,"caption":"NouBarris.Net"},"image":{"@id":"https:\/\/www.noubarris.net\/web40\/#\/schema\/logo\/image\/"},"sameAs":["https:\/\/www.facebook.com\/NouBarris.net\/?locale=es_ES","https:\/\/x.com\/9BTV"]},{"@type":"Person","@id":"https:\/\/www.noubarris.net\/web40\/#\/schema\/person\/1827f92aaa316c54abbf4dac0de76069","name":"Informatius","image":{"@type":"ImageObject","inLanguage":"ca","@id":"https:\/\/www.noubarris.net\/web40\/#\/schema\/person\/image\/","url":"https:\/\/secure.gravatar.com\/avatar\/87a3b47928835fc72c6ee5b0e1a7263ef0c2d05003a98189bc14926c5f11bcdb?s=96&d=mm&r=g","contentUrl":"https:\/\/secure.gravatar.com\/avatar\/87a3b47928835fc72c6ee5b0e1a7263ef0c2d05003a98189bc14926c5f11bcdb?s=96&d=mm&r=g","caption":"Informatius"},"url":"https:\/\/www.noubarris.net\/web40\/author\/tele\/"}]}},"_links":{"self":[{"href":"https:\/\/www.noubarris.net\/web40\/wp-json\/wp\/v2\/posts\/78326","targetHints":{"allow":["GET"]}}],"collection":[{"href":"https:\/\/www.noubarris.net\/web40\/wp-json\/wp\/v2\/posts"}],"about":[{"href":"https:\/\/www.noubarris.net\/web40\/wp-json\/wp\/v2\/types\/post"}],"author":[{"embeddable":true,"href":"https:\/\/www.noubarris.net\/web40\/wp-json\/wp\/v2\/users\/2"}],"replies":[{"embeddable":true,"href":"https:\/\/www.noubarris.net\/web40\/wp-json\/wp\/v2\/comments?post=78326"}],"version-history":[{"count":5,"href":"https:\/\/www.noubarris.net\/web40\/wp-json\/wp\/v2\/posts\/78326\/revisions"}],"predecessor-version":[{"id":78333,"href":"https:\/\/www.noubarris.net\/web40\/wp-json\/wp\/v2\/posts\/78326\/revisions\/78333"}],"wp:featuredmedia":[{"embeddable":true,"href":"https:\/\/www.noubarris.net\/web40\/wp-json\/wp\/v2\/media\/78327"}],"wp:attachment":[{"href":"https:\/\/www.noubarris.net\/web40\/wp-json\/wp\/v2\/media?parent=78326"}],"wp:term":[{"taxonomy":"category","embeddable":true,"href":"https:\/\/www.noubarris.net\/web40\/wp-json\/wp\/v2\/categories?post=78326"},{"taxonomy":"post_tag","embeddable":true,"href":"https:\/\/www.noubarris.net\/web40\/wp-json\/wp\/v2\/tags?post=78326"}],"curies":[{"name":"wp","href":"https:\/\/api.w.org\/{rel}","templated":true}]}}