{"id":78359,"date":"2021-12-22T00:00:54","date_gmt":"2021-12-21T22:00:54","guid":{"rendered":"http:\/\/www.noubarris.net\/web40\/?p=78359"},"modified":"2021-12-21T22:40:17","modified_gmt":"2021-12-21T20:40:17","slug":"es-reactiva-un-nou-punt-de-suport-a-la-vacunacio-a-nou-barris","status":"publish","type":"post","link":"https:\/\/www.noubarris.net\/web40\/es-reactiva-un-nou-punt-de-suport-a-la-vacunacio-a-nou-barris\/","title":{"rendered":"Es reactiva un nou punt de suport a la vacunaci\u00f3 a Nou Barris"},"content":{"rendered":"<p><strong>S&#8217;ha ubicat al Casal de Gent Gran de Roquetes i atendr\u00e0 la ciutadania fins al 31 de gener<\/strong><\/p>\n<p>El Casal de Gent Gran de Roquetes ser\u00e0 fins al proper 31 de gener un espai nou de suport a la vacunaci\u00f3. En aquest punt es pot demanar cita per a la vacunaci\u00f3 contra la covid-19 i descarregar el certificat de vacunaci\u00f3 de la covid-19. L&#8217;horari d&#8217;antenci\u00f3 \u00e9s dilluns i dimarts de 9.30 a 12.30h i de 17 a 19h.<\/p>\n<p>Els punts de suport oberts a tota la ciutat estan pensats per contribuir a donar un acc\u00e9s equitatiu a la vacuna per a tothom, i prevenir que acabi existint un patr\u00f3 de desigualtat en les cobertures, que en gran part tenen a veure amb la barrera digital. En el cas de l\u2019ajuda per demanar cita, es fa pensant sobretot en la campanya de vacunaci\u00f3 amb la dosi de refor\u00e7 en les persones majors de 60 anys.<\/p>\n","protected":false},"excerpt":{"rendered":"<p>S&#8217;ha ubicat al Casal de Gent Gran de Roquetes i atendr\u00e0 la ciutadania fins al 31 de gener El Casal<\/p>\n","protected":false},"author":2,"featured_media":78362,"comment_status":"closed","ping_status":"closed","sticky":false,"template":"","format":"standard","meta":{"colormag_page_layout":"default_layout","_monsterinsights_skip_tracking":false,"_monsterinsights_sitenote_active":false,"_monsterinsights_sitenote_note":"","_monsterinsights_sitenote_category":0,"footnotes":""},"categories":[136,124],"tags":[640,49,272],"class_list":["post-78359","post","type-post","status-publish","format-standard","has-post-thumbnail","hentry","category-les-roquetes","category-societat","tag-coronavirus","tag-les-roquetes","tag-salut"],"yoast_head":"<!-- This site is optimized with the Yoast SEO plugin v25.3 - https:\/\/yoast.com\/wordpress\/plugins\/seo\/ -->\n<title>Es reactiva un nou punt de suport a la vacunaci\u00f3 a Nou Barris - NouBarris.Net<\/title>\n<meta name=\"robots\" content=\"index, follow, max-snippet:-1, max-image-preview:large, max-video-preview:-1\" \/>\n<link rel=\"canonical\" href=\"https:\/\/www.noubarris.net\/web40\/es-reactiva-un-nou-punt-de-suport-a-la-vacunacio-a-nou-barris\/\" \/>\n<meta property=\"og:locale\" content=\"ca_ES\" \/>\n<meta property=\"og:type\" content=\"article\" \/>\n<meta property=\"og:title\" content=\"Es reactiva un nou punt de suport a la vacunaci\u00f3 a Nou Barris - NouBarris.Net\" \/>\n<meta property=\"og:description\" content=\"S&#8217;ha ubicat al Casal de Gent Gran de Roquetes i atendr\u00e0 la ciutadania fins al 31 de gener El Casal\" \/>\n<meta property=\"og:url\" content=\"https:\/\/www.noubarris.net\/web40\/es-reactiva-un-nou-punt-de-suport-a-la-vacunacio-a-nou-barris\/\" \/>\n<meta property=\"og:site_name\" content=\"NouBarris.Net\" \/>\n<meta property=\"article:publisher\" content=\"https:\/\/www.facebook.com\/NouBarris.net\/?locale=es_ES\" \/>\n<meta property=\"article:published_time\" content=\"2021-12-21T22:00:54+00:00\" \/>\n<meta property=\"og:image\" content=\"https:\/\/www.noubarris.net\/web40\/wp-content\/uploads\/2021\/12\/221221.jpg\" \/>\n\t<meta property=\"og:image:width\" content=\"768\" \/>\n\t<meta property=\"og:image:height\" content=\"432\" \/>\n\t<meta property=\"og:image:type\" content=\"image\/jpeg\" \/>\n<meta name=\"author\" content=\"Informatius\" \/>\n<meta name=\"twitter:card\" content=\"summary_large_image\" \/>\n<meta name=\"twitter:creator\" content=\"@9BTV\" \/>\n<meta name=\"twitter:site\" content=\"@9BTV\" \/>\n<meta name=\"twitter:label1\" content=\"Escrit per\" \/>\n\t<meta name=\"twitter:data1\" content=\"Informatius\" \/>\n\t<meta name=\"twitter:label2\" content=\"Temps estimat de lectura\" \/>\n\t<meta name=\"twitter:data2\" content=\"1 minut\" \/>\n<script type=\"application\/ld+json\" class=\"yoast-schema-graph\">{\"@context\":\"https:\/\/schema.org\",\"@graph\":[{\"@type\":\"Article\",\"@id\":\"https:\/\/www.noubarris.net\/web40\/es-reactiva-un-nou-punt-de-suport-a-la-vacunacio-a-nou-barris\/#article\",\"isPartOf\":{\"@id\":\"https:\/\/www.noubarris.net\/web40\/es-reactiva-un-nou-punt-de-suport-a-la-vacunacio-a-nou-barris\/\"},\"author\":{\"name\":\"Informatius\",\"@id\":\"https:\/\/www.noubarris.net\/web40\/#\/schema\/person\/1827f92aaa316c54abbf4dac0de76069\"},\"headline\":\"Es reactiva un nou punt de suport a la vacunaci\u00f3 a Nou Barris\",\"datePublished\":\"2021-12-21T22:00:54+00:00\",\"mainEntityOfPage\":{\"@id\":\"https:\/\/www.noubarris.net\/web40\/es-reactiva-un-nou-punt-de-suport-a-la-vacunacio-a-nou-barris\/\"},\"wordCount\":167,\"publisher\":{\"@id\":\"https:\/\/www.noubarris.net\/web40\/#organization\"},\"image\":{\"@id\":\"https:\/\/www.noubarris.net\/web40\/es-reactiva-un-nou-punt-de-suport-a-la-vacunacio-a-nou-barris\/#primaryimage\"},\"thumbnailUrl\":\"https:\/\/www.noubarris.net\/web40\/wp-content\/uploads\/2021\/12\/221221.jpg\",\"keywords\":[\"coronavirus\",\"Les Roquetes\",\"Salut\"],\"articleSection\":[\"Les Roquetes\",\"Societat\"],\"inLanguage\":\"ca\"},{\"@type\":\"WebPage\",\"@id\":\"https:\/\/www.noubarris.net\/web40\/es-reactiva-un-nou-punt-de-suport-a-la-vacunacio-a-nou-barris\/\",\"url\":\"https:\/\/www.noubarris.net\/web40\/es-reactiva-un-nou-punt-de-suport-a-la-vacunacio-a-nou-barris\/\",\"name\":\"Es reactiva un nou punt de suport a la vacunaci\u00f3 a Nou Barris - NouBarris.Net\",\"isPartOf\":{\"@id\":\"https:\/\/www.noubarris.net\/web40\/#website\"},\"primaryImageOfPage\":{\"@id\":\"https:\/\/www.noubarris.net\/web40\/es-reactiva-un-nou-punt-de-suport-a-la-vacunacio-a-nou-barris\/#primaryimage\"},\"image\":{\"@id\":\"https:\/\/www.noubarris.net\/web40\/es-reactiva-un-nou-punt-de-suport-a-la-vacunacio-a-nou-barris\/#primaryimage\"},\"thumbnailUrl\":\"https:\/\/www.noubarris.net\/web40\/wp-content\/uploads\/2021\/12\/221221.jpg\",\"datePublished\":\"2021-12-21T22:00:54+00:00\",\"breadcrumb\":{\"@id\":\"https:\/\/www.noubarris.net\/web40\/es-reactiva-un-nou-punt-de-suport-a-la-vacunacio-a-nou-barris\/#breadcrumb\"},\"inLanguage\":\"ca\",\"potentialAction\":[{\"@type\":\"ReadAction\",\"target\":[\"https:\/\/www.noubarris.net\/web40\/es-reactiva-un-nou-punt-de-suport-a-la-vacunacio-a-nou-barris\/\"]}]},{\"@type\":\"ImageObject\",\"inLanguage\":\"ca\",\"@id\":\"https:\/\/www.noubarris.net\/web40\/es-reactiva-un-nou-punt-de-suport-a-la-vacunacio-a-nou-barris\/#primaryimage\",\"url\":\"https:\/\/www.noubarris.net\/web40\/wp-content\/uploads\/2021\/12\/221221.jpg\",\"contentUrl\":\"https:\/\/www.noubarris.net\/web40\/wp-content\/uploads\/2021\/12\/221221.jpg\",\"width\":768,\"height\":432},{\"@type\":\"BreadcrumbList\",\"@id\":\"https:\/\/www.noubarris.net\/web40\/es-reactiva-un-nou-punt-de-suport-a-la-vacunacio-a-nou-barris\/#breadcrumb\",\"itemListElement\":[{\"@type\":\"ListItem\",\"position\":1,\"name\":\"Inici\",\"item\":\"https:\/\/www.noubarris.net\/web40\/\"},{\"@type\":\"ListItem\",\"position\":2,\"name\":\"Es reactiva un nou punt de suport a la vacunaci\u00f3 a Nou Barris\"}]},{\"@type\":\"WebSite\",\"@id\":\"https:\/\/www.noubarris.net\/web40\/#website\",\"url\":\"https:\/\/www.noubarris.net\/web40\/\",\"name\":\"NouBarris.Net\",\"description\":\"Seguint la vida de Nou Barris des de 1985\",\"publisher\":{\"@id\":\"https:\/\/www.noubarris.net\/web40\/#organization\"},\"potentialAction\":[{\"@type\":\"SearchAction\",\"target\":{\"@type\":\"EntryPoint\",\"urlTemplate\":\"https:\/\/www.noubarris.net\/web40\/?s={search_term_string}\"},\"query-input\":{\"@type\":\"PropertyValueSpecification\",\"valueRequired\":true,\"valueName\":\"search_term_string\"}}],\"inLanguage\":\"ca\"},{\"@type\":\"Organization\",\"@id\":\"https:\/\/www.noubarris.net\/web40\/#organization\",\"name\":\"NouBarris.Net\",\"url\":\"https:\/\/www.noubarris.net\/web40\/\",\"logo\":{\"@type\":\"ImageObject\",\"inLanguage\":\"ca\",\"@id\":\"https:\/\/www.noubarris.net\/web40\/#\/schema\/logo\/image\/\",\"url\":\"https:\/\/www.noubarris.net\/web40\/wp-content\/uploads\/2024\/11\/cropped-cropped-LOGO_9BTV-2024_Insta-1.jpg\",\"contentUrl\":\"https:\/\/www.noubarris.net\/web40\/wp-content\/uploads\/2024\/11\/cropped-cropped-LOGO_9BTV-2024_Insta-1.jpg\",\"width\":512,\"height\":512,\"caption\":\"NouBarris.Net\"},\"image\":{\"@id\":\"https:\/\/www.noubarris.net\/web40\/#\/schema\/logo\/image\/\"},\"sameAs\":[\"https:\/\/www.facebook.com\/NouBarris.net\/?locale=es_ES\",\"https:\/\/x.com\/9BTV\"]},{\"@type\":\"Person\",\"@id\":\"https:\/\/www.noubarris.net\/web40\/#\/schema\/person\/1827f92aaa316c54abbf4dac0de76069\",\"name\":\"Informatius\",\"image\":{\"@type\":\"ImageObject\",\"inLanguage\":\"ca\",\"@id\":\"https:\/\/www.noubarris.net\/web40\/#\/schema\/person\/image\/\",\"url\":\"https:\/\/secure.gravatar.com\/avatar\/87a3b47928835fc72c6ee5b0e1a7263ef0c2d05003a98189bc14926c5f11bcdb?s=96&d=mm&r=g\",\"contentUrl\":\"https:\/\/secure.gravatar.com\/avatar\/87a3b47928835fc72c6ee5b0e1a7263ef0c2d05003a98189bc14926c5f11bcdb?s=96&d=mm&r=g\",\"caption\":\"Informatius\"},\"url\":\"https:\/\/www.noubarris.net\/web40\/author\/tele\/\"}]}<\/script>\n<!-- \/ Yoast SEO plugin. -->","yoast_head_json":{"title":"Es reactiva un nou punt de suport a la vacunaci\u00f3 a Nou Barris - NouBarris.Net","robots":{"index":"index","follow":"follow","max-snippet":"max-snippet:-1","max-image-preview":"max-image-preview:large","max-video-preview":"max-video-preview:-1"},"canonical":"https:\/\/www.noubarris.net\/web40\/es-reactiva-un-nou-punt-de-suport-a-la-vacunacio-a-nou-barris\/","og_locale":"ca_ES","og_type":"article","og_title":"Es reactiva un nou punt de suport a la vacunaci\u00f3 a Nou Barris - NouBarris.Net","og_description":"S&#8217;ha ubicat al Casal de Gent Gran de Roquetes i atendr\u00e0 la ciutadania fins al 31 de gener El Casal","og_url":"https:\/\/www.noubarris.net\/web40\/es-reactiva-un-nou-punt-de-suport-a-la-vacunacio-a-nou-barris\/","og_site_name":"NouBarris.Net","article_publisher":"https:\/\/www.facebook.com\/NouBarris.net\/?locale=es_ES","article_published_time":"2021-12-21T22:00:54+00:00","og_image":[{"width":768,"height":432,"url":"https:\/\/www.noubarris.net\/web40\/wp-content\/uploads\/2021\/12\/221221.jpg","type":"image\/jpeg"}],"author":"Informatius","twitter_card":"summary_large_image","twitter_creator":"@9BTV","twitter_site":"@9BTV","twitter_misc":{"Escrit per":"Informatius","Temps estimat de lectura":"1 minut"},"schema":{"@context":"https:\/\/schema.org","@graph":[{"@type":"Article","@id":"https:\/\/www.noubarris.net\/web40\/es-reactiva-un-nou-punt-de-suport-a-la-vacunacio-a-nou-barris\/#article","isPartOf":{"@id":"https:\/\/www.noubarris.net\/web40\/es-reactiva-un-nou-punt-de-suport-a-la-vacunacio-a-nou-barris\/"},"author":{"name":"Informatius","@id":"https:\/\/www.noubarris.net\/web40\/#\/schema\/person\/1827f92aaa316c54abbf4dac0de76069"},"headline":"Es reactiva un nou punt de suport a la vacunaci\u00f3 a Nou Barris","datePublished":"2021-12-21T22:00:54+00:00","mainEntityOfPage":{"@id":"https:\/\/www.noubarris.net\/web40\/es-reactiva-un-nou-punt-de-suport-a-la-vacunacio-a-nou-barris\/"},"wordCount":167,"publisher":{"@id":"https:\/\/www.noubarris.net\/web40\/#organization"},"image":{"@id":"https:\/\/www.noubarris.net\/web40\/es-reactiva-un-nou-punt-de-suport-a-la-vacunacio-a-nou-barris\/#primaryimage"},"thumbnailUrl":"https:\/\/www.noubarris.net\/web40\/wp-content\/uploads\/2021\/12\/221221.jpg","keywords":["coronavirus","Les Roquetes","Salut"],"articleSection":["Les Roquetes","Societat"],"inLanguage":"ca"},{"@type":"WebPage","@id":"https:\/\/www.noubarris.net\/web40\/es-reactiva-un-nou-punt-de-suport-a-la-vacunacio-a-nou-barris\/","url":"https:\/\/www.noubarris.net\/web40\/es-reactiva-un-nou-punt-de-suport-a-la-vacunacio-a-nou-barris\/","name":"Es reactiva un nou punt de suport a la vacunaci\u00f3 a Nou Barris - NouBarris.Net","isPartOf":{"@id":"https:\/\/www.noubarris.net\/web40\/#website"},"primaryImageOfPage":{"@id":"https:\/\/www.noubarris.net\/web40\/es-reactiva-un-nou-punt-de-suport-a-la-vacunacio-a-nou-barris\/#primaryimage"},"image":{"@id":"https:\/\/www.noubarris.net\/web40\/es-reactiva-un-nou-punt-de-suport-a-la-vacunacio-a-nou-barris\/#primaryimage"},"thumbnailUrl":"https:\/\/www.noubarris.net\/web40\/wp-content\/uploads\/2021\/12\/221221.jpg","datePublished":"2021-12-21T22:00:54+00:00","breadcrumb":{"@id":"https:\/\/www.noubarris.net\/web40\/es-reactiva-un-nou-punt-de-suport-a-la-vacunacio-a-nou-barris\/#breadcrumb"},"inLanguage":"ca","potentialAction":[{"@type":"ReadAction","target":["https:\/\/www.noubarris.net\/web40\/es-reactiva-un-nou-punt-de-suport-a-la-vacunacio-a-nou-barris\/"]}]},{"@type":"ImageObject","inLanguage":"ca","@id":"https:\/\/www.noubarris.net\/web40\/es-reactiva-un-nou-punt-de-suport-a-la-vacunacio-a-nou-barris\/#primaryimage","url":"https:\/\/www.noubarris.net\/web40\/wp-content\/uploads\/2021\/12\/221221.jpg","contentUrl":"https:\/\/www.noubarris.net\/web40\/wp-content\/uploads\/2021\/12\/221221.jpg","width":768,"height":432},{"@type":"BreadcrumbList","@id":"https:\/\/www.noubarris.net\/web40\/es-reactiva-un-nou-punt-de-suport-a-la-vacunacio-a-nou-barris\/#breadcrumb","itemListElement":[{"@type":"ListItem","position":1,"name":"Inici","item":"https:\/\/www.noubarris.net\/web40\/"},{"@type":"ListItem","position":2,"name":"Es reactiva un nou punt de suport a la vacunaci\u00f3 a Nou Barris"}]},{"@type":"WebSite","@id":"https:\/\/www.noubarris.net\/web40\/#website","url":"https:\/\/www.noubarris.net\/web40\/","name":"NouBarris.Net","description":"Seguint la vida de Nou Barris des de 1985","publisher":{"@id":"https:\/\/www.noubarris.net\/web40\/#organization"},"potentialAction":[{"@type":"SearchAction","target":{"@type":"EntryPoint","urlTemplate":"https:\/\/www.noubarris.net\/web40\/?s={search_term_string}"},"query-input":{"@type":"PropertyValueSpecification","valueRequired":true,"valueName":"search_term_string"}}],"inLanguage":"ca"},{"@type":"Organization","@id":"https:\/\/www.noubarris.net\/web40\/#organization","name":"NouBarris.Net","url":"https:\/\/www.noubarris.net\/web40\/","logo":{"@type":"ImageObject","inLanguage":"ca","@id":"https:\/\/www.noubarris.net\/web40\/#\/schema\/logo\/image\/","url":"https:\/\/www.noubarris.net\/web40\/wp-content\/uploads\/2024\/11\/cropped-cropped-LOGO_9BTV-2024_Insta-1.jpg","contentUrl":"https:\/\/www.noubarris.net\/web40\/wp-content\/uploads\/2024\/11\/cropped-cropped-LOGO_9BTV-2024_Insta-1.jpg","width":512,"height":512,"caption":"NouBarris.Net"},"image":{"@id":"https:\/\/www.noubarris.net\/web40\/#\/schema\/logo\/image\/"},"sameAs":["https:\/\/www.facebook.com\/NouBarris.net\/?locale=es_ES","https:\/\/x.com\/9BTV"]},{"@type":"Person","@id":"https:\/\/www.noubarris.net\/web40\/#\/schema\/person\/1827f92aaa316c54abbf4dac0de76069","name":"Informatius","image":{"@type":"ImageObject","inLanguage":"ca","@id":"https:\/\/www.noubarris.net\/web40\/#\/schema\/person\/image\/","url":"https:\/\/secure.gravatar.com\/avatar\/87a3b47928835fc72c6ee5b0e1a7263ef0c2d05003a98189bc14926c5f11bcdb?s=96&d=mm&r=g","contentUrl":"https:\/\/secure.gravatar.com\/avatar\/87a3b47928835fc72c6ee5b0e1a7263ef0c2d05003a98189bc14926c5f11bcdb?s=96&d=mm&r=g","caption":"Informatius"},"url":"https:\/\/www.noubarris.net\/web40\/author\/tele\/"}]}},"_links":{"self":[{"href":"https:\/\/www.noubarris.net\/web40\/wp-json\/wp\/v2\/posts\/78359","targetHints":{"allow":["GET"]}}],"collection":[{"href":"https:\/\/www.noubarris.net\/web40\/wp-json\/wp\/v2\/posts"}],"about":[{"href":"https:\/\/www.noubarris.net\/web40\/wp-json\/wp\/v2\/types\/post"}],"author":[{"embeddable":true,"href":"https:\/\/www.noubarris.net\/web40\/wp-json\/wp\/v2\/users\/2"}],"replies":[{"embeddable":true,"href":"https:\/\/www.noubarris.net\/web40\/wp-json\/wp\/v2\/comments?post=78359"}],"version-history":[{"count":1,"href":"https:\/\/www.noubarris.net\/web40\/wp-json\/wp\/v2\/posts\/78359\/revisions"}],"predecessor-version":[{"id":78363,"href":"https:\/\/www.noubarris.net\/web40\/wp-json\/wp\/v2\/posts\/78359\/revisions\/78363"}],"wp:featuredmedia":[{"embeddable":true,"href":"https:\/\/www.noubarris.net\/web40\/wp-json\/wp\/v2\/media\/78362"}],"wp:attachment":[{"href":"https:\/\/www.noubarris.net\/web40\/wp-json\/wp\/v2\/media?parent=78359"}],"wp:term":[{"taxonomy":"category","embeddable":true,"href":"https:\/\/www.noubarris.net\/web40\/wp-json\/wp\/v2\/categories?post=78359"},{"taxonomy":"post_tag","embeddable":true,"href":"https:\/\/www.noubarris.net\/web40\/wp-json\/wp\/v2\/tags?post=78359"}],"curies":[{"name":"wp","href":"https:\/\/api.w.org\/{rel}","templated":true}]}}