{"id":78374,"date":"2021-12-26T00:00:52","date_gmt":"2021-12-25T22:00:52","guid":{"rendered":"http:\/\/www.noubarris.net\/web40\/?p=78374"},"modified":"2021-12-23T21:32:18","modified_gmt":"2021-12-23T19:32:18","slug":"la-bustia-reial-sinstalla-un-any-mes-a-la-seu-del-districte","status":"publish","type":"post","link":"https:\/\/www.noubarris.net\/web40\/la-bustia-reial-sinstalla-un-any-mes-a-la-seu-del-districte\/","title":{"rendered":"La B\u00fastia Reial s&#8217;instal\u00b7la un any m\u00e9s a la seu del Districte"},"content":{"rendered":"<p><strong>Els infants poden dipositar les cartes amb els seus desitjos fins al mateix 5 de gener\u00a0\u00a0<\/strong><\/p>\n<p><span class=\"css-901oao css-16my406 r-poiln3 r-bcqeeo r-qvutc0\">Els nens i nenes que vulguin enviar la carta als Reis Mags d&#8217;Orient tenen l&#8217;opci\u00f3 de dur-la a la B\u00fastia Reial, que un any m\u00e9s s&#8217;ha instal\u00b7lat a la pla\u00e7a Major de Nou Barris, tot just al costat de l&#8217;entrada de la Seu del Districte.\u00a0 Els patges carters recolliran el dia 5 de gener les cartes que els infants dipositin aquests dies amb la llista de destijos per a una de les nits m\u00e9s m\u00e0giques de l&#8217;any.\u00a0 Est\u00e0 previst tamb\u00e9 que uns dies abans, el 2, 3 i 4 de gener, s&#8217;instal\u00b7li tamb\u00e9 <\/span><span class=\"css-901oao css-16my406 r-poiln3 r-bcqeeo r-qvutc0\">el campament de la comitiva dels Reis d\u2019Orient al pati de la Seu del Districte.\u00a0<\/span><\/p>\n<p>&nbsp;<\/p>\n<p>&nbsp;<\/p>\n","protected":false},"excerpt":{"rendered":"<p>Els infants poden dipositar les cartes amb els seus desitjos fins al mateix 5 de gener\u00a0\u00a0 Els nens i nenes<\/p>\n","protected":false},"author":2,"featured_media":78375,"comment_status":"closed","ping_status":"closed","sticky":false,"template":"","format":"standard","meta":{"colormag_page_layout":"default_layout","_monsterinsights_skip_tracking":false,"_monsterinsights_sitenote_active":false,"_monsterinsights_sitenote_note":"","_monsterinsights_sitenote_category":0,"footnotes":""},"categories":[133,124],"tags":[47,369,411],"class_list":["post-78374","post","type-post","status-publish","format-standard","has-post-thumbnail","hentry","category-la-guineueta","category-societat","tag-la-guineueta","tag-nadal","tag-reis-mags"],"yoast_head":"<!-- This site is optimized with the Yoast SEO plugin v25.3 - https:\/\/yoast.com\/wordpress\/plugins\/seo\/ -->\n<title>La B\u00fastia Reial s&#039;instal\u00b7la un any m\u00e9s a la seu del Districte - NouBarris.Net<\/title>\n<meta name=\"robots\" content=\"index, follow, max-snippet:-1, max-image-preview:large, max-video-preview:-1\" \/>\n<link rel=\"canonical\" href=\"https:\/\/www.noubarris.net\/web40\/la-bustia-reial-sinstalla-un-any-mes-a-la-seu-del-districte\/\" \/>\n<meta property=\"og:locale\" content=\"ca_ES\" \/>\n<meta property=\"og:type\" content=\"article\" \/>\n<meta property=\"og:title\" content=\"La B\u00fastia Reial s&#039;instal\u00b7la un any m\u00e9s a la seu del Districte - NouBarris.Net\" \/>\n<meta property=\"og:description\" content=\"Els infants poden dipositar les cartes amb els seus desitjos fins al mateix 5 de gener\u00a0\u00a0 Els nens i nenes\" \/>\n<meta property=\"og:url\" content=\"https:\/\/www.noubarris.net\/web40\/la-bustia-reial-sinstalla-un-any-mes-a-la-seu-del-districte\/\" \/>\n<meta property=\"og:site_name\" content=\"NouBarris.Net\" \/>\n<meta property=\"article:publisher\" content=\"https:\/\/www.facebook.com\/NouBarris.net\/?locale=es_ES\" \/>\n<meta property=\"article:published_time\" content=\"2021-12-25T22:00:52+00:00\" \/>\n<meta property=\"og:image\" content=\"https:\/\/www.noubarris.net\/web40\/wp-content\/uploads\/2021\/12\/261221.jpg\" \/>\n\t<meta property=\"og:image:width\" content=\"768\" \/>\n\t<meta property=\"og:image:height\" content=\"432\" \/>\n\t<meta property=\"og:image:type\" content=\"image\/jpeg\" \/>\n<meta name=\"author\" content=\"Informatius\" \/>\n<meta name=\"twitter:card\" content=\"summary_large_image\" \/>\n<meta name=\"twitter:creator\" content=\"@9BTV\" \/>\n<meta name=\"twitter:site\" content=\"@9BTV\" \/>\n<meta name=\"twitter:label1\" content=\"Escrit per\" \/>\n\t<meta name=\"twitter:data1\" content=\"Informatius\" \/>\n\t<meta name=\"twitter:label2\" content=\"Temps estimat de lectura\" \/>\n\t<meta name=\"twitter:data2\" content=\"1 minut\" \/>\n<script type=\"application\/ld+json\" class=\"yoast-schema-graph\">{\"@context\":\"https:\/\/schema.org\",\"@graph\":[{\"@type\":\"Article\",\"@id\":\"https:\/\/www.noubarris.net\/web40\/la-bustia-reial-sinstalla-un-any-mes-a-la-seu-del-districte\/#article\",\"isPartOf\":{\"@id\":\"https:\/\/www.noubarris.net\/web40\/la-bustia-reial-sinstalla-un-any-mes-a-la-seu-del-districte\/\"},\"author\":{\"name\":\"Informatius\",\"@id\":\"https:\/\/www.noubarris.net\/web40\/#\/schema\/person\/1827f92aaa316c54abbf4dac0de76069\"},\"headline\":\"La B\u00fastia Reial s&#8217;instal\u00b7la un any m\u00e9s a la seu del Districte\",\"datePublished\":\"2021-12-25T22:00:52+00:00\",\"mainEntityOfPage\":{\"@id\":\"https:\/\/www.noubarris.net\/web40\/la-bustia-reial-sinstalla-un-any-mes-a-la-seu-del-districte\/\"},\"wordCount\":151,\"publisher\":{\"@id\":\"https:\/\/www.noubarris.net\/web40\/#organization\"},\"image\":{\"@id\":\"https:\/\/www.noubarris.net\/web40\/la-bustia-reial-sinstalla-un-any-mes-a-la-seu-del-districte\/#primaryimage\"},\"thumbnailUrl\":\"https:\/\/www.noubarris.net\/web40\/wp-content\/uploads\/2021\/12\/261221.jpg\",\"keywords\":[\"La Guineueta\",\"Nadal\",\"Reis Mags\"],\"articleSection\":[\"La Guineueta\",\"Societat\"],\"inLanguage\":\"ca\"},{\"@type\":\"WebPage\",\"@id\":\"https:\/\/www.noubarris.net\/web40\/la-bustia-reial-sinstalla-un-any-mes-a-la-seu-del-districte\/\",\"url\":\"https:\/\/www.noubarris.net\/web40\/la-bustia-reial-sinstalla-un-any-mes-a-la-seu-del-districte\/\",\"name\":\"La B\u00fastia Reial s'instal\u00b7la un any m\u00e9s a la seu del Districte - NouBarris.Net\",\"isPartOf\":{\"@id\":\"https:\/\/www.noubarris.net\/web40\/#website\"},\"primaryImageOfPage\":{\"@id\":\"https:\/\/www.noubarris.net\/web40\/la-bustia-reial-sinstalla-un-any-mes-a-la-seu-del-districte\/#primaryimage\"},\"image\":{\"@id\":\"https:\/\/www.noubarris.net\/web40\/la-bustia-reial-sinstalla-un-any-mes-a-la-seu-del-districte\/#primaryimage\"},\"thumbnailUrl\":\"https:\/\/www.noubarris.net\/web40\/wp-content\/uploads\/2021\/12\/261221.jpg\",\"datePublished\":\"2021-12-25T22:00:52+00:00\",\"breadcrumb\":{\"@id\":\"https:\/\/www.noubarris.net\/web40\/la-bustia-reial-sinstalla-un-any-mes-a-la-seu-del-districte\/#breadcrumb\"},\"inLanguage\":\"ca\",\"potentialAction\":[{\"@type\":\"ReadAction\",\"target\":[\"https:\/\/www.noubarris.net\/web40\/la-bustia-reial-sinstalla-un-any-mes-a-la-seu-del-districte\/\"]}]},{\"@type\":\"ImageObject\",\"inLanguage\":\"ca\",\"@id\":\"https:\/\/www.noubarris.net\/web40\/la-bustia-reial-sinstalla-un-any-mes-a-la-seu-del-districte\/#primaryimage\",\"url\":\"https:\/\/www.noubarris.net\/web40\/wp-content\/uploads\/2021\/12\/261221.jpg\",\"contentUrl\":\"https:\/\/www.noubarris.net\/web40\/wp-content\/uploads\/2021\/12\/261221.jpg\",\"width\":768,\"height\":432},{\"@type\":\"BreadcrumbList\",\"@id\":\"https:\/\/www.noubarris.net\/web40\/la-bustia-reial-sinstalla-un-any-mes-a-la-seu-del-districte\/#breadcrumb\",\"itemListElement\":[{\"@type\":\"ListItem\",\"position\":1,\"name\":\"Inici\",\"item\":\"https:\/\/www.noubarris.net\/web40\/\"},{\"@type\":\"ListItem\",\"position\":2,\"name\":\"La B\u00fastia Reial s&#8217;instal\u00b7la un any m\u00e9s a la seu del Districte\"}]},{\"@type\":\"WebSite\",\"@id\":\"https:\/\/www.noubarris.net\/web40\/#website\",\"url\":\"https:\/\/www.noubarris.net\/web40\/\",\"name\":\"NouBarris.Net\",\"description\":\"Seguint la vida de Nou Barris des de 1985\",\"publisher\":{\"@id\":\"https:\/\/www.noubarris.net\/web40\/#organization\"},\"potentialAction\":[{\"@type\":\"SearchAction\",\"target\":{\"@type\":\"EntryPoint\",\"urlTemplate\":\"https:\/\/www.noubarris.net\/web40\/?s={search_term_string}\"},\"query-input\":{\"@type\":\"PropertyValueSpecification\",\"valueRequired\":true,\"valueName\":\"search_term_string\"}}],\"inLanguage\":\"ca\"},{\"@type\":\"Organization\",\"@id\":\"https:\/\/www.noubarris.net\/web40\/#organization\",\"name\":\"NouBarris.Net\",\"url\":\"https:\/\/www.noubarris.net\/web40\/\",\"logo\":{\"@type\":\"ImageObject\",\"inLanguage\":\"ca\",\"@id\":\"https:\/\/www.noubarris.net\/web40\/#\/schema\/logo\/image\/\",\"url\":\"https:\/\/www.noubarris.net\/web40\/wp-content\/uploads\/2024\/11\/cropped-cropped-LOGO_9BTV-2024_Insta-1.jpg\",\"contentUrl\":\"https:\/\/www.noubarris.net\/web40\/wp-content\/uploads\/2024\/11\/cropped-cropped-LOGO_9BTV-2024_Insta-1.jpg\",\"width\":512,\"height\":512,\"caption\":\"NouBarris.Net\"},\"image\":{\"@id\":\"https:\/\/www.noubarris.net\/web40\/#\/schema\/logo\/image\/\"},\"sameAs\":[\"https:\/\/www.facebook.com\/NouBarris.net\/?locale=es_ES\",\"https:\/\/x.com\/9BTV\"]},{\"@type\":\"Person\",\"@id\":\"https:\/\/www.noubarris.net\/web40\/#\/schema\/person\/1827f92aaa316c54abbf4dac0de76069\",\"name\":\"Informatius\",\"image\":{\"@type\":\"ImageObject\",\"inLanguage\":\"ca\",\"@id\":\"https:\/\/www.noubarris.net\/web40\/#\/schema\/person\/image\/\",\"url\":\"https:\/\/secure.gravatar.com\/avatar\/87a3b47928835fc72c6ee5b0e1a7263ef0c2d05003a98189bc14926c5f11bcdb?s=96&d=mm&r=g\",\"contentUrl\":\"https:\/\/secure.gravatar.com\/avatar\/87a3b47928835fc72c6ee5b0e1a7263ef0c2d05003a98189bc14926c5f11bcdb?s=96&d=mm&r=g\",\"caption\":\"Informatius\"},\"url\":\"https:\/\/www.noubarris.net\/web40\/author\/tele\/\"}]}<\/script>\n<!-- \/ Yoast SEO plugin. -->","yoast_head_json":{"title":"La B\u00fastia Reial s'instal\u00b7la un any m\u00e9s a la seu del Districte - NouBarris.Net","robots":{"index":"index","follow":"follow","max-snippet":"max-snippet:-1","max-image-preview":"max-image-preview:large","max-video-preview":"max-video-preview:-1"},"canonical":"https:\/\/www.noubarris.net\/web40\/la-bustia-reial-sinstalla-un-any-mes-a-la-seu-del-districte\/","og_locale":"ca_ES","og_type":"article","og_title":"La B\u00fastia Reial s'instal\u00b7la un any m\u00e9s a la seu del Districte - NouBarris.Net","og_description":"Els infants poden dipositar les cartes amb els seus desitjos fins al mateix 5 de gener\u00a0\u00a0 Els nens i nenes","og_url":"https:\/\/www.noubarris.net\/web40\/la-bustia-reial-sinstalla-un-any-mes-a-la-seu-del-districte\/","og_site_name":"NouBarris.Net","article_publisher":"https:\/\/www.facebook.com\/NouBarris.net\/?locale=es_ES","article_published_time":"2021-12-25T22:00:52+00:00","og_image":[{"width":768,"height":432,"url":"https:\/\/www.noubarris.net\/web40\/wp-content\/uploads\/2021\/12\/261221.jpg","type":"image\/jpeg"}],"author":"Informatius","twitter_card":"summary_large_image","twitter_creator":"@9BTV","twitter_site":"@9BTV","twitter_misc":{"Escrit per":"Informatius","Temps estimat de lectura":"1 minut"},"schema":{"@context":"https:\/\/schema.org","@graph":[{"@type":"Article","@id":"https:\/\/www.noubarris.net\/web40\/la-bustia-reial-sinstalla-un-any-mes-a-la-seu-del-districte\/#article","isPartOf":{"@id":"https:\/\/www.noubarris.net\/web40\/la-bustia-reial-sinstalla-un-any-mes-a-la-seu-del-districte\/"},"author":{"name":"Informatius","@id":"https:\/\/www.noubarris.net\/web40\/#\/schema\/person\/1827f92aaa316c54abbf4dac0de76069"},"headline":"La B\u00fastia Reial s&#8217;instal\u00b7la un any m\u00e9s a la seu del Districte","datePublished":"2021-12-25T22:00:52+00:00","mainEntityOfPage":{"@id":"https:\/\/www.noubarris.net\/web40\/la-bustia-reial-sinstalla-un-any-mes-a-la-seu-del-districte\/"},"wordCount":151,"publisher":{"@id":"https:\/\/www.noubarris.net\/web40\/#organization"},"image":{"@id":"https:\/\/www.noubarris.net\/web40\/la-bustia-reial-sinstalla-un-any-mes-a-la-seu-del-districte\/#primaryimage"},"thumbnailUrl":"https:\/\/www.noubarris.net\/web40\/wp-content\/uploads\/2021\/12\/261221.jpg","keywords":["La Guineueta","Nadal","Reis Mags"],"articleSection":["La Guineueta","Societat"],"inLanguage":"ca"},{"@type":"WebPage","@id":"https:\/\/www.noubarris.net\/web40\/la-bustia-reial-sinstalla-un-any-mes-a-la-seu-del-districte\/","url":"https:\/\/www.noubarris.net\/web40\/la-bustia-reial-sinstalla-un-any-mes-a-la-seu-del-districte\/","name":"La B\u00fastia Reial s'instal\u00b7la un any m\u00e9s a la seu del Districte - NouBarris.Net","isPartOf":{"@id":"https:\/\/www.noubarris.net\/web40\/#website"},"primaryImageOfPage":{"@id":"https:\/\/www.noubarris.net\/web40\/la-bustia-reial-sinstalla-un-any-mes-a-la-seu-del-districte\/#primaryimage"},"image":{"@id":"https:\/\/www.noubarris.net\/web40\/la-bustia-reial-sinstalla-un-any-mes-a-la-seu-del-districte\/#primaryimage"},"thumbnailUrl":"https:\/\/www.noubarris.net\/web40\/wp-content\/uploads\/2021\/12\/261221.jpg","datePublished":"2021-12-25T22:00:52+00:00","breadcrumb":{"@id":"https:\/\/www.noubarris.net\/web40\/la-bustia-reial-sinstalla-un-any-mes-a-la-seu-del-districte\/#breadcrumb"},"inLanguage":"ca","potentialAction":[{"@type":"ReadAction","target":["https:\/\/www.noubarris.net\/web40\/la-bustia-reial-sinstalla-un-any-mes-a-la-seu-del-districte\/"]}]},{"@type":"ImageObject","inLanguage":"ca","@id":"https:\/\/www.noubarris.net\/web40\/la-bustia-reial-sinstalla-un-any-mes-a-la-seu-del-districte\/#primaryimage","url":"https:\/\/www.noubarris.net\/web40\/wp-content\/uploads\/2021\/12\/261221.jpg","contentUrl":"https:\/\/www.noubarris.net\/web40\/wp-content\/uploads\/2021\/12\/261221.jpg","width":768,"height":432},{"@type":"BreadcrumbList","@id":"https:\/\/www.noubarris.net\/web40\/la-bustia-reial-sinstalla-un-any-mes-a-la-seu-del-districte\/#breadcrumb","itemListElement":[{"@type":"ListItem","position":1,"name":"Inici","item":"https:\/\/www.noubarris.net\/web40\/"},{"@type":"ListItem","position":2,"name":"La B\u00fastia Reial s&#8217;instal\u00b7la un any m\u00e9s a la seu del Districte"}]},{"@type":"WebSite","@id":"https:\/\/www.noubarris.net\/web40\/#website","url":"https:\/\/www.noubarris.net\/web40\/","name":"NouBarris.Net","description":"Seguint la vida de Nou Barris des de 1985","publisher":{"@id":"https:\/\/www.noubarris.net\/web40\/#organization"},"potentialAction":[{"@type":"SearchAction","target":{"@type":"EntryPoint","urlTemplate":"https:\/\/www.noubarris.net\/web40\/?s={search_term_string}"},"query-input":{"@type":"PropertyValueSpecification","valueRequired":true,"valueName":"search_term_string"}}],"inLanguage":"ca"},{"@type":"Organization","@id":"https:\/\/www.noubarris.net\/web40\/#organization","name":"NouBarris.Net","url":"https:\/\/www.noubarris.net\/web40\/","logo":{"@type":"ImageObject","inLanguage":"ca","@id":"https:\/\/www.noubarris.net\/web40\/#\/schema\/logo\/image\/","url":"https:\/\/www.noubarris.net\/web40\/wp-content\/uploads\/2024\/11\/cropped-cropped-LOGO_9BTV-2024_Insta-1.jpg","contentUrl":"https:\/\/www.noubarris.net\/web40\/wp-content\/uploads\/2024\/11\/cropped-cropped-LOGO_9BTV-2024_Insta-1.jpg","width":512,"height":512,"caption":"NouBarris.Net"},"image":{"@id":"https:\/\/www.noubarris.net\/web40\/#\/schema\/logo\/image\/"},"sameAs":["https:\/\/www.facebook.com\/NouBarris.net\/?locale=es_ES","https:\/\/x.com\/9BTV"]},{"@type":"Person","@id":"https:\/\/www.noubarris.net\/web40\/#\/schema\/person\/1827f92aaa316c54abbf4dac0de76069","name":"Informatius","image":{"@type":"ImageObject","inLanguage":"ca","@id":"https:\/\/www.noubarris.net\/web40\/#\/schema\/person\/image\/","url":"https:\/\/secure.gravatar.com\/avatar\/87a3b47928835fc72c6ee5b0e1a7263ef0c2d05003a98189bc14926c5f11bcdb?s=96&d=mm&r=g","contentUrl":"https:\/\/secure.gravatar.com\/avatar\/87a3b47928835fc72c6ee5b0e1a7263ef0c2d05003a98189bc14926c5f11bcdb?s=96&d=mm&r=g","caption":"Informatius"},"url":"https:\/\/www.noubarris.net\/web40\/author\/tele\/"}]}},"_links":{"self":[{"href":"https:\/\/www.noubarris.net\/web40\/wp-json\/wp\/v2\/posts\/78374","targetHints":{"allow":["GET"]}}],"collection":[{"href":"https:\/\/www.noubarris.net\/web40\/wp-json\/wp\/v2\/posts"}],"about":[{"href":"https:\/\/www.noubarris.net\/web40\/wp-json\/wp\/v2\/types\/post"}],"author":[{"embeddable":true,"href":"https:\/\/www.noubarris.net\/web40\/wp-json\/wp\/v2\/users\/2"}],"replies":[{"embeddable":true,"href":"https:\/\/www.noubarris.net\/web40\/wp-json\/wp\/v2\/comments?post=78374"}],"version-history":[{"count":1,"href":"https:\/\/www.noubarris.net\/web40\/wp-json\/wp\/v2\/posts\/78374\/revisions"}],"predecessor-version":[{"id":78376,"href":"https:\/\/www.noubarris.net\/web40\/wp-json\/wp\/v2\/posts\/78374\/revisions\/78376"}],"wp:featuredmedia":[{"embeddable":true,"href":"https:\/\/www.noubarris.net\/web40\/wp-json\/wp\/v2\/media\/78375"}],"wp:attachment":[{"href":"https:\/\/www.noubarris.net\/web40\/wp-json\/wp\/v2\/media?parent=78374"}],"wp:term":[{"taxonomy":"category","embeddable":true,"href":"https:\/\/www.noubarris.net\/web40\/wp-json\/wp\/v2\/categories?post=78374"},{"taxonomy":"post_tag","embeddable":true,"href":"https:\/\/www.noubarris.net\/web40\/wp-json\/wp\/v2\/tags?post=78374"}],"curies":[{"name":"wp","href":"https:\/\/api.w.org\/{rel}","templated":true}]}}