{"id":78377,"date":"2021-12-27T00:00:30","date_gmt":"2021-12-26T22:00:30","guid":{"rendered":"http:\/\/www.noubarris.net\/web40\/?p=78377"},"modified":"2021-12-23T21:56:25","modified_gmt":"2021-12-23T19:56:25","slug":"tres-dies-de-casal-de-nadal-digijoves-a-lateneu-de-fabricacio-de-ciutat-meridiana","status":"publish","type":"post","link":"https:\/\/www.noubarris.net\/web40\/tres-dies-de-casal-de-nadal-digijoves-a-lateneu-de-fabricacio-de-ciutat-meridiana\/","title":{"rendered":"Tres dies de casal de Nadal &#8216;Digijoves&#8217; a l&#8217;Ateneu de Fabricaci\u00f3 de Ciutat Meridiana"},"content":{"rendered":"<p><strong>Nois i noies d&#8217;entre 14 i 18 anys s&#8217;endinsen en el m\u00f3n del joc a trav\u00e9s de la fabricaci\u00f3 digital\u00a0<\/strong><\/p>\n<p>Aquest Nadal l&#8217;Ateneu de Fabricaci\u00f3 de Ciutat Meridiana ofereix moltes activitats per reparar joguines, crear guarniments, iniciar-se en la rob\u00f2tica , fabricar tovallons amb impressi\u00f3 3D, i fins i tot dissenyar i crear motlles de galetes amb motius personalitzats. Durant tres dies, a partir d&#8217;avui i fins dimecres, l&#8217;equipament ofereix tamb\u00e9 un casal gratu\u00eft per a nois i noies de 14 a 18 anys.\u00a0 En aquests tres dies de casal, els joves s\u2019endinsaran en el m\u00f3n del joc a trav\u00e9s de la fabricaci\u00f3 digital dins el projecte &#8216;Digijoves&#8217;. Una iniciativa que va comen\u00e7ar l&#8217;any 2020 i que t\u00e9 com a objectiu facilitar l&#8217;acc\u00e9s als joves a la fabricaci\u00f3 digital, Arduino, disseny i fomentar les vocacions tecnol\u00f2giques i les compet\u00e8ncies makers.<\/p>\n<p>&nbsp;<\/p>\n","protected":false},"excerpt":{"rendered":"<p>Nois i noies d&#8217;entre 14 i 18 anys s&#8217;endinsen en el m\u00f3n del joc a trav\u00e9s de la fabricaci\u00f3 digital\u00a0<\/p>\n","protected":false},"author":2,"featured_media":78378,"comment_status":"closed","ping_status":"closed","sticky":false,"template":"","format":"standard","meta":{"colormag_page_layout":"default_layout","_monsterinsights_skip_tracking":false,"_monsterinsights_sitenote_active":false,"_monsterinsights_sitenote_note":"","_monsterinsights_sitenote_category":0,"footnotes":""},"categories":[132,127],"tags":[175,54,299,369],"class_list":["post-78377","post","type-post","status-publish","format-standard","has-post-thumbnail","hentry","category-ciutat-meridiana","category-tecnologia","tag-ateneu-de-fabricacio","tag-ciutat-meridiana","tag-joves","tag-nadal"],"yoast_head":"<!-- This site is optimized with the Yoast SEO plugin v25.3 - https:\/\/yoast.com\/wordpress\/plugins\/seo\/ -->\n<title>Tres dies de casal de Nadal &#039;Digijoves&#039; a l&#039;Ateneu de Fabricaci\u00f3 de Ciutat Meridiana - NouBarris.Net<\/title>\n<meta name=\"robots\" content=\"index, follow, max-snippet:-1, max-image-preview:large, max-video-preview:-1\" \/>\n<link rel=\"canonical\" href=\"https:\/\/www.noubarris.net\/web40\/tres-dies-de-casal-de-nadal-digijoves-a-lateneu-de-fabricacio-de-ciutat-meridiana\/\" \/>\n<meta property=\"og:locale\" content=\"ca_ES\" \/>\n<meta property=\"og:type\" content=\"article\" \/>\n<meta property=\"og:title\" content=\"Tres dies de casal de Nadal &#039;Digijoves&#039; a l&#039;Ateneu de Fabricaci\u00f3 de Ciutat Meridiana - NouBarris.Net\" \/>\n<meta property=\"og:description\" content=\"Nois i noies d&#8217;entre 14 i 18 anys s&#8217;endinsen en el m\u00f3n del joc a trav\u00e9s de la fabricaci\u00f3 digital\u00a0\" \/>\n<meta property=\"og:url\" content=\"https:\/\/www.noubarris.net\/web40\/tres-dies-de-casal-de-nadal-digijoves-a-lateneu-de-fabricacio-de-ciutat-meridiana\/\" \/>\n<meta property=\"og:site_name\" content=\"NouBarris.Net\" \/>\n<meta property=\"article:publisher\" content=\"https:\/\/www.facebook.com\/NouBarris.net\/?locale=es_ES\" \/>\n<meta property=\"article:published_time\" content=\"2021-12-26T22:00:30+00:00\" \/>\n<meta property=\"og:image\" content=\"https:\/\/www.noubarris.net\/web40\/wp-content\/uploads\/2021\/12\/271221.jpg\" \/>\n\t<meta property=\"og:image:width\" content=\"768\" \/>\n\t<meta property=\"og:image:height\" content=\"432\" \/>\n\t<meta property=\"og:image:type\" content=\"image\/jpeg\" \/>\n<meta name=\"author\" content=\"Informatius\" \/>\n<meta name=\"twitter:card\" content=\"summary_large_image\" \/>\n<meta name=\"twitter:creator\" content=\"@9BTV\" \/>\n<meta name=\"twitter:site\" content=\"@9BTV\" \/>\n<meta name=\"twitter:label1\" content=\"Escrit per\" \/>\n\t<meta name=\"twitter:data1\" content=\"Informatius\" \/>\n\t<meta name=\"twitter:label2\" content=\"Temps estimat de lectura\" \/>\n\t<meta name=\"twitter:data2\" content=\"1 minut\" \/>\n<script type=\"application\/ld+json\" class=\"yoast-schema-graph\">{\"@context\":\"https:\/\/schema.org\",\"@graph\":[{\"@type\":\"Article\",\"@id\":\"https:\/\/www.noubarris.net\/web40\/tres-dies-de-casal-de-nadal-digijoves-a-lateneu-de-fabricacio-de-ciutat-meridiana\/#article\",\"isPartOf\":{\"@id\":\"https:\/\/www.noubarris.net\/web40\/tres-dies-de-casal-de-nadal-digijoves-a-lateneu-de-fabricacio-de-ciutat-meridiana\/\"},\"author\":{\"name\":\"Informatius\",\"@id\":\"https:\/\/www.noubarris.net\/web40\/#\/schema\/person\/1827f92aaa316c54abbf4dac0de76069\"},\"headline\":\"Tres dies de casal de Nadal &#8216;Digijoves&#8217; a l&#8217;Ateneu de Fabricaci\u00f3 de Ciutat Meridiana\",\"datePublished\":\"2021-12-26T22:00:30+00:00\",\"mainEntityOfPage\":{\"@id\":\"https:\/\/www.noubarris.net\/web40\/tres-dies-de-casal-de-nadal-digijoves-a-lateneu-de-fabricacio-de-ciutat-meridiana\/\"},\"wordCount\":168,\"publisher\":{\"@id\":\"https:\/\/www.noubarris.net\/web40\/#organization\"},\"image\":{\"@id\":\"https:\/\/www.noubarris.net\/web40\/tres-dies-de-casal-de-nadal-digijoves-a-lateneu-de-fabricacio-de-ciutat-meridiana\/#primaryimage\"},\"thumbnailUrl\":\"https:\/\/www.noubarris.net\/web40\/wp-content\/uploads\/2021\/12\/271221.jpg\",\"keywords\":[\"Ateneu de Fabricaci\u00f3\",\"Ciutat Meridiana\",\"Joves\",\"Nadal\"],\"articleSection\":[\"Ciutat Meridiana\",\"Tecnologia\"],\"inLanguage\":\"ca\"},{\"@type\":\"WebPage\",\"@id\":\"https:\/\/www.noubarris.net\/web40\/tres-dies-de-casal-de-nadal-digijoves-a-lateneu-de-fabricacio-de-ciutat-meridiana\/\",\"url\":\"https:\/\/www.noubarris.net\/web40\/tres-dies-de-casal-de-nadal-digijoves-a-lateneu-de-fabricacio-de-ciutat-meridiana\/\",\"name\":\"Tres dies de casal de Nadal 'Digijoves' a l'Ateneu de Fabricaci\u00f3 de Ciutat Meridiana - NouBarris.Net\",\"isPartOf\":{\"@id\":\"https:\/\/www.noubarris.net\/web40\/#website\"},\"primaryImageOfPage\":{\"@id\":\"https:\/\/www.noubarris.net\/web40\/tres-dies-de-casal-de-nadal-digijoves-a-lateneu-de-fabricacio-de-ciutat-meridiana\/#primaryimage\"},\"image\":{\"@id\":\"https:\/\/www.noubarris.net\/web40\/tres-dies-de-casal-de-nadal-digijoves-a-lateneu-de-fabricacio-de-ciutat-meridiana\/#primaryimage\"},\"thumbnailUrl\":\"https:\/\/www.noubarris.net\/web40\/wp-content\/uploads\/2021\/12\/271221.jpg\",\"datePublished\":\"2021-12-26T22:00:30+00:00\",\"breadcrumb\":{\"@id\":\"https:\/\/www.noubarris.net\/web40\/tres-dies-de-casal-de-nadal-digijoves-a-lateneu-de-fabricacio-de-ciutat-meridiana\/#breadcrumb\"},\"inLanguage\":\"ca\",\"potentialAction\":[{\"@type\":\"ReadAction\",\"target\":[\"https:\/\/www.noubarris.net\/web40\/tres-dies-de-casal-de-nadal-digijoves-a-lateneu-de-fabricacio-de-ciutat-meridiana\/\"]}]},{\"@type\":\"ImageObject\",\"inLanguage\":\"ca\",\"@id\":\"https:\/\/www.noubarris.net\/web40\/tres-dies-de-casal-de-nadal-digijoves-a-lateneu-de-fabricacio-de-ciutat-meridiana\/#primaryimage\",\"url\":\"https:\/\/www.noubarris.net\/web40\/wp-content\/uploads\/2021\/12\/271221.jpg\",\"contentUrl\":\"https:\/\/www.noubarris.net\/web40\/wp-content\/uploads\/2021\/12\/271221.jpg\",\"width\":768,\"height\":432},{\"@type\":\"BreadcrumbList\",\"@id\":\"https:\/\/www.noubarris.net\/web40\/tres-dies-de-casal-de-nadal-digijoves-a-lateneu-de-fabricacio-de-ciutat-meridiana\/#breadcrumb\",\"itemListElement\":[{\"@type\":\"ListItem\",\"position\":1,\"name\":\"Inici\",\"item\":\"https:\/\/www.noubarris.net\/web40\/\"},{\"@type\":\"ListItem\",\"position\":2,\"name\":\"Tres dies de casal de Nadal &#8216;Digijoves&#8217; a l&#8217;Ateneu de Fabricaci\u00f3 de Ciutat Meridiana\"}]},{\"@type\":\"WebSite\",\"@id\":\"https:\/\/www.noubarris.net\/web40\/#website\",\"url\":\"https:\/\/www.noubarris.net\/web40\/\",\"name\":\"NouBarris.Net\",\"description\":\"Seguint la vida de Nou Barris des de 1985\",\"publisher\":{\"@id\":\"https:\/\/www.noubarris.net\/web40\/#organization\"},\"potentialAction\":[{\"@type\":\"SearchAction\",\"target\":{\"@type\":\"EntryPoint\",\"urlTemplate\":\"https:\/\/www.noubarris.net\/web40\/?s={search_term_string}\"},\"query-input\":{\"@type\":\"PropertyValueSpecification\",\"valueRequired\":true,\"valueName\":\"search_term_string\"}}],\"inLanguage\":\"ca\"},{\"@type\":\"Organization\",\"@id\":\"https:\/\/www.noubarris.net\/web40\/#organization\",\"name\":\"NouBarris.Net\",\"url\":\"https:\/\/www.noubarris.net\/web40\/\",\"logo\":{\"@type\":\"ImageObject\",\"inLanguage\":\"ca\",\"@id\":\"https:\/\/www.noubarris.net\/web40\/#\/schema\/logo\/image\/\",\"url\":\"https:\/\/www.noubarris.net\/web40\/wp-content\/uploads\/2024\/11\/cropped-cropped-LOGO_9BTV-2024_Insta-1.jpg\",\"contentUrl\":\"https:\/\/www.noubarris.net\/web40\/wp-content\/uploads\/2024\/11\/cropped-cropped-LOGO_9BTV-2024_Insta-1.jpg\",\"width\":512,\"height\":512,\"caption\":\"NouBarris.Net\"},\"image\":{\"@id\":\"https:\/\/www.noubarris.net\/web40\/#\/schema\/logo\/image\/\"},\"sameAs\":[\"https:\/\/www.facebook.com\/NouBarris.net\/?locale=es_ES\",\"https:\/\/x.com\/9BTV\"]},{\"@type\":\"Person\",\"@id\":\"https:\/\/www.noubarris.net\/web40\/#\/schema\/person\/1827f92aaa316c54abbf4dac0de76069\",\"name\":\"Informatius\",\"image\":{\"@type\":\"ImageObject\",\"inLanguage\":\"ca\",\"@id\":\"https:\/\/www.noubarris.net\/web40\/#\/schema\/person\/image\/\",\"url\":\"https:\/\/secure.gravatar.com\/avatar\/87a3b47928835fc72c6ee5b0e1a7263ef0c2d05003a98189bc14926c5f11bcdb?s=96&d=mm&r=g\",\"contentUrl\":\"https:\/\/secure.gravatar.com\/avatar\/87a3b47928835fc72c6ee5b0e1a7263ef0c2d05003a98189bc14926c5f11bcdb?s=96&d=mm&r=g\",\"caption\":\"Informatius\"},\"url\":\"https:\/\/www.noubarris.net\/web40\/author\/tele\/\"}]}<\/script>\n<!-- \/ Yoast SEO plugin. -->","yoast_head_json":{"title":"Tres dies de casal de Nadal 'Digijoves' a l'Ateneu de Fabricaci\u00f3 de Ciutat Meridiana - NouBarris.Net","robots":{"index":"index","follow":"follow","max-snippet":"max-snippet:-1","max-image-preview":"max-image-preview:large","max-video-preview":"max-video-preview:-1"},"canonical":"https:\/\/www.noubarris.net\/web40\/tres-dies-de-casal-de-nadal-digijoves-a-lateneu-de-fabricacio-de-ciutat-meridiana\/","og_locale":"ca_ES","og_type":"article","og_title":"Tres dies de casal de Nadal 'Digijoves' a l'Ateneu de Fabricaci\u00f3 de Ciutat Meridiana - NouBarris.Net","og_description":"Nois i noies d&#8217;entre 14 i 18 anys s&#8217;endinsen en el m\u00f3n del joc a trav\u00e9s de la fabricaci\u00f3 digital\u00a0","og_url":"https:\/\/www.noubarris.net\/web40\/tres-dies-de-casal-de-nadal-digijoves-a-lateneu-de-fabricacio-de-ciutat-meridiana\/","og_site_name":"NouBarris.Net","article_publisher":"https:\/\/www.facebook.com\/NouBarris.net\/?locale=es_ES","article_published_time":"2021-12-26T22:00:30+00:00","og_image":[{"width":768,"height":432,"url":"https:\/\/www.noubarris.net\/web40\/wp-content\/uploads\/2021\/12\/271221.jpg","type":"image\/jpeg"}],"author":"Informatius","twitter_card":"summary_large_image","twitter_creator":"@9BTV","twitter_site":"@9BTV","twitter_misc":{"Escrit per":"Informatius","Temps estimat de lectura":"1 minut"},"schema":{"@context":"https:\/\/schema.org","@graph":[{"@type":"Article","@id":"https:\/\/www.noubarris.net\/web40\/tres-dies-de-casal-de-nadal-digijoves-a-lateneu-de-fabricacio-de-ciutat-meridiana\/#article","isPartOf":{"@id":"https:\/\/www.noubarris.net\/web40\/tres-dies-de-casal-de-nadal-digijoves-a-lateneu-de-fabricacio-de-ciutat-meridiana\/"},"author":{"name":"Informatius","@id":"https:\/\/www.noubarris.net\/web40\/#\/schema\/person\/1827f92aaa316c54abbf4dac0de76069"},"headline":"Tres dies de casal de Nadal &#8216;Digijoves&#8217; a l&#8217;Ateneu de Fabricaci\u00f3 de Ciutat Meridiana","datePublished":"2021-12-26T22:00:30+00:00","mainEntityOfPage":{"@id":"https:\/\/www.noubarris.net\/web40\/tres-dies-de-casal-de-nadal-digijoves-a-lateneu-de-fabricacio-de-ciutat-meridiana\/"},"wordCount":168,"publisher":{"@id":"https:\/\/www.noubarris.net\/web40\/#organization"},"image":{"@id":"https:\/\/www.noubarris.net\/web40\/tres-dies-de-casal-de-nadal-digijoves-a-lateneu-de-fabricacio-de-ciutat-meridiana\/#primaryimage"},"thumbnailUrl":"https:\/\/www.noubarris.net\/web40\/wp-content\/uploads\/2021\/12\/271221.jpg","keywords":["Ateneu de Fabricaci\u00f3","Ciutat Meridiana","Joves","Nadal"],"articleSection":["Ciutat Meridiana","Tecnologia"],"inLanguage":"ca"},{"@type":"WebPage","@id":"https:\/\/www.noubarris.net\/web40\/tres-dies-de-casal-de-nadal-digijoves-a-lateneu-de-fabricacio-de-ciutat-meridiana\/","url":"https:\/\/www.noubarris.net\/web40\/tres-dies-de-casal-de-nadal-digijoves-a-lateneu-de-fabricacio-de-ciutat-meridiana\/","name":"Tres dies de casal de Nadal 'Digijoves' a l'Ateneu de Fabricaci\u00f3 de Ciutat Meridiana - NouBarris.Net","isPartOf":{"@id":"https:\/\/www.noubarris.net\/web40\/#website"},"primaryImageOfPage":{"@id":"https:\/\/www.noubarris.net\/web40\/tres-dies-de-casal-de-nadal-digijoves-a-lateneu-de-fabricacio-de-ciutat-meridiana\/#primaryimage"},"image":{"@id":"https:\/\/www.noubarris.net\/web40\/tres-dies-de-casal-de-nadal-digijoves-a-lateneu-de-fabricacio-de-ciutat-meridiana\/#primaryimage"},"thumbnailUrl":"https:\/\/www.noubarris.net\/web40\/wp-content\/uploads\/2021\/12\/271221.jpg","datePublished":"2021-12-26T22:00:30+00:00","breadcrumb":{"@id":"https:\/\/www.noubarris.net\/web40\/tres-dies-de-casal-de-nadal-digijoves-a-lateneu-de-fabricacio-de-ciutat-meridiana\/#breadcrumb"},"inLanguage":"ca","potentialAction":[{"@type":"ReadAction","target":["https:\/\/www.noubarris.net\/web40\/tres-dies-de-casal-de-nadal-digijoves-a-lateneu-de-fabricacio-de-ciutat-meridiana\/"]}]},{"@type":"ImageObject","inLanguage":"ca","@id":"https:\/\/www.noubarris.net\/web40\/tres-dies-de-casal-de-nadal-digijoves-a-lateneu-de-fabricacio-de-ciutat-meridiana\/#primaryimage","url":"https:\/\/www.noubarris.net\/web40\/wp-content\/uploads\/2021\/12\/271221.jpg","contentUrl":"https:\/\/www.noubarris.net\/web40\/wp-content\/uploads\/2021\/12\/271221.jpg","width":768,"height":432},{"@type":"BreadcrumbList","@id":"https:\/\/www.noubarris.net\/web40\/tres-dies-de-casal-de-nadal-digijoves-a-lateneu-de-fabricacio-de-ciutat-meridiana\/#breadcrumb","itemListElement":[{"@type":"ListItem","position":1,"name":"Inici","item":"https:\/\/www.noubarris.net\/web40\/"},{"@type":"ListItem","position":2,"name":"Tres dies de casal de Nadal &#8216;Digijoves&#8217; a l&#8217;Ateneu de Fabricaci\u00f3 de Ciutat Meridiana"}]},{"@type":"WebSite","@id":"https:\/\/www.noubarris.net\/web40\/#website","url":"https:\/\/www.noubarris.net\/web40\/","name":"NouBarris.Net","description":"Seguint la vida de Nou Barris des de 1985","publisher":{"@id":"https:\/\/www.noubarris.net\/web40\/#organization"},"potentialAction":[{"@type":"SearchAction","target":{"@type":"EntryPoint","urlTemplate":"https:\/\/www.noubarris.net\/web40\/?s={search_term_string}"},"query-input":{"@type":"PropertyValueSpecification","valueRequired":true,"valueName":"search_term_string"}}],"inLanguage":"ca"},{"@type":"Organization","@id":"https:\/\/www.noubarris.net\/web40\/#organization","name":"NouBarris.Net","url":"https:\/\/www.noubarris.net\/web40\/","logo":{"@type":"ImageObject","inLanguage":"ca","@id":"https:\/\/www.noubarris.net\/web40\/#\/schema\/logo\/image\/","url":"https:\/\/www.noubarris.net\/web40\/wp-content\/uploads\/2024\/11\/cropped-cropped-LOGO_9BTV-2024_Insta-1.jpg","contentUrl":"https:\/\/www.noubarris.net\/web40\/wp-content\/uploads\/2024\/11\/cropped-cropped-LOGO_9BTV-2024_Insta-1.jpg","width":512,"height":512,"caption":"NouBarris.Net"},"image":{"@id":"https:\/\/www.noubarris.net\/web40\/#\/schema\/logo\/image\/"},"sameAs":["https:\/\/www.facebook.com\/NouBarris.net\/?locale=es_ES","https:\/\/x.com\/9BTV"]},{"@type":"Person","@id":"https:\/\/www.noubarris.net\/web40\/#\/schema\/person\/1827f92aaa316c54abbf4dac0de76069","name":"Informatius","image":{"@type":"ImageObject","inLanguage":"ca","@id":"https:\/\/www.noubarris.net\/web40\/#\/schema\/person\/image\/","url":"https:\/\/secure.gravatar.com\/avatar\/87a3b47928835fc72c6ee5b0e1a7263ef0c2d05003a98189bc14926c5f11bcdb?s=96&d=mm&r=g","contentUrl":"https:\/\/secure.gravatar.com\/avatar\/87a3b47928835fc72c6ee5b0e1a7263ef0c2d05003a98189bc14926c5f11bcdb?s=96&d=mm&r=g","caption":"Informatius"},"url":"https:\/\/www.noubarris.net\/web40\/author\/tele\/"}]}},"_links":{"self":[{"href":"https:\/\/www.noubarris.net\/web40\/wp-json\/wp\/v2\/posts\/78377","targetHints":{"allow":["GET"]}}],"collection":[{"href":"https:\/\/www.noubarris.net\/web40\/wp-json\/wp\/v2\/posts"}],"about":[{"href":"https:\/\/www.noubarris.net\/web40\/wp-json\/wp\/v2\/types\/post"}],"author":[{"embeddable":true,"href":"https:\/\/www.noubarris.net\/web40\/wp-json\/wp\/v2\/users\/2"}],"replies":[{"embeddable":true,"href":"https:\/\/www.noubarris.net\/web40\/wp-json\/wp\/v2\/comments?post=78377"}],"version-history":[{"count":1,"href":"https:\/\/www.noubarris.net\/web40\/wp-json\/wp\/v2\/posts\/78377\/revisions"}],"predecessor-version":[{"id":78379,"href":"https:\/\/www.noubarris.net\/web40\/wp-json\/wp\/v2\/posts\/78377\/revisions\/78379"}],"wp:featuredmedia":[{"embeddable":true,"href":"https:\/\/www.noubarris.net\/web40\/wp-json\/wp\/v2\/media\/78378"}],"wp:attachment":[{"href":"https:\/\/www.noubarris.net\/web40\/wp-json\/wp\/v2\/media?parent=78377"}],"wp:term":[{"taxonomy":"category","embeddable":true,"href":"https:\/\/www.noubarris.net\/web40\/wp-json\/wp\/v2\/categories?post=78377"},{"taxonomy":"post_tag","embeddable":true,"href":"https:\/\/www.noubarris.net\/web40\/wp-json\/wp\/v2\/tags?post=78377"}],"curies":[{"name":"wp","href":"https:\/\/api.w.org\/{rel}","templated":true}]}}