{"id":78381,"date":"2021-12-29T00:00:09","date_gmt":"2021-12-28T22:00:09","guid":{"rendered":"http:\/\/www.noubarris.net\/web40\/?p=78381"},"modified":"2021-12-26T13:05:18","modified_gmt":"2021-12-26T11:05:18","slug":"dos-comercos-buits-del-mercat-de-canyelles-sobren-a-subhasta","status":"publish","type":"post","link":"https:\/\/www.noubarris.net\/web40\/dos-comercos-buits-del-mercat-de-canyelles-sobren-a-subhasta\/","title":{"rendered":"Dos comer\u00e7os buits del mercat de Canyelles s&#8217;obren a subhasta"},"content":{"rendered":"<p><strong>El termini de presentaci\u00f3 de les propostes per a la concessi\u00f3 de les parades acaba el 24 de gener<\/strong><\/p>\n<p>A Nou Barris, l&#8217;Institut Municipal de Mercats de Barcelona ha obert a subhasta dues parades buides del mercat de Canyelles. S\u00f3n dues de les <a href=\"https:\/\/ajuntament.barcelona.cat\/mercats\/sites\/default\/files\/anunci_subhasta_968-21.pdf\" target=\"_blank\" rel=\"noopener\">18 concessions que acaben de sortir publicades al BOBP<\/a>. A la resta de la ciutat, els llocs de venda estan situats al mercat de la Barceloneta, del Bes\u00f2s, del Bon Pastor, del Carmel, del Guinard\u00f3, de la Marina, de Sants, de les Tres Torres, de la Vall d\u2019Hebron i de Sant Andreu. La <a href=\"https:\/\/ajuntament.barcelona.cat\/mercats\/ca\/canal\/subhastes\" target=\"_blank\" rel=\"noopener\">tramitaci\u00f3 \u00e9s ordin\u00e0ria a trav\u00e9s d&#8217;un procediment obert<\/a> i qualsevol persona f\u00edsica o jur\u00eddica hi pot conc\u00f3rrer.<\/p>\n<p>El interessats poden contactar amb els mercats i visitar les instal\u00b7lacions durant el per\u00edode previ a la presentaci\u00f3 de les propostes. Aquestes visites s\u2019han de concertar com a m\u00ednim cinc dies abans de la fi del termini. Per al mercat de Canyelles us heu de dirigir a mercatcanyelles@bcn.cat<\/p>\n<p>El termini de presentaci\u00f3 de les propostes acaba el proper 24 de gener de 2022 a les 14 h.<\/p>\n","protected":false},"excerpt":{"rendered":"<p>El termini de presentaci\u00f3 de les propostes per a la concessi\u00f3 de les parades acaba el 24 de gener A<\/p>\n","protected":false},"author":2,"featured_media":78382,"comment_status":"closed","ping_status":"closed","sticky":false,"template":"","format":"standard","meta":{"colormag_page_layout":"default_layout","_monsterinsights_skip_tracking":false,"_monsterinsights_sitenote_active":false,"_monsterinsights_sitenote_note":"","_monsterinsights_sitenote_category":0,"footnotes":""},"categories":[131,124],"tags":[48,153,229],"class_list":["post-78381","post","type-post","status-publish","format-standard","has-post-thumbnail","hentry","category-canyelles","category-societat","tag-canyelles","tag-comerc","tag-mercat-de-canyelles"],"yoast_head":"<!-- This site is optimized with the Yoast SEO plugin v25.3 - https:\/\/yoast.com\/wordpress\/plugins\/seo\/ -->\n<title>Dos comer\u00e7os buits del mercat de Canyelles s&#039;obren a subhasta - NouBarris.Net<\/title>\n<meta name=\"robots\" content=\"index, follow, max-snippet:-1, max-image-preview:large, max-video-preview:-1\" \/>\n<link rel=\"canonical\" href=\"https:\/\/www.noubarris.net\/web40\/dos-comercos-buits-del-mercat-de-canyelles-sobren-a-subhasta\/\" \/>\n<meta property=\"og:locale\" content=\"ca_ES\" \/>\n<meta property=\"og:type\" content=\"article\" \/>\n<meta property=\"og:title\" content=\"Dos comer\u00e7os buits del mercat de Canyelles s&#039;obren a subhasta - NouBarris.Net\" \/>\n<meta property=\"og:description\" content=\"El termini de presentaci\u00f3 de les propostes per a la concessi\u00f3 de les parades acaba el 24 de gener A\" \/>\n<meta property=\"og:url\" content=\"https:\/\/www.noubarris.net\/web40\/dos-comercos-buits-del-mercat-de-canyelles-sobren-a-subhasta\/\" \/>\n<meta property=\"og:site_name\" content=\"NouBarris.Net\" \/>\n<meta property=\"article:publisher\" content=\"https:\/\/www.facebook.com\/NouBarris.net\/?locale=es_ES\" \/>\n<meta property=\"article:published_time\" content=\"2021-12-28T22:00:09+00:00\" \/>\n<meta property=\"og:image\" content=\"https:\/\/www.noubarris.net\/web40\/wp-content\/uploads\/2021\/12\/291221.jpg\" \/>\n\t<meta property=\"og:image:width\" content=\"768\" \/>\n\t<meta property=\"og:image:height\" content=\"432\" \/>\n\t<meta property=\"og:image:type\" content=\"image\/jpeg\" \/>\n<meta name=\"author\" content=\"Informatius\" \/>\n<meta name=\"twitter:card\" content=\"summary_large_image\" \/>\n<meta name=\"twitter:creator\" content=\"@9BTV\" \/>\n<meta name=\"twitter:site\" content=\"@9BTV\" \/>\n<meta name=\"twitter:label1\" content=\"Escrit per\" \/>\n\t<meta name=\"twitter:data1\" content=\"Informatius\" \/>\n\t<meta name=\"twitter:label2\" content=\"Temps estimat de lectura\" \/>\n\t<meta name=\"twitter:data2\" content=\"1 minut\" \/>\n<script type=\"application\/ld+json\" class=\"yoast-schema-graph\">{\"@context\":\"https:\/\/schema.org\",\"@graph\":[{\"@type\":\"Article\",\"@id\":\"https:\/\/www.noubarris.net\/web40\/dos-comercos-buits-del-mercat-de-canyelles-sobren-a-subhasta\/#article\",\"isPartOf\":{\"@id\":\"https:\/\/www.noubarris.net\/web40\/dos-comercos-buits-del-mercat-de-canyelles-sobren-a-subhasta\/\"},\"author\":{\"name\":\"Informatius\",\"@id\":\"https:\/\/www.noubarris.net\/web40\/#\/schema\/person\/1827f92aaa316c54abbf4dac0de76069\"},\"headline\":\"Dos comer\u00e7os buits del mercat de Canyelles s&#8217;obren a subhasta\",\"datePublished\":\"2021-12-28T22:00:09+00:00\",\"mainEntityOfPage\":{\"@id\":\"https:\/\/www.noubarris.net\/web40\/dos-comercos-buits-del-mercat-de-canyelles-sobren-a-subhasta\/\"},\"wordCount\":203,\"publisher\":{\"@id\":\"https:\/\/www.noubarris.net\/web40\/#organization\"},\"image\":{\"@id\":\"https:\/\/www.noubarris.net\/web40\/dos-comercos-buits-del-mercat-de-canyelles-sobren-a-subhasta\/#primaryimage\"},\"thumbnailUrl\":\"https:\/\/www.noubarris.net\/web40\/wp-content\/uploads\/2021\/12\/291221.jpg\",\"keywords\":[\"Canyelles\",\"Comer\u00e7\",\"Mercat de Canyelles\"],\"articleSection\":[\"Canyelles\",\"Societat\"],\"inLanguage\":\"ca\"},{\"@type\":\"WebPage\",\"@id\":\"https:\/\/www.noubarris.net\/web40\/dos-comercos-buits-del-mercat-de-canyelles-sobren-a-subhasta\/\",\"url\":\"https:\/\/www.noubarris.net\/web40\/dos-comercos-buits-del-mercat-de-canyelles-sobren-a-subhasta\/\",\"name\":\"Dos comer\u00e7os buits del mercat de Canyelles s'obren a subhasta - NouBarris.Net\",\"isPartOf\":{\"@id\":\"https:\/\/www.noubarris.net\/web40\/#website\"},\"primaryImageOfPage\":{\"@id\":\"https:\/\/www.noubarris.net\/web40\/dos-comercos-buits-del-mercat-de-canyelles-sobren-a-subhasta\/#primaryimage\"},\"image\":{\"@id\":\"https:\/\/www.noubarris.net\/web40\/dos-comercos-buits-del-mercat-de-canyelles-sobren-a-subhasta\/#primaryimage\"},\"thumbnailUrl\":\"https:\/\/www.noubarris.net\/web40\/wp-content\/uploads\/2021\/12\/291221.jpg\",\"datePublished\":\"2021-12-28T22:00:09+00:00\",\"breadcrumb\":{\"@id\":\"https:\/\/www.noubarris.net\/web40\/dos-comercos-buits-del-mercat-de-canyelles-sobren-a-subhasta\/#breadcrumb\"},\"inLanguage\":\"ca\",\"potentialAction\":[{\"@type\":\"ReadAction\",\"target\":[\"https:\/\/www.noubarris.net\/web40\/dos-comercos-buits-del-mercat-de-canyelles-sobren-a-subhasta\/\"]}]},{\"@type\":\"ImageObject\",\"inLanguage\":\"ca\",\"@id\":\"https:\/\/www.noubarris.net\/web40\/dos-comercos-buits-del-mercat-de-canyelles-sobren-a-subhasta\/#primaryimage\",\"url\":\"https:\/\/www.noubarris.net\/web40\/wp-content\/uploads\/2021\/12\/291221.jpg\",\"contentUrl\":\"https:\/\/www.noubarris.net\/web40\/wp-content\/uploads\/2021\/12\/291221.jpg\",\"width\":768,\"height\":432},{\"@type\":\"BreadcrumbList\",\"@id\":\"https:\/\/www.noubarris.net\/web40\/dos-comercos-buits-del-mercat-de-canyelles-sobren-a-subhasta\/#breadcrumb\",\"itemListElement\":[{\"@type\":\"ListItem\",\"position\":1,\"name\":\"Inici\",\"item\":\"https:\/\/www.noubarris.net\/web40\/\"},{\"@type\":\"ListItem\",\"position\":2,\"name\":\"Dos comer\u00e7os buits del mercat de Canyelles s&#8217;obren a subhasta\"}]},{\"@type\":\"WebSite\",\"@id\":\"https:\/\/www.noubarris.net\/web40\/#website\",\"url\":\"https:\/\/www.noubarris.net\/web40\/\",\"name\":\"NouBarris.Net\",\"description\":\"Seguint la vida de Nou Barris des de 1985\",\"publisher\":{\"@id\":\"https:\/\/www.noubarris.net\/web40\/#organization\"},\"potentialAction\":[{\"@type\":\"SearchAction\",\"target\":{\"@type\":\"EntryPoint\",\"urlTemplate\":\"https:\/\/www.noubarris.net\/web40\/?s={search_term_string}\"},\"query-input\":{\"@type\":\"PropertyValueSpecification\",\"valueRequired\":true,\"valueName\":\"search_term_string\"}}],\"inLanguage\":\"ca\"},{\"@type\":\"Organization\",\"@id\":\"https:\/\/www.noubarris.net\/web40\/#organization\",\"name\":\"NouBarris.Net\",\"url\":\"https:\/\/www.noubarris.net\/web40\/\",\"logo\":{\"@type\":\"ImageObject\",\"inLanguage\":\"ca\",\"@id\":\"https:\/\/www.noubarris.net\/web40\/#\/schema\/logo\/image\/\",\"url\":\"https:\/\/www.noubarris.net\/web40\/wp-content\/uploads\/2024\/11\/cropped-cropped-LOGO_9BTV-2024_Insta-1.jpg\",\"contentUrl\":\"https:\/\/www.noubarris.net\/web40\/wp-content\/uploads\/2024\/11\/cropped-cropped-LOGO_9BTV-2024_Insta-1.jpg\",\"width\":512,\"height\":512,\"caption\":\"NouBarris.Net\"},\"image\":{\"@id\":\"https:\/\/www.noubarris.net\/web40\/#\/schema\/logo\/image\/\"},\"sameAs\":[\"https:\/\/www.facebook.com\/NouBarris.net\/?locale=es_ES\",\"https:\/\/x.com\/9BTV\"]},{\"@type\":\"Person\",\"@id\":\"https:\/\/www.noubarris.net\/web40\/#\/schema\/person\/1827f92aaa316c54abbf4dac0de76069\",\"name\":\"Informatius\",\"image\":{\"@type\":\"ImageObject\",\"inLanguage\":\"ca\",\"@id\":\"https:\/\/www.noubarris.net\/web40\/#\/schema\/person\/image\/\",\"url\":\"https:\/\/secure.gravatar.com\/avatar\/87a3b47928835fc72c6ee5b0e1a7263ef0c2d05003a98189bc14926c5f11bcdb?s=96&d=mm&r=g\",\"contentUrl\":\"https:\/\/secure.gravatar.com\/avatar\/87a3b47928835fc72c6ee5b0e1a7263ef0c2d05003a98189bc14926c5f11bcdb?s=96&d=mm&r=g\",\"caption\":\"Informatius\"},\"url\":\"https:\/\/www.noubarris.net\/web40\/author\/tele\/\"}]}<\/script>\n<!-- \/ Yoast SEO plugin. -->","yoast_head_json":{"title":"Dos comer\u00e7os buits del mercat de Canyelles s'obren a subhasta - NouBarris.Net","robots":{"index":"index","follow":"follow","max-snippet":"max-snippet:-1","max-image-preview":"max-image-preview:large","max-video-preview":"max-video-preview:-1"},"canonical":"https:\/\/www.noubarris.net\/web40\/dos-comercos-buits-del-mercat-de-canyelles-sobren-a-subhasta\/","og_locale":"ca_ES","og_type":"article","og_title":"Dos comer\u00e7os buits del mercat de Canyelles s'obren a subhasta - NouBarris.Net","og_description":"El termini de presentaci\u00f3 de les propostes per a la concessi\u00f3 de les parades acaba el 24 de gener A","og_url":"https:\/\/www.noubarris.net\/web40\/dos-comercos-buits-del-mercat-de-canyelles-sobren-a-subhasta\/","og_site_name":"NouBarris.Net","article_publisher":"https:\/\/www.facebook.com\/NouBarris.net\/?locale=es_ES","article_published_time":"2021-12-28T22:00:09+00:00","og_image":[{"width":768,"height":432,"url":"https:\/\/www.noubarris.net\/web40\/wp-content\/uploads\/2021\/12\/291221.jpg","type":"image\/jpeg"}],"author":"Informatius","twitter_card":"summary_large_image","twitter_creator":"@9BTV","twitter_site":"@9BTV","twitter_misc":{"Escrit per":"Informatius","Temps estimat de lectura":"1 minut"},"schema":{"@context":"https:\/\/schema.org","@graph":[{"@type":"Article","@id":"https:\/\/www.noubarris.net\/web40\/dos-comercos-buits-del-mercat-de-canyelles-sobren-a-subhasta\/#article","isPartOf":{"@id":"https:\/\/www.noubarris.net\/web40\/dos-comercos-buits-del-mercat-de-canyelles-sobren-a-subhasta\/"},"author":{"name":"Informatius","@id":"https:\/\/www.noubarris.net\/web40\/#\/schema\/person\/1827f92aaa316c54abbf4dac0de76069"},"headline":"Dos comer\u00e7os buits del mercat de Canyelles s&#8217;obren a subhasta","datePublished":"2021-12-28T22:00:09+00:00","mainEntityOfPage":{"@id":"https:\/\/www.noubarris.net\/web40\/dos-comercos-buits-del-mercat-de-canyelles-sobren-a-subhasta\/"},"wordCount":203,"publisher":{"@id":"https:\/\/www.noubarris.net\/web40\/#organization"},"image":{"@id":"https:\/\/www.noubarris.net\/web40\/dos-comercos-buits-del-mercat-de-canyelles-sobren-a-subhasta\/#primaryimage"},"thumbnailUrl":"https:\/\/www.noubarris.net\/web40\/wp-content\/uploads\/2021\/12\/291221.jpg","keywords":["Canyelles","Comer\u00e7","Mercat de Canyelles"],"articleSection":["Canyelles","Societat"],"inLanguage":"ca"},{"@type":"WebPage","@id":"https:\/\/www.noubarris.net\/web40\/dos-comercos-buits-del-mercat-de-canyelles-sobren-a-subhasta\/","url":"https:\/\/www.noubarris.net\/web40\/dos-comercos-buits-del-mercat-de-canyelles-sobren-a-subhasta\/","name":"Dos comer\u00e7os buits del mercat de Canyelles s'obren a subhasta - NouBarris.Net","isPartOf":{"@id":"https:\/\/www.noubarris.net\/web40\/#website"},"primaryImageOfPage":{"@id":"https:\/\/www.noubarris.net\/web40\/dos-comercos-buits-del-mercat-de-canyelles-sobren-a-subhasta\/#primaryimage"},"image":{"@id":"https:\/\/www.noubarris.net\/web40\/dos-comercos-buits-del-mercat-de-canyelles-sobren-a-subhasta\/#primaryimage"},"thumbnailUrl":"https:\/\/www.noubarris.net\/web40\/wp-content\/uploads\/2021\/12\/291221.jpg","datePublished":"2021-12-28T22:00:09+00:00","breadcrumb":{"@id":"https:\/\/www.noubarris.net\/web40\/dos-comercos-buits-del-mercat-de-canyelles-sobren-a-subhasta\/#breadcrumb"},"inLanguage":"ca","potentialAction":[{"@type":"ReadAction","target":["https:\/\/www.noubarris.net\/web40\/dos-comercos-buits-del-mercat-de-canyelles-sobren-a-subhasta\/"]}]},{"@type":"ImageObject","inLanguage":"ca","@id":"https:\/\/www.noubarris.net\/web40\/dos-comercos-buits-del-mercat-de-canyelles-sobren-a-subhasta\/#primaryimage","url":"https:\/\/www.noubarris.net\/web40\/wp-content\/uploads\/2021\/12\/291221.jpg","contentUrl":"https:\/\/www.noubarris.net\/web40\/wp-content\/uploads\/2021\/12\/291221.jpg","width":768,"height":432},{"@type":"BreadcrumbList","@id":"https:\/\/www.noubarris.net\/web40\/dos-comercos-buits-del-mercat-de-canyelles-sobren-a-subhasta\/#breadcrumb","itemListElement":[{"@type":"ListItem","position":1,"name":"Inici","item":"https:\/\/www.noubarris.net\/web40\/"},{"@type":"ListItem","position":2,"name":"Dos comer\u00e7os buits del mercat de Canyelles s&#8217;obren a subhasta"}]},{"@type":"WebSite","@id":"https:\/\/www.noubarris.net\/web40\/#website","url":"https:\/\/www.noubarris.net\/web40\/","name":"NouBarris.Net","description":"Seguint la vida de Nou Barris des de 1985","publisher":{"@id":"https:\/\/www.noubarris.net\/web40\/#organization"},"potentialAction":[{"@type":"SearchAction","target":{"@type":"EntryPoint","urlTemplate":"https:\/\/www.noubarris.net\/web40\/?s={search_term_string}"},"query-input":{"@type":"PropertyValueSpecification","valueRequired":true,"valueName":"search_term_string"}}],"inLanguage":"ca"},{"@type":"Organization","@id":"https:\/\/www.noubarris.net\/web40\/#organization","name":"NouBarris.Net","url":"https:\/\/www.noubarris.net\/web40\/","logo":{"@type":"ImageObject","inLanguage":"ca","@id":"https:\/\/www.noubarris.net\/web40\/#\/schema\/logo\/image\/","url":"https:\/\/www.noubarris.net\/web40\/wp-content\/uploads\/2024\/11\/cropped-cropped-LOGO_9BTV-2024_Insta-1.jpg","contentUrl":"https:\/\/www.noubarris.net\/web40\/wp-content\/uploads\/2024\/11\/cropped-cropped-LOGO_9BTV-2024_Insta-1.jpg","width":512,"height":512,"caption":"NouBarris.Net"},"image":{"@id":"https:\/\/www.noubarris.net\/web40\/#\/schema\/logo\/image\/"},"sameAs":["https:\/\/www.facebook.com\/NouBarris.net\/?locale=es_ES","https:\/\/x.com\/9BTV"]},{"@type":"Person","@id":"https:\/\/www.noubarris.net\/web40\/#\/schema\/person\/1827f92aaa316c54abbf4dac0de76069","name":"Informatius","image":{"@type":"ImageObject","inLanguage":"ca","@id":"https:\/\/www.noubarris.net\/web40\/#\/schema\/person\/image\/","url":"https:\/\/secure.gravatar.com\/avatar\/87a3b47928835fc72c6ee5b0e1a7263ef0c2d05003a98189bc14926c5f11bcdb?s=96&d=mm&r=g","contentUrl":"https:\/\/secure.gravatar.com\/avatar\/87a3b47928835fc72c6ee5b0e1a7263ef0c2d05003a98189bc14926c5f11bcdb?s=96&d=mm&r=g","caption":"Informatius"},"url":"https:\/\/www.noubarris.net\/web40\/author\/tele\/"}]}},"_links":{"self":[{"href":"https:\/\/www.noubarris.net\/web40\/wp-json\/wp\/v2\/posts\/78381","targetHints":{"allow":["GET"]}}],"collection":[{"href":"https:\/\/www.noubarris.net\/web40\/wp-json\/wp\/v2\/posts"}],"about":[{"href":"https:\/\/www.noubarris.net\/web40\/wp-json\/wp\/v2\/types\/post"}],"author":[{"embeddable":true,"href":"https:\/\/www.noubarris.net\/web40\/wp-json\/wp\/v2\/users\/2"}],"replies":[{"embeddable":true,"href":"https:\/\/www.noubarris.net\/web40\/wp-json\/wp\/v2\/comments?post=78381"}],"version-history":[{"count":1,"href":"https:\/\/www.noubarris.net\/web40\/wp-json\/wp\/v2\/posts\/78381\/revisions"}],"predecessor-version":[{"id":78383,"href":"https:\/\/www.noubarris.net\/web40\/wp-json\/wp\/v2\/posts\/78381\/revisions\/78383"}],"wp:featuredmedia":[{"embeddable":true,"href":"https:\/\/www.noubarris.net\/web40\/wp-json\/wp\/v2\/media\/78382"}],"wp:attachment":[{"href":"https:\/\/www.noubarris.net\/web40\/wp-json\/wp\/v2\/media?parent=78381"}],"wp:term":[{"taxonomy":"category","embeddable":true,"href":"https:\/\/www.noubarris.net\/web40\/wp-json\/wp\/v2\/categories?post=78381"},{"taxonomy":"post_tag","embeddable":true,"href":"https:\/\/www.noubarris.net\/web40\/wp-json\/wp\/v2\/tags?post=78381"}],"curies":[{"name":"wp","href":"https:\/\/api.w.org\/{rel}","templated":true}]}}