{"id":78393,"date":"2022-01-02T00:00:21","date_gmt":"2022-01-01T22:00:21","guid":{"rendered":"http:\/\/www.noubarris.net\/web40\/?p=78393"},"modified":"2021-12-28T10:30:28","modified_gmt":"2021-12-28T08:30:28","slug":"la-comitiva-reial-obre-el-seu-campament-a-la-seu-del-districte-de-nou-barris","status":"publish","type":"post","link":"https:\/\/www.noubarris.net\/web40\/la-comitiva-reial-obre-el-seu-campament-a-la-seu-del-districte-de-nou-barris\/","title":{"rendered":"La comitiva reial obre el seu campament a la Seu del Districte de Nou Barris"},"content":{"rendered":"<p><strong>El recinte es pot visitar sense reserva pr\u00e8via les tardes des d&#8217;avui fins al dia 4 de gener<\/strong><\/p>\n<p>Torna el campament m\u00e9s m\u00e0gic, el de la comitiva dels Reis d&#8217;Orient. S&#8217;han instal\u00b7lat de nou al Pati de la Seu del Districte, amb la col\u00b7laboraci\u00f3 de 17 entitats de Nou Barris. I el podeu visitar fins al 4 de gener de 17 a 21h de forma gratu\u00efta, si no hi ha cap canvi a les restriccions sanit\u00e0ries. Aix\u00f2 s\u00ed, aquest any haureu de tenir paci\u00e8ncia perqu\u00e8 no funciona amb reserva pr\u00e8via, sin\u00f3 que cal fer cua. L&#8217;aforament continuar\u00e0 limitat i, per tant, es regular\u00e0 la cua de manera que la cua es tallar\u00e0 per tal de tancar el cmapament a les 21h.<\/p>\n<p>A dins hi trobareu un itinerari en el qual podreu saludar els astr\u00f2noms que busquen l&#8217;estrella, les cosidores dels vestits dels tres Reis, els carters reials, els regals, els caramels, les cosidores, la carbonera, les fades de la son, els vigilants de la clau m\u00e0gica o les vetlladores de la llum.<\/p>\n<p>Com a novetat, el recinte ser\u00e0 accessible amb persones amb diversitat funcional. Districte de Nou Barris activa avui el codi QR que trobareu a sota aquestes l\u00ednies, i mitjan\u00e7ant el qual podeu accedir a una audiodescripci\u00f3 de l&#8217;itinerari. A m\u00e9s, el dia 4 a les 16.30h es far\u00e0 una visita t\u00e0ctil, adaptada a persones amb ceguesa, aix\u00ed com amb explicaci\u00f3 en llengua de signes.<\/p>\n<p>\u00a0<\/p>\n\n\n<figure class=\"wp-block-image size-full\"><img loading=\"lazy\" decoding=\"async\" width=\"300\" height=\"300\" src=\"https:\/\/www.noubarris.net\/web40\/wp-content\/uploads\/2021\/12\/020122_qr.png\" alt=\"\" class=\"wp-image-78396\" srcset=\"https:\/\/www.noubarris.net\/web40\/wp-content\/uploads\/2021\/12\/020122_qr.png 300w, https:\/\/www.noubarris.net\/web40\/wp-content\/uploads\/2021\/12\/020122_qr-150x150.png 150w, https:\/\/www.noubarris.net\/web40\/wp-content\/uploads\/2021\/12\/020122_qr-144x144.png 144w\" sizes=\"auto, (max-width: 300px) 100vw, 300px\" \/><figcaption>Escaneja el codi QR per accedir a la visita amb audiodescripci\u00f3<\/figcaption><\/figure>\n","protected":false},"excerpt":{"rendered":"<p>El recinte es pot visitar sense reserva pr\u00e8via les tardes des d&#8217;avui fins al dia 4 de gener Torna el<\/p>\n","protected":false},"author":2,"featured_media":78395,"comment_status":"closed","ping_status":"closed","sticky":false,"template":"","format":"standard","meta":{"colormag_page_layout":"default_layout","_monsterinsights_skip_tracking":false,"_monsterinsights_sitenote_active":false,"_monsterinsights_sitenote_note":"","_monsterinsights_sitenote_category":0,"footnotes":""},"categories":[129,133],"tags":[410,369,411,489],"class_list":["post-78393","post","type-post","status-publish","format-standard","has-post-thumbnail","hentry","category-cultura","category-la-guineueta","tag-cavalcada","tag-nadal","tag-reis-mags","tag-tradicions"],"yoast_head":"<!-- This site is optimized with the Yoast SEO plugin v25.3 - https:\/\/yoast.com\/wordpress\/plugins\/seo\/ -->\n<title>La comitiva reial obre el seu campament a la Seu del Districte de Nou Barris - NouBarris.Net<\/title>\n<meta name=\"robots\" content=\"index, follow, max-snippet:-1, max-image-preview:large, max-video-preview:-1\" \/>\n<link rel=\"canonical\" href=\"https:\/\/www.noubarris.net\/web40\/la-comitiva-reial-obre-el-seu-campament-a-la-seu-del-districte-de-nou-barris\/\" \/>\n<meta property=\"og:locale\" content=\"ca_ES\" \/>\n<meta property=\"og:type\" content=\"article\" \/>\n<meta property=\"og:title\" content=\"La comitiva reial obre el seu campament a la Seu del Districte de Nou Barris - NouBarris.Net\" \/>\n<meta property=\"og:description\" content=\"El recinte es pot visitar sense reserva pr\u00e8via les tardes des d&#8217;avui fins al dia 4 de gener Torna el\" \/>\n<meta property=\"og:url\" content=\"https:\/\/www.noubarris.net\/web40\/la-comitiva-reial-obre-el-seu-campament-a-la-seu-del-districte-de-nou-barris\/\" \/>\n<meta property=\"og:site_name\" content=\"NouBarris.Net\" \/>\n<meta property=\"article:publisher\" content=\"https:\/\/www.facebook.com\/NouBarris.net\/?locale=es_ES\" \/>\n<meta property=\"article:published_time\" content=\"2022-01-01T22:00:21+00:00\" \/>\n<meta property=\"og:image\" content=\"https:\/\/www.noubarris.net\/web40\/wp-content\/uploads\/2022\/01\/020122.jpg\" \/>\n\t<meta property=\"og:image:width\" content=\"768\" \/>\n\t<meta property=\"og:image:height\" content=\"432\" \/>\n\t<meta property=\"og:image:type\" content=\"image\/jpeg\" \/>\n<meta name=\"author\" content=\"Informatius\" \/>\n<meta name=\"twitter:card\" content=\"summary_large_image\" \/>\n<meta name=\"twitter:creator\" content=\"@9BTV\" \/>\n<meta name=\"twitter:site\" content=\"@9BTV\" \/>\n<meta name=\"twitter:label1\" content=\"Escrit per\" \/>\n\t<meta name=\"twitter:data1\" content=\"Informatius\" \/>\n\t<meta name=\"twitter:label2\" content=\"Temps estimat de lectura\" \/>\n\t<meta name=\"twitter:data2\" content=\"1 minut\" \/>\n<script type=\"application\/ld+json\" class=\"yoast-schema-graph\">{\"@context\":\"https:\/\/schema.org\",\"@graph\":[{\"@type\":\"Article\",\"@id\":\"https:\/\/www.noubarris.net\/web40\/la-comitiva-reial-obre-el-seu-campament-a-la-seu-del-districte-de-nou-barris\/#article\",\"isPartOf\":{\"@id\":\"https:\/\/www.noubarris.net\/web40\/la-comitiva-reial-obre-el-seu-campament-a-la-seu-del-districte-de-nou-barris\/\"},\"author\":{\"name\":\"Informatius\",\"@id\":\"https:\/\/www.noubarris.net\/web40\/#\/schema\/person\/1827f92aaa316c54abbf4dac0de76069\"},\"headline\":\"La comitiva reial obre el seu campament a la Seu del Districte de Nou Barris\",\"datePublished\":\"2022-01-01T22:00:21+00:00\",\"mainEntityOfPage\":{\"@id\":\"https:\/\/www.noubarris.net\/web40\/la-comitiva-reial-obre-el-seu-campament-a-la-seu-del-districte-de-nou-barris\/\"},\"wordCount\":278,\"publisher\":{\"@id\":\"https:\/\/www.noubarris.net\/web40\/#organization\"},\"image\":{\"@id\":\"https:\/\/www.noubarris.net\/web40\/la-comitiva-reial-obre-el-seu-campament-a-la-seu-del-districte-de-nou-barris\/#primaryimage\"},\"thumbnailUrl\":\"https:\/\/www.noubarris.net\/web40\/wp-content\/uploads\/2022\/01\/020122.jpg\",\"keywords\":[\"Cavalcada\",\"Nadal\",\"Reis Mags\",\"Tradicions\"],\"articleSection\":[\"Cultura\",\"La Guineueta\"],\"inLanguage\":\"ca\"},{\"@type\":\"WebPage\",\"@id\":\"https:\/\/www.noubarris.net\/web40\/la-comitiva-reial-obre-el-seu-campament-a-la-seu-del-districte-de-nou-barris\/\",\"url\":\"https:\/\/www.noubarris.net\/web40\/la-comitiva-reial-obre-el-seu-campament-a-la-seu-del-districte-de-nou-barris\/\",\"name\":\"La comitiva reial obre el seu campament a la Seu del Districte de Nou Barris - NouBarris.Net\",\"isPartOf\":{\"@id\":\"https:\/\/www.noubarris.net\/web40\/#website\"},\"primaryImageOfPage\":{\"@id\":\"https:\/\/www.noubarris.net\/web40\/la-comitiva-reial-obre-el-seu-campament-a-la-seu-del-districte-de-nou-barris\/#primaryimage\"},\"image\":{\"@id\":\"https:\/\/www.noubarris.net\/web40\/la-comitiva-reial-obre-el-seu-campament-a-la-seu-del-districte-de-nou-barris\/#primaryimage\"},\"thumbnailUrl\":\"https:\/\/www.noubarris.net\/web40\/wp-content\/uploads\/2022\/01\/020122.jpg\",\"datePublished\":\"2022-01-01T22:00:21+00:00\",\"breadcrumb\":{\"@id\":\"https:\/\/www.noubarris.net\/web40\/la-comitiva-reial-obre-el-seu-campament-a-la-seu-del-districte-de-nou-barris\/#breadcrumb\"},\"inLanguage\":\"ca\",\"potentialAction\":[{\"@type\":\"ReadAction\",\"target\":[\"https:\/\/www.noubarris.net\/web40\/la-comitiva-reial-obre-el-seu-campament-a-la-seu-del-districte-de-nou-barris\/\"]}]},{\"@type\":\"ImageObject\",\"inLanguage\":\"ca\",\"@id\":\"https:\/\/www.noubarris.net\/web40\/la-comitiva-reial-obre-el-seu-campament-a-la-seu-del-districte-de-nou-barris\/#primaryimage\",\"url\":\"https:\/\/www.noubarris.net\/web40\/wp-content\/uploads\/2022\/01\/020122.jpg\",\"contentUrl\":\"https:\/\/www.noubarris.net\/web40\/wp-content\/uploads\/2022\/01\/020122.jpg\",\"width\":768,\"height\":432},{\"@type\":\"BreadcrumbList\",\"@id\":\"https:\/\/www.noubarris.net\/web40\/la-comitiva-reial-obre-el-seu-campament-a-la-seu-del-districte-de-nou-barris\/#breadcrumb\",\"itemListElement\":[{\"@type\":\"ListItem\",\"position\":1,\"name\":\"Inici\",\"item\":\"https:\/\/www.noubarris.net\/web40\/\"},{\"@type\":\"ListItem\",\"position\":2,\"name\":\"La comitiva reial obre el seu campament a la Seu del Districte de Nou Barris\"}]},{\"@type\":\"WebSite\",\"@id\":\"https:\/\/www.noubarris.net\/web40\/#website\",\"url\":\"https:\/\/www.noubarris.net\/web40\/\",\"name\":\"NouBarris.Net\",\"description\":\"Seguint la vida de Nou Barris des de 1985\",\"publisher\":{\"@id\":\"https:\/\/www.noubarris.net\/web40\/#organization\"},\"potentialAction\":[{\"@type\":\"SearchAction\",\"target\":{\"@type\":\"EntryPoint\",\"urlTemplate\":\"https:\/\/www.noubarris.net\/web40\/?s={search_term_string}\"},\"query-input\":{\"@type\":\"PropertyValueSpecification\",\"valueRequired\":true,\"valueName\":\"search_term_string\"}}],\"inLanguage\":\"ca\"},{\"@type\":\"Organization\",\"@id\":\"https:\/\/www.noubarris.net\/web40\/#organization\",\"name\":\"NouBarris.Net\",\"url\":\"https:\/\/www.noubarris.net\/web40\/\",\"logo\":{\"@type\":\"ImageObject\",\"inLanguage\":\"ca\",\"@id\":\"https:\/\/www.noubarris.net\/web40\/#\/schema\/logo\/image\/\",\"url\":\"https:\/\/www.noubarris.net\/web40\/wp-content\/uploads\/2024\/11\/cropped-cropped-LOGO_9BTV-2024_Insta-1.jpg\",\"contentUrl\":\"https:\/\/www.noubarris.net\/web40\/wp-content\/uploads\/2024\/11\/cropped-cropped-LOGO_9BTV-2024_Insta-1.jpg\",\"width\":512,\"height\":512,\"caption\":\"NouBarris.Net\"},\"image\":{\"@id\":\"https:\/\/www.noubarris.net\/web40\/#\/schema\/logo\/image\/\"},\"sameAs\":[\"https:\/\/www.facebook.com\/NouBarris.net\/?locale=es_ES\",\"https:\/\/x.com\/9BTV\"]},{\"@type\":\"Person\",\"@id\":\"https:\/\/www.noubarris.net\/web40\/#\/schema\/person\/1827f92aaa316c54abbf4dac0de76069\",\"name\":\"Informatius\",\"image\":{\"@type\":\"ImageObject\",\"inLanguage\":\"ca\",\"@id\":\"https:\/\/www.noubarris.net\/web40\/#\/schema\/person\/image\/\",\"url\":\"https:\/\/secure.gravatar.com\/avatar\/87a3b47928835fc72c6ee5b0e1a7263ef0c2d05003a98189bc14926c5f11bcdb?s=96&d=mm&r=g\",\"contentUrl\":\"https:\/\/secure.gravatar.com\/avatar\/87a3b47928835fc72c6ee5b0e1a7263ef0c2d05003a98189bc14926c5f11bcdb?s=96&d=mm&r=g\",\"caption\":\"Informatius\"},\"url\":\"https:\/\/www.noubarris.net\/web40\/author\/tele\/\"}]}<\/script>\n<!-- \/ Yoast SEO plugin. -->","yoast_head_json":{"title":"La comitiva reial obre el seu campament a la Seu del Districte de Nou Barris - NouBarris.Net","robots":{"index":"index","follow":"follow","max-snippet":"max-snippet:-1","max-image-preview":"max-image-preview:large","max-video-preview":"max-video-preview:-1"},"canonical":"https:\/\/www.noubarris.net\/web40\/la-comitiva-reial-obre-el-seu-campament-a-la-seu-del-districte-de-nou-barris\/","og_locale":"ca_ES","og_type":"article","og_title":"La comitiva reial obre el seu campament a la Seu del Districte de Nou Barris - NouBarris.Net","og_description":"El recinte es pot visitar sense reserva pr\u00e8via les tardes des d&#8217;avui fins al dia 4 de gener Torna el","og_url":"https:\/\/www.noubarris.net\/web40\/la-comitiva-reial-obre-el-seu-campament-a-la-seu-del-districte-de-nou-barris\/","og_site_name":"NouBarris.Net","article_publisher":"https:\/\/www.facebook.com\/NouBarris.net\/?locale=es_ES","article_published_time":"2022-01-01T22:00:21+00:00","og_image":[{"width":768,"height":432,"url":"https:\/\/www.noubarris.net\/web40\/wp-content\/uploads\/2022\/01\/020122.jpg","type":"image\/jpeg"}],"author":"Informatius","twitter_card":"summary_large_image","twitter_creator":"@9BTV","twitter_site":"@9BTV","twitter_misc":{"Escrit per":"Informatius","Temps estimat de lectura":"1 minut"},"schema":{"@context":"https:\/\/schema.org","@graph":[{"@type":"Article","@id":"https:\/\/www.noubarris.net\/web40\/la-comitiva-reial-obre-el-seu-campament-a-la-seu-del-districte-de-nou-barris\/#article","isPartOf":{"@id":"https:\/\/www.noubarris.net\/web40\/la-comitiva-reial-obre-el-seu-campament-a-la-seu-del-districte-de-nou-barris\/"},"author":{"name":"Informatius","@id":"https:\/\/www.noubarris.net\/web40\/#\/schema\/person\/1827f92aaa316c54abbf4dac0de76069"},"headline":"La comitiva reial obre el seu campament a la Seu del Districte de Nou Barris","datePublished":"2022-01-01T22:00:21+00:00","mainEntityOfPage":{"@id":"https:\/\/www.noubarris.net\/web40\/la-comitiva-reial-obre-el-seu-campament-a-la-seu-del-districte-de-nou-barris\/"},"wordCount":278,"publisher":{"@id":"https:\/\/www.noubarris.net\/web40\/#organization"},"image":{"@id":"https:\/\/www.noubarris.net\/web40\/la-comitiva-reial-obre-el-seu-campament-a-la-seu-del-districte-de-nou-barris\/#primaryimage"},"thumbnailUrl":"https:\/\/www.noubarris.net\/web40\/wp-content\/uploads\/2022\/01\/020122.jpg","keywords":["Cavalcada","Nadal","Reis Mags","Tradicions"],"articleSection":["Cultura","La Guineueta"],"inLanguage":"ca"},{"@type":"WebPage","@id":"https:\/\/www.noubarris.net\/web40\/la-comitiva-reial-obre-el-seu-campament-a-la-seu-del-districte-de-nou-barris\/","url":"https:\/\/www.noubarris.net\/web40\/la-comitiva-reial-obre-el-seu-campament-a-la-seu-del-districte-de-nou-barris\/","name":"La comitiva reial obre el seu campament a la Seu del Districte de Nou Barris - NouBarris.Net","isPartOf":{"@id":"https:\/\/www.noubarris.net\/web40\/#website"},"primaryImageOfPage":{"@id":"https:\/\/www.noubarris.net\/web40\/la-comitiva-reial-obre-el-seu-campament-a-la-seu-del-districte-de-nou-barris\/#primaryimage"},"image":{"@id":"https:\/\/www.noubarris.net\/web40\/la-comitiva-reial-obre-el-seu-campament-a-la-seu-del-districte-de-nou-barris\/#primaryimage"},"thumbnailUrl":"https:\/\/www.noubarris.net\/web40\/wp-content\/uploads\/2022\/01\/020122.jpg","datePublished":"2022-01-01T22:00:21+00:00","breadcrumb":{"@id":"https:\/\/www.noubarris.net\/web40\/la-comitiva-reial-obre-el-seu-campament-a-la-seu-del-districte-de-nou-barris\/#breadcrumb"},"inLanguage":"ca","potentialAction":[{"@type":"ReadAction","target":["https:\/\/www.noubarris.net\/web40\/la-comitiva-reial-obre-el-seu-campament-a-la-seu-del-districte-de-nou-barris\/"]}]},{"@type":"ImageObject","inLanguage":"ca","@id":"https:\/\/www.noubarris.net\/web40\/la-comitiva-reial-obre-el-seu-campament-a-la-seu-del-districte-de-nou-barris\/#primaryimage","url":"https:\/\/www.noubarris.net\/web40\/wp-content\/uploads\/2022\/01\/020122.jpg","contentUrl":"https:\/\/www.noubarris.net\/web40\/wp-content\/uploads\/2022\/01\/020122.jpg","width":768,"height":432},{"@type":"BreadcrumbList","@id":"https:\/\/www.noubarris.net\/web40\/la-comitiva-reial-obre-el-seu-campament-a-la-seu-del-districte-de-nou-barris\/#breadcrumb","itemListElement":[{"@type":"ListItem","position":1,"name":"Inici","item":"https:\/\/www.noubarris.net\/web40\/"},{"@type":"ListItem","position":2,"name":"La comitiva reial obre el seu campament a la Seu del Districte de Nou Barris"}]},{"@type":"WebSite","@id":"https:\/\/www.noubarris.net\/web40\/#website","url":"https:\/\/www.noubarris.net\/web40\/","name":"NouBarris.Net","description":"Seguint la vida de Nou Barris des de 1985","publisher":{"@id":"https:\/\/www.noubarris.net\/web40\/#organization"},"potentialAction":[{"@type":"SearchAction","target":{"@type":"EntryPoint","urlTemplate":"https:\/\/www.noubarris.net\/web40\/?s={search_term_string}"},"query-input":{"@type":"PropertyValueSpecification","valueRequired":true,"valueName":"search_term_string"}}],"inLanguage":"ca"},{"@type":"Organization","@id":"https:\/\/www.noubarris.net\/web40\/#organization","name":"NouBarris.Net","url":"https:\/\/www.noubarris.net\/web40\/","logo":{"@type":"ImageObject","inLanguage":"ca","@id":"https:\/\/www.noubarris.net\/web40\/#\/schema\/logo\/image\/","url":"https:\/\/www.noubarris.net\/web40\/wp-content\/uploads\/2024\/11\/cropped-cropped-LOGO_9BTV-2024_Insta-1.jpg","contentUrl":"https:\/\/www.noubarris.net\/web40\/wp-content\/uploads\/2024\/11\/cropped-cropped-LOGO_9BTV-2024_Insta-1.jpg","width":512,"height":512,"caption":"NouBarris.Net"},"image":{"@id":"https:\/\/www.noubarris.net\/web40\/#\/schema\/logo\/image\/"},"sameAs":["https:\/\/www.facebook.com\/NouBarris.net\/?locale=es_ES","https:\/\/x.com\/9BTV"]},{"@type":"Person","@id":"https:\/\/www.noubarris.net\/web40\/#\/schema\/person\/1827f92aaa316c54abbf4dac0de76069","name":"Informatius","image":{"@type":"ImageObject","inLanguage":"ca","@id":"https:\/\/www.noubarris.net\/web40\/#\/schema\/person\/image\/","url":"https:\/\/secure.gravatar.com\/avatar\/87a3b47928835fc72c6ee5b0e1a7263ef0c2d05003a98189bc14926c5f11bcdb?s=96&d=mm&r=g","contentUrl":"https:\/\/secure.gravatar.com\/avatar\/87a3b47928835fc72c6ee5b0e1a7263ef0c2d05003a98189bc14926c5f11bcdb?s=96&d=mm&r=g","caption":"Informatius"},"url":"https:\/\/www.noubarris.net\/web40\/author\/tele\/"}]}},"_links":{"self":[{"href":"https:\/\/www.noubarris.net\/web40\/wp-json\/wp\/v2\/posts\/78393","targetHints":{"allow":["GET"]}}],"collection":[{"href":"https:\/\/www.noubarris.net\/web40\/wp-json\/wp\/v2\/posts"}],"about":[{"href":"https:\/\/www.noubarris.net\/web40\/wp-json\/wp\/v2\/types\/post"}],"author":[{"embeddable":true,"href":"https:\/\/www.noubarris.net\/web40\/wp-json\/wp\/v2\/users\/2"}],"replies":[{"embeddable":true,"href":"https:\/\/www.noubarris.net\/web40\/wp-json\/wp\/v2\/comments?post=78393"}],"version-history":[{"count":2,"href":"https:\/\/www.noubarris.net\/web40\/wp-json\/wp\/v2\/posts\/78393\/revisions"}],"predecessor-version":[{"id":78397,"href":"https:\/\/www.noubarris.net\/web40\/wp-json\/wp\/v2\/posts\/78393\/revisions\/78397"}],"wp:featuredmedia":[{"embeddable":true,"href":"https:\/\/www.noubarris.net\/web40\/wp-json\/wp\/v2\/media\/78395"}],"wp:attachment":[{"href":"https:\/\/www.noubarris.net\/web40\/wp-json\/wp\/v2\/media?parent=78393"}],"wp:term":[{"taxonomy":"category","embeddable":true,"href":"https:\/\/www.noubarris.net\/web40\/wp-json\/wp\/v2\/categories?post=78393"},{"taxonomy":"post_tag","embeddable":true,"href":"https:\/\/www.noubarris.net\/web40\/wp-json\/wp\/v2\/tags?post=78393"}],"curies":[{"name":"wp","href":"https:\/\/api.w.org\/{rel}","templated":true}]}}