{"id":78418,"date":"2022-01-04T00:00:29","date_gmt":"2022-01-03T22:00:29","guid":{"rendered":"http:\/\/www.noubarris.net\/web40\/?p=78418"},"modified":"2022-01-04T11:27:01","modified_gmt":"2022-01-04T09:27:01","slug":"patges-i-figures-de-reis-mags-en-laser-i-3d","status":"publish","type":"post","link":"https:\/\/www.noubarris.net\/web40\/patges-i-figures-de-reis-mags-en-laser-i-3d\/","title":{"rendered":"Patges i figures de Reis Mags en l\u00e0ser i 3D"},"content":{"rendered":"<p><strong>Als punts de recollida de cartes s&#8217;hi suma avui un taller tecnol\u00f2gic amb motius nadalencs<\/strong><\/p>\n<p>Aquests dies els eixos comercials ofereixen espectacles per als m\u00e9s petits, tamb\u00e9 els patges reials es reparteixen per diversos indrets amb l&#8217;objectiu d&#8217;atendre les peticions dels infants abans de l&#8217;arribada dels Reis Mags. Avui els trobareu al Mercat de la Merc\u00e8, la pla\u00e7a del Verdum, la pla\u00e7a del Mercat de Ciutat Meridiana i a la pla\u00e7a del Primer de Maig. Tamb\u00e9 continuen els tallers tecnol\u00f2gics als dos ateneus de fabricaci\u00f3 del districte i repartits tamb\u00e9 per altres equipaments. Avui \u00e9s el torn del taller tecn\u00f2logic &#8220;Figures Reis Mags&#8221; al casal de barri de Vallbona. A continuaci\u00f3 us oferim m\u00e9s detall de l&#8217;activitat i dels punts de recollida de cartes amb patges reials.<\/p>\n<ul>\n<li>Taller tecnol\u00f2gic infantil &#8220;Figures Reis Mags&#8221;<\/li>\n<\/ul>\n<p>De 16 a 18 h<\/p>\n<p>El tall i gravat amb l\u00e0ser \u00e9s un procediment r\u00e0pid i senzill amb el qual es pot tallar i gravar paper, cartolina i cartr\u00f3. Els\/les participants podran muntar un puzzle 3D de motius nadalencs en fusta. Al mateix temps, procedeixen a descobrir el sistema de funcionament d\u2019un pl\u00f2ter de tall.<br \/>\nNo cal reserva pr\u00e8via.<br \/>\nOrganitza: Districte de Nou Barris. Col\u00b7labora: Fundaci\u00f3 CIM-UPC<br \/>\nCasal de Barri Vallbona, c. Orist\u00e0, 8<\/p>\n<ul>\n<li>Patge Reial al Mercat de la Merc\u00e8<\/li>\n<\/ul>\n<p>Dies 4 i 5 de gener:\/ dimarts de 7.30 a 14 h, i dimecres de 7 a 15 h<br \/>\nUn patge reial recollir\u00e0 les cartes dels nens i nenes i els repartir\u00e0 molts caramels<br \/>\nMercat de la Merc\u00e8, passeig de Fabra i Puig, 270<\/p>\n<ul>\n<li>Patge Reial a Ciutat Meridiana<\/li>\n<\/ul>\n<p>12 h<br \/>\nOrganitza: Camp de Treball de Nadal<br \/>\nPla\u00e7a del Mercat de Ciutat Meridiana<\/p>\n<ul>\n<li>Patges Reials a Verdum<\/li>\n<\/ul>\n<p>De 16 a 19 h<br \/>\nPorta la carta als patges dels Reis Mags!<br \/>\nOrganitza: Comissi\u00f3 de Festes de Verdum<br \/>\nPla\u00e7a de Verdum.<\/p>\n<ul>\n<li>Patge Reial a Vallbona<\/li>\n<\/ul>\n<p>17 h<br \/>\nOrganitzen: Casal de Barri de Vallbona i Camp de Treball de Nadal<br \/>\nPla\u00e7a del Primer de Maig.<\/p>\n","protected":false},"excerpt":{"rendered":"<p>Als punts de recollida de cartes s&#8217;hi suma avui un taller tecnol\u00f2gic amb motius nadalencs Aquests dies els eixos comercials<\/p>\n","protected":false},"author":2,"featured_media":78419,"comment_status":"closed","ping_status":"closed","sticky":false,"template":"","format":"standard","meta":{"colormag_page_layout":"default_layout","_monsterinsights_skip_tracking":false,"_monsterinsights_sitenote_active":false,"_monsterinsights_sitenote_note":"","_monsterinsights_sitenote_category":0,"footnotes":""},"categories":[1,124],"tags":[369,319,411,421],"class_list":["post-78418","post","type-post","status-publish","format-standard","has-post-thumbnail","hentry","category-nou-barris","category-societat","tag-nadal","tag-nou-barris","tag-reis-mags","tag-taller"],"yoast_head":"<!-- This site is optimized with the Yoast SEO plugin v25.3 - https:\/\/yoast.com\/wordpress\/plugins\/seo\/ -->\n<title>Patges i figures de Reis Mags en l\u00e0ser i 3D - NouBarris.Net<\/title>\n<meta name=\"robots\" content=\"index, follow, max-snippet:-1, max-image-preview:large, max-video-preview:-1\" \/>\n<link rel=\"canonical\" href=\"https:\/\/www.noubarris.net\/web40\/patges-i-figures-de-reis-mags-en-laser-i-3d\/\" \/>\n<meta property=\"og:locale\" content=\"ca_ES\" \/>\n<meta property=\"og:type\" content=\"article\" \/>\n<meta property=\"og:title\" content=\"Patges i figures de Reis Mags en l\u00e0ser i 3D - NouBarris.Net\" \/>\n<meta property=\"og:description\" content=\"Als punts de recollida de cartes s&#8217;hi suma avui un taller tecnol\u00f2gic amb motius nadalencs Aquests dies els eixos comercials\" \/>\n<meta property=\"og:url\" content=\"https:\/\/www.noubarris.net\/web40\/patges-i-figures-de-reis-mags-en-laser-i-3d\/\" \/>\n<meta property=\"og:site_name\" content=\"NouBarris.Net\" \/>\n<meta property=\"article:publisher\" content=\"https:\/\/www.facebook.com\/NouBarris.net\/?locale=es_ES\" \/>\n<meta property=\"article:published_time\" content=\"2022-01-03T22:00:29+00:00\" \/>\n<meta property=\"article:modified_time\" content=\"2022-01-04T09:27:01+00:00\" \/>\n<meta property=\"og:image\" content=\"https:\/\/www.noubarris.net\/web40\/wp-content\/uploads\/2022\/01\/041222.jpg\" \/>\n\t<meta property=\"og:image:width\" content=\"768\" \/>\n\t<meta property=\"og:image:height\" content=\"432\" \/>\n\t<meta property=\"og:image:type\" content=\"image\/jpeg\" \/>\n<meta name=\"author\" content=\"Informatius\" \/>\n<meta name=\"twitter:card\" content=\"summary_large_image\" \/>\n<meta name=\"twitter:creator\" content=\"@9BTV\" \/>\n<meta name=\"twitter:site\" content=\"@9BTV\" \/>\n<meta name=\"twitter:label1\" content=\"Escrit per\" \/>\n\t<meta name=\"twitter:data1\" content=\"Informatius\" \/>\n\t<meta name=\"twitter:label2\" content=\"Temps estimat de lectura\" \/>\n\t<meta name=\"twitter:data2\" content=\"2 minuts\" \/>\n<script type=\"application\/ld+json\" class=\"yoast-schema-graph\">{\"@context\":\"https:\/\/schema.org\",\"@graph\":[{\"@type\":\"Article\",\"@id\":\"https:\/\/www.noubarris.net\/web40\/patges-i-figures-de-reis-mags-en-laser-i-3d\/#article\",\"isPartOf\":{\"@id\":\"https:\/\/www.noubarris.net\/web40\/patges-i-figures-de-reis-mags-en-laser-i-3d\/\"},\"author\":{\"name\":\"Informatius\",\"@id\":\"https:\/\/www.noubarris.net\/web40\/#\/schema\/person\/1827f92aaa316c54abbf4dac0de76069\"},\"headline\":\"Patges i figures de Reis Mags en l\u00e0ser i 3D\",\"datePublished\":\"2022-01-03T22:00:29+00:00\",\"dateModified\":\"2022-01-04T09:27:01+00:00\",\"mainEntityOfPage\":{\"@id\":\"https:\/\/www.noubarris.net\/web40\/patges-i-figures-de-reis-mags-en-laser-i-3d\/\"},\"wordCount\":347,\"publisher\":{\"@id\":\"https:\/\/www.noubarris.net\/web40\/#organization\"},\"image\":{\"@id\":\"https:\/\/www.noubarris.net\/web40\/patges-i-figures-de-reis-mags-en-laser-i-3d\/#primaryimage\"},\"thumbnailUrl\":\"https:\/\/www.noubarris.net\/web40\/wp-content\/uploads\/2022\/01\/041222.jpg\",\"keywords\":[\"Nadal\",\"Nou Barris\",\"Reis Mags\",\"Taller\"],\"articleSection\":[\"Nou Barris\",\"Societat\"],\"inLanguage\":\"ca\"},{\"@type\":\"WebPage\",\"@id\":\"https:\/\/www.noubarris.net\/web40\/patges-i-figures-de-reis-mags-en-laser-i-3d\/\",\"url\":\"https:\/\/www.noubarris.net\/web40\/patges-i-figures-de-reis-mags-en-laser-i-3d\/\",\"name\":\"Patges i figures de Reis Mags en l\u00e0ser i 3D - NouBarris.Net\",\"isPartOf\":{\"@id\":\"https:\/\/www.noubarris.net\/web40\/#website\"},\"primaryImageOfPage\":{\"@id\":\"https:\/\/www.noubarris.net\/web40\/patges-i-figures-de-reis-mags-en-laser-i-3d\/#primaryimage\"},\"image\":{\"@id\":\"https:\/\/www.noubarris.net\/web40\/patges-i-figures-de-reis-mags-en-laser-i-3d\/#primaryimage\"},\"thumbnailUrl\":\"https:\/\/www.noubarris.net\/web40\/wp-content\/uploads\/2022\/01\/041222.jpg\",\"datePublished\":\"2022-01-03T22:00:29+00:00\",\"dateModified\":\"2022-01-04T09:27:01+00:00\",\"breadcrumb\":{\"@id\":\"https:\/\/www.noubarris.net\/web40\/patges-i-figures-de-reis-mags-en-laser-i-3d\/#breadcrumb\"},\"inLanguage\":\"ca\",\"potentialAction\":[{\"@type\":\"ReadAction\",\"target\":[\"https:\/\/www.noubarris.net\/web40\/patges-i-figures-de-reis-mags-en-laser-i-3d\/\"]}]},{\"@type\":\"ImageObject\",\"inLanguage\":\"ca\",\"@id\":\"https:\/\/www.noubarris.net\/web40\/patges-i-figures-de-reis-mags-en-laser-i-3d\/#primaryimage\",\"url\":\"https:\/\/www.noubarris.net\/web40\/wp-content\/uploads\/2022\/01\/041222.jpg\",\"contentUrl\":\"https:\/\/www.noubarris.net\/web40\/wp-content\/uploads\/2022\/01\/041222.jpg\",\"width\":768,\"height\":432},{\"@type\":\"BreadcrumbList\",\"@id\":\"https:\/\/www.noubarris.net\/web40\/patges-i-figures-de-reis-mags-en-laser-i-3d\/#breadcrumb\",\"itemListElement\":[{\"@type\":\"ListItem\",\"position\":1,\"name\":\"Inici\",\"item\":\"https:\/\/www.noubarris.net\/web40\/\"},{\"@type\":\"ListItem\",\"position\":2,\"name\":\"Patges i figures de Reis Mags en l\u00e0ser i 3D\"}]},{\"@type\":\"WebSite\",\"@id\":\"https:\/\/www.noubarris.net\/web40\/#website\",\"url\":\"https:\/\/www.noubarris.net\/web40\/\",\"name\":\"NouBarris.Net\",\"description\":\"Seguint la vida de Nou Barris des de 1985\",\"publisher\":{\"@id\":\"https:\/\/www.noubarris.net\/web40\/#organization\"},\"potentialAction\":[{\"@type\":\"SearchAction\",\"target\":{\"@type\":\"EntryPoint\",\"urlTemplate\":\"https:\/\/www.noubarris.net\/web40\/?s={search_term_string}\"},\"query-input\":{\"@type\":\"PropertyValueSpecification\",\"valueRequired\":true,\"valueName\":\"search_term_string\"}}],\"inLanguage\":\"ca\"},{\"@type\":\"Organization\",\"@id\":\"https:\/\/www.noubarris.net\/web40\/#organization\",\"name\":\"NouBarris.Net\",\"url\":\"https:\/\/www.noubarris.net\/web40\/\",\"logo\":{\"@type\":\"ImageObject\",\"inLanguage\":\"ca\",\"@id\":\"https:\/\/www.noubarris.net\/web40\/#\/schema\/logo\/image\/\",\"url\":\"https:\/\/www.noubarris.net\/web40\/wp-content\/uploads\/2024\/11\/cropped-cropped-LOGO_9BTV-2024_Insta-1.jpg\",\"contentUrl\":\"https:\/\/www.noubarris.net\/web40\/wp-content\/uploads\/2024\/11\/cropped-cropped-LOGO_9BTV-2024_Insta-1.jpg\",\"width\":512,\"height\":512,\"caption\":\"NouBarris.Net\"},\"image\":{\"@id\":\"https:\/\/www.noubarris.net\/web40\/#\/schema\/logo\/image\/\"},\"sameAs\":[\"https:\/\/www.facebook.com\/NouBarris.net\/?locale=es_ES\",\"https:\/\/x.com\/9BTV\"]},{\"@type\":\"Person\",\"@id\":\"https:\/\/www.noubarris.net\/web40\/#\/schema\/person\/1827f92aaa316c54abbf4dac0de76069\",\"name\":\"Informatius\",\"image\":{\"@type\":\"ImageObject\",\"inLanguage\":\"ca\",\"@id\":\"https:\/\/www.noubarris.net\/web40\/#\/schema\/person\/image\/\",\"url\":\"https:\/\/secure.gravatar.com\/avatar\/87a3b47928835fc72c6ee5b0e1a7263ef0c2d05003a98189bc14926c5f11bcdb?s=96&d=mm&r=g\",\"contentUrl\":\"https:\/\/secure.gravatar.com\/avatar\/87a3b47928835fc72c6ee5b0e1a7263ef0c2d05003a98189bc14926c5f11bcdb?s=96&d=mm&r=g\",\"caption\":\"Informatius\"},\"url\":\"https:\/\/www.noubarris.net\/web40\/author\/tele\/\"}]}<\/script>\n<!-- \/ Yoast SEO plugin. -->","yoast_head_json":{"title":"Patges i figures de Reis Mags en l\u00e0ser i 3D - NouBarris.Net","robots":{"index":"index","follow":"follow","max-snippet":"max-snippet:-1","max-image-preview":"max-image-preview:large","max-video-preview":"max-video-preview:-1"},"canonical":"https:\/\/www.noubarris.net\/web40\/patges-i-figures-de-reis-mags-en-laser-i-3d\/","og_locale":"ca_ES","og_type":"article","og_title":"Patges i figures de Reis Mags en l\u00e0ser i 3D - NouBarris.Net","og_description":"Als punts de recollida de cartes s&#8217;hi suma avui un taller tecnol\u00f2gic amb motius nadalencs Aquests dies els eixos comercials","og_url":"https:\/\/www.noubarris.net\/web40\/patges-i-figures-de-reis-mags-en-laser-i-3d\/","og_site_name":"NouBarris.Net","article_publisher":"https:\/\/www.facebook.com\/NouBarris.net\/?locale=es_ES","article_published_time":"2022-01-03T22:00:29+00:00","article_modified_time":"2022-01-04T09:27:01+00:00","og_image":[{"width":768,"height":432,"url":"https:\/\/www.noubarris.net\/web40\/wp-content\/uploads\/2022\/01\/041222.jpg","type":"image\/jpeg"}],"author":"Informatius","twitter_card":"summary_large_image","twitter_creator":"@9BTV","twitter_site":"@9BTV","twitter_misc":{"Escrit per":"Informatius","Temps estimat de lectura":"2 minuts"},"schema":{"@context":"https:\/\/schema.org","@graph":[{"@type":"Article","@id":"https:\/\/www.noubarris.net\/web40\/patges-i-figures-de-reis-mags-en-laser-i-3d\/#article","isPartOf":{"@id":"https:\/\/www.noubarris.net\/web40\/patges-i-figures-de-reis-mags-en-laser-i-3d\/"},"author":{"name":"Informatius","@id":"https:\/\/www.noubarris.net\/web40\/#\/schema\/person\/1827f92aaa316c54abbf4dac0de76069"},"headline":"Patges i figures de Reis Mags en l\u00e0ser i 3D","datePublished":"2022-01-03T22:00:29+00:00","dateModified":"2022-01-04T09:27:01+00:00","mainEntityOfPage":{"@id":"https:\/\/www.noubarris.net\/web40\/patges-i-figures-de-reis-mags-en-laser-i-3d\/"},"wordCount":347,"publisher":{"@id":"https:\/\/www.noubarris.net\/web40\/#organization"},"image":{"@id":"https:\/\/www.noubarris.net\/web40\/patges-i-figures-de-reis-mags-en-laser-i-3d\/#primaryimage"},"thumbnailUrl":"https:\/\/www.noubarris.net\/web40\/wp-content\/uploads\/2022\/01\/041222.jpg","keywords":["Nadal","Nou Barris","Reis Mags","Taller"],"articleSection":["Nou Barris","Societat"],"inLanguage":"ca"},{"@type":"WebPage","@id":"https:\/\/www.noubarris.net\/web40\/patges-i-figures-de-reis-mags-en-laser-i-3d\/","url":"https:\/\/www.noubarris.net\/web40\/patges-i-figures-de-reis-mags-en-laser-i-3d\/","name":"Patges i figures de Reis Mags en l\u00e0ser i 3D - NouBarris.Net","isPartOf":{"@id":"https:\/\/www.noubarris.net\/web40\/#website"},"primaryImageOfPage":{"@id":"https:\/\/www.noubarris.net\/web40\/patges-i-figures-de-reis-mags-en-laser-i-3d\/#primaryimage"},"image":{"@id":"https:\/\/www.noubarris.net\/web40\/patges-i-figures-de-reis-mags-en-laser-i-3d\/#primaryimage"},"thumbnailUrl":"https:\/\/www.noubarris.net\/web40\/wp-content\/uploads\/2022\/01\/041222.jpg","datePublished":"2022-01-03T22:00:29+00:00","dateModified":"2022-01-04T09:27:01+00:00","breadcrumb":{"@id":"https:\/\/www.noubarris.net\/web40\/patges-i-figures-de-reis-mags-en-laser-i-3d\/#breadcrumb"},"inLanguage":"ca","potentialAction":[{"@type":"ReadAction","target":["https:\/\/www.noubarris.net\/web40\/patges-i-figures-de-reis-mags-en-laser-i-3d\/"]}]},{"@type":"ImageObject","inLanguage":"ca","@id":"https:\/\/www.noubarris.net\/web40\/patges-i-figures-de-reis-mags-en-laser-i-3d\/#primaryimage","url":"https:\/\/www.noubarris.net\/web40\/wp-content\/uploads\/2022\/01\/041222.jpg","contentUrl":"https:\/\/www.noubarris.net\/web40\/wp-content\/uploads\/2022\/01\/041222.jpg","width":768,"height":432},{"@type":"BreadcrumbList","@id":"https:\/\/www.noubarris.net\/web40\/patges-i-figures-de-reis-mags-en-laser-i-3d\/#breadcrumb","itemListElement":[{"@type":"ListItem","position":1,"name":"Inici","item":"https:\/\/www.noubarris.net\/web40\/"},{"@type":"ListItem","position":2,"name":"Patges i figures de Reis Mags en l\u00e0ser i 3D"}]},{"@type":"WebSite","@id":"https:\/\/www.noubarris.net\/web40\/#website","url":"https:\/\/www.noubarris.net\/web40\/","name":"NouBarris.Net","description":"Seguint la vida de Nou Barris des de 1985","publisher":{"@id":"https:\/\/www.noubarris.net\/web40\/#organization"},"potentialAction":[{"@type":"SearchAction","target":{"@type":"EntryPoint","urlTemplate":"https:\/\/www.noubarris.net\/web40\/?s={search_term_string}"},"query-input":{"@type":"PropertyValueSpecification","valueRequired":true,"valueName":"search_term_string"}}],"inLanguage":"ca"},{"@type":"Organization","@id":"https:\/\/www.noubarris.net\/web40\/#organization","name":"NouBarris.Net","url":"https:\/\/www.noubarris.net\/web40\/","logo":{"@type":"ImageObject","inLanguage":"ca","@id":"https:\/\/www.noubarris.net\/web40\/#\/schema\/logo\/image\/","url":"https:\/\/www.noubarris.net\/web40\/wp-content\/uploads\/2024\/11\/cropped-cropped-LOGO_9BTV-2024_Insta-1.jpg","contentUrl":"https:\/\/www.noubarris.net\/web40\/wp-content\/uploads\/2024\/11\/cropped-cropped-LOGO_9BTV-2024_Insta-1.jpg","width":512,"height":512,"caption":"NouBarris.Net"},"image":{"@id":"https:\/\/www.noubarris.net\/web40\/#\/schema\/logo\/image\/"},"sameAs":["https:\/\/www.facebook.com\/NouBarris.net\/?locale=es_ES","https:\/\/x.com\/9BTV"]},{"@type":"Person","@id":"https:\/\/www.noubarris.net\/web40\/#\/schema\/person\/1827f92aaa316c54abbf4dac0de76069","name":"Informatius","image":{"@type":"ImageObject","inLanguage":"ca","@id":"https:\/\/www.noubarris.net\/web40\/#\/schema\/person\/image\/","url":"https:\/\/secure.gravatar.com\/avatar\/87a3b47928835fc72c6ee5b0e1a7263ef0c2d05003a98189bc14926c5f11bcdb?s=96&d=mm&r=g","contentUrl":"https:\/\/secure.gravatar.com\/avatar\/87a3b47928835fc72c6ee5b0e1a7263ef0c2d05003a98189bc14926c5f11bcdb?s=96&d=mm&r=g","caption":"Informatius"},"url":"https:\/\/www.noubarris.net\/web40\/author\/tele\/"}]}},"_links":{"self":[{"href":"https:\/\/www.noubarris.net\/web40\/wp-json\/wp\/v2\/posts\/78418","targetHints":{"allow":["GET"]}}],"collection":[{"href":"https:\/\/www.noubarris.net\/web40\/wp-json\/wp\/v2\/posts"}],"about":[{"href":"https:\/\/www.noubarris.net\/web40\/wp-json\/wp\/v2\/types\/post"}],"author":[{"embeddable":true,"href":"https:\/\/www.noubarris.net\/web40\/wp-json\/wp\/v2\/users\/2"}],"replies":[{"embeddable":true,"href":"https:\/\/www.noubarris.net\/web40\/wp-json\/wp\/v2\/comments?post=78418"}],"version-history":[{"count":1,"href":"https:\/\/www.noubarris.net\/web40\/wp-json\/wp\/v2\/posts\/78418\/revisions"}],"predecessor-version":[{"id":78420,"href":"https:\/\/www.noubarris.net\/web40\/wp-json\/wp\/v2\/posts\/78418\/revisions\/78420"}],"wp:featuredmedia":[{"embeddable":true,"href":"https:\/\/www.noubarris.net\/web40\/wp-json\/wp\/v2\/media\/78419"}],"wp:attachment":[{"href":"https:\/\/www.noubarris.net\/web40\/wp-json\/wp\/v2\/media?parent=78418"}],"wp:term":[{"taxonomy":"category","embeddable":true,"href":"https:\/\/www.noubarris.net\/web40\/wp-json\/wp\/v2\/categories?post=78418"},{"taxonomy":"post_tag","embeddable":true,"href":"https:\/\/www.noubarris.net\/web40\/wp-json\/wp\/v2\/tags?post=78418"}],"curies":[{"name":"wp","href":"https:\/\/api.w.org\/{rel}","templated":true}]}}