{"id":78424,"date":"2022-01-05T00:00:19","date_gmt":"2022-01-04T22:00:19","guid":{"rendered":"http:\/\/www.noubarris.net\/web40\/?p=78424"},"modified":"2022-01-04T11:41:09","modified_gmt":"2022-01-04T09:41:09","slug":"torna-la-cavalcada-de-reis-a-nou-barris","status":"publish","type":"post","link":"https:\/\/www.noubarris.net\/web40\/torna-la-cavalcada-de-reis-a-nou-barris\/","title":{"rendered":"Torna la cavalcada de Reis a Nou Barris"},"content":{"rendered":"<p><strong>Els rebran a la Zona Nord i aniran a a la Seu del Districte, on els espera un espectacle musical, per finalment iniciar la cavalcada\u00a0<\/strong><\/p>\n<p>Nou Barris recupera avui una de les grans tradicions nadalenques: la cavalcada. La primera parada \u00e9s la de benvinguda als Reis d\u2019Orient. Sortir\u00e0 a les 16.15h del carrer de Perafita 48, i seguir\u00e0 pels Rasos de Peguera i Vallcivera fins a la pla\u00e7a de l\u2019estaci\u00f3 de Renfe. La comitiva entrar\u00e0 a a la pla\u00e7a de l\u2019estaci\u00f3 de Renfe sobre les 17.15h i esperar\u00e0 els Mags d\u2019Orient, que arribaran en tren a aquella hora i compartiran unes paraules juntament amb un espectacle d\u2019animaci\u00f3. Hi haur\u00e0 servei de llengua de signes).<\/p>\n<p>Acabada la cavalcada de benvinguda, els Reis d\u2019Orient es dirigiran als nens i nenes de Nou Barris des de la balconada de la Seu del Districte, a la pla\u00e7a Major de Nou Barris, on a partir de les 18 h comen\u00e7ar\u00e0 un espectacle musical. Hi haur\u00e0 servei de subtitulaci\u00f3 i llengua de signes i espai reservat per a gent amb mobilitat redu\u00efda.<\/p>\n<p>I a les 19 h comen\u00e7ar\u00e0 la cavalcada pel districte amb el seg\u00fcent recorregut: via Fav\u00e8ncia \/ via J\u00falia, pla\u00e7a de la Rep\u00fablica, passeig de Verdun, carrer del Doctor Pi i Molist, passeig de Fabra i Puig \/ carrer de V\u00e8lia. Hi prendran part 19 carrosses i comparses.\u00a0En\u00a0<a href=\"https:\/\/media-edg.barcelona.cat\/wp-content\/uploads\/2021\/12\/23125404\/Talls-carrer-cavalcada-2021.pdf\" target=\"_blank\" rel=\"noopener\">aquest mapa<\/a>\u00a0podeu consultar l\u2019afectaci\u00f3 al tr\u00e0nsit.<\/p>\n<p>Coorganitzen la cavalcada de Benvinguda a la Zona Nord: Districte de Nou Barris, Associaci\u00f3 Sociocultural La Indomable, Associaci\u00f3 Educaci\u00f3 i Lleure Ubuntu, Casal de Joves Zona Nord, AFA Mestre Morera, AFA Mare Alfonsa Cav\u00edn, AFA CEIP Elisenda de Montcada, AMPA Escola Ciutat Comtal.<\/p>\n<p>Coorganitzen la cavalcada: Districte de Nou Barris, Centro Cultural Garc\u00eda Lorca, Societat Coral L\u2019Ideal d\u2019en Clav\u00e9, Associaci\u00f3 Porta Cultural, Centro Cultural Manuel de Falla, Hermandad Los Romeros, SESE, Vocalia de Joves Tur\u00f3 de la Peira, Associaci\u00f3 Sociocultural, AV Roquetes, La Indomable,\u00a0 Grup de Foc de Nou Barris, Banda Simf\u00f2nica Roquetes \u2013 Nou Barris de Barcelona, AFA Timbaler del Bruc, CEB Luz Casanova, AV Trinitat Nova, AMPA Cor Maria Sabastida, AMPA FEDAC Am\u00edlcar, Alzamora CF, AMPA Jes\u00fas \u2013 Maria Claudina Th\u00e9venet, AFA Escola \u00c0gora BCN.<\/p>\n<p>La gesti\u00f3 i direcci\u00f3 art\u00edstica \u00e9s a c\u00e0rrec de Pu\u00e7a Espectacles.<\/p>\n","protected":false},"excerpt":{"rendered":"<p>Els rebran a la Zona Nord i aniran a a la Seu del Districte, on els espera un espectacle musical,<\/p>\n","protected":false},"author":2,"featured_media":78426,"comment_status":"closed","ping_status":"closed","sticky":false,"template":"","format":"standard","meta":{"colormag_page_layout":"default_layout","_monsterinsights_skip_tracking":false,"_monsterinsights_sitenote_active":false,"_monsterinsights_sitenote_note":"","_monsterinsights_sitenote_category":0,"footnotes":""},"categories":[129,1],"tags":[410,369,319],"class_list":["post-78424","post","type-post","status-publish","format-standard","has-post-thumbnail","hentry","category-cultura","category-nou-barris","tag-cavalcada","tag-nadal","tag-nou-barris"],"yoast_head":"<!-- This site is optimized with the Yoast SEO plugin v25.3 - https:\/\/yoast.com\/wordpress\/plugins\/seo\/ -->\n<title>Torna la cavalcada de Reis a Nou Barris - NouBarris.Net<\/title>\n<meta name=\"robots\" content=\"index, follow, max-snippet:-1, max-image-preview:large, max-video-preview:-1\" \/>\n<link rel=\"canonical\" href=\"https:\/\/www.noubarris.net\/web40\/torna-la-cavalcada-de-reis-a-nou-barris\/\" \/>\n<meta property=\"og:locale\" content=\"ca_ES\" \/>\n<meta property=\"og:type\" content=\"article\" \/>\n<meta property=\"og:title\" content=\"Torna la cavalcada de Reis a Nou Barris - NouBarris.Net\" \/>\n<meta property=\"og:description\" content=\"Els rebran a la Zona Nord i aniran a a la Seu del Districte, on els espera un espectacle musical,\" \/>\n<meta property=\"og:url\" content=\"https:\/\/www.noubarris.net\/web40\/torna-la-cavalcada-de-reis-a-nou-barris\/\" \/>\n<meta property=\"og:site_name\" content=\"NouBarris.Net\" \/>\n<meta property=\"article:publisher\" content=\"https:\/\/www.facebook.com\/NouBarris.net\/?locale=es_ES\" \/>\n<meta property=\"article:published_time\" content=\"2022-01-04T22:00:19+00:00\" \/>\n<meta property=\"og:image\" content=\"https:\/\/www.noubarris.net\/web40\/wp-content\/uploads\/2022\/01\/050122.jpg\" \/>\n\t<meta property=\"og:image:width\" content=\"768\" \/>\n\t<meta property=\"og:image:height\" content=\"432\" \/>\n\t<meta property=\"og:image:type\" content=\"image\/jpeg\" \/>\n<meta name=\"author\" content=\"Informatius\" \/>\n<meta name=\"twitter:card\" content=\"summary_large_image\" \/>\n<meta name=\"twitter:creator\" content=\"@9BTV\" \/>\n<meta name=\"twitter:site\" content=\"@9BTV\" \/>\n<meta name=\"twitter:label1\" content=\"Escrit per\" \/>\n\t<meta name=\"twitter:data1\" content=\"Informatius\" \/>\n\t<meta name=\"twitter:label2\" content=\"Temps estimat de lectura\" \/>\n\t<meta name=\"twitter:data2\" content=\"2 minuts\" \/>\n<script type=\"application\/ld+json\" class=\"yoast-schema-graph\">{\"@context\":\"https:\/\/schema.org\",\"@graph\":[{\"@type\":\"Article\",\"@id\":\"https:\/\/www.noubarris.net\/web40\/torna-la-cavalcada-de-reis-a-nou-barris\/#article\",\"isPartOf\":{\"@id\":\"https:\/\/www.noubarris.net\/web40\/torna-la-cavalcada-de-reis-a-nou-barris\/\"},\"author\":{\"name\":\"Informatius\",\"@id\":\"https:\/\/www.noubarris.net\/web40\/#\/schema\/person\/1827f92aaa316c54abbf4dac0de76069\"},\"headline\":\"Torna la cavalcada de Reis a Nou Barris\",\"datePublished\":\"2022-01-04T22:00:19+00:00\",\"mainEntityOfPage\":{\"@id\":\"https:\/\/www.noubarris.net\/web40\/torna-la-cavalcada-de-reis-a-nou-barris\/\"},\"wordCount\":401,\"publisher\":{\"@id\":\"https:\/\/www.noubarris.net\/web40\/#organization\"},\"image\":{\"@id\":\"https:\/\/www.noubarris.net\/web40\/torna-la-cavalcada-de-reis-a-nou-barris\/#primaryimage\"},\"thumbnailUrl\":\"https:\/\/www.noubarris.net\/web40\/wp-content\/uploads\/2022\/01\/050122.jpg\",\"keywords\":[\"Cavalcada\",\"Nadal\",\"Nou Barris\"],\"articleSection\":[\"Cultura\",\"Nou Barris\"],\"inLanguage\":\"ca\"},{\"@type\":\"WebPage\",\"@id\":\"https:\/\/www.noubarris.net\/web40\/torna-la-cavalcada-de-reis-a-nou-barris\/\",\"url\":\"https:\/\/www.noubarris.net\/web40\/torna-la-cavalcada-de-reis-a-nou-barris\/\",\"name\":\"Torna la cavalcada de Reis a Nou Barris - NouBarris.Net\",\"isPartOf\":{\"@id\":\"https:\/\/www.noubarris.net\/web40\/#website\"},\"primaryImageOfPage\":{\"@id\":\"https:\/\/www.noubarris.net\/web40\/torna-la-cavalcada-de-reis-a-nou-barris\/#primaryimage\"},\"image\":{\"@id\":\"https:\/\/www.noubarris.net\/web40\/torna-la-cavalcada-de-reis-a-nou-barris\/#primaryimage\"},\"thumbnailUrl\":\"https:\/\/www.noubarris.net\/web40\/wp-content\/uploads\/2022\/01\/050122.jpg\",\"datePublished\":\"2022-01-04T22:00:19+00:00\",\"breadcrumb\":{\"@id\":\"https:\/\/www.noubarris.net\/web40\/torna-la-cavalcada-de-reis-a-nou-barris\/#breadcrumb\"},\"inLanguage\":\"ca\",\"potentialAction\":[{\"@type\":\"ReadAction\",\"target\":[\"https:\/\/www.noubarris.net\/web40\/torna-la-cavalcada-de-reis-a-nou-barris\/\"]}]},{\"@type\":\"ImageObject\",\"inLanguage\":\"ca\",\"@id\":\"https:\/\/www.noubarris.net\/web40\/torna-la-cavalcada-de-reis-a-nou-barris\/#primaryimage\",\"url\":\"https:\/\/www.noubarris.net\/web40\/wp-content\/uploads\/2022\/01\/050122.jpg\",\"contentUrl\":\"https:\/\/www.noubarris.net\/web40\/wp-content\/uploads\/2022\/01\/050122.jpg\",\"width\":768,\"height\":432},{\"@type\":\"BreadcrumbList\",\"@id\":\"https:\/\/www.noubarris.net\/web40\/torna-la-cavalcada-de-reis-a-nou-barris\/#breadcrumb\",\"itemListElement\":[{\"@type\":\"ListItem\",\"position\":1,\"name\":\"Inici\",\"item\":\"https:\/\/www.noubarris.net\/web40\/\"},{\"@type\":\"ListItem\",\"position\":2,\"name\":\"Torna la cavalcada de Reis a Nou Barris\"}]},{\"@type\":\"WebSite\",\"@id\":\"https:\/\/www.noubarris.net\/web40\/#website\",\"url\":\"https:\/\/www.noubarris.net\/web40\/\",\"name\":\"NouBarris.Net\",\"description\":\"Seguint la vida de Nou Barris des de 1985\",\"publisher\":{\"@id\":\"https:\/\/www.noubarris.net\/web40\/#organization\"},\"potentialAction\":[{\"@type\":\"SearchAction\",\"target\":{\"@type\":\"EntryPoint\",\"urlTemplate\":\"https:\/\/www.noubarris.net\/web40\/?s={search_term_string}\"},\"query-input\":{\"@type\":\"PropertyValueSpecification\",\"valueRequired\":true,\"valueName\":\"search_term_string\"}}],\"inLanguage\":\"ca\"},{\"@type\":\"Organization\",\"@id\":\"https:\/\/www.noubarris.net\/web40\/#organization\",\"name\":\"NouBarris.Net\",\"url\":\"https:\/\/www.noubarris.net\/web40\/\",\"logo\":{\"@type\":\"ImageObject\",\"inLanguage\":\"ca\",\"@id\":\"https:\/\/www.noubarris.net\/web40\/#\/schema\/logo\/image\/\",\"url\":\"https:\/\/www.noubarris.net\/web40\/wp-content\/uploads\/2024\/11\/cropped-cropped-LOGO_9BTV-2024_Insta-1.jpg\",\"contentUrl\":\"https:\/\/www.noubarris.net\/web40\/wp-content\/uploads\/2024\/11\/cropped-cropped-LOGO_9BTV-2024_Insta-1.jpg\",\"width\":512,\"height\":512,\"caption\":\"NouBarris.Net\"},\"image\":{\"@id\":\"https:\/\/www.noubarris.net\/web40\/#\/schema\/logo\/image\/\"},\"sameAs\":[\"https:\/\/www.facebook.com\/NouBarris.net\/?locale=es_ES\",\"https:\/\/x.com\/9BTV\"]},{\"@type\":\"Person\",\"@id\":\"https:\/\/www.noubarris.net\/web40\/#\/schema\/person\/1827f92aaa316c54abbf4dac0de76069\",\"name\":\"Informatius\",\"image\":{\"@type\":\"ImageObject\",\"inLanguage\":\"ca\",\"@id\":\"https:\/\/www.noubarris.net\/web40\/#\/schema\/person\/image\/\",\"url\":\"https:\/\/secure.gravatar.com\/avatar\/87a3b47928835fc72c6ee5b0e1a7263ef0c2d05003a98189bc14926c5f11bcdb?s=96&d=mm&r=g\",\"contentUrl\":\"https:\/\/secure.gravatar.com\/avatar\/87a3b47928835fc72c6ee5b0e1a7263ef0c2d05003a98189bc14926c5f11bcdb?s=96&d=mm&r=g\",\"caption\":\"Informatius\"},\"url\":\"https:\/\/www.noubarris.net\/web40\/author\/tele\/\"}]}<\/script>\n<!-- \/ Yoast SEO plugin. -->","yoast_head_json":{"title":"Torna la cavalcada de Reis a Nou Barris - NouBarris.Net","robots":{"index":"index","follow":"follow","max-snippet":"max-snippet:-1","max-image-preview":"max-image-preview:large","max-video-preview":"max-video-preview:-1"},"canonical":"https:\/\/www.noubarris.net\/web40\/torna-la-cavalcada-de-reis-a-nou-barris\/","og_locale":"ca_ES","og_type":"article","og_title":"Torna la cavalcada de Reis a Nou Barris - NouBarris.Net","og_description":"Els rebran a la Zona Nord i aniran a a la Seu del Districte, on els espera un espectacle musical,","og_url":"https:\/\/www.noubarris.net\/web40\/torna-la-cavalcada-de-reis-a-nou-barris\/","og_site_name":"NouBarris.Net","article_publisher":"https:\/\/www.facebook.com\/NouBarris.net\/?locale=es_ES","article_published_time":"2022-01-04T22:00:19+00:00","og_image":[{"width":768,"height":432,"url":"https:\/\/www.noubarris.net\/web40\/wp-content\/uploads\/2022\/01\/050122.jpg","type":"image\/jpeg"}],"author":"Informatius","twitter_card":"summary_large_image","twitter_creator":"@9BTV","twitter_site":"@9BTV","twitter_misc":{"Escrit per":"Informatius","Temps estimat de lectura":"2 minuts"},"schema":{"@context":"https:\/\/schema.org","@graph":[{"@type":"Article","@id":"https:\/\/www.noubarris.net\/web40\/torna-la-cavalcada-de-reis-a-nou-barris\/#article","isPartOf":{"@id":"https:\/\/www.noubarris.net\/web40\/torna-la-cavalcada-de-reis-a-nou-barris\/"},"author":{"name":"Informatius","@id":"https:\/\/www.noubarris.net\/web40\/#\/schema\/person\/1827f92aaa316c54abbf4dac0de76069"},"headline":"Torna la cavalcada de Reis a Nou Barris","datePublished":"2022-01-04T22:00:19+00:00","mainEntityOfPage":{"@id":"https:\/\/www.noubarris.net\/web40\/torna-la-cavalcada-de-reis-a-nou-barris\/"},"wordCount":401,"publisher":{"@id":"https:\/\/www.noubarris.net\/web40\/#organization"},"image":{"@id":"https:\/\/www.noubarris.net\/web40\/torna-la-cavalcada-de-reis-a-nou-barris\/#primaryimage"},"thumbnailUrl":"https:\/\/www.noubarris.net\/web40\/wp-content\/uploads\/2022\/01\/050122.jpg","keywords":["Cavalcada","Nadal","Nou Barris"],"articleSection":["Cultura","Nou Barris"],"inLanguage":"ca"},{"@type":"WebPage","@id":"https:\/\/www.noubarris.net\/web40\/torna-la-cavalcada-de-reis-a-nou-barris\/","url":"https:\/\/www.noubarris.net\/web40\/torna-la-cavalcada-de-reis-a-nou-barris\/","name":"Torna la cavalcada de Reis a Nou Barris - NouBarris.Net","isPartOf":{"@id":"https:\/\/www.noubarris.net\/web40\/#website"},"primaryImageOfPage":{"@id":"https:\/\/www.noubarris.net\/web40\/torna-la-cavalcada-de-reis-a-nou-barris\/#primaryimage"},"image":{"@id":"https:\/\/www.noubarris.net\/web40\/torna-la-cavalcada-de-reis-a-nou-barris\/#primaryimage"},"thumbnailUrl":"https:\/\/www.noubarris.net\/web40\/wp-content\/uploads\/2022\/01\/050122.jpg","datePublished":"2022-01-04T22:00:19+00:00","breadcrumb":{"@id":"https:\/\/www.noubarris.net\/web40\/torna-la-cavalcada-de-reis-a-nou-barris\/#breadcrumb"},"inLanguage":"ca","potentialAction":[{"@type":"ReadAction","target":["https:\/\/www.noubarris.net\/web40\/torna-la-cavalcada-de-reis-a-nou-barris\/"]}]},{"@type":"ImageObject","inLanguage":"ca","@id":"https:\/\/www.noubarris.net\/web40\/torna-la-cavalcada-de-reis-a-nou-barris\/#primaryimage","url":"https:\/\/www.noubarris.net\/web40\/wp-content\/uploads\/2022\/01\/050122.jpg","contentUrl":"https:\/\/www.noubarris.net\/web40\/wp-content\/uploads\/2022\/01\/050122.jpg","width":768,"height":432},{"@type":"BreadcrumbList","@id":"https:\/\/www.noubarris.net\/web40\/torna-la-cavalcada-de-reis-a-nou-barris\/#breadcrumb","itemListElement":[{"@type":"ListItem","position":1,"name":"Inici","item":"https:\/\/www.noubarris.net\/web40\/"},{"@type":"ListItem","position":2,"name":"Torna la cavalcada de Reis a Nou Barris"}]},{"@type":"WebSite","@id":"https:\/\/www.noubarris.net\/web40\/#website","url":"https:\/\/www.noubarris.net\/web40\/","name":"NouBarris.Net","description":"Seguint la vida de Nou Barris des de 1985","publisher":{"@id":"https:\/\/www.noubarris.net\/web40\/#organization"},"potentialAction":[{"@type":"SearchAction","target":{"@type":"EntryPoint","urlTemplate":"https:\/\/www.noubarris.net\/web40\/?s={search_term_string}"},"query-input":{"@type":"PropertyValueSpecification","valueRequired":true,"valueName":"search_term_string"}}],"inLanguage":"ca"},{"@type":"Organization","@id":"https:\/\/www.noubarris.net\/web40\/#organization","name":"NouBarris.Net","url":"https:\/\/www.noubarris.net\/web40\/","logo":{"@type":"ImageObject","inLanguage":"ca","@id":"https:\/\/www.noubarris.net\/web40\/#\/schema\/logo\/image\/","url":"https:\/\/www.noubarris.net\/web40\/wp-content\/uploads\/2024\/11\/cropped-cropped-LOGO_9BTV-2024_Insta-1.jpg","contentUrl":"https:\/\/www.noubarris.net\/web40\/wp-content\/uploads\/2024\/11\/cropped-cropped-LOGO_9BTV-2024_Insta-1.jpg","width":512,"height":512,"caption":"NouBarris.Net"},"image":{"@id":"https:\/\/www.noubarris.net\/web40\/#\/schema\/logo\/image\/"},"sameAs":["https:\/\/www.facebook.com\/NouBarris.net\/?locale=es_ES","https:\/\/x.com\/9BTV"]},{"@type":"Person","@id":"https:\/\/www.noubarris.net\/web40\/#\/schema\/person\/1827f92aaa316c54abbf4dac0de76069","name":"Informatius","image":{"@type":"ImageObject","inLanguage":"ca","@id":"https:\/\/www.noubarris.net\/web40\/#\/schema\/person\/image\/","url":"https:\/\/secure.gravatar.com\/avatar\/87a3b47928835fc72c6ee5b0e1a7263ef0c2d05003a98189bc14926c5f11bcdb?s=96&d=mm&r=g","contentUrl":"https:\/\/secure.gravatar.com\/avatar\/87a3b47928835fc72c6ee5b0e1a7263ef0c2d05003a98189bc14926c5f11bcdb?s=96&d=mm&r=g","caption":"Informatius"},"url":"https:\/\/www.noubarris.net\/web40\/author\/tele\/"}]}},"_links":{"self":[{"href":"https:\/\/www.noubarris.net\/web40\/wp-json\/wp\/v2\/posts\/78424","targetHints":{"allow":["GET"]}}],"collection":[{"href":"https:\/\/www.noubarris.net\/web40\/wp-json\/wp\/v2\/posts"}],"about":[{"href":"https:\/\/www.noubarris.net\/web40\/wp-json\/wp\/v2\/types\/post"}],"author":[{"embeddable":true,"href":"https:\/\/www.noubarris.net\/web40\/wp-json\/wp\/v2\/users\/2"}],"replies":[{"embeddable":true,"href":"https:\/\/www.noubarris.net\/web40\/wp-json\/wp\/v2\/comments?post=78424"}],"version-history":[{"count":1,"href":"https:\/\/www.noubarris.net\/web40\/wp-json\/wp\/v2\/posts\/78424\/revisions"}],"predecessor-version":[{"id":78425,"href":"https:\/\/www.noubarris.net\/web40\/wp-json\/wp\/v2\/posts\/78424\/revisions\/78425"}],"wp:featuredmedia":[{"embeddable":true,"href":"https:\/\/www.noubarris.net\/web40\/wp-json\/wp\/v2\/media\/78426"}],"wp:attachment":[{"href":"https:\/\/www.noubarris.net\/web40\/wp-json\/wp\/v2\/media?parent=78424"}],"wp:term":[{"taxonomy":"category","embeddable":true,"href":"https:\/\/www.noubarris.net\/web40\/wp-json\/wp\/v2\/categories?post=78424"},{"taxonomy":"post_tag","embeddable":true,"href":"https:\/\/www.noubarris.net\/web40\/wp-json\/wp\/v2\/tags?post=78424"}],"curies":[{"name":"wp","href":"https:\/\/api.w.org\/{rel}","templated":true}]}}