{"id":78431,"date":"2022-01-07T00:00:30","date_gmt":"2022-01-06T22:00:30","guid":{"rendered":"http:\/\/www.noubarris.net\/web40\/?p=78431"},"modified":"2022-01-05T23:22:53","modified_gmt":"2022-01-05T21:22:53","slug":"darreres-dues-setmanes-per-presentar-candidatures-als-nous-premis-nou-barris","status":"publish","type":"post","link":"https:\/\/www.noubarris.net\/web40\/darreres-dues-setmanes-per-presentar-candidatures-als-nous-premis-nou-barris\/","title":{"rendered":"Darreres dues setmanes per presentar candidatures als nous Premis Nou Barris"},"content":{"rendered":"<p><strong>Els guardons reconeixeran la tasca per millorar la vida als barris, a partir d&#8217;una votaci\u00f3 popular dels finalistes<\/strong><\/p>\n<p>Districte de Nou Barris ha decidit recuperar els guardons que reconeixien la tasca i l&#8217;aportaci\u00f3 d&#8217;entitats i persones dels nostres barris en projectes d\u2019inter\u00e8s o rellev\u00e0ncia p\u00fablica en mat\u00e8ria educativa, social, cultural, c\u00edvica, socioecon\u00f2mica, esportiva o de cooperaci\u00f3. Despr\u00e9s d&#8217;anys desapareguts, els Premis Nou Barris tornen amb un format participatiu. Per comen\u00e7ar, es poden presentar candidatures fins al proper 21 de gener per correu electr\u00f2nic a l\u2019adre\u00e7a electr\u00f2nica comunicacionoubarris@bcn.cat, o a trav\u00e9s d\u2019inst\u00e0ncia a l\u2019Oficina d\u2019Atenci\u00f3 Ciutadana del Districte de Nou Barris. Els requisits s\u00f3n els seg\u00fcents:<\/p>\n<ul>\n<li>Les persones a t\u00edtol individual i les entitats poden presentar, com a candidates, persones o entitats de l\u2019\u00e0mbit social, associatiu i cultural dels barris del districte.<\/li>\n<li>Les persones candidates han de ser majors d\u2019edat o, en cas de ser menors, comptar amb el consentiment de pares o tutors legals.<\/li>\n<li>S\u2019exclou de l\u2019elecci\u00f3 el personal funcionari del Districte de Nou Barris, les persones treballadores de les empreses que gestionen els equipaments i serveis municipals del districte i els c\u00e0rrecs pol\u00edtics en actiu.<\/li>\n<\/ul>\n<p>Les candidatures proposades s\u2019han d\u2019acompanyar d\u2019una argumentaci\u00f3 que justifiqui la distinci\u00f3 explicant la vinculaci\u00f3 amb determinat barri o barris per part de la persona\/col\u00b7lectiu proposats, i els m\u00e8rits que es vulguin destacar.\u00a0Nom\u00e9s es pot presentar una candidatura per a cada categoria (individual i col\u00b7lectiva)<\/p>\n<p>Un cop validades les candidatures, un jurat amb representants de Districte i d&#8217;entitats triar\u00e0 les candidatures finalistes i, posteriorment, s&#8217;obrir\u00e0 la votaci\u00f3 entre l&#8217;1 i el 31 de mar\u00e7 de 2022. Aquesta votaci\u00f3 es far\u00e0 a trav\u00e9s del web de L\u00ednia Nou Barris. Cada persona nom\u00e9s podr\u00e0 votar una vegada a cada categoria.\u00a0 Les candidatures m\u00e9s votades, una de cada categoria, seran les guardonades. En cas d\u2019empat entre dues o m\u00e9s propostes d\u2019elecci\u00f3 es dirimir\u00e0 a sorts.<\/p>\n<p>M\u00e9s detalls i informaci\u00f3 al<a href=\"https:\/\/ajuntament.barcelona.cat\/noubarris\/ca\/noticia\/en-marxa-els-premis-nou-barris-de-lany_1130963\"> web de Districte de Nou Barris<\/a>.<\/p>\n","protected":false},"excerpt":{"rendered":"<p>Els guardons reconeixeran la tasca per millorar la vida als barris, a partir d&#8217;una votaci\u00f3 popular dels finalistes Districte de<\/p>\n","protected":false},"author":2,"featured_media":78432,"comment_status":"closed","ping_status":"closed","sticky":false,"template":"","format":"standard","meta":{"colormag_page_layout":"default_layout","_monsterinsights_skip_tracking":false,"_monsterinsights_sitenote_active":false,"_monsterinsights_sitenote_note":"","_monsterinsights_sitenote_category":0,"footnotes":""},"categories":[1,124],"tags":[262,288],"class_list":["post-78431","post","type-post","status-publish","format-standard","has-post-thumbnail","hentry","category-nou-barris","category-societat","tag-entitats","tag-premis-nou-barris"],"yoast_head":"<!-- This site is optimized with the Yoast SEO plugin v25.3 - https:\/\/yoast.com\/wordpress\/plugins\/seo\/ -->\n<title>Darreres dues setmanes per presentar candidatures als nous Premis Nou Barris - NouBarris.Net<\/title>\n<meta name=\"robots\" content=\"index, follow, max-snippet:-1, max-image-preview:large, max-video-preview:-1\" \/>\n<link rel=\"canonical\" href=\"https:\/\/www.noubarris.net\/web40\/darreres-dues-setmanes-per-presentar-candidatures-als-nous-premis-nou-barris\/\" \/>\n<meta property=\"og:locale\" content=\"ca_ES\" \/>\n<meta property=\"og:type\" content=\"article\" \/>\n<meta property=\"og:title\" content=\"Darreres dues setmanes per presentar candidatures als nous Premis Nou Barris - NouBarris.Net\" \/>\n<meta property=\"og:description\" content=\"Els guardons reconeixeran la tasca per millorar la vida als barris, a partir d&#8217;una votaci\u00f3 popular dels finalistes Districte de\" \/>\n<meta property=\"og:url\" content=\"https:\/\/www.noubarris.net\/web40\/darreres-dues-setmanes-per-presentar-candidatures-als-nous-premis-nou-barris\/\" \/>\n<meta property=\"og:site_name\" content=\"NouBarris.Net\" \/>\n<meta property=\"article:publisher\" content=\"https:\/\/www.facebook.com\/NouBarris.net\/?locale=es_ES\" \/>\n<meta property=\"article:published_time\" content=\"2022-01-06T22:00:30+00:00\" \/>\n<meta property=\"og:image\" content=\"https:\/\/www.noubarris.net\/web40\/wp-content\/uploads\/2022\/01\/070122.jpg\" \/>\n\t<meta property=\"og:image:width\" content=\"768\" \/>\n\t<meta property=\"og:image:height\" content=\"432\" \/>\n\t<meta property=\"og:image:type\" content=\"image\/jpeg\" \/>\n<meta name=\"author\" content=\"Informatius\" \/>\n<meta name=\"twitter:card\" content=\"summary_large_image\" \/>\n<meta name=\"twitter:creator\" content=\"@9BTV\" \/>\n<meta name=\"twitter:site\" content=\"@9BTV\" \/>\n<meta name=\"twitter:label1\" content=\"Escrit per\" \/>\n\t<meta name=\"twitter:data1\" content=\"Informatius\" \/>\n\t<meta name=\"twitter:label2\" content=\"Temps estimat de lectura\" \/>\n\t<meta name=\"twitter:data2\" content=\"2 minuts\" \/>\n<script type=\"application\/ld+json\" class=\"yoast-schema-graph\">{\"@context\":\"https:\/\/schema.org\",\"@graph\":[{\"@type\":\"Article\",\"@id\":\"https:\/\/www.noubarris.net\/web40\/darreres-dues-setmanes-per-presentar-candidatures-als-nous-premis-nou-barris\/#article\",\"isPartOf\":{\"@id\":\"https:\/\/www.noubarris.net\/web40\/darreres-dues-setmanes-per-presentar-candidatures-als-nous-premis-nou-barris\/\"},\"author\":{\"name\":\"Informatius\",\"@id\":\"https:\/\/www.noubarris.net\/web40\/#\/schema\/person\/1827f92aaa316c54abbf4dac0de76069\"},\"headline\":\"Darreres dues setmanes per presentar candidatures als nous Premis Nou Barris\",\"datePublished\":\"2022-01-06T22:00:30+00:00\",\"mainEntityOfPage\":{\"@id\":\"https:\/\/www.noubarris.net\/web40\/darreres-dues-setmanes-per-presentar-candidatures-als-nous-premis-nou-barris\/\"},\"wordCount\":378,\"publisher\":{\"@id\":\"https:\/\/www.noubarris.net\/web40\/#organization\"},\"image\":{\"@id\":\"https:\/\/www.noubarris.net\/web40\/darreres-dues-setmanes-per-presentar-candidatures-als-nous-premis-nou-barris\/#primaryimage\"},\"thumbnailUrl\":\"https:\/\/www.noubarris.net\/web40\/wp-content\/uploads\/2022\/01\/070122.jpg\",\"keywords\":[\"Entitats\",\"Premis Nou Barris\"],\"articleSection\":[\"Nou Barris\",\"Societat\"],\"inLanguage\":\"ca\"},{\"@type\":\"WebPage\",\"@id\":\"https:\/\/www.noubarris.net\/web40\/darreres-dues-setmanes-per-presentar-candidatures-als-nous-premis-nou-barris\/\",\"url\":\"https:\/\/www.noubarris.net\/web40\/darreres-dues-setmanes-per-presentar-candidatures-als-nous-premis-nou-barris\/\",\"name\":\"Darreres dues setmanes per presentar candidatures als nous Premis Nou Barris - NouBarris.Net\",\"isPartOf\":{\"@id\":\"https:\/\/www.noubarris.net\/web40\/#website\"},\"primaryImageOfPage\":{\"@id\":\"https:\/\/www.noubarris.net\/web40\/darreres-dues-setmanes-per-presentar-candidatures-als-nous-premis-nou-barris\/#primaryimage\"},\"image\":{\"@id\":\"https:\/\/www.noubarris.net\/web40\/darreres-dues-setmanes-per-presentar-candidatures-als-nous-premis-nou-barris\/#primaryimage\"},\"thumbnailUrl\":\"https:\/\/www.noubarris.net\/web40\/wp-content\/uploads\/2022\/01\/070122.jpg\",\"datePublished\":\"2022-01-06T22:00:30+00:00\",\"breadcrumb\":{\"@id\":\"https:\/\/www.noubarris.net\/web40\/darreres-dues-setmanes-per-presentar-candidatures-als-nous-premis-nou-barris\/#breadcrumb\"},\"inLanguage\":\"ca\",\"potentialAction\":[{\"@type\":\"ReadAction\",\"target\":[\"https:\/\/www.noubarris.net\/web40\/darreres-dues-setmanes-per-presentar-candidatures-als-nous-premis-nou-barris\/\"]}]},{\"@type\":\"ImageObject\",\"inLanguage\":\"ca\",\"@id\":\"https:\/\/www.noubarris.net\/web40\/darreres-dues-setmanes-per-presentar-candidatures-als-nous-premis-nou-barris\/#primaryimage\",\"url\":\"https:\/\/www.noubarris.net\/web40\/wp-content\/uploads\/2022\/01\/070122.jpg\",\"contentUrl\":\"https:\/\/www.noubarris.net\/web40\/wp-content\/uploads\/2022\/01\/070122.jpg\",\"width\":768,\"height\":432},{\"@type\":\"BreadcrumbList\",\"@id\":\"https:\/\/www.noubarris.net\/web40\/darreres-dues-setmanes-per-presentar-candidatures-als-nous-premis-nou-barris\/#breadcrumb\",\"itemListElement\":[{\"@type\":\"ListItem\",\"position\":1,\"name\":\"Inici\",\"item\":\"https:\/\/www.noubarris.net\/web40\/\"},{\"@type\":\"ListItem\",\"position\":2,\"name\":\"Darreres dues setmanes per presentar candidatures als nous Premis Nou Barris\"}]},{\"@type\":\"WebSite\",\"@id\":\"https:\/\/www.noubarris.net\/web40\/#website\",\"url\":\"https:\/\/www.noubarris.net\/web40\/\",\"name\":\"NouBarris.Net\",\"description\":\"Seguint la vida de Nou Barris des de 1985\",\"publisher\":{\"@id\":\"https:\/\/www.noubarris.net\/web40\/#organization\"},\"potentialAction\":[{\"@type\":\"SearchAction\",\"target\":{\"@type\":\"EntryPoint\",\"urlTemplate\":\"https:\/\/www.noubarris.net\/web40\/?s={search_term_string}\"},\"query-input\":{\"@type\":\"PropertyValueSpecification\",\"valueRequired\":true,\"valueName\":\"search_term_string\"}}],\"inLanguage\":\"ca\"},{\"@type\":\"Organization\",\"@id\":\"https:\/\/www.noubarris.net\/web40\/#organization\",\"name\":\"NouBarris.Net\",\"url\":\"https:\/\/www.noubarris.net\/web40\/\",\"logo\":{\"@type\":\"ImageObject\",\"inLanguage\":\"ca\",\"@id\":\"https:\/\/www.noubarris.net\/web40\/#\/schema\/logo\/image\/\",\"url\":\"https:\/\/www.noubarris.net\/web40\/wp-content\/uploads\/2024\/11\/cropped-cropped-LOGO_9BTV-2024_Insta-1.jpg\",\"contentUrl\":\"https:\/\/www.noubarris.net\/web40\/wp-content\/uploads\/2024\/11\/cropped-cropped-LOGO_9BTV-2024_Insta-1.jpg\",\"width\":512,\"height\":512,\"caption\":\"NouBarris.Net\"},\"image\":{\"@id\":\"https:\/\/www.noubarris.net\/web40\/#\/schema\/logo\/image\/\"},\"sameAs\":[\"https:\/\/www.facebook.com\/NouBarris.net\/?locale=es_ES\",\"https:\/\/x.com\/9BTV\"]},{\"@type\":\"Person\",\"@id\":\"https:\/\/www.noubarris.net\/web40\/#\/schema\/person\/1827f92aaa316c54abbf4dac0de76069\",\"name\":\"Informatius\",\"image\":{\"@type\":\"ImageObject\",\"inLanguage\":\"ca\",\"@id\":\"https:\/\/www.noubarris.net\/web40\/#\/schema\/person\/image\/\",\"url\":\"https:\/\/secure.gravatar.com\/avatar\/87a3b47928835fc72c6ee5b0e1a7263ef0c2d05003a98189bc14926c5f11bcdb?s=96&d=mm&r=g\",\"contentUrl\":\"https:\/\/secure.gravatar.com\/avatar\/87a3b47928835fc72c6ee5b0e1a7263ef0c2d05003a98189bc14926c5f11bcdb?s=96&d=mm&r=g\",\"caption\":\"Informatius\"},\"url\":\"https:\/\/www.noubarris.net\/web40\/author\/tele\/\"}]}<\/script>\n<!-- \/ Yoast SEO plugin. -->","yoast_head_json":{"title":"Darreres dues setmanes per presentar candidatures als nous Premis Nou Barris - NouBarris.Net","robots":{"index":"index","follow":"follow","max-snippet":"max-snippet:-1","max-image-preview":"max-image-preview:large","max-video-preview":"max-video-preview:-1"},"canonical":"https:\/\/www.noubarris.net\/web40\/darreres-dues-setmanes-per-presentar-candidatures-als-nous-premis-nou-barris\/","og_locale":"ca_ES","og_type":"article","og_title":"Darreres dues setmanes per presentar candidatures als nous Premis Nou Barris - NouBarris.Net","og_description":"Els guardons reconeixeran la tasca per millorar la vida als barris, a partir d&#8217;una votaci\u00f3 popular dels finalistes Districte de","og_url":"https:\/\/www.noubarris.net\/web40\/darreres-dues-setmanes-per-presentar-candidatures-als-nous-premis-nou-barris\/","og_site_name":"NouBarris.Net","article_publisher":"https:\/\/www.facebook.com\/NouBarris.net\/?locale=es_ES","article_published_time":"2022-01-06T22:00:30+00:00","og_image":[{"width":768,"height":432,"url":"https:\/\/www.noubarris.net\/web40\/wp-content\/uploads\/2022\/01\/070122.jpg","type":"image\/jpeg"}],"author":"Informatius","twitter_card":"summary_large_image","twitter_creator":"@9BTV","twitter_site":"@9BTV","twitter_misc":{"Escrit per":"Informatius","Temps estimat de lectura":"2 minuts"},"schema":{"@context":"https:\/\/schema.org","@graph":[{"@type":"Article","@id":"https:\/\/www.noubarris.net\/web40\/darreres-dues-setmanes-per-presentar-candidatures-als-nous-premis-nou-barris\/#article","isPartOf":{"@id":"https:\/\/www.noubarris.net\/web40\/darreres-dues-setmanes-per-presentar-candidatures-als-nous-premis-nou-barris\/"},"author":{"name":"Informatius","@id":"https:\/\/www.noubarris.net\/web40\/#\/schema\/person\/1827f92aaa316c54abbf4dac0de76069"},"headline":"Darreres dues setmanes per presentar candidatures als nous Premis Nou Barris","datePublished":"2022-01-06T22:00:30+00:00","mainEntityOfPage":{"@id":"https:\/\/www.noubarris.net\/web40\/darreres-dues-setmanes-per-presentar-candidatures-als-nous-premis-nou-barris\/"},"wordCount":378,"publisher":{"@id":"https:\/\/www.noubarris.net\/web40\/#organization"},"image":{"@id":"https:\/\/www.noubarris.net\/web40\/darreres-dues-setmanes-per-presentar-candidatures-als-nous-premis-nou-barris\/#primaryimage"},"thumbnailUrl":"https:\/\/www.noubarris.net\/web40\/wp-content\/uploads\/2022\/01\/070122.jpg","keywords":["Entitats","Premis Nou Barris"],"articleSection":["Nou Barris","Societat"],"inLanguage":"ca"},{"@type":"WebPage","@id":"https:\/\/www.noubarris.net\/web40\/darreres-dues-setmanes-per-presentar-candidatures-als-nous-premis-nou-barris\/","url":"https:\/\/www.noubarris.net\/web40\/darreres-dues-setmanes-per-presentar-candidatures-als-nous-premis-nou-barris\/","name":"Darreres dues setmanes per presentar candidatures als nous Premis Nou Barris - NouBarris.Net","isPartOf":{"@id":"https:\/\/www.noubarris.net\/web40\/#website"},"primaryImageOfPage":{"@id":"https:\/\/www.noubarris.net\/web40\/darreres-dues-setmanes-per-presentar-candidatures-als-nous-premis-nou-barris\/#primaryimage"},"image":{"@id":"https:\/\/www.noubarris.net\/web40\/darreres-dues-setmanes-per-presentar-candidatures-als-nous-premis-nou-barris\/#primaryimage"},"thumbnailUrl":"https:\/\/www.noubarris.net\/web40\/wp-content\/uploads\/2022\/01\/070122.jpg","datePublished":"2022-01-06T22:00:30+00:00","breadcrumb":{"@id":"https:\/\/www.noubarris.net\/web40\/darreres-dues-setmanes-per-presentar-candidatures-als-nous-premis-nou-barris\/#breadcrumb"},"inLanguage":"ca","potentialAction":[{"@type":"ReadAction","target":["https:\/\/www.noubarris.net\/web40\/darreres-dues-setmanes-per-presentar-candidatures-als-nous-premis-nou-barris\/"]}]},{"@type":"ImageObject","inLanguage":"ca","@id":"https:\/\/www.noubarris.net\/web40\/darreres-dues-setmanes-per-presentar-candidatures-als-nous-premis-nou-barris\/#primaryimage","url":"https:\/\/www.noubarris.net\/web40\/wp-content\/uploads\/2022\/01\/070122.jpg","contentUrl":"https:\/\/www.noubarris.net\/web40\/wp-content\/uploads\/2022\/01\/070122.jpg","width":768,"height":432},{"@type":"BreadcrumbList","@id":"https:\/\/www.noubarris.net\/web40\/darreres-dues-setmanes-per-presentar-candidatures-als-nous-premis-nou-barris\/#breadcrumb","itemListElement":[{"@type":"ListItem","position":1,"name":"Inici","item":"https:\/\/www.noubarris.net\/web40\/"},{"@type":"ListItem","position":2,"name":"Darreres dues setmanes per presentar candidatures als nous Premis Nou Barris"}]},{"@type":"WebSite","@id":"https:\/\/www.noubarris.net\/web40\/#website","url":"https:\/\/www.noubarris.net\/web40\/","name":"NouBarris.Net","description":"Seguint la vida de Nou Barris des de 1985","publisher":{"@id":"https:\/\/www.noubarris.net\/web40\/#organization"},"potentialAction":[{"@type":"SearchAction","target":{"@type":"EntryPoint","urlTemplate":"https:\/\/www.noubarris.net\/web40\/?s={search_term_string}"},"query-input":{"@type":"PropertyValueSpecification","valueRequired":true,"valueName":"search_term_string"}}],"inLanguage":"ca"},{"@type":"Organization","@id":"https:\/\/www.noubarris.net\/web40\/#organization","name":"NouBarris.Net","url":"https:\/\/www.noubarris.net\/web40\/","logo":{"@type":"ImageObject","inLanguage":"ca","@id":"https:\/\/www.noubarris.net\/web40\/#\/schema\/logo\/image\/","url":"https:\/\/www.noubarris.net\/web40\/wp-content\/uploads\/2024\/11\/cropped-cropped-LOGO_9BTV-2024_Insta-1.jpg","contentUrl":"https:\/\/www.noubarris.net\/web40\/wp-content\/uploads\/2024\/11\/cropped-cropped-LOGO_9BTV-2024_Insta-1.jpg","width":512,"height":512,"caption":"NouBarris.Net"},"image":{"@id":"https:\/\/www.noubarris.net\/web40\/#\/schema\/logo\/image\/"},"sameAs":["https:\/\/www.facebook.com\/NouBarris.net\/?locale=es_ES","https:\/\/x.com\/9BTV"]},{"@type":"Person","@id":"https:\/\/www.noubarris.net\/web40\/#\/schema\/person\/1827f92aaa316c54abbf4dac0de76069","name":"Informatius","image":{"@type":"ImageObject","inLanguage":"ca","@id":"https:\/\/www.noubarris.net\/web40\/#\/schema\/person\/image\/","url":"https:\/\/secure.gravatar.com\/avatar\/87a3b47928835fc72c6ee5b0e1a7263ef0c2d05003a98189bc14926c5f11bcdb?s=96&d=mm&r=g","contentUrl":"https:\/\/secure.gravatar.com\/avatar\/87a3b47928835fc72c6ee5b0e1a7263ef0c2d05003a98189bc14926c5f11bcdb?s=96&d=mm&r=g","caption":"Informatius"},"url":"https:\/\/www.noubarris.net\/web40\/author\/tele\/"}]}},"_links":{"self":[{"href":"https:\/\/www.noubarris.net\/web40\/wp-json\/wp\/v2\/posts\/78431","targetHints":{"allow":["GET"]}}],"collection":[{"href":"https:\/\/www.noubarris.net\/web40\/wp-json\/wp\/v2\/posts"}],"about":[{"href":"https:\/\/www.noubarris.net\/web40\/wp-json\/wp\/v2\/types\/post"}],"author":[{"embeddable":true,"href":"https:\/\/www.noubarris.net\/web40\/wp-json\/wp\/v2\/users\/2"}],"replies":[{"embeddable":true,"href":"https:\/\/www.noubarris.net\/web40\/wp-json\/wp\/v2\/comments?post=78431"}],"version-history":[{"count":3,"href":"https:\/\/www.noubarris.net\/web40\/wp-json\/wp\/v2\/posts\/78431\/revisions"}],"predecessor-version":[{"id":78435,"href":"https:\/\/www.noubarris.net\/web40\/wp-json\/wp\/v2\/posts\/78431\/revisions\/78435"}],"wp:featuredmedia":[{"embeddable":true,"href":"https:\/\/www.noubarris.net\/web40\/wp-json\/wp\/v2\/media\/78432"}],"wp:attachment":[{"href":"https:\/\/www.noubarris.net\/web40\/wp-json\/wp\/v2\/media?parent=78431"}],"wp:term":[{"taxonomy":"category","embeddable":true,"href":"https:\/\/www.noubarris.net\/web40\/wp-json\/wp\/v2\/categories?post=78431"},{"taxonomy":"post_tag","embeddable":true,"href":"https:\/\/www.noubarris.net\/web40\/wp-json\/wp\/v2\/tags?post=78431"}],"curies":[{"name":"wp","href":"https:\/\/api.w.org\/{rel}","templated":true}]}}