{"id":78437,"date":"2022-01-08T00:00:27","date_gmt":"2022-01-07T22:00:27","guid":{"rendered":"http:\/\/www.noubarris.net\/web40\/?p=78437"},"modified":"2022-01-08T15:04:37","modified_gmt":"2022-01-08T13:04:37","slug":"recollida-davets-de-nadal","status":"publish","type":"post","link":"https:\/\/www.noubarris.net\/web40\/recollida-davets-de-nadal\/","title":{"rendered":"Recollida d&#8217;avets de Nadal"},"content":{"rendered":"<p><strong>Nou Barris disposa de 20 punts fins al 17 de gener per reciclar els arbres i branques en encoixinat<\/strong><\/p>\n<p>Fins al 17 de gener hi haur\u00e0 repartits a Nou Barris 20 punts per a la recollida dels arbres de Nadal i branques ornamentals. Aquests punts de recollida serveixen per evitar que es deixin a l\u2019espai p\u00fablic, alhora que permeten aprofitar aquest recurs natural per millorar el manteniment dels espais verds.<\/p>\n<p>Via J\u00falia \/ Via Fav\u00e8ncia<br \/>\nParc de la Guineueta, al costat de la pla\u00e7a de la Rep\u00fablica<br \/>\nParc de la Guineueta, davant carrer de Castor, 21<br \/>\nParc del Tur\u00f3 de la Peira, a la banda del passeig de Fabra i Puig davant el carrer del Canig\u00f3<br \/>\nParc del Tur\u00f3 de la Peira, a la banda del passeig del Tur\u00f3 de la Peira \/ carrer de Beret<br \/>\nParc de Josep Maria Serra Mart\u00ed<br \/>\nCarrer de Baltasar Graci\u00e1n \/ passatge d&#8217;Argull\u00f3s<br \/>\nVia J\u00falia \/ carrer de Conflent<br \/>\nCarrer de V\u00e8lia amb carrer d&#8217;Esc\u00f2cia<br \/>\nPasseig de Fabra i Puig , entre els carrers de Santapau i Malgrat<br \/>\nPla\u00e7a de la Rep\u00fablica<br \/>\nPla\u00e7a del Virrei Amat<br \/>\nPla\u00e7a Roja<br \/>\nPla\u00e7a de S\u00f3ller<br \/>\nCarrer d&#8217;Aiguablava<br \/>\nCarrer de Ramon Alb\u00f3 (ambulatori)<br \/>\nPasseig de Ciutat de Mallorca<br \/>\nHeron City, al costat de l&#8217;avinguda de Rio de Janeiro\/ carrer d&#8217;Andreu Nin<br \/>\nPasseig de Valldaura (per sobre el Mercat de la Guineueta)<br \/>\nPasseig de Fabra i Puig\/ carrer de Pere D\u2019Art\u00e9s<\/p>\n<p>Com cada any, els serveis de neteja s\u00f3n els encarregats de la retirada dels arbres, majorit\u00e0riament avets, per\u00f2 tamb\u00e9 branques d\u2019arbres diversos que han servit de decoraci\u00f3 nadalenca.L\u2019any passat, els serveis municipals van recollir 8.558 arbres. Aquests arbres es traslladen al viver municipal, on es trituren i se\u2019n deixen madurar les restes per despr\u00e9s fabricar encoixinat, un element de jardineria que permet millorar la retenci\u00f3 d\u2019humitat i l\u2019aireig del s\u00f2l i al mateix temps ajuda a evitar l\u2019aparici\u00f3 de males herbes.<\/p>\n<p>Aquest proc\u00e9s requereix de dos o tres mesos de tractament per obtenir una bona qualitat d\u2019encoixinat. El material resultant es repartir\u00e0 als espais verds de la ciutat durant el primer semestre de l\u2019any. L\u2019any passat, dels arbres recuperats es van poder fer 120 m3 de triturat.<\/p>\n","protected":false},"excerpt":{"rendered":"<p>Nou Barris disposa de 20 punts fins al 17 de gener per reciclar els arbres i branques en encoixinat Fins<\/p>\n","protected":false},"author":2,"featured_media":78438,"comment_status":"closed","ping_status":"closed","sticky":false,"template":"","format":"standard","meta":{"colormag_page_layout":"default_layout","_monsterinsights_skip_tracking":false,"_monsterinsights_sitenote_active":false,"_monsterinsights_sitenote_note":"","_monsterinsights_sitenote_category":0,"footnotes":""},"categories":[1,124],"tags":[352,369,319],"class_list":["post-78437","post","type-post","status-publish","format-standard","has-post-thumbnail","hentry","category-nou-barris","category-societat","tag-medi-ambient","tag-nadal","tag-nou-barris"],"yoast_head":"<!-- This site is optimized with the Yoast SEO plugin v25.3 - https:\/\/yoast.com\/wordpress\/plugins\/seo\/ -->\n<title>Recollida d&#039;avets de Nadal - NouBarris.Net<\/title>\n<meta name=\"robots\" content=\"index, follow, max-snippet:-1, max-image-preview:large, max-video-preview:-1\" \/>\n<link rel=\"canonical\" href=\"https:\/\/www.noubarris.net\/web40\/recollida-davets-de-nadal\/\" \/>\n<meta property=\"og:locale\" content=\"ca_ES\" \/>\n<meta property=\"og:type\" content=\"article\" \/>\n<meta property=\"og:title\" content=\"Recollida d&#039;avets de Nadal - NouBarris.Net\" \/>\n<meta property=\"og:description\" content=\"Nou Barris disposa de 20 punts fins al 17 de gener per reciclar els arbres i branques en encoixinat Fins\" \/>\n<meta property=\"og:url\" content=\"https:\/\/www.noubarris.net\/web40\/recollida-davets-de-nadal\/\" \/>\n<meta property=\"og:site_name\" content=\"NouBarris.Net\" \/>\n<meta property=\"article:publisher\" content=\"https:\/\/www.facebook.com\/NouBarris.net\/?locale=es_ES\" \/>\n<meta property=\"article:published_time\" content=\"2022-01-07T22:00:27+00:00\" \/>\n<meta property=\"article:modified_time\" content=\"2022-01-08T13:04:37+00:00\" \/>\n<meta property=\"og:image\" content=\"https:\/\/www.noubarris.net\/web40\/wp-content\/uploads\/2022\/01\/080122.jpg\" \/>\n\t<meta property=\"og:image:width\" content=\"768\" \/>\n\t<meta property=\"og:image:height\" content=\"432\" \/>\n\t<meta property=\"og:image:type\" content=\"image\/jpeg\" \/>\n<meta name=\"author\" content=\"Informatius\" \/>\n<meta name=\"twitter:card\" content=\"summary_large_image\" \/>\n<meta name=\"twitter:creator\" content=\"@9BTV\" \/>\n<meta name=\"twitter:site\" content=\"@9BTV\" \/>\n<meta name=\"twitter:label1\" content=\"Escrit per\" \/>\n\t<meta name=\"twitter:data1\" content=\"Informatius\" \/>\n\t<meta name=\"twitter:label2\" content=\"Temps estimat de lectura\" \/>\n\t<meta name=\"twitter:data2\" content=\"2 minuts\" \/>\n<script type=\"application\/ld+json\" class=\"yoast-schema-graph\">{\"@context\":\"https:\/\/schema.org\",\"@graph\":[{\"@type\":\"Article\",\"@id\":\"https:\/\/www.noubarris.net\/web40\/recollida-davets-de-nadal\/#article\",\"isPartOf\":{\"@id\":\"https:\/\/www.noubarris.net\/web40\/recollida-davets-de-nadal\/\"},\"author\":{\"name\":\"Informatius\",\"@id\":\"https:\/\/www.noubarris.net\/web40\/#\/schema\/person\/1827f92aaa316c54abbf4dac0de76069\"},\"headline\":\"Recollida d&#8217;avets de Nadal\",\"datePublished\":\"2022-01-07T22:00:27+00:00\",\"dateModified\":\"2022-01-08T13:04:37+00:00\",\"mainEntityOfPage\":{\"@id\":\"https:\/\/www.noubarris.net\/web40\/recollida-davets-de-nadal\/\"},\"wordCount\":390,\"publisher\":{\"@id\":\"https:\/\/www.noubarris.net\/web40\/#organization\"},\"image\":{\"@id\":\"https:\/\/www.noubarris.net\/web40\/recollida-davets-de-nadal\/#primaryimage\"},\"thumbnailUrl\":\"https:\/\/www.noubarris.net\/web40\/wp-content\/uploads\/2022\/01\/080122.jpg\",\"keywords\":[\"Medi ambient\",\"Nadal\",\"Nou Barris\"],\"articleSection\":[\"Nou Barris\",\"Societat\"],\"inLanguage\":\"ca\"},{\"@type\":\"WebPage\",\"@id\":\"https:\/\/www.noubarris.net\/web40\/recollida-davets-de-nadal\/\",\"url\":\"https:\/\/www.noubarris.net\/web40\/recollida-davets-de-nadal\/\",\"name\":\"Recollida d'avets de Nadal - NouBarris.Net\",\"isPartOf\":{\"@id\":\"https:\/\/www.noubarris.net\/web40\/#website\"},\"primaryImageOfPage\":{\"@id\":\"https:\/\/www.noubarris.net\/web40\/recollida-davets-de-nadal\/#primaryimage\"},\"image\":{\"@id\":\"https:\/\/www.noubarris.net\/web40\/recollida-davets-de-nadal\/#primaryimage\"},\"thumbnailUrl\":\"https:\/\/www.noubarris.net\/web40\/wp-content\/uploads\/2022\/01\/080122.jpg\",\"datePublished\":\"2022-01-07T22:00:27+00:00\",\"dateModified\":\"2022-01-08T13:04:37+00:00\",\"breadcrumb\":{\"@id\":\"https:\/\/www.noubarris.net\/web40\/recollida-davets-de-nadal\/#breadcrumb\"},\"inLanguage\":\"ca\",\"potentialAction\":[{\"@type\":\"ReadAction\",\"target\":[\"https:\/\/www.noubarris.net\/web40\/recollida-davets-de-nadal\/\"]}]},{\"@type\":\"ImageObject\",\"inLanguage\":\"ca\",\"@id\":\"https:\/\/www.noubarris.net\/web40\/recollida-davets-de-nadal\/#primaryimage\",\"url\":\"https:\/\/www.noubarris.net\/web40\/wp-content\/uploads\/2022\/01\/080122.jpg\",\"contentUrl\":\"https:\/\/www.noubarris.net\/web40\/wp-content\/uploads\/2022\/01\/080122.jpg\",\"width\":768,\"height\":432},{\"@type\":\"BreadcrumbList\",\"@id\":\"https:\/\/www.noubarris.net\/web40\/recollida-davets-de-nadal\/#breadcrumb\",\"itemListElement\":[{\"@type\":\"ListItem\",\"position\":1,\"name\":\"Inici\",\"item\":\"https:\/\/www.noubarris.net\/web40\/\"},{\"@type\":\"ListItem\",\"position\":2,\"name\":\"Recollida d&#8217;avets de Nadal\"}]},{\"@type\":\"WebSite\",\"@id\":\"https:\/\/www.noubarris.net\/web40\/#website\",\"url\":\"https:\/\/www.noubarris.net\/web40\/\",\"name\":\"NouBarris.Net\",\"description\":\"Seguint la vida de Nou Barris des de 1985\",\"publisher\":{\"@id\":\"https:\/\/www.noubarris.net\/web40\/#organization\"},\"potentialAction\":[{\"@type\":\"SearchAction\",\"target\":{\"@type\":\"EntryPoint\",\"urlTemplate\":\"https:\/\/www.noubarris.net\/web40\/?s={search_term_string}\"},\"query-input\":{\"@type\":\"PropertyValueSpecification\",\"valueRequired\":true,\"valueName\":\"search_term_string\"}}],\"inLanguage\":\"ca\"},{\"@type\":\"Organization\",\"@id\":\"https:\/\/www.noubarris.net\/web40\/#organization\",\"name\":\"NouBarris.Net\",\"url\":\"https:\/\/www.noubarris.net\/web40\/\",\"logo\":{\"@type\":\"ImageObject\",\"inLanguage\":\"ca\",\"@id\":\"https:\/\/www.noubarris.net\/web40\/#\/schema\/logo\/image\/\",\"url\":\"https:\/\/www.noubarris.net\/web40\/wp-content\/uploads\/2024\/11\/cropped-cropped-LOGO_9BTV-2024_Insta-1.jpg\",\"contentUrl\":\"https:\/\/www.noubarris.net\/web40\/wp-content\/uploads\/2024\/11\/cropped-cropped-LOGO_9BTV-2024_Insta-1.jpg\",\"width\":512,\"height\":512,\"caption\":\"NouBarris.Net\"},\"image\":{\"@id\":\"https:\/\/www.noubarris.net\/web40\/#\/schema\/logo\/image\/\"},\"sameAs\":[\"https:\/\/www.facebook.com\/NouBarris.net\/?locale=es_ES\",\"https:\/\/x.com\/9BTV\"]},{\"@type\":\"Person\",\"@id\":\"https:\/\/www.noubarris.net\/web40\/#\/schema\/person\/1827f92aaa316c54abbf4dac0de76069\",\"name\":\"Informatius\",\"image\":{\"@type\":\"ImageObject\",\"inLanguage\":\"ca\",\"@id\":\"https:\/\/www.noubarris.net\/web40\/#\/schema\/person\/image\/\",\"url\":\"https:\/\/secure.gravatar.com\/avatar\/87a3b47928835fc72c6ee5b0e1a7263ef0c2d05003a98189bc14926c5f11bcdb?s=96&d=mm&r=g\",\"contentUrl\":\"https:\/\/secure.gravatar.com\/avatar\/87a3b47928835fc72c6ee5b0e1a7263ef0c2d05003a98189bc14926c5f11bcdb?s=96&d=mm&r=g\",\"caption\":\"Informatius\"},\"url\":\"https:\/\/www.noubarris.net\/web40\/author\/tele\/\"}]}<\/script>\n<!-- \/ Yoast SEO plugin. -->","yoast_head_json":{"title":"Recollida d'avets de Nadal - NouBarris.Net","robots":{"index":"index","follow":"follow","max-snippet":"max-snippet:-1","max-image-preview":"max-image-preview:large","max-video-preview":"max-video-preview:-1"},"canonical":"https:\/\/www.noubarris.net\/web40\/recollida-davets-de-nadal\/","og_locale":"ca_ES","og_type":"article","og_title":"Recollida d'avets de Nadal - NouBarris.Net","og_description":"Nou Barris disposa de 20 punts fins al 17 de gener per reciclar els arbres i branques en encoixinat Fins","og_url":"https:\/\/www.noubarris.net\/web40\/recollida-davets-de-nadal\/","og_site_name":"NouBarris.Net","article_publisher":"https:\/\/www.facebook.com\/NouBarris.net\/?locale=es_ES","article_published_time":"2022-01-07T22:00:27+00:00","article_modified_time":"2022-01-08T13:04:37+00:00","og_image":[{"width":768,"height":432,"url":"https:\/\/www.noubarris.net\/web40\/wp-content\/uploads\/2022\/01\/080122.jpg","type":"image\/jpeg"}],"author":"Informatius","twitter_card":"summary_large_image","twitter_creator":"@9BTV","twitter_site":"@9BTV","twitter_misc":{"Escrit per":"Informatius","Temps estimat de lectura":"2 minuts"},"schema":{"@context":"https:\/\/schema.org","@graph":[{"@type":"Article","@id":"https:\/\/www.noubarris.net\/web40\/recollida-davets-de-nadal\/#article","isPartOf":{"@id":"https:\/\/www.noubarris.net\/web40\/recollida-davets-de-nadal\/"},"author":{"name":"Informatius","@id":"https:\/\/www.noubarris.net\/web40\/#\/schema\/person\/1827f92aaa316c54abbf4dac0de76069"},"headline":"Recollida d&#8217;avets de Nadal","datePublished":"2022-01-07T22:00:27+00:00","dateModified":"2022-01-08T13:04:37+00:00","mainEntityOfPage":{"@id":"https:\/\/www.noubarris.net\/web40\/recollida-davets-de-nadal\/"},"wordCount":390,"publisher":{"@id":"https:\/\/www.noubarris.net\/web40\/#organization"},"image":{"@id":"https:\/\/www.noubarris.net\/web40\/recollida-davets-de-nadal\/#primaryimage"},"thumbnailUrl":"https:\/\/www.noubarris.net\/web40\/wp-content\/uploads\/2022\/01\/080122.jpg","keywords":["Medi ambient","Nadal","Nou Barris"],"articleSection":["Nou Barris","Societat"],"inLanguage":"ca"},{"@type":"WebPage","@id":"https:\/\/www.noubarris.net\/web40\/recollida-davets-de-nadal\/","url":"https:\/\/www.noubarris.net\/web40\/recollida-davets-de-nadal\/","name":"Recollida d'avets de Nadal - NouBarris.Net","isPartOf":{"@id":"https:\/\/www.noubarris.net\/web40\/#website"},"primaryImageOfPage":{"@id":"https:\/\/www.noubarris.net\/web40\/recollida-davets-de-nadal\/#primaryimage"},"image":{"@id":"https:\/\/www.noubarris.net\/web40\/recollida-davets-de-nadal\/#primaryimage"},"thumbnailUrl":"https:\/\/www.noubarris.net\/web40\/wp-content\/uploads\/2022\/01\/080122.jpg","datePublished":"2022-01-07T22:00:27+00:00","dateModified":"2022-01-08T13:04:37+00:00","breadcrumb":{"@id":"https:\/\/www.noubarris.net\/web40\/recollida-davets-de-nadal\/#breadcrumb"},"inLanguage":"ca","potentialAction":[{"@type":"ReadAction","target":["https:\/\/www.noubarris.net\/web40\/recollida-davets-de-nadal\/"]}]},{"@type":"ImageObject","inLanguage":"ca","@id":"https:\/\/www.noubarris.net\/web40\/recollida-davets-de-nadal\/#primaryimage","url":"https:\/\/www.noubarris.net\/web40\/wp-content\/uploads\/2022\/01\/080122.jpg","contentUrl":"https:\/\/www.noubarris.net\/web40\/wp-content\/uploads\/2022\/01\/080122.jpg","width":768,"height":432},{"@type":"BreadcrumbList","@id":"https:\/\/www.noubarris.net\/web40\/recollida-davets-de-nadal\/#breadcrumb","itemListElement":[{"@type":"ListItem","position":1,"name":"Inici","item":"https:\/\/www.noubarris.net\/web40\/"},{"@type":"ListItem","position":2,"name":"Recollida d&#8217;avets de Nadal"}]},{"@type":"WebSite","@id":"https:\/\/www.noubarris.net\/web40\/#website","url":"https:\/\/www.noubarris.net\/web40\/","name":"NouBarris.Net","description":"Seguint la vida de Nou Barris des de 1985","publisher":{"@id":"https:\/\/www.noubarris.net\/web40\/#organization"},"potentialAction":[{"@type":"SearchAction","target":{"@type":"EntryPoint","urlTemplate":"https:\/\/www.noubarris.net\/web40\/?s={search_term_string}"},"query-input":{"@type":"PropertyValueSpecification","valueRequired":true,"valueName":"search_term_string"}}],"inLanguage":"ca"},{"@type":"Organization","@id":"https:\/\/www.noubarris.net\/web40\/#organization","name":"NouBarris.Net","url":"https:\/\/www.noubarris.net\/web40\/","logo":{"@type":"ImageObject","inLanguage":"ca","@id":"https:\/\/www.noubarris.net\/web40\/#\/schema\/logo\/image\/","url":"https:\/\/www.noubarris.net\/web40\/wp-content\/uploads\/2024\/11\/cropped-cropped-LOGO_9BTV-2024_Insta-1.jpg","contentUrl":"https:\/\/www.noubarris.net\/web40\/wp-content\/uploads\/2024\/11\/cropped-cropped-LOGO_9BTV-2024_Insta-1.jpg","width":512,"height":512,"caption":"NouBarris.Net"},"image":{"@id":"https:\/\/www.noubarris.net\/web40\/#\/schema\/logo\/image\/"},"sameAs":["https:\/\/www.facebook.com\/NouBarris.net\/?locale=es_ES","https:\/\/x.com\/9BTV"]},{"@type":"Person","@id":"https:\/\/www.noubarris.net\/web40\/#\/schema\/person\/1827f92aaa316c54abbf4dac0de76069","name":"Informatius","image":{"@type":"ImageObject","inLanguage":"ca","@id":"https:\/\/www.noubarris.net\/web40\/#\/schema\/person\/image\/","url":"https:\/\/secure.gravatar.com\/avatar\/87a3b47928835fc72c6ee5b0e1a7263ef0c2d05003a98189bc14926c5f11bcdb?s=96&d=mm&r=g","contentUrl":"https:\/\/secure.gravatar.com\/avatar\/87a3b47928835fc72c6ee5b0e1a7263ef0c2d05003a98189bc14926c5f11bcdb?s=96&d=mm&r=g","caption":"Informatius"},"url":"https:\/\/www.noubarris.net\/web40\/author\/tele\/"}]}},"_links":{"self":[{"href":"https:\/\/www.noubarris.net\/web40\/wp-json\/wp\/v2\/posts\/78437","targetHints":{"allow":["GET"]}}],"collection":[{"href":"https:\/\/www.noubarris.net\/web40\/wp-json\/wp\/v2\/posts"}],"about":[{"href":"https:\/\/www.noubarris.net\/web40\/wp-json\/wp\/v2\/types\/post"}],"author":[{"embeddable":true,"href":"https:\/\/www.noubarris.net\/web40\/wp-json\/wp\/v2\/users\/2"}],"replies":[{"embeddable":true,"href":"https:\/\/www.noubarris.net\/web40\/wp-json\/wp\/v2\/comments?post=78437"}],"version-history":[{"count":2,"href":"https:\/\/www.noubarris.net\/web40\/wp-json\/wp\/v2\/posts\/78437\/revisions"}],"predecessor-version":[{"id":78440,"href":"https:\/\/www.noubarris.net\/web40\/wp-json\/wp\/v2\/posts\/78437\/revisions\/78440"}],"wp:featuredmedia":[{"embeddable":true,"href":"https:\/\/www.noubarris.net\/web40\/wp-json\/wp\/v2\/media\/78438"}],"wp:attachment":[{"href":"https:\/\/www.noubarris.net\/web40\/wp-json\/wp\/v2\/media?parent=78437"}],"wp:term":[{"taxonomy":"category","embeddable":true,"href":"https:\/\/www.noubarris.net\/web40\/wp-json\/wp\/v2\/categories?post=78437"},{"taxonomy":"post_tag","embeddable":true,"href":"https:\/\/www.noubarris.net\/web40\/wp-json\/wp\/v2\/tags?post=78437"}],"curies":[{"name":"wp","href":"https:\/\/api.w.org\/{rel}","templated":true}]}}