{"id":78444,"date":"2022-01-10T00:00:57","date_gmt":"2022-01-09T22:00:57","guid":{"rendered":"http:\/\/www.noubarris.net\/web40\/?p=78444"},"modified":"2022-01-08T15:24:54","modified_gmt":"2022-01-08T13:24:54","slug":"la-linia-183-amplia-el-recorregut-a-la-zona-nord","status":"publish","type":"post","link":"https:\/\/www.noubarris.net\/web40\/la-linia-183-amplia-el-recorregut-a-la-zona-nord\/","title":{"rendered":"La l\u00ednia 183 amplia el recorregut a la Zona Nord"},"content":{"rendered":"<p><strong>La 182 es converteix en circular i el bus a demanda allarga l\u2019horari<\/strong><\/p>\n<p>La l\u00ednia 183 d\u2019autobusos de TMB amplia a partir d&#8217;avui el recorregut per Ciutat Meridiana, amb l&#8217;objectiu de donar servei a la part alta del barri. La freq\u00fc\u00e8ncia de pas ser\u00e0 de 20 minuts, un fet que redueix en 10 minuts el servei que prestava l\u2019empresa Sagal\u00e9s. Al mateix temps, el servei comen\u00e7ar\u00e0 m\u00e9s d\u2019hora de dilluns a dissabte, en concret, a les 4.50h, en comptes de les 5 h com es fa actualment, per facilitar l\u2019acc\u00e9s al ve\u00efnat que li interessa agafar a primera hora el tren a l\u2019estaci\u00f3 de Torre Bar\u00f3.<\/p>\n<p>Entre els canvis que entren en funcionament a partir d&#8217;avui hi ha tamb\u00e9\u00a0la conversi\u00f3 de la l\u00ednia 182 (pla\u00e7a del Virrei Amat \u2013 Torre Bar\u00f3) en circular, amb un sol origen i final a Torre Bar\u00f3. Aix\u00f2\u00a0 permetr\u00e0 escur\u00e7ar el temps de volta i ajustar els horaris de pas, que mantenen la cad\u00e8ncia programada de 20 minuts.<\/p>\n<p>Finalment, tamb\u00e9 es millora el servei del bus a demanda de Torre Bar\u00f3, implantat el 2019 i que opera amb la marca El meu Bus. En aquest cas, a partir d&#8217;avui s\u2019aplicar\u00e0 una ampliaci\u00f3 de mitja hora en l\u2019horari de peticions de servei, de les 20.30h fins a les 21h (per a recorreguts que acabin com a m\u00e0xim a les 21.30h). Tots aquests canvis s\u2019han planificat d\u2019acord amb el Districte de Nou Barris i les peticions expressades pel ve\u00efnat.<\/p>\n","protected":false},"excerpt":{"rendered":"<p>La 182 es converteix en circular i el bus a demanda allarga l\u2019horari La l\u00ednia 183 d\u2019autobusos de TMB amplia<\/p>\n","protected":false},"author":2,"featured_media":78445,"comment_status":"closed","ping_status":"closed","sticky":false,"template":"","format":"standard","meta":{"colormag_page_layout":"default_layout","_monsterinsights_skip_tracking":false,"_monsterinsights_sitenote_active":false,"_monsterinsights_sitenote_note":"","_monsterinsights_sitenote_category":0,"footnotes":""},"categories":[125,1],"tags":[404,461,438],"class_list":["post-78444","post","type-post","status-publish","format-standard","has-post-thumbnail","hentry","category-mobilitat","category-nou-barris","tag-autobus","tag-tmb","tag-zona-nord"],"yoast_head":"<!-- This site is optimized with the Yoast SEO plugin v25.3 - https:\/\/yoast.com\/wordpress\/plugins\/seo\/ -->\n<title>La l\u00ednia 183 amplia el recorregut a la Zona Nord - NouBarris.Net<\/title>\n<meta name=\"robots\" content=\"index, follow, max-snippet:-1, max-image-preview:large, max-video-preview:-1\" \/>\n<link rel=\"canonical\" href=\"https:\/\/www.noubarris.net\/web40\/la-linia-183-amplia-el-recorregut-a-la-zona-nord\/\" \/>\n<meta property=\"og:locale\" content=\"ca_ES\" \/>\n<meta property=\"og:type\" content=\"article\" \/>\n<meta property=\"og:title\" content=\"La l\u00ednia 183 amplia el recorregut a la Zona Nord - NouBarris.Net\" \/>\n<meta property=\"og:description\" content=\"La 182 es converteix en circular i el bus a demanda allarga l\u2019horari La l\u00ednia 183 d\u2019autobusos de TMB amplia\" \/>\n<meta property=\"og:url\" content=\"https:\/\/www.noubarris.net\/web40\/la-linia-183-amplia-el-recorregut-a-la-zona-nord\/\" \/>\n<meta property=\"og:site_name\" content=\"NouBarris.Net\" \/>\n<meta property=\"article:publisher\" content=\"https:\/\/www.facebook.com\/NouBarris.net\/?locale=es_ES\" \/>\n<meta property=\"article:published_time\" content=\"2022-01-09T22:00:57+00:00\" \/>\n<meta property=\"og:image\" content=\"https:\/\/www.noubarris.net\/web40\/wp-content\/uploads\/2022\/01\/100122.jpg\" \/>\n\t<meta property=\"og:image:width\" content=\"768\" \/>\n\t<meta property=\"og:image:height\" content=\"432\" \/>\n\t<meta property=\"og:image:type\" content=\"image\/jpeg\" \/>\n<meta name=\"author\" content=\"Informatius\" \/>\n<meta name=\"twitter:card\" content=\"summary_large_image\" \/>\n<meta name=\"twitter:creator\" content=\"@9BTV\" \/>\n<meta name=\"twitter:site\" content=\"@9BTV\" \/>\n<meta name=\"twitter:label1\" content=\"Escrit per\" \/>\n\t<meta name=\"twitter:data1\" content=\"Informatius\" \/>\n\t<meta name=\"twitter:label2\" content=\"Temps estimat de lectura\" \/>\n\t<meta name=\"twitter:data2\" content=\"1 minut\" \/>\n<script type=\"application\/ld+json\" class=\"yoast-schema-graph\">{\"@context\":\"https:\/\/schema.org\",\"@graph\":[{\"@type\":\"Article\",\"@id\":\"https:\/\/www.noubarris.net\/web40\/la-linia-183-amplia-el-recorregut-a-la-zona-nord\/#article\",\"isPartOf\":{\"@id\":\"https:\/\/www.noubarris.net\/web40\/la-linia-183-amplia-el-recorregut-a-la-zona-nord\/\"},\"author\":{\"name\":\"Informatius\",\"@id\":\"https:\/\/www.noubarris.net\/web40\/#\/schema\/person\/1827f92aaa316c54abbf4dac0de76069\"},\"headline\":\"La l\u00ednia 183 amplia el recorregut a la Zona Nord\",\"datePublished\":\"2022-01-09T22:00:57+00:00\",\"mainEntityOfPage\":{\"@id\":\"https:\/\/www.noubarris.net\/web40\/la-linia-183-amplia-el-recorregut-a-la-zona-nord\/\"},\"wordCount\":271,\"publisher\":{\"@id\":\"https:\/\/www.noubarris.net\/web40\/#organization\"},\"image\":{\"@id\":\"https:\/\/www.noubarris.net\/web40\/la-linia-183-amplia-el-recorregut-a-la-zona-nord\/#primaryimage\"},\"thumbnailUrl\":\"https:\/\/www.noubarris.net\/web40\/wp-content\/uploads\/2022\/01\/100122.jpg\",\"keywords\":[\"Autob\u00fas\",\"TMB\",\"Zona Nord\"],\"articleSection\":[\"Mobilitat\",\"Nou Barris\"],\"inLanguage\":\"ca\"},{\"@type\":\"WebPage\",\"@id\":\"https:\/\/www.noubarris.net\/web40\/la-linia-183-amplia-el-recorregut-a-la-zona-nord\/\",\"url\":\"https:\/\/www.noubarris.net\/web40\/la-linia-183-amplia-el-recorregut-a-la-zona-nord\/\",\"name\":\"La l\u00ednia 183 amplia el recorregut a la Zona Nord - NouBarris.Net\",\"isPartOf\":{\"@id\":\"https:\/\/www.noubarris.net\/web40\/#website\"},\"primaryImageOfPage\":{\"@id\":\"https:\/\/www.noubarris.net\/web40\/la-linia-183-amplia-el-recorregut-a-la-zona-nord\/#primaryimage\"},\"image\":{\"@id\":\"https:\/\/www.noubarris.net\/web40\/la-linia-183-amplia-el-recorregut-a-la-zona-nord\/#primaryimage\"},\"thumbnailUrl\":\"https:\/\/www.noubarris.net\/web40\/wp-content\/uploads\/2022\/01\/100122.jpg\",\"datePublished\":\"2022-01-09T22:00:57+00:00\",\"breadcrumb\":{\"@id\":\"https:\/\/www.noubarris.net\/web40\/la-linia-183-amplia-el-recorregut-a-la-zona-nord\/#breadcrumb\"},\"inLanguage\":\"ca\",\"potentialAction\":[{\"@type\":\"ReadAction\",\"target\":[\"https:\/\/www.noubarris.net\/web40\/la-linia-183-amplia-el-recorregut-a-la-zona-nord\/\"]}]},{\"@type\":\"ImageObject\",\"inLanguage\":\"ca\",\"@id\":\"https:\/\/www.noubarris.net\/web40\/la-linia-183-amplia-el-recorregut-a-la-zona-nord\/#primaryimage\",\"url\":\"https:\/\/www.noubarris.net\/web40\/wp-content\/uploads\/2022\/01\/100122.jpg\",\"contentUrl\":\"https:\/\/www.noubarris.net\/web40\/wp-content\/uploads\/2022\/01\/100122.jpg\",\"width\":768,\"height\":432},{\"@type\":\"BreadcrumbList\",\"@id\":\"https:\/\/www.noubarris.net\/web40\/la-linia-183-amplia-el-recorregut-a-la-zona-nord\/#breadcrumb\",\"itemListElement\":[{\"@type\":\"ListItem\",\"position\":1,\"name\":\"Inici\",\"item\":\"https:\/\/www.noubarris.net\/web40\/\"},{\"@type\":\"ListItem\",\"position\":2,\"name\":\"La l\u00ednia 183 amplia el recorregut a la Zona Nord\"}]},{\"@type\":\"WebSite\",\"@id\":\"https:\/\/www.noubarris.net\/web40\/#website\",\"url\":\"https:\/\/www.noubarris.net\/web40\/\",\"name\":\"NouBarris.Net\",\"description\":\"Seguint la vida de Nou Barris des de 1985\",\"publisher\":{\"@id\":\"https:\/\/www.noubarris.net\/web40\/#organization\"},\"potentialAction\":[{\"@type\":\"SearchAction\",\"target\":{\"@type\":\"EntryPoint\",\"urlTemplate\":\"https:\/\/www.noubarris.net\/web40\/?s={search_term_string}\"},\"query-input\":{\"@type\":\"PropertyValueSpecification\",\"valueRequired\":true,\"valueName\":\"search_term_string\"}}],\"inLanguage\":\"ca\"},{\"@type\":\"Organization\",\"@id\":\"https:\/\/www.noubarris.net\/web40\/#organization\",\"name\":\"NouBarris.Net\",\"url\":\"https:\/\/www.noubarris.net\/web40\/\",\"logo\":{\"@type\":\"ImageObject\",\"inLanguage\":\"ca\",\"@id\":\"https:\/\/www.noubarris.net\/web40\/#\/schema\/logo\/image\/\",\"url\":\"https:\/\/www.noubarris.net\/web40\/wp-content\/uploads\/2024\/11\/cropped-cropped-LOGO_9BTV-2024_Insta-1.jpg\",\"contentUrl\":\"https:\/\/www.noubarris.net\/web40\/wp-content\/uploads\/2024\/11\/cropped-cropped-LOGO_9BTV-2024_Insta-1.jpg\",\"width\":512,\"height\":512,\"caption\":\"NouBarris.Net\"},\"image\":{\"@id\":\"https:\/\/www.noubarris.net\/web40\/#\/schema\/logo\/image\/\"},\"sameAs\":[\"https:\/\/www.facebook.com\/NouBarris.net\/?locale=es_ES\",\"https:\/\/x.com\/9BTV\"]},{\"@type\":\"Person\",\"@id\":\"https:\/\/www.noubarris.net\/web40\/#\/schema\/person\/1827f92aaa316c54abbf4dac0de76069\",\"name\":\"Informatius\",\"image\":{\"@type\":\"ImageObject\",\"inLanguage\":\"ca\",\"@id\":\"https:\/\/www.noubarris.net\/web40\/#\/schema\/person\/image\/\",\"url\":\"https:\/\/secure.gravatar.com\/avatar\/87a3b47928835fc72c6ee5b0e1a7263ef0c2d05003a98189bc14926c5f11bcdb?s=96&d=mm&r=g\",\"contentUrl\":\"https:\/\/secure.gravatar.com\/avatar\/87a3b47928835fc72c6ee5b0e1a7263ef0c2d05003a98189bc14926c5f11bcdb?s=96&d=mm&r=g\",\"caption\":\"Informatius\"},\"url\":\"https:\/\/www.noubarris.net\/web40\/author\/tele\/\"}]}<\/script>\n<!-- \/ Yoast SEO plugin. -->","yoast_head_json":{"title":"La l\u00ednia 183 amplia el recorregut a la Zona Nord - NouBarris.Net","robots":{"index":"index","follow":"follow","max-snippet":"max-snippet:-1","max-image-preview":"max-image-preview:large","max-video-preview":"max-video-preview:-1"},"canonical":"https:\/\/www.noubarris.net\/web40\/la-linia-183-amplia-el-recorregut-a-la-zona-nord\/","og_locale":"ca_ES","og_type":"article","og_title":"La l\u00ednia 183 amplia el recorregut a la Zona Nord - NouBarris.Net","og_description":"La 182 es converteix en circular i el bus a demanda allarga l\u2019horari La l\u00ednia 183 d\u2019autobusos de TMB amplia","og_url":"https:\/\/www.noubarris.net\/web40\/la-linia-183-amplia-el-recorregut-a-la-zona-nord\/","og_site_name":"NouBarris.Net","article_publisher":"https:\/\/www.facebook.com\/NouBarris.net\/?locale=es_ES","article_published_time":"2022-01-09T22:00:57+00:00","og_image":[{"width":768,"height":432,"url":"https:\/\/www.noubarris.net\/web40\/wp-content\/uploads\/2022\/01\/100122.jpg","type":"image\/jpeg"}],"author":"Informatius","twitter_card":"summary_large_image","twitter_creator":"@9BTV","twitter_site":"@9BTV","twitter_misc":{"Escrit per":"Informatius","Temps estimat de lectura":"1 minut"},"schema":{"@context":"https:\/\/schema.org","@graph":[{"@type":"Article","@id":"https:\/\/www.noubarris.net\/web40\/la-linia-183-amplia-el-recorregut-a-la-zona-nord\/#article","isPartOf":{"@id":"https:\/\/www.noubarris.net\/web40\/la-linia-183-amplia-el-recorregut-a-la-zona-nord\/"},"author":{"name":"Informatius","@id":"https:\/\/www.noubarris.net\/web40\/#\/schema\/person\/1827f92aaa316c54abbf4dac0de76069"},"headline":"La l\u00ednia 183 amplia el recorregut a la Zona Nord","datePublished":"2022-01-09T22:00:57+00:00","mainEntityOfPage":{"@id":"https:\/\/www.noubarris.net\/web40\/la-linia-183-amplia-el-recorregut-a-la-zona-nord\/"},"wordCount":271,"publisher":{"@id":"https:\/\/www.noubarris.net\/web40\/#organization"},"image":{"@id":"https:\/\/www.noubarris.net\/web40\/la-linia-183-amplia-el-recorregut-a-la-zona-nord\/#primaryimage"},"thumbnailUrl":"https:\/\/www.noubarris.net\/web40\/wp-content\/uploads\/2022\/01\/100122.jpg","keywords":["Autob\u00fas","TMB","Zona Nord"],"articleSection":["Mobilitat","Nou Barris"],"inLanguage":"ca"},{"@type":"WebPage","@id":"https:\/\/www.noubarris.net\/web40\/la-linia-183-amplia-el-recorregut-a-la-zona-nord\/","url":"https:\/\/www.noubarris.net\/web40\/la-linia-183-amplia-el-recorregut-a-la-zona-nord\/","name":"La l\u00ednia 183 amplia el recorregut a la Zona Nord - NouBarris.Net","isPartOf":{"@id":"https:\/\/www.noubarris.net\/web40\/#website"},"primaryImageOfPage":{"@id":"https:\/\/www.noubarris.net\/web40\/la-linia-183-amplia-el-recorregut-a-la-zona-nord\/#primaryimage"},"image":{"@id":"https:\/\/www.noubarris.net\/web40\/la-linia-183-amplia-el-recorregut-a-la-zona-nord\/#primaryimage"},"thumbnailUrl":"https:\/\/www.noubarris.net\/web40\/wp-content\/uploads\/2022\/01\/100122.jpg","datePublished":"2022-01-09T22:00:57+00:00","breadcrumb":{"@id":"https:\/\/www.noubarris.net\/web40\/la-linia-183-amplia-el-recorregut-a-la-zona-nord\/#breadcrumb"},"inLanguage":"ca","potentialAction":[{"@type":"ReadAction","target":["https:\/\/www.noubarris.net\/web40\/la-linia-183-amplia-el-recorregut-a-la-zona-nord\/"]}]},{"@type":"ImageObject","inLanguage":"ca","@id":"https:\/\/www.noubarris.net\/web40\/la-linia-183-amplia-el-recorregut-a-la-zona-nord\/#primaryimage","url":"https:\/\/www.noubarris.net\/web40\/wp-content\/uploads\/2022\/01\/100122.jpg","contentUrl":"https:\/\/www.noubarris.net\/web40\/wp-content\/uploads\/2022\/01\/100122.jpg","width":768,"height":432},{"@type":"BreadcrumbList","@id":"https:\/\/www.noubarris.net\/web40\/la-linia-183-amplia-el-recorregut-a-la-zona-nord\/#breadcrumb","itemListElement":[{"@type":"ListItem","position":1,"name":"Inici","item":"https:\/\/www.noubarris.net\/web40\/"},{"@type":"ListItem","position":2,"name":"La l\u00ednia 183 amplia el recorregut a la Zona Nord"}]},{"@type":"WebSite","@id":"https:\/\/www.noubarris.net\/web40\/#website","url":"https:\/\/www.noubarris.net\/web40\/","name":"NouBarris.Net","description":"Seguint la vida de Nou Barris des de 1985","publisher":{"@id":"https:\/\/www.noubarris.net\/web40\/#organization"},"potentialAction":[{"@type":"SearchAction","target":{"@type":"EntryPoint","urlTemplate":"https:\/\/www.noubarris.net\/web40\/?s={search_term_string}"},"query-input":{"@type":"PropertyValueSpecification","valueRequired":true,"valueName":"search_term_string"}}],"inLanguage":"ca"},{"@type":"Organization","@id":"https:\/\/www.noubarris.net\/web40\/#organization","name":"NouBarris.Net","url":"https:\/\/www.noubarris.net\/web40\/","logo":{"@type":"ImageObject","inLanguage":"ca","@id":"https:\/\/www.noubarris.net\/web40\/#\/schema\/logo\/image\/","url":"https:\/\/www.noubarris.net\/web40\/wp-content\/uploads\/2024\/11\/cropped-cropped-LOGO_9BTV-2024_Insta-1.jpg","contentUrl":"https:\/\/www.noubarris.net\/web40\/wp-content\/uploads\/2024\/11\/cropped-cropped-LOGO_9BTV-2024_Insta-1.jpg","width":512,"height":512,"caption":"NouBarris.Net"},"image":{"@id":"https:\/\/www.noubarris.net\/web40\/#\/schema\/logo\/image\/"},"sameAs":["https:\/\/www.facebook.com\/NouBarris.net\/?locale=es_ES","https:\/\/x.com\/9BTV"]},{"@type":"Person","@id":"https:\/\/www.noubarris.net\/web40\/#\/schema\/person\/1827f92aaa316c54abbf4dac0de76069","name":"Informatius","image":{"@type":"ImageObject","inLanguage":"ca","@id":"https:\/\/www.noubarris.net\/web40\/#\/schema\/person\/image\/","url":"https:\/\/secure.gravatar.com\/avatar\/87a3b47928835fc72c6ee5b0e1a7263ef0c2d05003a98189bc14926c5f11bcdb?s=96&d=mm&r=g","contentUrl":"https:\/\/secure.gravatar.com\/avatar\/87a3b47928835fc72c6ee5b0e1a7263ef0c2d05003a98189bc14926c5f11bcdb?s=96&d=mm&r=g","caption":"Informatius"},"url":"https:\/\/www.noubarris.net\/web40\/author\/tele\/"}]}},"_links":{"self":[{"href":"https:\/\/www.noubarris.net\/web40\/wp-json\/wp\/v2\/posts\/78444","targetHints":{"allow":["GET"]}}],"collection":[{"href":"https:\/\/www.noubarris.net\/web40\/wp-json\/wp\/v2\/posts"}],"about":[{"href":"https:\/\/www.noubarris.net\/web40\/wp-json\/wp\/v2\/types\/post"}],"author":[{"embeddable":true,"href":"https:\/\/www.noubarris.net\/web40\/wp-json\/wp\/v2\/users\/2"}],"replies":[{"embeddable":true,"href":"https:\/\/www.noubarris.net\/web40\/wp-json\/wp\/v2\/comments?post=78444"}],"version-history":[{"count":1,"href":"https:\/\/www.noubarris.net\/web40\/wp-json\/wp\/v2\/posts\/78444\/revisions"}],"predecessor-version":[{"id":78446,"href":"https:\/\/www.noubarris.net\/web40\/wp-json\/wp\/v2\/posts\/78444\/revisions\/78446"}],"wp:featuredmedia":[{"embeddable":true,"href":"https:\/\/www.noubarris.net\/web40\/wp-json\/wp\/v2\/media\/78445"}],"wp:attachment":[{"href":"https:\/\/www.noubarris.net\/web40\/wp-json\/wp\/v2\/media?parent=78444"}],"wp:term":[{"taxonomy":"category","embeddable":true,"href":"https:\/\/www.noubarris.net\/web40\/wp-json\/wp\/v2\/categories?post=78444"},{"taxonomy":"post_tag","embeddable":true,"href":"https:\/\/www.noubarris.net\/web40\/wp-json\/wp\/v2\/tags?post=78444"}],"curies":[{"name":"wp","href":"https:\/\/api.w.org\/{rel}","templated":true}]}}