{"id":78491,"date":"2022-01-20T00:00:09","date_gmt":"2022-01-19T22:00:09","guid":{"rendered":"http:\/\/www.noubarris.net\/web40\/?p=78491"},"modified":"2022-01-20T00:19:36","modified_gmt":"2022-01-19T22:19:36","slug":"lajuntament-estudia-reubicar-el-camp-del-racing-vallbona-davant-la-granja-del-ritz-per-les-obres-dadif","status":"publish","type":"post","link":"https:\/\/www.noubarris.net\/web40\/lajuntament-estudia-reubicar-el-camp-del-racing-vallbona-davant-la-granja-del-ritz-per-les-obres-dadif\/","title":{"rendered":"L&#8217;Ajuntament estudia reubicar el camp del Racing Vallbona davant la Granja del Ritz per les obres d&#8217;Adif"},"content":{"rendered":"<p><strong>El trasllat permetria al club mantenir la seva tasca social i esportiva al barri<\/strong><\/p>\n<p>Districte de Nou Barris estudia traslladar el camp de futbol del Racing Vallbona als terrenys situats davant de la Granja del Ritz. Un trasllat for\u00e7at per les futures obres de soterrament de les vies del tren que actualment passen entre la instal\u00b7laci\u00f3 esportiva i el riu Bes\u00f2s. Aquestes obres tenen previst comen\u00e7ar el gener de 2023 i afectaran el camp de futbol. Per tant, feia mesos que el Racing Vallbona es mostrava preocupat i reclamava una soluci\u00f3.<\/p>\n<p>Segons va explicar el regidor de Nou Barris, Xavier Marc\u00e9,\u00a0 al darrer plenari, Districte ha treballat amb diverses propostes per a reubicar el camp de futbol abans de decidir-se pels terrenys de la Granja del Ritz. El problema han estat els informes de l&#8217;Ag\u00e8ncia Catalana de l&#8217;Aigua (ACA) que ha desestimat empla\u00e7aments com el de la Ponderosa pel risc d&#8217;inundacions. &#8220;L&#8217;Ag\u00e8ncia Catalana de l\u2019Aigua ens ha vetat totes les alternatives possibles. No una, moltes- va afirmar el regidor-\u00a0 Malgrat tot hem trobat una soluci\u00f3 que permetr\u00e0 tenir el camp de futbol sencer en el barri. Afecta un petit tros de la Granja del Ritz, un 5% del terreny. Creiem que mentre hi hagi aquest camp provisional s&#8217;hi pot crear un efecte de sociabilitzaci\u00f3 en el propi entorn de la Granja del Ritz&#8221;. Tot plegat reconeixent la gran tasca social que fa el Racing Vallbona al barri.<\/p>\n<p>Aquest empla\u00e7ament encara est\u00e0 pendent de la confirmaci\u00f3 definitiva per part de l&#8217;ACA, per\u00f2 la intenci\u00f3 de Districte \u00e9s, un cop informats els ve\u00efns de Vallbona, comen\u00e7ar amb el projecte executiu per crear la instal\u00b7laci\u00f3 provisional. Aquest nou camp seria la seu del Racing Vallbona durant un temps aproximat de 4 anys.<\/p>\n<p>&nbsp;<\/p>\n<p>&nbsp;<\/p>\n<blockquote class=\"wp-embedded-content\" data-secret=\"KtzwcNYfj8\"><p><a href=\"https:\/\/www.noubarris.net\/web40\/vallbona-es-puja-al-tren-del-soterrament-de-les-vies-a-lultim-moment\/\">Vallbona es puja al tren del soterrament de les vies a l&#8217;\u00faltim moment<\/a><\/p><\/blockquote>\n<p><iframe loading=\"lazy\" class=\"wp-embedded-content\" sandbox=\"allow-scripts\" security=\"restricted\" style=\"position: absolute; visibility: hidden;\" title=\"&#8220;Vallbona es puja al tren del soterrament de les vies a l&#8217;\u00faltim moment&#8221; &#8212; NouBarris.Net\" src=\"https:\/\/www.noubarris.net\/web40\/vallbona-es-puja-al-tren-del-soterrament-de-les-vies-a-lultim-moment\/embed\/#?secret=TwQowItsgV#?secret=KtzwcNYfj8\" data-secret=\"KtzwcNYfj8\" width=\"600\" height=\"338\" frameborder=\"0\" marginwidth=\"0\" marginheight=\"0\" scrolling=\"no\"><\/iframe><\/p>\n<p>&nbsp;<\/p>\n<blockquote class=\"wp-embedded-content\" data-secret=\"tFDXwT7zh0\"><p><a href=\"https:\/\/www.noubarris.net\/web40\/exit-esportiu-dels-petits-del-racing-vallbona\/\">\u00c8xit esportiu dels petits del Racing Vallbona<\/a><\/p><\/blockquote>\n<p><iframe loading=\"lazy\" class=\"wp-embedded-content\" sandbox=\"allow-scripts\" security=\"restricted\" style=\"position: absolute; visibility: hidden;\" title=\"&#8220;\u00c8xit esportiu dels petits del Racing Vallbona&#8221; &#8212; NouBarris.Net\" src=\"https:\/\/www.noubarris.net\/web40\/exit-esportiu-dels-petits-del-racing-vallbona\/embed\/#?secret=1sb2UFSdeI#?secret=tFDXwT7zh0\" data-secret=\"tFDXwT7zh0\" width=\"600\" height=\"338\" frameborder=\"0\" marginwidth=\"0\" marginheight=\"0\" scrolling=\"no\"><\/iframe><\/p>\n","protected":false},"excerpt":{"rendered":"<p>El trasllat permetria al club mantenir la seva tasca social i esportiva al barri Districte de Nou Barris estudia traslladar<\/p>\n","protected":false},"author":2,"featured_media":78493,"comment_status":"closed","ping_status":"closed","sticky":false,"template":"","format":"standard","meta":{"colormag_page_layout":"default_layout","_monsterinsights_skip_tracking":false,"_monsterinsights_sitenote_active":false,"_monsterinsights_sitenote_note":"","_monsterinsights_sitenote_category":0,"footnotes":""},"categories":[124,140],"tags":[121,491],"class_list":["post-78491","post","type-post","status-publish","format-standard","has-post-thumbnail","hentry","category-societat","category-vallbona","tag-equipaments","tag-esports"],"yoast_head":"<!-- This site is optimized with the Yoast SEO plugin v25.3 - https:\/\/yoast.com\/wordpress\/plugins\/seo\/ -->\n<title>L&#039;Ajuntament estudia reubicar el camp del Racing Vallbona davant la Granja del Ritz per les obres d&#039;Adif - NouBarris.Net<\/title>\n<meta name=\"robots\" content=\"index, follow, max-snippet:-1, max-image-preview:large, max-video-preview:-1\" \/>\n<link rel=\"canonical\" href=\"https:\/\/www.noubarris.net\/web40\/lajuntament-estudia-reubicar-el-camp-del-racing-vallbona-davant-la-granja-del-ritz-per-les-obres-dadif\/\" \/>\n<meta property=\"og:locale\" content=\"ca_ES\" \/>\n<meta property=\"og:type\" content=\"article\" \/>\n<meta property=\"og:title\" content=\"L&#039;Ajuntament estudia reubicar el camp del Racing Vallbona davant la Granja del Ritz per les obres d&#039;Adif - NouBarris.Net\" \/>\n<meta property=\"og:description\" content=\"El trasllat permetria al club mantenir la seva tasca social i esportiva al barri Districte de Nou Barris estudia traslladar\" \/>\n<meta property=\"og:url\" content=\"https:\/\/www.noubarris.net\/web40\/lajuntament-estudia-reubicar-el-camp-del-racing-vallbona-davant-la-granja-del-ritz-per-les-obres-dadif\/\" \/>\n<meta property=\"og:site_name\" content=\"NouBarris.Net\" \/>\n<meta property=\"article:publisher\" content=\"https:\/\/www.facebook.com\/NouBarris.net\/?locale=es_ES\" \/>\n<meta property=\"article:published_time\" content=\"2022-01-19T22:00:09+00:00\" \/>\n<meta property=\"article:modified_time\" content=\"2022-01-19T22:19:36+00:00\" \/>\n<meta property=\"og:image\" content=\"https:\/\/www.noubarris.net\/web40\/wp-content\/uploads\/2022\/01\/200122.jpg\" \/>\n\t<meta property=\"og:image:width\" content=\"768\" \/>\n\t<meta property=\"og:image:height\" content=\"432\" \/>\n\t<meta property=\"og:image:type\" content=\"image\/jpeg\" \/>\n<meta name=\"author\" content=\"Informatius\" \/>\n<meta name=\"twitter:card\" content=\"summary_large_image\" \/>\n<meta name=\"twitter:creator\" content=\"@9BTV\" \/>\n<meta name=\"twitter:site\" content=\"@9BTV\" \/>\n<meta name=\"twitter:label1\" content=\"Escrit per\" \/>\n\t<meta name=\"twitter:data1\" content=\"Informatius\" \/>\n\t<meta name=\"twitter:label2\" content=\"Temps estimat de lectura\" \/>\n\t<meta name=\"twitter:data2\" content=\"2 minuts\" \/>\n<script type=\"application\/ld+json\" class=\"yoast-schema-graph\">{\"@context\":\"https:\/\/schema.org\",\"@graph\":[{\"@type\":\"Article\",\"@id\":\"https:\/\/www.noubarris.net\/web40\/lajuntament-estudia-reubicar-el-camp-del-racing-vallbona-davant-la-granja-del-ritz-per-les-obres-dadif\/#article\",\"isPartOf\":{\"@id\":\"https:\/\/www.noubarris.net\/web40\/lajuntament-estudia-reubicar-el-camp-del-racing-vallbona-davant-la-granja-del-ritz-per-les-obres-dadif\/\"},\"author\":{\"name\":\"Informatius\",\"@id\":\"https:\/\/www.noubarris.net\/web40\/#\/schema\/person\/1827f92aaa316c54abbf4dac0de76069\"},\"headline\":\"L&#8217;Ajuntament estudia reubicar el camp del Racing Vallbona davant la Granja del Ritz per les obres d&#8217;Adif\",\"datePublished\":\"2022-01-19T22:00:09+00:00\",\"dateModified\":\"2022-01-19T22:19:36+00:00\",\"mainEntityOfPage\":{\"@id\":\"https:\/\/www.noubarris.net\/web40\/lajuntament-estudia-reubicar-el-camp-del-racing-vallbona-davant-la-granja-del-ritz-per-les-obres-dadif\/\"},\"wordCount\":338,\"publisher\":{\"@id\":\"https:\/\/www.noubarris.net\/web40\/#organization\"},\"image\":{\"@id\":\"https:\/\/www.noubarris.net\/web40\/lajuntament-estudia-reubicar-el-camp-del-racing-vallbona-davant-la-granja-del-ritz-per-les-obres-dadif\/#primaryimage\"},\"thumbnailUrl\":\"https:\/\/www.noubarris.net\/web40\/wp-content\/uploads\/2022\/01\/200122.jpg\",\"keywords\":[\"Equipaments\",\"esports\"],\"articleSection\":[\"Societat\",\"Vallbona\"],\"inLanguage\":\"ca\"},{\"@type\":\"WebPage\",\"@id\":\"https:\/\/www.noubarris.net\/web40\/lajuntament-estudia-reubicar-el-camp-del-racing-vallbona-davant-la-granja-del-ritz-per-les-obres-dadif\/\",\"url\":\"https:\/\/www.noubarris.net\/web40\/lajuntament-estudia-reubicar-el-camp-del-racing-vallbona-davant-la-granja-del-ritz-per-les-obres-dadif\/\",\"name\":\"L'Ajuntament estudia reubicar el camp del Racing Vallbona davant la Granja del Ritz per les obres d'Adif - NouBarris.Net\",\"isPartOf\":{\"@id\":\"https:\/\/www.noubarris.net\/web40\/#website\"},\"primaryImageOfPage\":{\"@id\":\"https:\/\/www.noubarris.net\/web40\/lajuntament-estudia-reubicar-el-camp-del-racing-vallbona-davant-la-granja-del-ritz-per-les-obres-dadif\/#primaryimage\"},\"image\":{\"@id\":\"https:\/\/www.noubarris.net\/web40\/lajuntament-estudia-reubicar-el-camp-del-racing-vallbona-davant-la-granja-del-ritz-per-les-obres-dadif\/#primaryimage\"},\"thumbnailUrl\":\"https:\/\/www.noubarris.net\/web40\/wp-content\/uploads\/2022\/01\/200122.jpg\",\"datePublished\":\"2022-01-19T22:00:09+00:00\",\"dateModified\":\"2022-01-19T22:19:36+00:00\",\"breadcrumb\":{\"@id\":\"https:\/\/www.noubarris.net\/web40\/lajuntament-estudia-reubicar-el-camp-del-racing-vallbona-davant-la-granja-del-ritz-per-les-obres-dadif\/#breadcrumb\"},\"inLanguage\":\"ca\",\"potentialAction\":[{\"@type\":\"ReadAction\",\"target\":[\"https:\/\/www.noubarris.net\/web40\/lajuntament-estudia-reubicar-el-camp-del-racing-vallbona-davant-la-granja-del-ritz-per-les-obres-dadif\/\"]}]},{\"@type\":\"ImageObject\",\"inLanguage\":\"ca\",\"@id\":\"https:\/\/www.noubarris.net\/web40\/lajuntament-estudia-reubicar-el-camp-del-racing-vallbona-davant-la-granja-del-ritz-per-les-obres-dadif\/#primaryimage\",\"url\":\"https:\/\/www.noubarris.net\/web40\/wp-content\/uploads\/2022\/01\/200122.jpg\",\"contentUrl\":\"https:\/\/www.noubarris.net\/web40\/wp-content\/uploads\/2022\/01\/200122.jpg\",\"width\":768,\"height\":432},{\"@type\":\"BreadcrumbList\",\"@id\":\"https:\/\/www.noubarris.net\/web40\/lajuntament-estudia-reubicar-el-camp-del-racing-vallbona-davant-la-granja-del-ritz-per-les-obres-dadif\/#breadcrumb\",\"itemListElement\":[{\"@type\":\"ListItem\",\"position\":1,\"name\":\"Inici\",\"item\":\"https:\/\/www.noubarris.net\/web40\/\"},{\"@type\":\"ListItem\",\"position\":2,\"name\":\"L&#8217;Ajuntament estudia reubicar el camp del Racing Vallbona davant la Granja del Ritz per les obres d&#8217;Adif\"}]},{\"@type\":\"WebSite\",\"@id\":\"https:\/\/www.noubarris.net\/web40\/#website\",\"url\":\"https:\/\/www.noubarris.net\/web40\/\",\"name\":\"NouBarris.Net\",\"description\":\"Seguint la vida de Nou Barris des de 1985\",\"publisher\":{\"@id\":\"https:\/\/www.noubarris.net\/web40\/#organization\"},\"potentialAction\":[{\"@type\":\"SearchAction\",\"target\":{\"@type\":\"EntryPoint\",\"urlTemplate\":\"https:\/\/www.noubarris.net\/web40\/?s={search_term_string}\"},\"query-input\":{\"@type\":\"PropertyValueSpecification\",\"valueRequired\":true,\"valueName\":\"search_term_string\"}}],\"inLanguage\":\"ca\"},{\"@type\":\"Organization\",\"@id\":\"https:\/\/www.noubarris.net\/web40\/#organization\",\"name\":\"NouBarris.Net\",\"url\":\"https:\/\/www.noubarris.net\/web40\/\",\"logo\":{\"@type\":\"ImageObject\",\"inLanguage\":\"ca\",\"@id\":\"https:\/\/www.noubarris.net\/web40\/#\/schema\/logo\/image\/\",\"url\":\"https:\/\/www.noubarris.net\/web40\/wp-content\/uploads\/2024\/11\/cropped-cropped-LOGO_9BTV-2024_Insta-1.jpg\",\"contentUrl\":\"https:\/\/www.noubarris.net\/web40\/wp-content\/uploads\/2024\/11\/cropped-cropped-LOGO_9BTV-2024_Insta-1.jpg\",\"width\":512,\"height\":512,\"caption\":\"NouBarris.Net\"},\"image\":{\"@id\":\"https:\/\/www.noubarris.net\/web40\/#\/schema\/logo\/image\/\"},\"sameAs\":[\"https:\/\/www.facebook.com\/NouBarris.net\/?locale=es_ES\",\"https:\/\/x.com\/9BTV\"]},{\"@type\":\"Person\",\"@id\":\"https:\/\/www.noubarris.net\/web40\/#\/schema\/person\/1827f92aaa316c54abbf4dac0de76069\",\"name\":\"Informatius\",\"image\":{\"@type\":\"ImageObject\",\"inLanguage\":\"ca\",\"@id\":\"https:\/\/www.noubarris.net\/web40\/#\/schema\/person\/image\/\",\"url\":\"https:\/\/secure.gravatar.com\/avatar\/87a3b47928835fc72c6ee5b0e1a7263ef0c2d05003a98189bc14926c5f11bcdb?s=96&d=mm&r=g\",\"contentUrl\":\"https:\/\/secure.gravatar.com\/avatar\/87a3b47928835fc72c6ee5b0e1a7263ef0c2d05003a98189bc14926c5f11bcdb?s=96&d=mm&r=g\",\"caption\":\"Informatius\"},\"url\":\"https:\/\/www.noubarris.net\/web40\/author\/tele\/\"}]}<\/script>\n<!-- \/ Yoast SEO plugin. -->","yoast_head_json":{"title":"L'Ajuntament estudia reubicar el camp del Racing Vallbona davant la Granja del Ritz per les obres d'Adif - NouBarris.Net","robots":{"index":"index","follow":"follow","max-snippet":"max-snippet:-1","max-image-preview":"max-image-preview:large","max-video-preview":"max-video-preview:-1"},"canonical":"https:\/\/www.noubarris.net\/web40\/lajuntament-estudia-reubicar-el-camp-del-racing-vallbona-davant-la-granja-del-ritz-per-les-obres-dadif\/","og_locale":"ca_ES","og_type":"article","og_title":"L'Ajuntament estudia reubicar el camp del Racing Vallbona davant la Granja del Ritz per les obres d'Adif - NouBarris.Net","og_description":"El trasllat permetria al club mantenir la seva tasca social i esportiva al barri Districte de Nou Barris estudia traslladar","og_url":"https:\/\/www.noubarris.net\/web40\/lajuntament-estudia-reubicar-el-camp-del-racing-vallbona-davant-la-granja-del-ritz-per-les-obres-dadif\/","og_site_name":"NouBarris.Net","article_publisher":"https:\/\/www.facebook.com\/NouBarris.net\/?locale=es_ES","article_published_time":"2022-01-19T22:00:09+00:00","article_modified_time":"2022-01-19T22:19:36+00:00","og_image":[{"width":768,"height":432,"url":"https:\/\/www.noubarris.net\/web40\/wp-content\/uploads\/2022\/01\/200122.jpg","type":"image\/jpeg"}],"author":"Informatius","twitter_card":"summary_large_image","twitter_creator":"@9BTV","twitter_site":"@9BTV","twitter_misc":{"Escrit per":"Informatius","Temps estimat de lectura":"2 minuts"},"schema":{"@context":"https:\/\/schema.org","@graph":[{"@type":"Article","@id":"https:\/\/www.noubarris.net\/web40\/lajuntament-estudia-reubicar-el-camp-del-racing-vallbona-davant-la-granja-del-ritz-per-les-obres-dadif\/#article","isPartOf":{"@id":"https:\/\/www.noubarris.net\/web40\/lajuntament-estudia-reubicar-el-camp-del-racing-vallbona-davant-la-granja-del-ritz-per-les-obres-dadif\/"},"author":{"name":"Informatius","@id":"https:\/\/www.noubarris.net\/web40\/#\/schema\/person\/1827f92aaa316c54abbf4dac0de76069"},"headline":"L&#8217;Ajuntament estudia reubicar el camp del Racing Vallbona davant la Granja del Ritz per les obres d&#8217;Adif","datePublished":"2022-01-19T22:00:09+00:00","dateModified":"2022-01-19T22:19:36+00:00","mainEntityOfPage":{"@id":"https:\/\/www.noubarris.net\/web40\/lajuntament-estudia-reubicar-el-camp-del-racing-vallbona-davant-la-granja-del-ritz-per-les-obres-dadif\/"},"wordCount":338,"publisher":{"@id":"https:\/\/www.noubarris.net\/web40\/#organization"},"image":{"@id":"https:\/\/www.noubarris.net\/web40\/lajuntament-estudia-reubicar-el-camp-del-racing-vallbona-davant-la-granja-del-ritz-per-les-obres-dadif\/#primaryimage"},"thumbnailUrl":"https:\/\/www.noubarris.net\/web40\/wp-content\/uploads\/2022\/01\/200122.jpg","keywords":["Equipaments","esports"],"articleSection":["Societat","Vallbona"],"inLanguage":"ca"},{"@type":"WebPage","@id":"https:\/\/www.noubarris.net\/web40\/lajuntament-estudia-reubicar-el-camp-del-racing-vallbona-davant-la-granja-del-ritz-per-les-obres-dadif\/","url":"https:\/\/www.noubarris.net\/web40\/lajuntament-estudia-reubicar-el-camp-del-racing-vallbona-davant-la-granja-del-ritz-per-les-obres-dadif\/","name":"L'Ajuntament estudia reubicar el camp del Racing Vallbona davant la Granja del Ritz per les obres d'Adif - NouBarris.Net","isPartOf":{"@id":"https:\/\/www.noubarris.net\/web40\/#website"},"primaryImageOfPage":{"@id":"https:\/\/www.noubarris.net\/web40\/lajuntament-estudia-reubicar-el-camp-del-racing-vallbona-davant-la-granja-del-ritz-per-les-obres-dadif\/#primaryimage"},"image":{"@id":"https:\/\/www.noubarris.net\/web40\/lajuntament-estudia-reubicar-el-camp-del-racing-vallbona-davant-la-granja-del-ritz-per-les-obres-dadif\/#primaryimage"},"thumbnailUrl":"https:\/\/www.noubarris.net\/web40\/wp-content\/uploads\/2022\/01\/200122.jpg","datePublished":"2022-01-19T22:00:09+00:00","dateModified":"2022-01-19T22:19:36+00:00","breadcrumb":{"@id":"https:\/\/www.noubarris.net\/web40\/lajuntament-estudia-reubicar-el-camp-del-racing-vallbona-davant-la-granja-del-ritz-per-les-obres-dadif\/#breadcrumb"},"inLanguage":"ca","potentialAction":[{"@type":"ReadAction","target":["https:\/\/www.noubarris.net\/web40\/lajuntament-estudia-reubicar-el-camp-del-racing-vallbona-davant-la-granja-del-ritz-per-les-obres-dadif\/"]}]},{"@type":"ImageObject","inLanguage":"ca","@id":"https:\/\/www.noubarris.net\/web40\/lajuntament-estudia-reubicar-el-camp-del-racing-vallbona-davant-la-granja-del-ritz-per-les-obres-dadif\/#primaryimage","url":"https:\/\/www.noubarris.net\/web40\/wp-content\/uploads\/2022\/01\/200122.jpg","contentUrl":"https:\/\/www.noubarris.net\/web40\/wp-content\/uploads\/2022\/01\/200122.jpg","width":768,"height":432},{"@type":"BreadcrumbList","@id":"https:\/\/www.noubarris.net\/web40\/lajuntament-estudia-reubicar-el-camp-del-racing-vallbona-davant-la-granja-del-ritz-per-les-obres-dadif\/#breadcrumb","itemListElement":[{"@type":"ListItem","position":1,"name":"Inici","item":"https:\/\/www.noubarris.net\/web40\/"},{"@type":"ListItem","position":2,"name":"L&#8217;Ajuntament estudia reubicar el camp del Racing Vallbona davant la Granja del Ritz per les obres d&#8217;Adif"}]},{"@type":"WebSite","@id":"https:\/\/www.noubarris.net\/web40\/#website","url":"https:\/\/www.noubarris.net\/web40\/","name":"NouBarris.Net","description":"Seguint la vida de Nou Barris des de 1985","publisher":{"@id":"https:\/\/www.noubarris.net\/web40\/#organization"},"potentialAction":[{"@type":"SearchAction","target":{"@type":"EntryPoint","urlTemplate":"https:\/\/www.noubarris.net\/web40\/?s={search_term_string}"},"query-input":{"@type":"PropertyValueSpecification","valueRequired":true,"valueName":"search_term_string"}}],"inLanguage":"ca"},{"@type":"Organization","@id":"https:\/\/www.noubarris.net\/web40\/#organization","name":"NouBarris.Net","url":"https:\/\/www.noubarris.net\/web40\/","logo":{"@type":"ImageObject","inLanguage":"ca","@id":"https:\/\/www.noubarris.net\/web40\/#\/schema\/logo\/image\/","url":"https:\/\/www.noubarris.net\/web40\/wp-content\/uploads\/2024\/11\/cropped-cropped-LOGO_9BTV-2024_Insta-1.jpg","contentUrl":"https:\/\/www.noubarris.net\/web40\/wp-content\/uploads\/2024\/11\/cropped-cropped-LOGO_9BTV-2024_Insta-1.jpg","width":512,"height":512,"caption":"NouBarris.Net"},"image":{"@id":"https:\/\/www.noubarris.net\/web40\/#\/schema\/logo\/image\/"},"sameAs":["https:\/\/www.facebook.com\/NouBarris.net\/?locale=es_ES","https:\/\/x.com\/9BTV"]},{"@type":"Person","@id":"https:\/\/www.noubarris.net\/web40\/#\/schema\/person\/1827f92aaa316c54abbf4dac0de76069","name":"Informatius","image":{"@type":"ImageObject","inLanguage":"ca","@id":"https:\/\/www.noubarris.net\/web40\/#\/schema\/person\/image\/","url":"https:\/\/secure.gravatar.com\/avatar\/87a3b47928835fc72c6ee5b0e1a7263ef0c2d05003a98189bc14926c5f11bcdb?s=96&d=mm&r=g","contentUrl":"https:\/\/secure.gravatar.com\/avatar\/87a3b47928835fc72c6ee5b0e1a7263ef0c2d05003a98189bc14926c5f11bcdb?s=96&d=mm&r=g","caption":"Informatius"},"url":"https:\/\/www.noubarris.net\/web40\/author\/tele\/"}]}},"_links":{"self":[{"href":"https:\/\/www.noubarris.net\/web40\/wp-json\/wp\/v2\/posts\/78491","targetHints":{"allow":["GET"]}}],"collection":[{"href":"https:\/\/www.noubarris.net\/web40\/wp-json\/wp\/v2\/posts"}],"about":[{"href":"https:\/\/www.noubarris.net\/web40\/wp-json\/wp\/v2\/types\/post"}],"author":[{"embeddable":true,"href":"https:\/\/www.noubarris.net\/web40\/wp-json\/wp\/v2\/users\/2"}],"replies":[{"embeddable":true,"href":"https:\/\/www.noubarris.net\/web40\/wp-json\/wp\/v2\/comments?post=78491"}],"version-history":[{"count":5,"href":"https:\/\/www.noubarris.net\/web40\/wp-json\/wp\/v2\/posts\/78491\/revisions"}],"predecessor-version":[{"id":78497,"href":"https:\/\/www.noubarris.net\/web40\/wp-json\/wp\/v2\/posts\/78491\/revisions\/78497"}],"wp:featuredmedia":[{"embeddable":true,"href":"https:\/\/www.noubarris.net\/web40\/wp-json\/wp\/v2\/media\/78493"}],"wp:attachment":[{"href":"https:\/\/www.noubarris.net\/web40\/wp-json\/wp\/v2\/media?parent=78491"}],"wp:term":[{"taxonomy":"category","embeddable":true,"href":"https:\/\/www.noubarris.net\/web40\/wp-json\/wp\/v2\/categories?post=78491"},{"taxonomy":"post_tag","embeddable":true,"href":"https:\/\/www.noubarris.net\/web40\/wp-json\/wp\/v2\/tags?post=78491"}],"curies":[{"name":"wp","href":"https:\/\/api.w.org\/{rel}","templated":true}]}}