{"id":78498,"date":"2022-01-21T00:00:24","date_gmt":"2022-01-20T22:00:24","guid":{"rendered":"http:\/\/www.noubarris.net\/web40\/?p=78498"},"modified":"2022-01-20T23:58:46","modified_gmt":"2022-01-20T21:58:46","slug":"el-26e-circ-dhivern-prorrogat-fins-al-30-de-gener","status":"publish","type":"post","link":"https:\/\/www.noubarris.net\/web40\/el-26e-circ-dhivern-prorrogat-fins-al-30-de-gener\/","title":{"rendered":"El 26\u00e8 Circ d&#8217;Hivern, prorrogat fins al 30 de gener"},"content":{"rendered":"<p><strong>L&#8217;Ateneu Popular de 9 Barris allarga les funcions per compensar els espectacles cancel\u00b7lats per la covid-19<\/strong><\/p>\n<p>&#8216;Sotrac&#8217;, la proposta del Circ d&#8217;Hivern d&#8217;enguany, encara la recta final de les seves representacions. De fet, aquest hauria estat el darrer cap de setmana de l&#8217;espectacle, per\u00f2 des de l&#8217;Ateneu es va decidir fa uns dies allargar les funcions fins al dia 30 i d&#8217;aquesta manera compensar les sessions que es van haver de cancel\u00b7lar quan la covid va fer acte de pres\u00e8ncia sobre l&#8217;escenari. S\u00f3n sobretot funcions matutines i si voleu aprofitar-les, heu de donar-vos pressa, ja que les entrades volen.<\/p>\n<p>Enguany el Circ d&#8217;Hivern ens ha portat tot d&#8217;escenes que ens conviden a reflexionar sobre l&#8217;\u00fas que fem de les noves tecnologies. &#8220;L&#8217;scroll \u00e9s infinit per\u00f2 la vida \u00e9s finita&#8221;, afirmen en la promoci\u00f3 de l&#8217;espectacle. I sobre aquesta base, trapezi, equilibris, danses i molta m\u00fasica van filant gags sobre la nostra depend\u00e8ncia al m\u00f2bil, a les pantalles, a comprar en l\u00ednia i a tota una s\u00e8rie de nous h\u00e0bits que, potser, ens allunyen de la realitat.<\/p>\n<p>Per adquirir les entrades teniu diverses opcions:<\/p>\n<ul>\n<li>Entrades anticipades per tel\u00e8fon:<\/li>\n<\/ul>\n<p>Des del dimecres 13 de desembre i tots els dies de funci\u00f3 de 17h a 19h (diumenges de 16h a 18h) al tel\u00e8fon 93 867 85 41<\/p>\n<p>\u2022 Entrades pel mateix dia.:<\/p>\n<p>A la taquilla de l\u2019Ateneu Popular 9 Barris una hora abans que comenci l\u2019espectacle.<\/p>\n<p>\u2022 Entrades per un altre dia a taquilla:<\/p>\n<p>A la taquilla de l\u2019Ateneu Popular 9 Barris de 17h a 19h (diumenges de 16h a 18h)<\/p>\n","protected":false},"excerpt":{"rendered":"<p>L&#8217;Ateneu Popular de 9 Barris allarga les funcions per compensar els espectacles cancel\u00b7lats per la covid-19 &#8216;Sotrac&#8217;, la proposta del<\/p>\n","protected":false},"author":2,"featured_media":78499,"comment_status":"closed","ping_status":"closed","sticky":false,"template":"","format":"standard","meta":{"colormag_page_layout":"default_layout","_monsterinsights_skip_tracking":false,"_monsterinsights_sitenote_active":false,"_monsterinsights_sitenote_note":"","_monsterinsights_sitenote_category":0,"footnotes":""},"categories":[129,138],"tags":[77,495,107],"class_list":["post-78498","post","type-post","status-publish","format-standard","has-post-thumbnail","hentry","category-cultura","category-la-trinitat-nova","tag-ateneu-popular-de-nou-barris","tag-circ-dhivern","tag-espectacles"],"yoast_head":"<!-- This site is optimized with the Yoast SEO plugin v25.3 - https:\/\/yoast.com\/wordpress\/plugins\/seo\/ -->\n<title>El 26\u00e8 Circ d&#039;Hivern, prorrogat fins al 30 de gener - NouBarris.Net<\/title>\n<meta name=\"robots\" content=\"index, follow, max-snippet:-1, max-image-preview:large, max-video-preview:-1\" \/>\n<link rel=\"canonical\" href=\"https:\/\/www.noubarris.net\/web40\/el-26e-circ-dhivern-prorrogat-fins-al-30-de-gener\/\" \/>\n<meta property=\"og:locale\" content=\"ca_ES\" \/>\n<meta property=\"og:type\" content=\"article\" \/>\n<meta property=\"og:title\" content=\"El 26\u00e8 Circ d&#039;Hivern, prorrogat fins al 30 de gener - NouBarris.Net\" \/>\n<meta property=\"og:description\" content=\"L&#8217;Ateneu Popular de 9 Barris allarga les funcions per compensar els espectacles cancel\u00b7lats per la covid-19 &#8216;Sotrac&#8217;, la proposta del\" \/>\n<meta property=\"og:url\" content=\"https:\/\/www.noubarris.net\/web40\/el-26e-circ-dhivern-prorrogat-fins-al-30-de-gener\/\" \/>\n<meta property=\"og:site_name\" content=\"NouBarris.Net\" \/>\n<meta property=\"article:publisher\" content=\"https:\/\/www.facebook.com\/NouBarris.net\/?locale=es_ES\" \/>\n<meta property=\"article:published_time\" content=\"2022-01-20T22:00:24+00:00\" \/>\n<meta property=\"og:image\" content=\"https:\/\/www.noubarris.net\/web40\/wp-content\/uploads\/2022\/01\/210122.jpg\" \/>\n\t<meta property=\"og:image:width\" content=\"768\" \/>\n\t<meta property=\"og:image:height\" content=\"432\" \/>\n\t<meta property=\"og:image:type\" content=\"image\/jpeg\" \/>\n<meta name=\"author\" content=\"Informatius\" \/>\n<meta name=\"twitter:card\" content=\"summary_large_image\" \/>\n<meta name=\"twitter:creator\" content=\"@9BTV\" \/>\n<meta name=\"twitter:site\" content=\"@9BTV\" \/>\n<meta name=\"twitter:label1\" content=\"Escrit per\" \/>\n\t<meta name=\"twitter:data1\" content=\"Informatius\" \/>\n\t<meta name=\"twitter:label2\" content=\"Temps estimat de lectura\" \/>\n\t<meta name=\"twitter:data2\" content=\"1 minut\" \/>\n<script type=\"application\/ld+json\" class=\"yoast-schema-graph\">{\"@context\":\"https:\/\/schema.org\",\"@graph\":[{\"@type\":\"Article\",\"@id\":\"https:\/\/www.noubarris.net\/web40\/el-26e-circ-dhivern-prorrogat-fins-al-30-de-gener\/#article\",\"isPartOf\":{\"@id\":\"https:\/\/www.noubarris.net\/web40\/el-26e-circ-dhivern-prorrogat-fins-al-30-de-gener\/\"},\"author\":{\"name\":\"Informatius\",\"@id\":\"https:\/\/www.noubarris.net\/web40\/#\/schema\/person\/1827f92aaa316c54abbf4dac0de76069\"},\"headline\":\"El 26\u00e8 Circ d&#8217;Hivern, prorrogat fins al 30 de gener\",\"datePublished\":\"2022-01-20T22:00:24+00:00\",\"mainEntityOfPage\":{\"@id\":\"https:\/\/www.noubarris.net\/web40\/el-26e-circ-dhivern-prorrogat-fins-al-30-de-gener\/\"},\"wordCount\":283,\"publisher\":{\"@id\":\"https:\/\/www.noubarris.net\/web40\/#organization\"},\"image\":{\"@id\":\"https:\/\/www.noubarris.net\/web40\/el-26e-circ-dhivern-prorrogat-fins-al-30-de-gener\/#primaryimage\"},\"thumbnailUrl\":\"https:\/\/www.noubarris.net\/web40\/wp-content\/uploads\/2022\/01\/210122.jpg\",\"keywords\":[\"Ateneu Popular de Nou Barris\",\"circ d'hivern\",\"Espectacles\"],\"articleSection\":[\"Cultura\",\"La Trinitat Nova\"],\"inLanguage\":\"ca\"},{\"@type\":\"WebPage\",\"@id\":\"https:\/\/www.noubarris.net\/web40\/el-26e-circ-dhivern-prorrogat-fins-al-30-de-gener\/\",\"url\":\"https:\/\/www.noubarris.net\/web40\/el-26e-circ-dhivern-prorrogat-fins-al-30-de-gener\/\",\"name\":\"El 26\u00e8 Circ d'Hivern, prorrogat fins al 30 de gener - NouBarris.Net\",\"isPartOf\":{\"@id\":\"https:\/\/www.noubarris.net\/web40\/#website\"},\"primaryImageOfPage\":{\"@id\":\"https:\/\/www.noubarris.net\/web40\/el-26e-circ-dhivern-prorrogat-fins-al-30-de-gener\/#primaryimage\"},\"image\":{\"@id\":\"https:\/\/www.noubarris.net\/web40\/el-26e-circ-dhivern-prorrogat-fins-al-30-de-gener\/#primaryimage\"},\"thumbnailUrl\":\"https:\/\/www.noubarris.net\/web40\/wp-content\/uploads\/2022\/01\/210122.jpg\",\"datePublished\":\"2022-01-20T22:00:24+00:00\",\"breadcrumb\":{\"@id\":\"https:\/\/www.noubarris.net\/web40\/el-26e-circ-dhivern-prorrogat-fins-al-30-de-gener\/#breadcrumb\"},\"inLanguage\":\"ca\",\"potentialAction\":[{\"@type\":\"ReadAction\",\"target\":[\"https:\/\/www.noubarris.net\/web40\/el-26e-circ-dhivern-prorrogat-fins-al-30-de-gener\/\"]}]},{\"@type\":\"ImageObject\",\"inLanguage\":\"ca\",\"@id\":\"https:\/\/www.noubarris.net\/web40\/el-26e-circ-dhivern-prorrogat-fins-al-30-de-gener\/#primaryimage\",\"url\":\"https:\/\/www.noubarris.net\/web40\/wp-content\/uploads\/2022\/01\/210122.jpg\",\"contentUrl\":\"https:\/\/www.noubarris.net\/web40\/wp-content\/uploads\/2022\/01\/210122.jpg\",\"width\":768,\"height\":432},{\"@type\":\"BreadcrumbList\",\"@id\":\"https:\/\/www.noubarris.net\/web40\/el-26e-circ-dhivern-prorrogat-fins-al-30-de-gener\/#breadcrumb\",\"itemListElement\":[{\"@type\":\"ListItem\",\"position\":1,\"name\":\"Inici\",\"item\":\"https:\/\/www.noubarris.net\/web40\/\"},{\"@type\":\"ListItem\",\"position\":2,\"name\":\"El 26\u00e8 Circ d&#8217;Hivern, prorrogat fins al 30 de gener\"}]},{\"@type\":\"WebSite\",\"@id\":\"https:\/\/www.noubarris.net\/web40\/#website\",\"url\":\"https:\/\/www.noubarris.net\/web40\/\",\"name\":\"NouBarris.Net\",\"description\":\"Seguint la vida de Nou Barris des de 1985\",\"publisher\":{\"@id\":\"https:\/\/www.noubarris.net\/web40\/#organization\"},\"potentialAction\":[{\"@type\":\"SearchAction\",\"target\":{\"@type\":\"EntryPoint\",\"urlTemplate\":\"https:\/\/www.noubarris.net\/web40\/?s={search_term_string}\"},\"query-input\":{\"@type\":\"PropertyValueSpecification\",\"valueRequired\":true,\"valueName\":\"search_term_string\"}}],\"inLanguage\":\"ca\"},{\"@type\":\"Organization\",\"@id\":\"https:\/\/www.noubarris.net\/web40\/#organization\",\"name\":\"NouBarris.Net\",\"url\":\"https:\/\/www.noubarris.net\/web40\/\",\"logo\":{\"@type\":\"ImageObject\",\"inLanguage\":\"ca\",\"@id\":\"https:\/\/www.noubarris.net\/web40\/#\/schema\/logo\/image\/\",\"url\":\"https:\/\/www.noubarris.net\/web40\/wp-content\/uploads\/2024\/11\/cropped-cropped-LOGO_9BTV-2024_Insta-1.jpg\",\"contentUrl\":\"https:\/\/www.noubarris.net\/web40\/wp-content\/uploads\/2024\/11\/cropped-cropped-LOGO_9BTV-2024_Insta-1.jpg\",\"width\":512,\"height\":512,\"caption\":\"NouBarris.Net\"},\"image\":{\"@id\":\"https:\/\/www.noubarris.net\/web40\/#\/schema\/logo\/image\/\"},\"sameAs\":[\"https:\/\/www.facebook.com\/NouBarris.net\/?locale=es_ES\",\"https:\/\/x.com\/9BTV\"]},{\"@type\":\"Person\",\"@id\":\"https:\/\/www.noubarris.net\/web40\/#\/schema\/person\/1827f92aaa316c54abbf4dac0de76069\",\"name\":\"Informatius\",\"image\":{\"@type\":\"ImageObject\",\"inLanguage\":\"ca\",\"@id\":\"https:\/\/www.noubarris.net\/web40\/#\/schema\/person\/image\/\",\"url\":\"https:\/\/secure.gravatar.com\/avatar\/87a3b47928835fc72c6ee5b0e1a7263ef0c2d05003a98189bc14926c5f11bcdb?s=96&d=mm&r=g\",\"contentUrl\":\"https:\/\/secure.gravatar.com\/avatar\/87a3b47928835fc72c6ee5b0e1a7263ef0c2d05003a98189bc14926c5f11bcdb?s=96&d=mm&r=g\",\"caption\":\"Informatius\"},\"url\":\"https:\/\/www.noubarris.net\/web40\/author\/tele\/\"}]}<\/script>\n<!-- \/ Yoast SEO plugin. -->","yoast_head_json":{"title":"El 26\u00e8 Circ d'Hivern, prorrogat fins al 30 de gener - NouBarris.Net","robots":{"index":"index","follow":"follow","max-snippet":"max-snippet:-1","max-image-preview":"max-image-preview:large","max-video-preview":"max-video-preview:-1"},"canonical":"https:\/\/www.noubarris.net\/web40\/el-26e-circ-dhivern-prorrogat-fins-al-30-de-gener\/","og_locale":"ca_ES","og_type":"article","og_title":"El 26\u00e8 Circ d'Hivern, prorrogat fins al 30 de gener - NouBarris.Net","og_description":"L&#8217;Ateneu Popular de 9 Barris allarga les funcions per compensar els espectacles cancel\u00b7lats per la covid-19 &#8216;Sotrac&#8217;, la proposta del","og_url":"https:\/\/www.noubarris.net\/web40\/el-26e-circ-dhivern-prorrogat-fins-al-30-de-gener\/","og_site_name":"NouBarris.Net","article_publisher":"https:\/\/www.facebook.com\/NouBarris.net\/?locale=es_ES","article_published_time":"2022-01-20T22:00:24+00:00","og_image":[{"width":768,"height":432,"url":"https:\/\/www.noubarris.net\/web40\/wp-content\/uploads\/2022\/01\/210122.jpg","type":"image\/jpeg"}],"author":"Informatius","twitter_card":"summary_large_image","twitter_creator":"@9BTV","twitter_site":"@9BTV","twitter_misc":{"Escrit per":"Informatius","Temps estimat de lectura":"1 minut"},"schema":{"@context":"https:\/\/schema.org","@graph":[{"@type":"Article","@id":"https:\/\/www.noubarris.net\/web40\/el-26e-circ-dhivern-prorrogat-fins-al-30-de-gener\/#article","isPartOf":{"@id":"https:\/\/www.noubarris.net\/web40\/el-26e-circ-dhivern-prorrogat-fins-al-30-de-gener\/"},"author":{"name":"Informatius","@id":"https:\/\/www.noubarris.net\/web40\/#\/schema\/person\/1827f92aaa316c54abbf4dac0de76069"},"headline":"El 26\u00e8 Circ d&#8217;Hivern, prorrogat fins al 30 de gener","datePublished":"2022-01-20T22:00:24+00:00","mainEntityOfPage":{"@id":"https:\/\/www.noubarris.net\/web40\/el-26e-circ-dhivern-prorrogat-fins-al-30-de-gener\/"},"wordCount":283,"publisher":{"@id":"https:\/\/www.noubarris.net\/web40\/#organization"},"image":{"@id":"https:\/\/www.noubarris.net\/web40\/el-26e-circ-dhivern-prorrogat-fins-al-30-de-gener\/#primaryimage"},"thumbnailUrl":"https:\/\/www.noubarris.net\/web40\/wp-content\/uploads\/2022\/01\/210122.jpg","keywords":["Ateneu Popular de Nou Barris","circ d'hivern","Espectacles"],"articleSection":["Cultura","La Trinitat Nova"],"inLanguage":"ca"},{"@type":"WebPage","@id":"https:\/\/www.noubarris.net\/web40\/el-26e-circ-dhivern-prorrogat-fins-al-30-de-gener\/","url":"https:\/\/www.noubarris.net\/web40\/el-26e-circ-dhivern-prorrogat-fins-al-30-de-gener\/","name":"El 26\u00e8 Circ d'Hivern, prorrogat fins al 30 de gener - NouBarris.Net","isPartOf":{"@id":"https:\/\/www.noubarris.net\/web40\/#website"},"primaryImageOfPage":{"@id":"https:\/\/www.noubarris.net\/web40\/el-26e-circ-dhivern-prorrogat-fins-al-30-de-gener\/#primaryimage"},"image":{"@id":"https:\/\/www.noubarris.net\/web40\/el-26e-circ-dhivern-prorrogat-fins-al-30-de-gener\/#primaryimage"},"thumbnailUrl":"https:\/\/www.noubarris.net\/web40\/wp-content\/uploads\/2022\/01\/210122.jpg","datePublished":"2022-01-20T22:00:24+00:00","breadcrumb":{"@id":"https:\/\/www.noubarris.net\/web40\/el-26e-circ-dhivern-prorrogat-fins-al-30-de-gener\/#breadcrumb"},"inLanguage":"ca","potentialAction":[{"@type":"ReadAction","target":["https:\/\/www.noubarris.net\/web40\/el-26e-circ-dhivern-prorrogat-fins-al-30-de-gener\/"]}]},{"@type":"ImageObject","inLanguage":"ca","@id":"https:\/\/www.noubarris.net\/web40\/el-26e-circ-dhivern-prorrogat-fins-al-30-de-gener\/#primaryimage","url":"https:\/\/www.noubarris.net\/web40\/wp-content\/uploads\/2022\/01\/210122.jpg","contentUrl":"https:\/\/www.noubarris.net\/web40\/wp-content\/uploads\/2022\/01\/210122.jpg","width":768,"height":432},{"@type":"BreadcrumbList","@id":"https:\/\/www.noubarris.net\/web40\/el-26e-circ-dhivern-prorrogat-fins-al-30-de-gener\/#breadcrumb","itemListElement":[{"@type":"ListItem","position":1,"name":"Inici","item":"https:\/\/www.noubarris.net\/web40\/"},{"@type":"ListItem","position":2,"name":"El 26\u00e8 Circ d&#8217;Hivern, prorrogat fins al 30 de gener"}]},{"@type":"WebSite","@id":"https:\/\/www.noubarris.net\/web40\/#website","url":"https:\/\/www.noubarris.net\/web40\/","name":"NouBarris.Net","description":"Seguint la vida de Nou Barris des de 1985","publisher":{"@id":"https:\/\/www.noubarris.net\/web40\/#organization"},"potentialAction":[{"@type":"SearchAction","target":{"@type":"EntryPoint","urlTemplate":"https:\/\/www.noubarris.net\/web40\/?s={search_term_string}"},"query-input":{"@type":"PropertyValueSpecification","valueRequired":true,"valueName":"search_term_string"}}],"inLanguage":"ca"},{"@type":"Organization","@id":"https:\/\/www.noubarris.net\/web40\/#organization","name":"NouBarris.Net","url":"https:\/\/www.noubarris.net\/web40\/","logo":{"@type":"ImageObject","inLanguage":"ca","@id":"https:\/\/www.noubarris.net\/web40\/#\/schema\/logo\/image\/","url":"https:\/\/www.noubarris.net\/web40\/wp-content\/uploads\/2024\/11\/cropped-cropped-LOGO_9BTV-2024_Insta-1.jpg","contentUrl":"https:\/\/www.noubarris.net\/web40\/wp-content\/uploads\/2024\/11\/cropped-cropped-LOGO_9BTV-2024_Insta-1.jpg","width":512,"height":512,"caption":"NouBarris.Net"},"image":{"@id":"https:\/\/www.noubarris.net\/web40\/#\/schema\/logo\/image\/"},"sameAs":["https:\/\/www.facebook.com\/NouBarris.net\/?locale=es_ES","https:\/\/x.com\/9BTV"]},{"@type":"Person","@id":"https:\/\/www.noubarris.net\/web40\/#\/schema\/person\/1827f92aaa316c54abbf4dac0de76069","name":"Informatius","image":{"@type":"ImageObject","inLanguage":"ca","@id":"https:\/\/www.noubarris.net\/web40\/#\/schema\/person\/image\/","url":"https:\/\/secure.gravatar.com\/avatar\/87a3b47928835fc72c6ee5b0e1a7263ef0c2d05003a98189bc14926c5f11bcdb?s=96&d=mm&r=g","contentUrl":"https:\/\/secure.gravatar.com\/avatar\/87a3b47928835fc72c6ee5b0e1a7263ef0c2d05003a98189bc14926c5f11bcdb?s=96&d=mm&r=g","caption":"Informatius"},"url":"https:\/\/www.noubarris.net\/web40\/author\/tele\/"}]}},"_links":{"self":[{"href":"https:\/\/www.noubarris.net\/web40\/wp-json\/wp\/v2\/posts\/78498","targetHints":{"allow":["GET"]}}],"collection":[{"href":"https:\/\/www.noubarris.net\/web40\/wp-json\/wp\/v2\/posts"}],"about":[{"href":"https:\/\/www.noubarris.net\/web40\/wp-json\/wp\/v2\/types\/post"}],"author":[{"embeddable":true,"href":"https:\/\/www.noubarris.net\/web40\/wp-json\/wp\/v2\/users\/2"}],"replies":[{"embeddable":true,"href":"https:\/\/www.noubarris.net\/web40\/wp-json\/wp\/v2\/comments?post=78498"}],"version-history":[{"count":2,"href":"https:\/\/www.noubarris.net\/web40\/wp-json\/wp\/v2\/posts\/78498\/revisions"}],"predecessor-version":[{"id":78501,"href":"https:\/\/www.noubarris.net\/web40\/wp-json\/wp\/v2\/posts\/78498\/revisions\/78501"}],"wp:featuredmedia":[{"embeddable":true,"href":"https:\/\/www.noubarris.net\/web40\/wp-json\/wp\/v2\/media\/78499"}],"wp:attachment":[{"href":"https:\/\/www.noubarris.net\/web40\/wp-json\/wp\/v2\/media?parent=78498"}],"wp:term":[{"taxonomy":"category","embeddable":true,"href":"https:\/\/www.noubarris.net\/web40\/wp-json\/wp\/v2\/categories?post=78498"},{"taxonomy":"post_tag","embeddable":true,"href":"https:\/\/www.noubarris.net\/web40\/wp-json\/wp\/v2\/tags?post=78498"}],"curies":[{"name":"wp","href":"https:\/\/api.w.org\/{rel}","templated":true}]}}