{"id":78502,"date":"2022-01-23T00:00:57","date_gmt":"2022-01-22T22:00:57","guid":{"rendered":"http:\/\/www.noubarris.net\/web40\/?p=78502"},"modified":"2022-01-21T19:23:43","modified_gmt":"2022-01-21T17:23:43","slug":"el-cem-turo-de-la-peira-candidat-al-premi-darquitectura-mies-van-der-rohe-2022","status":"publish","type":"post","link":"https:\/\/www.noubarris.net\/web40\/el-cem-turo-de-la-peira-candidat-al-premi-darquitectura-mies-van-der-rohe-2022\/","title":{"rendered":"El CEM Tur\u00f3 de la Peira, candidat al Premi d\u2019Arquitectura Mies van der Rohe 2022"},"content":{"rendered":"<p><strong>L\u2019equipament ja ha estat guardonat amb el Premi Ciutat de Barcelona 2019 i el Premi Mapei 2019<\/strong><\/p>\n<p>El Centre Esportiu Municipal Tur\u00f3 de la Peira ha estat nominat per guanyar el\u00a0Premi d\u2019Arquitectura Contempor\u00e0nia de la Uni\u00f3 Europea \u2013 Premi Mies van der Rohe 2022. L\u2019edifici de Nou Barris forma part de les\u00a040 obres\u00a0seleccionades com a candidates per la Comissi\u00f3 Europea i la Fundaci\u00f3 Mies van der Rohe, d\u2019entre un total de\u00a0532 treballs\u00a0presentats de\u00a018 pa\u00efsos europeus\u00a0diferents.<\/p>\n<p>El Centre Esportiu Municipal Tur\u00f3 de la Peira \u00e9s un equipament creat pels arquitectes\u00a0Anna Noguera\u00a0i\u00a0Jos\u00e9 Javier Fern\u00e1ndez Ponce. Es tracta d\u2019un edifici innovador, de consum gaireb\u00e9 zero, i que disposa de dos espais esportius: el pavell\u00f3 i la piscina. Tota la instal\u00b7laci\u00f3 s\u2019ha dissenyat segons criteris de sostenibilitat, pensada per a un m\u00e0xim rendiment: orientaci\u00f3 solar de l\u2019edifici, fa\u00e7ana verda, a\u00efllament t\u00e8rmic, etc. A m\u00e9s, genera energia renovable mitjan\u00e7ant plaques fotovoltaiques.<\/p>\n<p>L\u2019equipament compta amb una pista poliesportiva, situada a la primera planta, il\u00b7luminada per llum natural que entra per les finestres i les lluernes, monitorades amb sensors que garanteixen la correcta ventilaci\u00f3. Per la seva banda, la piscina est\u00e0 semisoterrada en el pendent de la parcel\u00b7la i funciona amb un sistema aerot\u00e8rmic que produeix aigua calenta i climatitzaci\u00f3. A m\u00e9s, l\u2019edifici incorpora un sistema de recollida d\u2019aig\u00fces pluvials i plaques fotovoltaiques que generen el 90% de l\u2019energia necess\u00e0ria.<\/p>\n<p>L\u2019equipament ja va ser guardonat fa tres anys amb el\u00a0Premi Ciutat de Barcelona 2019\u00a0i el\u00a0Premi Mapei 2019\u00a0per la seva aposta pels equipaments p\u00fablics de qualitat, aix\u00ed com per la seva plena integraci\u00f3 en una situaci\u00f3 urbana complexa.<\/p>\n","protected":false},"excerpt":{"rendered":"<p>L\u2019equipament ja ha estat guardonat amb el Premi Ciutat de Barcelona 2019 i el Premi Mapei 2019 El Centre Esportiu<\/p>\n","protected":false},"author":2,"featured_media":78503,"comment_status":"closed","ping_status":"closed","sticky":false,"template":"","format":"standard","meta":{"colormag_page_layout":"default_layout","_monsterinsights_skip_tracking":false,"_monsterinsights_sitenote_active":false,"_monsterinsights_sitenote_note":"","_monsterinsights_sitenote_category":0,"footnotes":""},"categories":[139,124],"tags":[246,121,73],"class_list":["post-78502","post","type-post","status-publish","format-standard","has-post-thumbnail","hentry","category-el-turo-de-la-peira","category-societat","tag-el-turo-de-la-peira","tag-equipaments","tag-esport"],"yoast_head":"<!-- This site is optimized with the Yoast SEO plugin v25.3 - https:\/\/yoast.com\/wordpress\/plugins\/seo\/ -->\n<title>El CEM Tur\u00f3 de la Peira, candidat al Premi d\u2019Arquitectura Mies van der Rohe 2022 - NouBarris.Net<\/title>\n<meta name=\"robots\" content=\"index, follow, max-snippet:-1, max-image-preview:large, max-video-preview:-1\" \/>\n<link rel=\"canonical\" href=\"https:\/\/www.noubarris.net\/web40\/el-cem-turo-de-la-peira-candidat-al-premi-darquitectura-mies-van-der-rohe-2022\/\" \/>\n<meta property=\"og:locale\" content=\"ca_ES\" \/>\n<meta property=\"og:type\" content=\"article\" \/>\n<meta property=\"og:title\" content=\"El CEM Tur\u00f3 de la Peira, candidat al Premi d\u2019Arquitectura Mies van der Rohe 2022 - NouBarris.Net\" \/>\n<meta property=\"og:description\" content=\"L\u2019equipament ja ha estat guardonat amb el Premi Ciutat de Barcelona 2019 i el Premi Mapei 2019 El Centre Esportiu\" \/>\n<meta property=\"og:url\" content=\"https:\/\/www.noubarris.net\/web40\/el-cem-turo-de-la-peira-candidat-al-premi-darquitectura-mies-van-der-rohe-2022\/\" \/>\n<meta property=\"og:site_name\" content=\"NouBarris.Net\" \/>\n<meta property=\"article:publisher\" content=\"https:\/\/www.facebook.com\/NouBarris.net\/?locale=es_ES\" \/>\n<meta property=\"article:published_time\" content=\"2022-01-22T22:00:57+00:00\" \/>\n<meta property=\"og:image\" content=\"https:\/\/www.noubarris.net\/web40\/wp-content\/uploads\/2022\/01\/220122.gif\" \/>\n\t<meta property=\"og:image:width\" content=\"768\" \/>\n\t<meta property=\"og:image:height\" content=\"432\" \/>\n\t<meta property=\"og:image:type\" content=\"image\/gif\" \/>\n<meta name=\"author\" content=\"Informatius\" \/>\n<meta name=\"twitter:card\" content=\"summary_large_image\" \/>\n<meta name=\"twitter:creator\" content=\"@9BTV\" \/>\n<meta name=\"twitter:site\" content=\"@9BTV\" \/>\n<meta name=\"twitter:label1\" content=\"Escrit per\" \/>\n\t<meta name=\"twitter:data1\" content=\"Informatius\" \/>\n\t<meta name=\"twitter:label2\" content=\"Temps estimat de lectura\" \/>\n\t<meta name=\"twitter:data2\" content=\"1 minut\" \/>\n<script type=\"application\/ld+json\" class=\"yoast-schema-graph\">{\"@context\":\"https:\/\/schema.org\",\"@graph\":[{\"@type\":\"Article\",\"@id\":\"https:\/\/www.noubarris.net\/web40\/el-cem-turo-de-la-peira-candidat-al-premi-darquitectura-mies-van-der-rohe-2022\/#article\",\"isPartOf\":{\"@id\":\"https:\/\/www.noubarris.net\/web40\/el-cem-turo-de-la-peira-candidat-al-premi-darquitectura-mies-van-der-rohe-2022\/\"},\"author\":{\"name\":\"Informatius\",\"@id\":\"https:\/\/www.noubarris.net\/web40\/#\/schema\/person\/1827f92aaa316c54abbf4dac0de76069\"},\"headline\":\"El CEM Tur\u00f3 de la Peira, candidat al Premi d\u2019Arquitectura Mies van der Rohe 2022\",\"datePublished\":\"2022-01-22T22:00:57+00:00\",\"mainEntityOfPage\":{\"@id\":\"https:\/\/www.noubarris.net\/web40\/el-cem-turo-de-la-peira-candidat-al-premi-darquitectura-mies-van-der-rohe-2022\/\"},\"wordCount\":308,\"publisher\":{\"@id\":\"https:\/\/www.noubarris.net\/web40\/#organization\"},\"image\":{\"@id\":\"https:\/\/www.noubarris.net\/web40\/el-cem-turo-de-la-peira-candidat-al-premi-darquitectura-mies-van-der-rohe-2022\/#primaryimage\"},\"thumbnailUrl\":\"https:\/\/www.noubarris.net\/web40\/wp-content\/uploads\/2022\/01\/220122.gif\",\"keywords\":[\"El Tur\u00f3 de la Peira\",\"Equipaments\",\"Esport\"],\"articleSection\":[\"El Tur\u00f3 de la Peira\",\"Societat\"],\"inLanguage\":\"ca\"},{\"@type\":\"WebPage\",\"@id\":\"https:\/\/www.noubarris.net\/web40\/el-cem-turo-de-la-peira-candidat-al-premi-darquitectura-mies-van-der-rohe-2022\/\",\"url\":\"https:\/\/www.noubarris.net\/web40\/el-cem-turo-de-la-peira-candidat-al-premi-darquitectura-mies-van-der-rohe-2022\/\",\"name\":\"El CEM Tur\u00f3 de la Peira, candidat al Premi d\u2019Arquitectura Mies van der Rohe 2022 - NouBarris.Net\",\"isPartOf\":{\"@id\":\"https:\/\/www.noubarris.net\/web40\/#website\"},\"primaryImageOfPage\":{\"@id\":\"https:\/\/www.noubarris.net\/web40\/el-cem-turo-de-la-peira-candidat-al-premi-darquitectura-mies-van-der-rohe-2022\/#primaryimage\"},\"image\":{\"@id\":\"https:\/\/www.noubarris.net\/web40\/el-cem-turo-de-la-peira-candidat-al-premi-darquitectura-mies-van-der-rohe-2022\/#primaryimage\"},\"thumbnailUrl\":\"https:\/\/www.noubarris.net\/web40\/wp-content\/uploads\/2022\/01\/220122.gif\",\"datePublished\":\"2022-01-22T22:00:57+00:00\",\"breadcrumb\":{\"@id\":\"https:\/\/www.noubarris.net\/web40\/el-cem-turo-de-la-peira-candidat-al-premi-darquitectura-mies-van-der-rohe-2022\/#breadcrumb\"},\"inLanguage\":\"ca\",\"potentialAction\":[{\"@type\":\"ReadAction\",\"target\":[\"https:\/\/www.noubarris.net\/web40\/el-cem-turo-de-la-peira-candidat-al-premi-darquitectura-mies-van-der-rohe-2022\/\"]}]},{\"@type\":\"ImageObject\",\"inLanguage\":\"ca\",\"@id\":\"https:\/\/www.noubarris.net\/web40\/el-cem-turo-de-la-peira-candidat-al-premi-darquitectura-mies-van-der-rohe-2022\/#primaryimage\",\"url\":\"https:\/\/www.noubarris.net\/web40\/wp-content\/uploads\/2022\/01\/220122.gif\",\"contentUrl\":\"https:\/\/www.noubarris.net\/web40\/wp-content\/uploads\/2022\/01\/220122.gif\",\"width\":768,\"height\":432},{\"@type\":\"BreadcrumbList\",\"@id\":\"https:\/\/www.noubarris.net\/web40\/el-cem-turo-de-la-peira-candidat-al-premi-darquitectura-mies-van-der-rohe-2022\/#breadcrumb\",\"itemListElement\":[{\"@type\":\"ListItem\",\"position\":1,\"name\":\"Inici\",\"item\":\"https:\/\/www.noubarris.net\/web40\/\"},{\"@type\":\"ListItem\",\"position\":2,\"name\":\"El CEM Tur\u00f3 de la Peira, candidat al Premi d\u2019Arquitectura Mies van der Rohe 2022\"}]},{\"@type\":\"WebSite\",\"@id\":\"https:\/\/www.noubarris.net\/web40\/#website\",\"url\":\"https:\/\/www.noubarris.net\/web40\/\",\"name\":\"NouBarris.Net\",\"description\":\"Seguint la vida de Nou Barris des de 1985\",\"publisher\":{\"@id\":\"https:\/\/www.noubarris.net\/web40\/#organization\"},\"potentialAction\":[{\"@type\":\"SearchAction\",\"target\":{\"@type\":\"EntryPoint\",\"urlTemplate\":\"https:\/\/www.noubarris.net\/web40\/?s={search_term_string}\"},\"query-input\":{\"@type\":\"PropertyValueSpecification\",\"valueRequired\":true,\"valueName\":\"search_term_string\"}}],\"inLanguage\":\"ca\"},{\"@type\":\"Organization\",\"@id\":\"https:\/\/www.noubarris.net\/web40\/#organization\",\"name\":\"NouBarris.Net\",\"url\":\"https:\/\/www.noubarris.net\/web40\/\",\"logo\":{\"@type\":\"ImageObject\",\"inLanguage\":\"ca\",\"@id\":\"https:\/\/www.noubarris.net\/web40\/#\/schema\/logo\/image\/\",\"url\":\"https:\/\/www.noubarris.net\/web40\/wp-content\/uploads\/2024\/11\/cropped-cropped-LOGO_9BTV-2024_Insta-1.jpg\",\"contentUrl\":\"https:\/\/www.noubarris.net\/web40\/wp-content\/uploads\/2024\/11\/cropped-cropped-LOGO_9BTV-2024_Insta-1.jpg\",\"width\":512,\"height\":512,\"caption\":\"NouBarris.Net\"},\"image\":{\"@id\":\"https:\/\/www.noubarris.net\/web40\/#\/schema\/logo\/image\/\"},\"sameAs\":[\"https:\/\/www.facebook.com\/NouBarris.net\/?locale=es_ES\",\"https:\/\/x.com\/9BTV\"]},{\"@type\":\"Person\",\"@id\":\"https:\/\/www.noubarris.net\/web40\/#\/schema\/person\/1827f92aaa316c54abbf4dac0de76069\",\"name\":\"Informatius\",\"image\":{\"@type\":\"ImageObject\",\"inLanguage\":\"ca\",\"@id\":\"https:\/\/www.noubarris.net\/web40\/#\/schema\/person\/image\/\",\"url\":\"https:\/\/secure.gravatar.com\/avatar\/87a3b47928835fc72c6ee5b0e1a7263ef0c2d05003a98189bc14926c5f11bcdb?s=96&d=mm&r=g\",\"contentUrl\":\"https:\/\/secure.gravatar.com\/avatar\/87a3b47928835fc72c6ee5b0e1a7263ef0c2d05003a98189bc14926c5f11bcdb?s=96&d=mm&r=g\",\"caption\":\"Informatius\"},\"url\":\"https:\/\/www.noubarris.net\/web40\/author\/tele\/\"}]}<\/script>\n<!-- \/ Yoast SEO plugin. -->","yoast_head_json":{"title":"El CEM Tur\u00f3 de la Peira, candidat al Premi d\u2019Arquitectura Mies van der Rohe 2022 - NouBarris.Net","robots":{"index":"index","follow":"follow","max-snippet":"max-snippet:-1","max-image-preview":"max-image-preview:large","max-video-preview":"max-video-preview:-1"},"canonical":"https:\/\/www.noubarris.net\/web40\/el-cem-turo-de-la-peira-candidat-al-premi-darquitectura-mies-van-der-rohe-2022\/","og_locale":"ca_ES","og_type":"article","og_title":"El CEM Tur\u00f3 de la Peira, candidat al Premi d\u2019Arquitectura Mies van der Rohe 2022 - NouBarris.Net","og_description":"L\u2019equipament ja ha estat guardonat amb el Premi Ciutat de Barcelona 2019 i el Premi Mapei 2019 El Centre Esportiu","og_url":"https:\/\/www.noubarris.net\/web40\/el-cem-turo-de-la-peira-candidat-al-premi-darquitectura-mies-van-der-rohe-2022\/","og_site_name":"NouBarris.Net","article_publisher":"https:\/\/www.facebook.com\/NouBarris.net\/?locale=es_ES","article_published_time":"2022-01-22T22:00:57+00:00","og_image":[{"width":768,"height":432,"url":"https:\/\/www.noubarris.net\/web40\/wp-content\/uploads\/2022\/01\/220122.gif","type":"image\/gif"}],"author":"Informatius","twitter_card":"summary_large_image","twitter_creator":"@9BTV","twitter_site":"@9BTV","twitter_misc":{"Escrit per":"Informatius","Temps estimat de lectura":"1 minut"},"schema":{"@context":"https:\/\/schema.org","@graph":[{"@type":"Article","@id":"https:\/\/www.noubarris.net\/web40\/el-cem-turo-de-la-peira-candidat-al-premi-darquitectura-mies-van-der-rohe-2022\/#article","isPartOf":{"@id":"https:\/\/www.noubarris.net\/web40\/el-cem-turo-de-la-peira-candidat-al-premi-darquitectura-mies-van-der-rohe-2022\/"},"author":{"name":"Informatius","@id":"https:\/\/www.noubarris.net\/web40\/#\/schema\/person\/1827f92aaa316c54abbf4dac0de76069"},"headline":"El CEM Tur\u00f3 de la Peira, candidat al Premi d\u2019Arquitectura Mies van der Rohe 2022","datePublished":"2022-01-22T22:00:57+00:00","mainEntityOfPage":{"@id":"https:\/\/www.noubarris.net\/web40\/el-cem-turo-de-la-peira-candidat-al-premi-darquitectura-mies-van-der-rohe-2022\/"},"wordCount":308,"publisher":{"@id":"https:\/\/www.noubarris.net\/web40\/#organization"},"image":{"@id":"https:\/\/www.noubarris.net\/web40\/el-cem-turo-de-la-peira-candidat-al-premi-darquitectura-mies-van-der-rohe-2022\/#primaryimage"},"thumbnailUrl":"https:\/\/www.noubarris.net\/web40\/wp-content\/uploads\/2022\/01\/220122.gif","keywords":["El Tur\u00f3 de la Peira","Equipaments","Esport"],"articleSection":["El Tur\u00f3 de la Peira","Societat"],"inLanguage":"ca"},{"@type":"WebPage","@id":"https:\/\/www.noubarris.net\/web40\/el-cem-turo-de-la-peira-candidat-al-premi-darquitectura-mies-van-der-rohe-2022\/","url":"https:\/\/www.noubarris.net\/web40\/el-cem-turo-de-la-peira-candidat-al-premi-darquitectura-mies-van-der-rohe-2022\/","name":"El CEM Tur\u00f3 de la Peira, candidat al Premi d\u2019Arquitectura Mies van der Rohe 2022 - NouBarris.Net","isPartOf":{"@id":"https:\/\/www.noubarris.net\/web40\/#website"},"primaryImageOfPage":{"@id":"https:\/\/www.noubarris.net\/web40\/el-cem-turo-de-la-peira-candidat-al-premi-darquitectura-mies-van-der-rohe-2022\/#primaryimage"},"image":{"@id":"https:\/\/www.noubarris.net\/web40\/el-cem-turo-de-la-peira-candidat-al-premi-darquitectura-mies-van-der-rohe-2022\/#primaryimage"},"thumbnailUrl":"https:\/\/www.noubarris.net\/web40\/wp-content\/uploads\/2022\/01\/220122.gif","datePublished":"2022-01-22T22:00:57+00:00","breadcrumb":{"@id":"https:\/\/www.noubarris.net\/web40\/el-cem-turo-de-la-peira-candidat-al-premi-darquitectura-mies-van-der-rohe-2022\/#breadcrumb"},"inLanguage":"ca","potentialAction":[{"@type":"ReadAction","target":["https:\/\/www.noubarris.net\/web40\/el-cem-turo-de-la-peira-candidat-al-premi-darquitectura-mies-van-der-rohe-2022\/"]}]},{"@type":"ImageObject","inLanguage":"ca","@id":"https:\/\/www.noubarris.net\/web40\/el-cem-turo-de-la-peira-candidat-al-premi-darquitectura-mies-van-der-rohe-2022\/#primaryimage","url":"https:\/\/www.noubarris.net\/web40\/wp-content\/uploads\/2022\/01\/220122.gif","contentUrl":"https:\/\/www.noubarris.net\/web40\/wp-content\/uploads\/2022\/01\/220122.gif","width":768,"height":432},{"@type":"BreadcrumbList","@id":"https:\/\/www.noubarris.net\/web40\/el-cem-turo-de-la-peira-candidat-al-premi-darquitectura-mies-van-der-rohe-2022\/#breadcrumb","itemListElement":[{"@type":"ListItem","position":1,"name":"Inici","item":"https:\/\/www.noubarris.net\/web40\/"},{"@type":"ListItem","position":2,"name":"El CEM Tur\u00f3 de la Peira, candidat al Premi d\u2019Arquitectura Mies van der Rohe 2022"}]},{"@type":"WebSite","@id":"https:\/\/www.noubarris.net\/web40\/#website","url":"https:\/\/www.noubarris.net\/web40\/","name":"NouBarris.Net","description":"Seguint la vida de Nou Barris des de 1985","publisher":{"@id":"https:\/\/www.noubarris.net\/web40\/#organization"},"potentialAction":[{"@type":"SearchAction","target":{"@type":"EntryPoint","urlTemplate":"https:\/\/www.noubarris.net\/web40\/?s={search_term_string}"},"query-input":{"@type":"PropertyValueSpecification","valueRequired":true,"valueName":"search_term_string"}}],"inLanguage":"ca"},{"@type":"Organization","@id":"https:\/\/www.noubarris.net\/web40\/#organization","name":"NouBarris.Net","url":"https:\/\/www.noubarris.net\/web40\/","logo":{"@type":"ImageObject","inLanguage":"ca","@id":"https:\/\/www.noubarris.net\/web40\/#\/schema\/logo\/image\/","url":"https:\/\/www.noubarris.net\/web40\/wp-content\/uploads\/2024\/11\/cropped-cropped-LOGO_9BTV-2024_Insta-1.jpg","contentUrl":"https:\/\/www.noubarris.net\/web40\/wp-content\/uploads\/2024\/11\/cropped-cropped-LOGO_9BTV-2024_Insta-1.jpg","width":512,"height":512,"caption":"NouBarris.Net"},"image":{"@id":"https:\/\/www.noubarris.net\/web40\/#\/schema\/logo\/image\/"},"sameAs":["https:\/\/www.facebook.com\/NouBarris.net\/?locale=es_ES","https:\/\/x.com\/9BTV"]},{"@type":"Person","@id":"https:\/\/www.noubarris.net\/web40\/#\/schema\/person\/1827f92aaa316c54abbf4dac0de76069","name":"Informatius","image":{"@type":"ImageObject","inLanguage":"ca","@id":"https:\/\/www.noubarris.net\/web40\/#\/schema\/person\/image\/","url":"https:\/\/secure.gravatar.com\/avatar\/87a3b47928835fc72c6ee5b0e1a7263ef0c2d05003a98189bc14926c5f11bcdb?s=96&d=mm&r=g","contentUrl":"https:\/\/secure.gravatar.com\/avatar\/87a3b47928835fc72c6ee5b0e1a7263ef0c2d05003a98189bc14926c5f11bcdb?s=96&d=mm&r=g","caption":"Informatius"},"url":"https:\/\/www.noubarris.net\/web40\/author\/tele\/"}]}},"_links":{"self":[{"href":"https:\/\/www.noubarris.net\/web40\/wp-json\/wp\/v2\/posts\/78502","targetHints":{"allow":["GET"]}}],"collection":[{"href":"https:\/\/www.noubarris.net\/web40\/wp-json\/wp\/v2\/posts"}],"about":[{"href":"https:\/\/www.noubarris.net\/web40\/wp-json\/wp\/v2\/types\/post"}],"author":[{"embeddable":true,"href":"https:\/\/www.noubarris.net\/web40\/wp-json\/wp\/v2\/users\/2"}],"replies":[{"embeddable":true,"href":"https:\/\/www.noubarris.net\/web40\/wp-json\/wp\/v2\/comments?post=78502"}],"version-history":[{"count":1,"href":"https:\/\/www.noubarris.net\/web40\/wp-json\/wp\/v2\/posts\/78502\/revisions"}],"predecessor-version":[{"id":78504,"href":"https:\/\/www.noubarris.net\/web40\/wp-json\/wp\/v2\/posts\/78502\/revisions\/78504"}],"wp:featuredmedia":[{"embeddable":true,"href":"https:\/\/www.noubarris.net\/web40\/wp-json\/wp\/v2\/media\/78503"}],"wp:attachment":[{"href":"https:\/\/www.noubarris.net\/web40\/wp-json\/wp\/v2\/media?parent=78502"}],"wp:term":[{"taxonomy":"category","embeddable":true,"href":"https:\/\/www.noubarris.net\/web40\/wp-json\/wp\/v2\/categories?post=78502"},{"taxonomy":"post_tag","embeddable":true,"href":"https:\/\/www.noubarris.net\/web40\/wp-json\/wp\/v2\/tags?post=78502"}],"curies":[{"name":"wp","href":"https:\/\/api.w.org\/{rel}","templated":true}]}}