{"id":78545,"date":"2022-01-31T00:00:51","date_gmt":"2022-01-30T22:00:51","guid":{"rendered":"http:\/\/www.noubarris.net\/web40\/?p=78545"},"modified":"2022-01-29T20:43:43","modified_gmt":"2022-01-29T18:43:43","slug":"can-peguera-plora-la-mort-de-bernarda-freijo-una-de-les-veines-mes-antigues-i-compromeses-amb-el-barri","status":"publish","type":"post","link":"https:\/\/www.noubarris.net\/web40\/can-peguera-plora-la-mort-de-bernarda-freijo-una-de-les-veines-mes-antigues-i-compromeses-amb-el-barri\/","title":{"rendered":"Can Peguera plora la mort de Bernarda Freijo, una de les ve\u00efnes m\u00e9s antigues i compromeses amb el barri"},"content":{"rendered":"<p><strong>Va n\u00e9ixer a les casetes blanques i ha militat a l&#8217;associaci\u00f3 de ve\u00efns fins fa 3 anys, que va ser nomenada presidenta d&#8217;honor<\/strong><\/p>\n<p>Dimecres passat ens va deixar Bernarda Freijo, una de les ve\u00efnes m\u00e9s carism\u00e0tiques, compromeses i lluitadores de Can Peguera. Va n\u00e9ixer al barri en els seus inicis i all\u00e0 ha desenvolupat tota la seva vida. Hi va viure all\u00e0, de ben petita, la Guerra Civil, veient com els avions sobrevolaven per sobre del barri i el ve\u00efnat estava atent per si calia utilitzar els refugis antiaeris que ve\u00efns com el seu pare havien constru\u00eft als peus del Tur\u00f3 de la Peira. Pitjor record tenia de la fam de la postguerra, quan provaven sort a l&#8217;Institut Mental de la Santa Creu per aconseguir algo de menjar. Va comen\u00e7ar a treballar ben aviat, fins que va formar una fam\u00edlia i es va envoltar de bon ve\u00efnatge i solidaritat.<\/p>\n<p>Des del principi es va implicar totalment en la defensa i la reivindicaci\u00f3 del barri. I, un cop legalitzada l&#8217;associaci\u00f3 de ve\u00efns a finals dels anys 70, s&#8217;hi va afegir i hi va participar activament durant uns 40 anys, fins que fa tres anys, es va haver de retirar per q\u00fcestions de salut. Va ser aleshores quan l&#8217;entitat ve\u00efnal la va nomenar presidenta d&#8217;honor, com a reconeixement per la seva col\u00b7laboraci\u00f3 i implicaci\u00f3. En aquest temps ha lluitat i celebrat moltes fites. La m\u00e9s important per a ella, sens dubte, la salvaci\u00f3 del barri de Can Peguera tal i com el coneixem. Va ser fa 7 anys, quan es va decidir protegir les casetes blanques. La not\u00edcia la va fer respirar m\u00e9s tranquil\u00b7la, ja que per res del m\u00f3n volia marxar de la casa on havia nascut.<\/p>\n<p>\u00a0<\/p>\n\n\n<figure class=\"wp-block-image size-full\"><img loading=\"lazy\" decoding=\"async\" width=\"768\" height=\"432\" src=\"https:\/\/www.noubarris.net\/web40\/wp-content\/uploads\/2022\/01\/bernarda310122iortiz.jpg\" alt=\"\" class=\"wp-image-78549\" srcset=\"https:\/\/www.noubarris.net\/web40\/wp-content\/uploads\/2022\/01\/bernarda310122iortiz.jpg 768w, https:\/\/www.noubarris.net\/web40\/wp-content\/uploads\/2022\/01\/bernarda310122iortiz-300x169.jpg 300w, https:\/\/www.noubarris.net\/web40\/wp-content\/uploads\/2022\/01\/bernarda310122iortiz-600x338.jpg 600w, https:\/\/www.noubarris.net\/web40\/wp-content\/uploads\/2022\/01\/bernarda310122iortiz-150x84.jpg 150w\" sizes=\"auto, (max-width: 768px) 100vw, 768px\" \/><figcaption>Bernarda (esquerra) amb la seva germana. Imatge d&#8217;Iv\u00e1n Ortiz<\/figcaption><\/figure>\n\n\n\n<p>A banda d&#8217;aquesta faceta m\u00e9s activista, Bernarda Freijo era ben coneguda a Can Peguera. Essent com era una de les ve\u00efnes veteranes del barri, mantenia viu encara l&#8217;ambient de poble que caracteritzava aquest territori, amb trobades amb cadires i tauletes al carrer de Vila-seca amb ve\u00efnes i ve\u00efns amb qui compartia algun berenar o algun brindis si tocava celebrar un sant, aniversari o revetlla.\u00a0<\/p>\n\n\n\n<figure class=\"wp-block-image size-full\"><img loading=\"lazy\" decoding=\"async\" width=\"768\" height=\"434\" src=\"https:\/\/www.noubarris.net\/web40\/wp-content\/uploads\/2022\/01\/030817.jpg\" alt=\"\" class=\"wp-image-78548\" srcset=\"https:\/\/www.noubarris.net\/web40\/wp-content\/uploads\/2022\/01\/030817.jpg 768w, https:\/\/www.noubarris.net\/web40\/wp-content\/uploads\/2022\/01\/030817-300x170.jpg 300w, https:\/\/www.noubarris.net\/web40\/wp-content\/uploads\/2022\/01\/030817-600x339.jpg 600w, https:\/\/www.noubarris.net\/web40\/wp-content\/uploads\/2022\/01\/030817-150x85.jpg 150w\" sizes=\"auto, (max-width: 768px) 100vw, 768px\" \/><figcaption>Bernarda Freijo (al centre) a la porta de casa al 2017<\/figcaption><\/figure>\n\n\n\n<p>Amable i alegre, sempre es mostrava disposada a col\u00b7laborar amb qualsevol iniciativa. Tamb\u00e9 amb els mitjans de comunicaci\u00f3, amb qui no dubtava en obrir les portes de casa seva i tamb\u00e9 les de la seva mem\u00f2ria. Des de NouBarris.Net volem fer arribar les condolences als seus tres fills, la seva germana gran -de qui la Bernarda encara en tenia cura- i a totes les que la trobaran a faltar.<\/p>\n<p>\u00a0<\/p>\n<p>\u00a0<\/p>\n<p>\u00a0<\/p>\n","protected":false},"excerpt":{"rendered":"<p>Va n\u00e9ixer a les casetes blanques i ha militat a l&#8217;associaci\u00f3 de ve\u00efns fins fa 3 anys, que va ser<\/p>\n","protected":false},"author":2,"featured_media":78546,"comment_status":"closed","ping_status":"closed","sticky":false,"template":"","format":"standard","meta":{"colormag_page_layout":"default_layout","_monsterinsights_skip_tracking":false,"_monsterinsights_sitenote_active":false,"_monsterinsights_sitenote_note":"","_monsterinsights_sitenote_category":0,"footnotes":""},"categories":[130,124],"tags":[46,263],"class_list":["post-78545","post","type-post","status-publish","format-standard","has-post-thumbnail","hentry","category-can-peguera","category-societat","tag-can-peguera","tag-veins"],"yoast_head":"<!-- This site is optimized with the Yoast SEO plugin v25.3 - https:\/\/yoast.com\/wordpress\/plugins\/seo\/ -->\n<title>Can Peguera plora la mort de Bernarda Freijo, una de les ve\u00efnes m\u00e9s antigues i compromeses amb el barri - NouBarris.Net<\/title>\n<meta name=\"robots\" content=\"index, follow, max-snippet:-1, max-image-preview:large, max-video-preview:-1\" \/>\n<link rel=\"canonical\" href=\"https:\/\/www.noubarris.net\/web40\/can-peguera-plora-la-mort-de-bernarda-freijo-una-de-les-veines-mes-antigues-i-compromeses-amb-el-barri\/\" \/>\n<meta property=\"og:locale\" content=\"ca_ES\" \/>\n<meta property=\"og:type\" content=\"article\" \/>\n<meta property=\"og:title\" content=\"Can Peguera plora la mort de Bernarda Freijo, una de les ve\u00efnes m\u00e9s antigues i compromeses amb el barri - NouBarris.Net\" \/>\n<meta property=\"og:description\" content=\"Va n\u00e9ixer a les casetes blanques i ha militat a l&#8217;associaci\u00f3 de ve\u00efns fins fa 3 anys, que va ser\" \/>\n<meta property=\"og:url\" content=\"https:\/\/www.noubarris.net\/web40\/can-peguera-plora-la-mort-de-bernarda-freijo-una-de-les-veines-mes-antigues-i-compromeses-amb-el-barri\/\" \/>\n<meta property=\"og:site_name\" content=\"NouBarris.Net\" \/>\n<meta property=\"article:publisher\" content=\"https:\/\/www.facebook.com\/NouBarris.net\/?locale=es_ES\" \/>\n<meta property=\"article:published_time\" content=\"2022-01-30T22:00:51+00:00\" \/>\n<meta property=\"og:image\" content=\"https:\/\/www.noubarris.net\/web40\/wp-content\/uploads\/2022\/01\/310122bernardaacasa.jpg\" \/>\n\t<meta property=\"og:image:width\" content=\"768\" \/>\n\t<meta property=\"og:image:height\" content=\"432\" \/>\n\t<meta property=\"og:image:type\" content=\"image\/jpeg\" \/>\n<meta name=\"author\" content=\"Informatius\" \/>\n<meta name=\"twitter:card\" content=\"summary_large_image\" \/>\n<meta name=\"twitter:creator\" content=\"@9BTV\" \/>\n<meta name=\"twitter:site\" content=\"@9BTV\" \/>\n<meta name=\"twitter:label1\" content=\"Escrit per\" \/>\n\t<meta name=\"twitter:data1\" content=\"Informatius\" \/>\n\t<meta name=\"twitter:label2\" content=\"Temps estimat de lectura\" \/>\n\t<meta name=\"twitter:data2\" content=\"2 minuts\" \/>\n<script type=\"application\/ld+json\" class=\"yoast-schema-graph\">{\"@context\":\"https:\/\/schema.org\",\"@graph\":[{\"@type\":\"Article\",\"@id\":\"https:\/\/www.noubarris.net\/web40\/can-peguera-plora-la-mort-de-bernarda-freijo-una-de-les-veines-mes-antigues-i-compromeses-amb-el-barri\/#article\",\"isPartOf\":{\"@id\":\"https:\/\/www.noubarris.net\/web40\/can-peguera-plora-la-mort-de-bernarda-freijo-una-de-les-veines-mes-antigues-i-compromeses-amb-el-barri\/\"},\"author\":{\"name\":\"Informatius\",\"@id\":\"https:\/\/www.noubarris.net\/web40\/#\/schema\/person\/1827f92aaa316c54abbf4dac0de76069\"},\"headline\":\"Can Peguera plora la mort de Bernarda Freijo, una de les ve\u00efnes m\u00e9s antigues i compromeses amb el barri\",\"datePublished\":\"2022-01-30T22:00:51+00:00\",\"mainEntityOfPage\":{\"@id\":\"https:\/\/www.noubarris.net\/web40\/can-peguera-plora-la-mort-de-bernarda-freijo-una-de-les-veines-mes-antigues-i-compromeses-amb-el-barri\/\"},\"wordCount\":494,\"publisher\":{\"@id\":\"https:\/\/www.noubarris.net\/web40\/#organization\"},\"image\":{\"@id\":\"https:\/\/www.noubarris.net\/web40\/can-peguera-plora-la-mort-de-bernarda-freijo-una-de-les-veines-mes-antigues-i-compromeses-amb-el-barri\/#primaryimage\"},\"thumbnailUrl\":\"https:\/\/www.noubarris.net\/web40\/wp-content\/uploads\/2022\/01\/310122bernardaacasa.jpg\",\"keywords\":[\"Can Peguera\",\"Ve\u00efns\"],\"articleSection\":[\"Can Peguera\",\"Societat\"],\"inLanguage\":\"ca\"},{\"@type\":\"WebPage\",\"@id\":\"https:\/\/www.noubarris.net\/web40\/can-peguera-plora-la-mort-de-bernarda-freijo-una-de-les-veines-mes-antigues-i-compromeses-amb-el-barri\/\",\"url\":\"https:\/\/www.noubarris.net\/web40\/can-peguera-plora-la-mort-de-bernarda-freijo-una-de-les-veines-mes-antigues-i-compromeses-amb-el-barri\/\",\"name\":\"Can Peguera plora la mort de Bernarda Freijo, una de les ve\u00efnes m\u00e9s antigues i compromeses amb el barri - NouBarris.Net\",\"isPartOf\":{\"@id\":\"https:\/\/www.noubarris.net\/web40\/#website\"},\"primaryImageOfPage\":{\"@id\":\"https:\/\/www.noubarris.net\/web40\/can-peguera-plora-la-mort-de-bernarda-freijo-una-de-les-veines-mes-antigues-i-compromeses-amb-el-barri\/#primaryimage\"},\"image\":{\"@id\":\"https:\/\/www.noubarris.net\/web40\/can-peguera-plora-la-mort-de-bernarda-freijo-una-de-les-veines-mes-antigues-i-compromeses-amb-el-barri\/#primaryimage\"},\"thumbnailUrl\":\"https:\/\/www.noubarris.net\/web40\/wp-content\/uploads\/2022\/01\/310122bernardaacasa.jpg\",\"datePublished\":\"2022-01-30T22:00:51+00:00\",\"breadcrumb\":{\"@id\":\"https:\/\/www.noubarris.net\/web40\/can-peguera-plora-la-mort-de-bernarda-freijo-una-de-les-veines-mes-antigues-i-compromeses-amb-el-barri\/#breadcrumb\"},\"inLanguage\":\"ca\",\"potentialAction\":[{\"@type\":\"ReadAction\",\"target\":[\"https:\/\/www.noubarris.net\/web40\/can-peguera-plora-la-mort-de-bernarda-freijo-una-de-les-veines-mes-antigues-i-compromeses-amb-el-barri\/\"]}]},{\"@type\":\"ImageObject\",\"inLanguage\":\"ca\",\"@id\":\"https:\/\/www.noubarris.net\/web40\/can-peguera-plora-la-mort-de-bernarda-freijo-una-de-les-veines-mes-antigues-i-compromeses-amb-el-barri\/#primaryimage\",\"url\":\"https:\/\/www.noubarris.net\/web40\/wp-content\/uploads\/2022\/01\/310122bernardaacasa.jpg\",\"contentUrl\":\"https:\/\/www.noubarris.net\/web40\/wp-content\/uploads\/2022\/01\/310122bernardaacasa.jpg\",\"width\":768,\"height\":432},{\"@type\":\"BreadcrumbList\",\"@id\":\"https:\/\/www.noubarris.net\/web40\/can-peguera-plora-la-mort-de-bernarda-freijo-una-de-les-veines-mes-antigues-i-compromeses-amb-el-barri\/#breadcrumb\",\"itemListElement\":[{\"@type\":\"ListItem\",\"position\":1,\"name\":\"Inici\",\"item\":\"https:\/\/www.noubarris.net\/web40\/\"},{\"@type\":\"ListItem\",\"position\":2,\"name\":\"Can Peguera plora la mort de Bernarda Freijo, una de les ve\u00efnes m\u00e9s antigues i compromeses amb el barri\"}]},{\"@type\":\"WebSite\",\"@id\":\"https:\/\/www.noubarris.net\/web40\/#website\",\"url\":\"https:\/\/www.noubarris.net\/web40\/\",\"name\":\"NouBarris.Net\",\"description\":\"Seguint la vida de Nou Barris des de 1985\",\"publisher\":{\"@id\":\"https:\/\/www.noubarris.net\/web40\/#organization\"},\"potentialAction\":[{\"@type\":\"SearchAction\",\"target\":{\"@type\":\"EntryPoint\",\"urlTemplate\":\"https:\/\/www.noubarris.net\/web40\/?s={search_term_string}\"},\"query-input\":{\"@type\":\"PropertyValueSpecification\",\"valueRequired\":true,\"valueName\":\"search_term_string\"}}],\"inLanguage\":\"ca\"},{\"@type\":\"Organization\",\"@id\":\"https:\/\/www.noubarris.net\/web40\/#organization\",\"name\":\"NouBarris.Net\",\"url\":\"https:\/\/www.noubarris.net\/web40\/\",\"logo\":{\"@type\":\"ImageObject\",\"inLanguage\":\"ca\",\"@id\":\"https:\/\/www.noubarris.net\/web40\/#\/schema\/logo\/image\/\",\"url\":\"https:\/\/www.noubarris.net\/web40\/wp-content\/uploads\/2024\/11\/cropped-cropped-LOGO_9BTV-2024_Insta-1.jpg\",\"contentUrl\":\"https:\/\/www.noubarris.net\/web40\/wp-content\/uploads\/2024\/11\/cropped-cropped-LOGO_9BTV-2024_Insta-1.jpg\",\"width\":512,\"height\":512,\"caption\":\"NouBarris.Net\"},\"image\":{\"@id\":\"https:\/\/www.noubarris.net\/web40\/#\/schema\/logo\/image\/\"},\"sameAs\":[\"https:\/\/www.facebook.com\/NouBarris.net\/?locale=es_ES\",\"https:\/\/x.com\/9BTV\"]},{\"@type\":\"Person\",\"@id\":\"https:\/\/www.noubarris.net\/web40\/#\/schema\/person\/1827f92aaa316c54abbf4dac0de76069\",\"name\":\"Informatius\",\"image\":{\"@type\":\"ImageObject\",\"inLanguage\":\"ca\",\"@id\":\"https:\/\/www.noubarris.net\/web40\/#\/schema\/person\/image\/\",\"url\":\"https:\/\/secure.gravatar.com\/avatar\/87a3b47928835fc72c6ee5b0e1a7263ef0c2d05003a98189bc14926c5f11bcdb?s=96&d=mm&r=g\",\"contentUrl\":\"https:\/\/secure.gravatar.com\/avatar\/87a3b47928835fc72c6ee5b0e1a7263ef0c2d05003a98189bc14926c5f11bcdb?s=96&d=mm&r=g\",\"caption\":\"Informatius\"},\"url\":\"https:\/\/www.noubarris.net\/web40\/author\/tele\/\"}]}<\/script>\n<!-- \/ Yoast SEO plugin. -->","yoast_head_json":{"title":"Can Peguera plora la mort de Bernarda Freijo, una de les ve\u00efnes m\u00e9s antigues i compromeses amb el barri - NouBarris.Net","robots":{"index":"index","follow":"follow","max-snippet":"max-snippet:-1","max-image-preview":"max-image-preview:large","max-video-preview":"max-video-preview:-1"},"canonical":"https:\/\/www.noubarris.net\/web40\/can-peguera-plora-la-mort-de-bernarda-freijo-una-de-les-veines-mes-antigues-i-compromeses-amb-el-barri\/","og_locale":"ca_ES","og_type":"article","og_title":"Can Peguera plora la mort de Bernarda Freijo, una de les ve\u00efnes m\u00e9s antigues i compromeses amb el barri - NouBarris.Net","og_description":"Va n\u00e9ixer a les casetes blanques i ha militat a l&#8217;associaci\u00f3 de ve\u00efns fins fa 3 anys, que va ser","og_url":"https:\/\/www.noubarris.net\/web40\/can-peguera-plora-la-mort-de-bernarda-freijo-una-de-les-veines-mes-antigues-i-compromeses-amb-el-barri\/","og_site_name":"NouBarris.Net","article_publisher":"https:\/\/www.facebook.com\/NouBarris.net\/?locale=es_ES","article_published_time":"2022-01-30T22:00:51+00:00","og_image":[{"width":768,"height":432,"url":"https:\/\/www.noubarris.net\/web40\/wp-content\/uploads\/2022\/01\/310122bernardaacasa.jpg","type":"image\/jpeg"}],"author":"Informatius","twitter_card":"summary_large_image","twitter_creator":"@9BTV","twitter_site":"@9BTV","twitter_misc":{"Escrit per":"Informatius","Temps estimat de lectura":"2 minuts"},"schema":{"@context":"https:\/\/schema.org","@graph":[{"@type":"Article","@id":"https:\/\/www.noubarris.net\/web40\/can-peguera-plora-la-mort-de-bernarda-freijo-una-de-les-veines-mes-antigues-i-compromeses-amb-el-barri\/#article","isPartOf":{"@id":"https:\/\/www.noubarris.net\/web40\/can-peguera-plora-la-mort-de-bernarda-freijo-una-de-les-veines-mes-antigues-i-compromeses-amb-el-barri\/"},"author":{"name":"Informatius","@id":"https:\/\/www.noubarris.net\/web40\/#\/schema\/person\/1827f92aaa316c54abbf4dac0de76069"},"headline":"Can Peguera plora la mort de Bernarda Freijo, una de les ve\u00efnes m\u00e9s antigues i compromeses amb el barri","datePublished":"2022-01-30T22:00:51+00:00","mainEntityOfPage":{"@id":"https:\/\/www.noubarris.net\/web40\/can-peguera-plora-la-mort-de-bernarda-freijo-una-de-les-veines-mes-antigues-i-compromeses-amb-el-barri\/"},"wordCount":494,"publisher":{"@id":"https:\/\/www.noubarris.net\/web40\/#organization"},"image":{"@id":"https:\/\/www.noubarris.net\/web40\/can-peguera-plora-la-mort-de-bernarda-freijo-una-de-les-veines-mes-antigues-i-compromeses-amb-el-barri\/#primaryimage"},"thumbnailUrl":"https:\/\/www.noubarris.net\/web40\/wp-content\/uploads\/2022\/01\/310122bernardaacasa.jpg","keywords":["Can Peguera","Ve\u00efns"],"articleSection":["Can Peguera","Societat"],"inLanguage":"ca"},{"@type":"WebPage","@id":"https:\/\/www.noubarris.net\/web40\/can-peguera-plora-la-mort-de-bernarda-freijo-una-de-les-veines-mes-antigues-i-compromeses-amb-el-barri\/","url":"https:\/\/www.noubarris.net\/web40\/can-peguera-plora-la-mort-de-bernarda-freijo-una-de-les-veines-mes-antigues-i-compromeses-amb-el-barri\/","name":"Can Peguera plora la mort de Bernarda Freijo, una de les ve\u00efnes m\u00e9s antigues i compromeses amb el barri - NouBarris.Net","isPartOf":{"@id":"https:\/\/www.noubarris.net\/web40\/#website"},"primaryImageOfPage":{"@id":"https:\/\/www.noubarris.net\/web40\/can-peguera-plora-la-mort-de-bernarda-freijo-una-de-les-veines-mes-antigues-i-compromeses-amb-el-barri\/#primaryimage"},"image":{"@id":"https:\/\/www.noubarris.net\/web40\/can-peguera-plora-la-mort-de-bernarda-freijo-una-de-les-veines-mes-antigues-i-compromeses-amb-el-barri\/#primaryimage"},"thumbnailUrl":"https:\/\/www.noubarris.net\/web40\/wp-content\/uploads\/2022\/01\/310122bernardaacasa.jpg","datePublished":"2022-01-30T22:00:51+00:00","breadcrumb":{"@id":"https:\/\/www.noubarris.net\/web40\/can-peguera-plora-la-mort-de-bernarda-freijo-una-de-les-veines-mes-antigues-i-compromeses-amb-el-barri\/#breadcrumb"},"inLanguage":"ca","potentialAction":[{"@type":"ReadAction","target":["https:\/\/www.noubarris.net\/web40\/can-peguera-plora-la-mort-de-bernarda-freijo-una-de-les-veines-mes-antigues-i-compromeses-amb-el-barri\/"]}]},{"@type":"ImageObject","inLanguage":"ca","@id":"https:\/\/www.noubarris.net\/web40\/can-peguera-plora-la-mort-de-bernarda-freijo-una-de-les-veines-mes-antigues-i-compromeses-amb-el-barri\/#primaryimage","url":"https:\/\/www.noubarris.net\/web40\/wp-content\/uploads\/2022\/01\/310122bernardaacasa.jpg","contentUrl":"https:\/\/www.noubarris.net\/web40\/wp-content\/uploads\/2022\/01\/310122bernardaacasa.jpg","width":768,"height":432},{"@type":"BreadcrumbList","@id":"https:\/\/www.noubarris.net\/web40\/can-peguera-plora-la-mort-de-bernarda-freijo-una-de-les-veines-mes-antigues-i-compromeses-amb-el-barri\/#breadcrumb","itemListElement":[{"@type":"ListItem","position":1,"name":"Inici","item":"https:\/\/www.noubarris.net\/web40\/"},{"@type":"ListItem","position":2,"name":"Can Peguera plora la mort de Bernarda Freijo, una de les ve\u00efnes m\u00e9s antigues i compromeses amb el barri"}]},{"@type":"WebSite","@id":"https:\/\/www.noubarris.net\/web40\/#website","url":"https:\/\/www.noubarris.net\/web40\/","name":"NouBarris.Net","description":"Seguint la vida de Nou Barris des de 1985","publisher":{"@id":"https:\/\/www.noubarris.net\/web40\/#organization"},"potentialAction":[{"@type":"SearchAction","target":{"@type":"EntryPoint","urlTemplate":"https:\/\/www.noubarris.net\/web40\/?s={search_term_string}"},"query-input":{"@type":"PropertyValueSpecification","valueRequired":true,"valueName":"search_term_string"}}],"inLanguage":"ca"},{"@type":"Organization","@id":"https:\/\/www.noubarris.net\/web40\/#organization","name":"NouBarris.Net","url":"https:\/\/www.noubarris.net\/web40\/","logo":{"@type":"ImageObject","inLanguage":"ca","@id":"https:\/\/www.noubarris.net\/web40\/#\/schema\/logo\/image\/","url":"https:\/\/www.noubarris.net\/web40\/wp-content\/uploads\/2024\/11\/cropped-cropped-LOGO_9BTV-2024_Insta-1.jpg","contentUrl":"https:\/\/www.noubarris.net\/web40\/wp-content\/uploads\/2024\/11\/cropped-cropped-LOGO_9BTV-2024_Insta-1.jpg","width":512,"height":512,"caption":"NouBarris.Net"},"image":{"@id":"https:\/\/www.noubarris.net\/web40\/#\/schema\/logo\/image\/"},"sameAs":["https:\/\/www.facebook.com\/NouBarris.net\/?locale=es_ES","https:\/\/x.com\/9BTV"]},{"@type":"Person","@id":"https:\/\/www.noubarris.net\/web40\/#\/schema\/person\/1827f92aaa316c54abbf4dac0de76069","name":"Informatius","image":{"@type":"ImageObject","inLanguage":"ca","@id":"https:\/\/www.noubarris.net\/web40\/#\/schema\/person\/image\/","url":"https:\/\/secure.gravatar.com\/avatar\/87a3b47928835fc72c6ee5b0e1a7263ef0c2d05003a98189bc14926c5f11bcdb?s=96&d=mm&r=g","contentUrl":"https:\/\/secure.gravatar.com\/avatar\/87a3b47928835fc72c6ee5b0e1a7263ef0c2d05003a98189bc14926c5f11bcdb?s=96&d=mm&r=g","caption":"Informatius"},"url":"https:\/\/www.noubarris.net\/web40\/author\/tele\/"}]}},"_links":{"self":[{"href":"https:\/\/www.noubarris.net\/web40\/wp-json\/wp\/v2\/posts\/78545","targetHints":{"allow":["GET"]}}],"collection":[{"href":"https:\/\/www.noubarris.net\/web40\/wp-json\/wp\/v2\/posts"}],"about":[{"href":"https:\/\/www.noubarris.net\/web40\/wp-json\/wp\/v2\/types\/post"}],"author":[{"embeddable":true,"href":"https:\/\/www.noubarris.net\/web40\/wp-json\/wp\/v2\/users\/2"}],"replies":[{"embeddable":true,"href":"https:\/\/www.noubarris.net\/web40\/wp-json\/wp\/v2\/comments?post=78545"}],"version-history":[{"count":4,"href":"https:\/\/www.noubarris.net\/web40\/wp-json\/wp\/v2\/posts\/78545\/revisions"}],"predecessor-version":[{"id":78552,"href":"https:\/\/www.noubarris.net\/web40\/wp-json\/wp\/v2\/posts\/78545\/revisions\/78552"}],"wp:featuredmedia":[{"embeddable":true,"href":"https:\/\/www.noubarris.net\/web40\/wp-json\/wp\/v2\/media\/78546"}],"wp:attachment":[{"href":"https:\/\/www.noubarris.net\/web40\/wp-json\/wp\/v2\/media?parent=78545"}],"wp:term":[{"taxonomy":"category","embeddable":true,"href":"https:\/\/www.noubarris.net\/web40\/wp-json\/wp\/v2\/categories?post=78545"},{"taxonomy":"post_tag","embeddable":true,"href":"https:\/\/www.noubarris.net\/web40\/wp-json\/wp\/v2\/tags?post=78545"}],"curies":[{"name":"wp","href":"https:\/\/api.w.org\/{rel}","templated":true}]}}