{"id":78560,"date":"2022-02-03T00:00:30","date_gmt":"2022-02-02T22:00:30","guid":{"rendered":"http:\/\/www.noubarris.net\/web40\/?p=78560"},"modified":"2022-01-29T21:48:52","modified_gmt":"2022-01-29T19:48:52","slug":"can-baste-inaugura-our-garden-de-roman-ynan-dins-el-programa-itinerant-dart-temporals","status":"publish","type":"post","link":"https:\/\/www.noubarris.net\/web40\/can-baste-inaugura-our-garden-de-roman-ynan-dins-el-programa-itinerant-dart-temporals\/","title":{"rendered":"Can Bast\u00e9 inaugura &#8216;Our Garden&#8217; de Rom\u00e1n Y\u00f1\u00e1n dins el programa itinerant d\u2019art Temporals"},"content":{"rendered":"<p><strong>La mostra es podr\u00e0 veure fins al 19 de mar\u00e7, abans que continu\u00ef el circuit per altres centres c\u00edvics<\/strong><\/p>\n<p>El fot\u00f2graf Rom\u00e1n Y\u00f1\u00e1n estrena avui a Can Bast\u00e9 l&#8217;exposici\u00f3 &#8216;Our Garden&#8217;. Despr\u00e9s de dotze anys visitant tota mena de jardins i fotografiant-hi el creixement dels seus fills, Y\u00f1\u00e1n desplega en aquest projecte una gran met\u00e0fora. El cicle de la vida, el fet de sembrar, regar, esperar\u2026 s\u00f3n processos que es donen en la formaci\u00f3 tant d\u2019una fam\u00edlia com d\u2019un jard\u00ed.<\/p>\n<p>El jard\u00ed i el que \u00e9s familiar creen una realitat unida per la mirada de l\u2019artista i que origina reflexions sobre la nostra esp\u00e8cie i la nostra relaci\u00f3 amb la natura. Plantar una llavor, fer brotar els barris, que cada centre c\u00edvic sigui un jard\u00ed en pot\u00e8ncia, s\u00f3n respostes cr\u00edtiques i positives des de l\u2019art a la crisi mediambiental en qu\u00e8 vivim.<\/p>\n<p>L&#8217;exposici\u00f3 es podr\u00e0 visitar fins al 19 de mar\u00e7. Aleshores\u00a0 la mostra passar\u00e0 a circular per algun dels altres centres c\u00edvics de la ciutat, ja que &#8216;Our Garden&#8217; forma part de <a href=\"https:\/\/ajuntament.barcelona.cat\/centrescivics\/ca\/activitat\/el-cicle-dexposicions-temporals-torna-aquest-2022\">Temporals, el programa itinerant de projectes d&#8217;art contemporani<\/a>. La finalitat d\u2019aquest projecte \u00e9s crear un flux d\u2019exposicions en el temps per donar vida a l\u2019art als centres c\u00edvics i apropar-los als ve\u00efns i ve\u00efnes. Hi formen part deu projectes art\u00edstics i una dotzena de centres c\u00edvics de tota la ciutat, un d&#8217;ells a Nou Barris: Can Bast\u00e9.<\/p>\n","protected":false},"excerpt":{"rendered":"<p>La mostra es podr\u00e0 veure fins al 19 de mar\u00e7, abans que continu\u00ef el circuit per altres centres c\u00edvics El<\/p>\n","protected":false},"author":2,"featured_media":78563,"comment_status":"closed","ping_status":"closed","sticky":false,"template":"","format":"standard","meta":{"colormag_page_layout":"default_layout","_monsterinsights_skip_tracking":false,"_monsterinsights_sitenote_active":false,"_monsterinsights_sitenote_note":"","_monsterinsights_sitenote_category":0,"footnotes":""},"categories":[129,139],"tags":[88,266],"class_list":["post-78560","post","type-post","status-publish","format-standard","has-post-thumbnail","hentry","category-cultura","category-el-turo-de-la-peira","tag-can-baste","tag-fotografia"],"yoast_head":"<!-- This site is optimized with the Yoast SEO plugin v25.3 - https:\/\/yoast.com\/wordpress\/plugins\/seo\/ -->\n<title>Can Bast\u00e9 inaugura &#039;Our Garden&#039; de Rom\u00e1n Y\u00f1\u00e1n dins el programa itinerant d\u2019art Temporals - NouBarris.Net<\/title>\n<meta name=\"robots\" content=\"index, follow, max-snippet:-1, max-image-preview:large, max-video-preview:-1\" \/>\n<link rel=\"canonical\" href=\"https:\/\/www.noubarris.net\/web40\/can-baste-inaugura-our-garden-de-roman-ynan-dins-el-programa-itinerant-dart-temporals\/\" \/>\n<meta property=\"og:locale\" content=\"ca_ES\" \/>\n<meta property=\"og:type\" content=\"article\" \/>\n<meta property=\"og:title\" content=\"Can Bast\u00e9 inaugura &#039;Our Garden&#039; de Rom\u00e1n Y\u00f1\u00e1n dins el programa itinerant d\u2019art Temporals - NouBarris.Net\" \/>\n<meta property=\"og:description\" content=\"La mostra es podr\u00e0 veure fins al 19 de mar\u00e7, abans que continu\u00ef el circuit per altres centres c\u00edvics El\" \/>\n<meta property=\"og:url\" content=\"https:\/\/www.noubarris.net\/web40\/can-baste-inaugura-our-garden-de-roman-ynan-dins-el-programa-itinerant-dart-temporals\/\" \/>\n<meta property=\"og:site_name\" content=\"NouBarris.Net\" \/>\n<meta property=\"article:publisher\" content=\"https:\/\/www.facebook.com\/NouBarris.net\/?locale=es_ES\" \/>\n<meta property=\"article:published_time\" content=\"2022-02-02T22:00:30+00:00\" \/>\n<meta property=\"og:image\" content=\"https:\/\/www.noubarris.net\/web40\/wp-content\/uploads\/2022\/01\/030222.jpg\" \/>\n\t<meta property=\"og:image:width\" content=\"768\" \/>\n\t<meta property=\"og:image:height\" content=\"432\" \/>\n\t<meta property=\"og:image:type\" content=\"image\/jpeg\" \/>\n<meta name=\"author\" content=\"Informatius\" \/>\n<meta name=\"twitter:card\" content=\"summary_large_image\" \/>\n<meta name=\"twitter:creator\" content=\"@9BTV\" \/>\n<meta name=\"twitter:site\" content=\"@9BTV\" \/>\n<meta name=\"twitter:label1\" content=\"Escrit per\" \/>\n\t<meta name=\"twitter:data1\" content=\"Informatius\" \/>\n\t<meta name=\"twitter:label2\" content=\"Temps estimat de lectura\" \/>\n\t<meta name=\"twitter:data2\" content=\"1 minut\" \/>\n<script type=\"application\/ld+json\" class=\"yoast-schema-graph\">{\"@context\":\"https:\/\/schema.org\",\"@graph\":[{\"@type\":\"Article\",\"@id\":\"https:\/\/www.noubarris.net\/web40\/can-baste-inaugura-our-garden-de-roman-ynan-dins-el-programa-itinerant-dart-temporals\/#article\",\"isPartOf\":{\"@id\":\"https:\/\/www.noubarris.net\/web40\/can-baste-inaugura-our-garden-de-roman-ynan-dins-el-programa-itinerant-dart-temporals\/\"},\"author\":{\"name\":\"Informatius\",\"@id\":\"https:\/\/www.noubarris.net\/web40\/#\/schema\/person\/1827f92aaa316c54abbf4dac0de76069\"},\"headline\":\"Can Bast\u00e9 inaugura &#8216;Our Garden&#8217; de Rom\u00e1n Y\u00f1\u00e1n dins el programa itinerant d\u2019art Temporals\",\"datePublished\":\"2022-02-02T22:00:30+00:00\",\"mainEntityOfPage\":{\"@id\":\"https:\/\/www.noubarris.net\/web40\/can-baste-inaugura-our-garden-de-roman-ynan-dins-el-programa-itinerant-dart-temporals\/\"},\"wordCount\":276,\"publisher\":{\"@id\":\"https:\/\/www.noubarris.net\/web40\/#organization\"},\"image\":{\"@id\":\"https:\/\/www.noubarris.net\/web40\/can-baste-inaugura-our-garden-de-roman-ynan-dins-el-programa-itinerant-dart-temporals\/#primaryimage\"},\"thumbnailUrl\":\"https:\/\/www.noubarris.net\/web40\/wp-content\/uploads\/2022\/01\/030222.jpg\",\"keywords\":[\"Can Bast\u00e9\",\"Fotografia\"],\"articleSection\":[\"Cultura\",\"El Tur\u00f3 de la Peira\"],\"inLanguage\":\"ca\"},{\"@type\":\"WebPage\",\"@id\":\"https:\/\/www.noubarris.net\/web40\/can-baste-inaugura-our-garden-de-roman-ynan-dins-el-programa-itinerant-dart-temporals\/\",\"url\":\"https:\/\/www.noubarris.net\/web40\/can-baste-inaugura-our-garden-de-roman-ynan-dins-el-programa-itinerant-dart-temporals\/\",\"name\":\"Can Bast\u00e9 inaugura 'Our Garden' de Rom\u00e1n Y\u00f1\u00e1n dins el programa itinerant d\u2019art Temporals - NouBarris.Net\",\"isPartOf\":{\"@id\":\"https:\/\/www.noubarris.net\/web40\/#website\"},\"primaryImageOfPage\":{\"@id\":\"https:\/\/www.noubarris.net\/web40\/can-baste-inaugura-our-garden-de-roman-ynan-dins-el-programa-itinerant-dart-temporals\/#primaryimage\"},\"image\":{\"@id\":\"https:\/\/www.noubarris.net\/web40\/can-baste-inaugura-our-garden-de-roman-ynan-dins-el-programa-itinerant-dart-temporals\/#primaryimage\"},\"thumbnailUrl\":\"https:\/\/www.noubarris.net\/web40\/wp-content\/uploads\/2022\/01\/030222.jpg\",\"datePublished\":\"2022-02-02T22:00:30+00:00\",\"breadcrumb\":{\"@id\":\"https:\/\/www.noubarris.net\/web40\/can-baste-inaugura-our-garden-de-roman-ynan-dins-el-programa-itinerant-dart-temporals\/#breadcrumb\"},\"inLanguage\":\"ca\",\"potentialAction\":[{\"@type\":\"ReadAction\",\"target\":[\"https:\/\/www.noubarris.net\/web40\/can-baste-inaugura-our-garden-de-roman-ynan-dins-el-programa-itinerant-dart-temporals\/\"]}]},{\"@type\":\"ImageObject\",\"inLanguage\":\"ca\",\"@id\":\"https:\/\/www.noubarris.net\/web40\/can-baste-inaugura-our-garden-de-roman-ynan-dins-el-programa-itinerant-dart-temporals\/#primaryimage\",\"url\":\"https:\/\/www.noubarris.net\/web40\/wp-content\/uploads\/2022\/01\/030222.jpg\",\"contentUrl\":\"https:\/\/www.noubarris.net\/web40\/wp-content\/uploads\/2022\/01\/030222.jpg\",\"width\":768,\"height\":432},{\"@type\":\"BreadcrumbList\",\"@id\":\"https:\/\/www.noubarris.net\/web40\/can-baste-inaugura-our-garden-de-roman-ynan-dins-el-programa-itinerant-dart-temporals\/#breadcrumb\",\"itemListElement\":[{\"@type\":\"ListItem\",\"position\":1,\"name\":\"Inici\",\"item\":\"https:\/\/www.noubarris.net\/web40\/\"},{\"@type\":\"ListItem\",\"position\":2,\"name\":\"Can Bast\u00e9 inaugura &#8216;Our Garden&#8217; de Rom\u00e1n Y\u00f1\u00e1n dins el programa itinerant d\u2019art Temporals\"}]},{\"@type\":\"WebSite\",\"@id\":\"https:\/\/www.noubarris.net\/web40\/#website\",\"url\":\"https:\/\/www.noubarris.net\/web40\/\",\"name\":\"NouBarris.Net\",\"description\":\"Seguint la vida de Nou Barris des de 1985\",\"publisher\":{\"@id\":\"https:\/\/www.noubarris.net\/web40\/#organization\"},\"potentialAction\":[{\"@type\":\"SearchAction\",\"target\":{\"@type\":\"EntryPoint\",\"urlTemplate\":\"https:\/\/www.noubarris.net\/web40\/?s={search_term_string}\"},\"query-input\":{\"@type\":\"PropertyValueSpecification\",\"valueRequired\":true,\"valueName\":\"search_term_string\"}}],\"inLanguage\":\"ca\"},{\"@type\":\"Organization\",\"@id\":\"https:\/\/www.noubarris.net\/web40\/#organization\",\"name\":\"NouBarris.Net\",\"url\":\"https:\/\/www.noubarris.net\/web40\/\",\"logo\":{\"@type\":\"ImageObject\",\"inLanguage\":\"ca\",\"@id\":\"https:\/\/www.noubarris.net\/web40\/#\/schema\/logo\/image\/\",\"url\":\"https:\/\/www.noubarris.net\/web40\/wp-content\/uploads\/2024\/11\/cropped-cropped-LOGO_9BTV-2024_Insta-1.jpg\",\"contentUrl\":\"https:\/\/www.noubarris.net\/web40\/wp-content\/uploads\/2024\/11\/cropped-cropped-LOGO_9BTV-2024_Insta-1.jpg\",\"width\":512,\"height\":512,\"caption\":\"NouBarris.Net\"},\"image\":{\"@id\":\"https:\/\/www.noubarris.net\/web40\/#\/schema\/logo\/image\/\"},\"sameAs\":[\"https:\/\/www.facebook.com\/NouBarris.net\/?locale=es_ES\",\"https:\/\/x.com\/9BTV\"]},{\"@type\":\"Person\",\"@id\":\"https:\/\/www.noubarris.net\/web40\/#\/schema\/person\/1827f92aaa316c54abbf4dac0de76069\",\"name\":\"Informatius\",\"image\":{\"@type\":\"ImageObject\",\"inLanguage\":\"ca\",\"@id\":\"https:\/\/www.noubarris.net\/web40\/#\/schema\/person\/image\/\",\"url\":\"https:\/\/secure.gravatar.com\/avatar\/87a3b47928835fc72c6ee5b0e1a7263ef0c2d05003a98189bc14926c5f11bcdb?s=96&d=mm&r=g\",\"contentUrl\":\"https:\/\/secure.gravatar.com\/avatar\/87a3b47928835fc72c6ee5b0e1a7263ef0c2d05003a98189bc14926c5f11bcdb?s=96&d=mm&r=g\",\"caption\":\"Informatius\"},\"url\":\"https:\/\/www.noubarris.net\/web40\/author\/tele\/\"}]}<\/script>\n<!-- \/ Yoast SEO plugin. -->","yoast_head_json":{"title":"Can Bast\u00e9 inaugura 'Our Garden' de Rom\u00e1n Y\u00f1\u00e1n dins el programa itinerant d\u2019art Temporals - NouBarris.Net","robots":{"index":"index","follow":"follow","max-snippet":"max-snippet:-1","max-image-preview":"max-image-preview:large","max-video-preview":"max-video-preview:-1"},"canonical":"https:\/\/www.noubarris.net\/web40\/can-baste-inaugura-our-garden-de-roman-ynan-dins-el-programa-itinerant-dart-temporals\/","og_locale":"ca_ES","og_type":"article","og_title":"Can Bast\u00e9 inaugura 'Our Garden' de Rom\u00e1n Y\u00f1\u00e1n dins el programa itinerant d\u2019art Temporals - NouBarris.Net","og_description":"La mostra es podr\u00e0 veure fins al 19 de mar\u00e7, abans que continu\u00ef el circuit per altres centres c\u00edvics El","og_url":"https:\/\/www.noubarris.net\/web40\/can-baste-inaugura-our-garden-de-roman-ynan-dins-el-programa-itinerant-dart-temporals\/","og_site_name":"NouBarris.Net","article_publisher":"https:\/\/www.facebook.com\/NouBarris.net\/?locale=es_ES","article_published_time":"2022-02-02T22:00:30+00:00","og_image":[{"width":768,"height":432,"url":"https:\/\/www.noubarris.net\/web40\/wp-content\/uploads\/2022\/01\/030222.jpg","type":"image\/jpeg"}],"author":"Informatius","twitter_card":"summary_large_image","twitter_creator":"@9BTV","twitter_site":"@9BTV","twitter_misc":{"Escrit per":"Informatius","Temps estimat de lectura":"1 minut"},"schema":{"@context":"https:\/\/schema.org","@graph":[{"@type":"Article","@id":"https:\/\/www.noubarris.net\/web40\/can-baste-inaugura-our-garden-de-roman-ynan-dins-el-programa-itinerant-dart-temporals\/#article","isPartOf":{"@id":"https:\/\/www.noubarris.net\/web40\/can-baste-inaugura-our-garden-de-roman-ynan-dins-el-programa-itinerant-dart-temporals\/"},"author":{"name":"Informatius","@id":"https:\/\/www.noubarris.net\/web40\/#\/schema\/person\/1827f92aaa316c54abbf4dac0de76069"},"headline":"Can Bast\u00e9 inaugura &#8216;Our Garden&#8217; de Rom\u00e1n Y\u00f1\u00e1n dins el programa itinerant d\u2019art Temporals","datePublished":"2022-02-02T22:00:30+00:00","mainEntityOfPage":{"@id":"https:\/\/www.noubarris.net\/web40\/can-baste-inaugura-our-garden-de-roman-ynan-dins-el-programa-itinerant-dart-temporals\/"},"wordCount":276,"publisher":{"@id":"https:\/\/www.noubarris.net\/web40\/#organization"},"image":{"@id":"https:\/\/www.noubarris.net\/web40\/can-baste-inaugura-our-garden-de-roman-ynan-dins-el-programa-itinerant-dart-temporals\/#primaryimage"},"thumbnailUrl":"https:\/\/www.noubarris.net\/web40\/wp-content\/uploads\/2022\/01\/030222.jpg","keywords":["Can Bast\u00e9","Fotografia"],"articleSection":["Cultura","El Tur\u00f3 de la Peira"],"inLanguage":"ca"},{"@type":"WebPage","@id":"https:\/\/www.noubarris.net\/web40\/can-baste-inaugura-our-garden-de-roman-ynan-dins-el-programa-itinerant-dart-temporals\/","url":"https:\/\/www.noubarris.net\/web40\/can-baste-inaugura-our-garden-de-roman-ynan-dins-el-programa-itinerant-dart-temporals\/","name":"Can Bast\u00e9 inaugura 'Our Garden' de Rom\u00e1n Y\u00f1\u00e1n dins el programa itinerant d\u2019art Temporals - NouBarris.Net","isPartOf":{"@id":"https:\/\/www.noubarris.net\/web40\/#website"},"primaryImageOfPage":{"@id":"https:\/\/www.noubarris.net\/web40\/can-baste-inaugura-our-garden-de-roman-ynan-dins-el-programa-itinerant-dart-temporals\/#primaryimage"},"image":{"@id":"https:\/\/www.noubarris.net\/web40\/can-baste-inaugura-our-garden-de-roman-ynan-dins-el-programa-itinerant-dart-temporals\/#primaryimage"},"thumbnailUrl":"https:\/\/www.noubarris.net\/web40\/wp-content\/uploads\/2022\/01\/030222.jpg","datePublished":"2022-02-02T22:00:30+00:00","breadcrumb":{"@id":"https:\/\/www.noubarris.net\/web40\/can-baste-inaugura-our-garden-de-roman-ynan-dins-el-programa-itinerant-dart-temporals\/#breadcrumb"},"inLanguage":"ca","potentialAction":[{"@type":"ReadAction","target":["https:\/\/www.noubarris.net\/web40\/can-baste-inaugura-our-garden-de-roman-ynan-dins-el-programa-itinerant-dart-temporals\/"]}]},{"@type":"ImageObject","inLanguage":"ca","@id":"https:\/\/www.noubarris.net\/web40\/can-baste-inaugura-our-garden-de-roman-ynan-dins-el-programa-itinerant-dart-temporals\/#primaryimage","url":"https:\/\/www.noubarris.net\/web40\/wp-content\/uploads\/2022\/01\/030222.jpg","contentUrl":"https:\/\/www.noubarris.net\/web40\/wp-content\/uploads\/2022\/01\/030222.jpg","width":768,"height":432},{"@type":"BreadcrumbList","@id":"https:\/\/www.noubarris.net\/web40\/can-baste-inaugura-our-garden-de-roman-ynan-dins-el-programa-itinerant-dart-temporals\/#breadcrumb","itemListElement":[{"@type":"ListItem","position":1,"name":"Inici","item":"https:\/\/www.noubarris.net\/web40\/"},{"@type":"ListItem","position":2,"name":"Can Bast\u00e9 inaugura &#8216;Our Garden&#8217; de Rom\u00e1n Y\u00f1\u00e1n dins el programa itinerant d\u2019art Temporals"}]},{"@type":"WebSite","@id":"https:\/\/www.noubarris.net\/web40\/#website","url":"https:\/\/www.noubarris.net\/web40\/","name":"NouBarris.Net","description":"Seguint la vida de Nou Barris des de 1985","publisher":{"@id":"https:\/\/www.noubarris.net\/web40\/#organization"},"potentialAction":[{"@type":"SearchAction","target":{"@type":"EntryPoint","urlTemplate":"https:\/\/www.noubarris.net\/web40\/?s={search_term_string}"},"query-input":{"@type":"PropertyValueSpecification","valueRequired":true,"valueName":"search_term_string"}}],"inLanguage":"ca"},{"@type":"Organization","@id":"https:\/\/www.noubarris.net\/web40\/#organization","name":"NouBarris.Net","url":"https:\/\/www.noubarris.net\/web40\/","logo":{"@type":"ImageObject","inLanguage":"ca","@id":"https:\/\/www.noubarris.net\/web40\/#\/schema\/logo\/image\/","url":"https:\/\/www.noubarris.net\/web40\/wp-content\/uploads\/2024\/11\/cropped-cropped-LOGO_9BTV-2024_Insta-1.jpg","contentUrl":"https:\/\/www.noubarris.net\/web40\/wp-content\/uploads\/2024\/11\/cropped-cropped-LOGO_9BTV-2024_Insta-1.jpg","width":512,"height":512,"caption":"NouBarris.Net"},"image":{"@id":"https:\/\/www.noubarris.net\/web40\/#\/schema\/logo\/image\/"},"sameAs":["https:\/\/www.facebook.com\/NouBarris.net\/?locale=es_ES","https:\/\/x.com\/9BTV"]},{"@type":"Person","@id":"https:\/\/www.noubarris.net\/web40\/#\/schema\/person\/1827f92aaa316c54abbf4dac0de76069","name":"Informatius","image":{"@type":"ImageObject","inLanguage":"ca","@id":"https:\/\/www.noubarris.net\/web40\/#\/schema\/person\/image\/","url":"https:\/\/secure.gravatar.com\/avatar\/87a3b47928835fc72c6ee5b0e1a7263ef0c2d05003a98189bc14926c5f11bcdb?s=96&d=mm&r=g","contentUrl":"https:\/\/secure.gravatar.com\/avatar\/87a3b47928835fc72c6ee5b0e1a7263ef0c2d05003a98189bc14926c5f11bcdb?s=96&d=mm&r=g","caption":"Informatius"},"url":"https:\/\/www.noubarris.net\/web40\/author\/tele\/"}]}},"_links":{"self":[{"href":"https:\/\/www.noubarris.net\/web40\/wp-json\/wp\/v2\/posts\/78560","targetHints":{"allow":["GET"]}}],"collection":[{"href":"https:\/\/www.noubarris.net\/web40\/wp-json\/wp\/v2\/posts"}],"about":[{"href":"https:\/\/www.noubarris.net\/web40\/wp-json\/wp\/v2\/types\/post"}],"author":[{"embeddable":true,"href":"https:\/\/www.noubarris.net\/web40\/wp-json\/wp\/v2\/users\/2"}],"replies":[{"embeddable":true,"href":"https:\/\/www.noubarris.net\/web40\/wp-json\/wp\/v2\/comments?post=78560"}],"version-history":[{"count":3,"href":"https:\/\/www.noubarris.net\/web40\/wp-json\/wp\/v2\/posts\/78560\/revisions"}],"predecessor-version":[{"id":78564,"href":"https:\/\/www.noubarris.net\/web40\/wp-json\/wp\/v2\/posts\/78560\/revisions\/78564"}],"wp:featuredmedia":[{"embeddable":true,"href":"https:\/\/www.noubarris.net\/web40\/wp-json\/wp\/v2\/media\/78563"}],"wp:attachment":[{"href":"https:\/\/www.noubarris.net\/web40\/wp-json\/wp\/v2\/media?parent=78560"}],"wp:term":[{"taxonomy":"category","embeddable":true,"href":"https:\/\/www.noubarris.net\/web40\/wp-json\/wp\/v2\/categories?post=78560"},{"taxonomy":"post_tag","embeddable":true,"href":"https:\/\/www.noubarris.net\/web40\/wp-json\/wp\/v2\/tags?post=78560"}],"curies":[{"name":"wp","href":"https:\/\/api.w.org\/{rel}","templated":true}]}}