{"id":78566,"date":"2022-02-04T00:00:26","date_gmt":"2022-02-03T22:00:26","guid":{"rendered":"http:\/\/www.noubarris.net\/web40\/?p=78566"},"modified":"2022-02-03T22:42:40","modified_gmt":"2022-02-03T20:42:40","slug":"el-camp-de-futbol-municipal-de-porta-tindra-nova-gespa-artificial","status":"publish","type":"post","link":"https:\/\/www.noubarris.net\/web40\/el-camp-de-futbol-municipal-de-porta-tindra-nova-gespa-artificial\/","title":{"rendered":"El camp de futbol municipal de Porta tindr\u00e0 nova gespa artificial"},"content":{"rendered":"<p><strong>\u00c9s una de les actuacions anunciades per l&#8217;Ajuntament a 17 instal\u00b7lacions de la ciutat<\/strong><\/p>\n<p>El camp municipal de Porta, seu dels equips de l&#8217;Alzamora CF, estrenar\u00e0 nova gespa artificial aquest estiu. El projecte d&#8217;obres tamb\u00e9 preveu elevara els canons de reg. El termini d\u2019execuci\u00f3 de les obres ser\u00e0 de 9 setmanes i costaran m\u00e9s de 370.000 euros.<\/p>\n<p>L&#8217;Ajuntament ha considerat que\u00a0 per l\u2019\u00fas i el pas del temps des de la seva instal\u00b7laci\u00f3, calia una actualitzaci\u00f3 de la gespa. De fet, la gespa dels camps de futbol que han entrat en les inversions tenen, segons el consistori, m\u00e9s de dotze anys i a les quals els cal una renovaci\u00f3. D\u2019acord amb les an\u00e0lisis t\u00e8cniques realitzades, la gespa del terreny de joc est\u00e0 molt compactada i t\u00e9 unes condicions biomec\u00e0niques baixes. El canvi de gespa permetr\u00e0 recuperar les millors condicions t\u00e8cniques per la pr\u00e0ctica del futbol.<\/p>\n<p>\u00c9s l&#8217;\u00fanica instal\u00b7laci\u00f3 de futbol de Nou Barris que es beneficiar\u00e0 \u00a0dels m\u00e9s de 5 milions d&#8217;euros que l\u2019Ajuntament, a trav\u00e9s de l&#8217;Institut Barcelona Esports, invertir\u00e0 en millores a 17 camps de futbol (tamany futbol 11 i futbol 7) de la ciutat. Aquestes millores es basen sobretot en la substituci\u00f3 de la gespa artificial, per\u00f2 tamb\u00e9 es renovaran vestidors i altres millores en un total de 17 camps de futbol distribu\u00efts arreu dels districtes de la ciutat. Dues d\u2019aquestes obres ja han estat enllestides, i la resta s\u2019abordaran al llarg de 2022. Un primer grup veur\u00e0 com comencen les obres\u00a0 entre els mesos de juliol i agost, mentre que el segon grup realitzar\u00e0 les obres entre agost i setembre d\u2019aquest any. Sempre, doncs, aprofitant l&#8217;aturada estiuenca de les competicions.<\/p>\n","protected":false},"excerpt":{"rendered":"<p>\u00c9s una de les actuacions anunciades per l&#8217;Ajuntament a 17 instal\u00b7lacions de la ciutat El camp municipal de Porta, seu<\/p>\n","protected":false},"author":2,"featured_media":78568,"comment_status":"closed","ping_status":"closed","sticky":false,"template":"","format":"standard","meta":{"colormag_page_layout":"default_layout","_monsterinsights_skip_tracking":false,"_monsterinsights_sitenote_active":false,"_monsterinsights_sitenote_note":"","_monsterinsights_sitenote_category":0,"footnotes":""},"categories":[128,134],"tags":[121,664],"class_list":["post-78566","post","type-post","status-publish","format-standard","has-post-thumbnail","hentry","category-esports","category-porta","tag-equipaments","tag-futbol"],"yoast_head":"<!-- This site is optimized with the Yoast SEO plugin v25.3 - https:\/\/yoast.com\/wordpress\/plugins\/seo\/ -->\n<title>El camp de futbol municipal de Porta tindr\u00e0 nova gespa artificial - NouBarris.Net<\/title>\n<meta name=\"robots\" content=\"index, follow, max-snippet:-1, max-image-preview:large, max-video-preview:-1\" \/>\n<link rel=\"canonical\" href=\"https:\/\/www.noubarris.net\/web40\/el-camp-de-futbol-municipal-de-porta-tindra-nova-gespa-artificial\/\" \/>\n<meta property=\"og:locale\" content=\"ca_ES\" \/>\n<meta property=\"og:type\" content=\"article\" \/>\n<meta property=\"og:title\" content=\"El camp de futbol municipal de Porta tindr\u00e0 nova gespa artificial - NouBarris.Net\" \/>\n<meta property=\"og:description\" content=\"\u00c9s una de les actuacions anunciades per l&#8217;Ajuntament a 17 instal\u00b7lacions de la ciutat El camp municipal de Porta, seu\" \/>\n<meta property=\"og:url\" content=\"https:\/\/www.noubarris.net\/web40\/el-camp-de-futbol-municipal-de-porta-tindra-nova-gespa-artificial\/\" \/>\n<meta property=\"og:site_name\" content=\"NouBarris.Net\" \/>\n<meta property=\"article:publisher\" content=\"https:\/\/www.facebook.com\/NouBarris.net\/?locale=es_ES\" \/>\n<meta property=\"article:published_time\" content=\"2022-02-03T22:00:26+00:00\" \/>\n<meta property=\"og:image\" content=\"https:\/\/www.noubarris.net\/web40\/wp-content\/uploads\/2022\/02\/040222.jpg\" \/>\n\t<meta property=\"og:image:width\" content=\"768\" \/>\n\t<meta property=\"og:image:height\" content=\"432\" \/>\n\t<meta property=\"og:image:type\" content=\"image\/jpeg\" \/>\n<meta name=\"author\" content=\"Informatius\" \/>\n<meta name=\"twitter:card\" content=\"summary_large_image\" \/>\n<meta name=\"twitter:creator\" content=\"@9BTV\" \/>\n<meta name=\"twitter:site\" content=\"@9BTV\" \/>\n<meta name=\"twitter:label1\" content=\"Escrit per\" \/>\n\t<meta name=\"twitter:data1\" content=\"Informatius\" \/>\n\t<meta name=\"twitter:label2\" content=\"Temps estimat de lectura\" \/>\n\t<meta name=\"twitter:data2\" content=\"1 minut\" \/>\n<script type=\"application\/ld+json\" class=\"yoast-schema-graph\">{\"@context\":\"https:\/\/schema.org\",\"@graph\":[{\"@type\":\"Article\",\"@id\":\"https:\/\/www.noubarris.net\/web40\/el-camp-de-futbol-municipal-de-porta-tindra-nova-gespa-artificial\/#article\",\"isPartOf\":{\"@id\":\"https:\/\/www.noubarris.net\/web40\/el-camp-de-futbol-municipal-de-porta-tindra-nova-gespa-artificial\/\"},\"author\":{\"name\":\"Informatius\",\"@id\":\"https:\/\/www.noubarris.net\/web40\/#\/schema\/person\/1827f92aaa316c54abbf4dac0de76069\"},\"headline\":\"El camp de futbol municipal de Porta tindr\u00e0 nova gespa artificial\",\"datePublished\":\"2022-02-03T22:00:26+00:00\",\"mainEntityOfPage\":{\"@id\":\"https:\/\/www.noubarris.net\/web40\/el-camp-de-futbol-municipal-de-porta-tindra-nova-gespa-artificial\/\"},\"wordCount\":304,\"publisher\":{\"@id\":\"https:\/\/www.noubarris.net\/web40\/#organization\"},\"image\":{\"@id\":\"https:\/\/www.noubarris.net\/web40\/el-camp-de-futbol-municipal-de-porta-tindra-nova-gespa-artificial\/#primaryimage\"},\"thumbnailUrl\":\"https:\/\/www.noubarris.net\/web40\/wp-content\/uploads\/2022\/02\/040222.jpg\",\"keywords\":[\"Equipaments\",\"futbol\"],\"articleSection\":[\"Esports\",\"Porta\"],\"inLanguage\":\"ca\"},{\"@type\":\"WebPage\",\"@id\":\"https:\/\/www.noubarris.net\/web40\/el-camp-de-futbol-municipal-de-porta-tindra-nova-gespa-artificial\/\",\"url\":\"https:\/\/www.noubarris.net\/web40\/el-camp-de-futbol-municipal-de-porta-tindra-nova-gespa-artificial\/\",\"name\":\"El camp de futbol municipal de Porta tindr\u00e0 nova gespa artificial - NouBarris.Net\",\"isPartOf\":{\"@id\":\"https:\/\/www.noubarris.net\/web40\/#website\"},\"primaryImageOfPage\":{\"@id\":\"https:\/\/www.noubarris.net\/web40\/el-camp-de-futbol-municipal-de-porta-tindra-nova-gespa-artificial\/#primaryimage\"},\"image\":{\"@id\":\"https:\/\/www.noubarris.net\/web40\/el-camp-de-futbol-municipal-de-porta-tindra-nova-gespa-artificial\/#primaryimage\"},\"thumbnailUrl\":\"https:\/\/www.noubarris.net\/web40\/wp-content\/uploads\/2022\/02\/040222.jpg\",\"datePublished\":\"2022-02-03T22:00:26+00:00\",\"breadcrumb\":{\"@id\":\"https:\/\/www.noubarris.net\/web40\/el-camp-de-futbol-municipal-de-porta-tindra-nova-gespa-artificial\/#breadcrumb\"},\"inLanguage\":\"ca\",\"potentialAction\":[{\"@type\":\"ReadAction\",\"target\":[\"https:\/\/www.noubarris.net\/web40\/el-camp-de-futbol-municipal-de-porta-tindra-nova-gespa-artificial\/\"]}]},{\"@type\":\"ImageObject\",\"inLanguage\":\"ca\",\"@id\":\"https:\/\/www.noubarris.net\/web40\/el-camp-de-futbol-municipal-de-porta-tindra-nova-gespa-artificial\/#primaryimage\",\"url\":\"https:\/\/www.noubarris.net\/web40\/wp-content\/uploads\/2022\/02\/040222.jpg\",\"contentUrl\":\"https:\/\/www.noubarris.net\/web40\/wp-content\/uploads\/2022\/02\/040222.jpg\",\"width\":768,\"height\":432},{\"@type\":\"BreadcrumbList\",\"@id\":\"https:\/\/www.noubarris.net\/web40\/el-camp-de-futbol-municipal-de-porta-tindra-nova-gespa-artificial\/#breadcrumb\",\"itemListElement\":[{\"@type\":\"ListItem\",\"position\":1,\"name\":\"Inici\",\"item\":\"https:\/\/www.noubarris.net\/web40\/\"},{\"@type\":\"ListItem\",\"position\":2,\"name\":\"El camp de futbol municipal de Porta tindr\u00e0 nova gespa artificial\"}]},{\"@type\":\"WebSite\",\"@id\":\"https:\/\/www.noubarris.net\/web40\/#website\",\"url\":\"https:\/\/www.noubarris.net\/web40\/\",\"name\":\"NouBarris.Net\",\"description\":\"Seguint la vida de Nou Barris des de 1985\",\"publisher\":{\"@id\":\"https:\/\/www.noubarris.net\/web40\/#organization\"},\"potentialAction\":[{\"@type\":\"SearchAction\",\"target\":{\"@type\":\"EntryPoint\",\"urlTemplate\":\"https:\/\/www.noubarris.net\/web40\/?s={search_term_string}\"},\"query-input\":{\"@type\":\"PropertyValueSpecification\",\"valueRequired\":true,\"valueName\":\"search_term_string\"}}],\"inLanguage\":\"ca\"},{\"@type\":\"Organization\",\"@id\":\"https:\/\/www.noubarris.net\/web40\/#organization\",\"name\":\"NouBarris.Net\",\"url\":\"https:\/\/www.noubarris.net\/web40\/\",\"logo\":{\"@type\":\"ImageObject\",\"inLanguage\":\"ca\",\"@id\":\"https:\/\/www.noubarris.net\/web40\/#\/schema\/logo\/image\/\",\"url\":\"https:\/\/www.noubarris.net\/web40\/wp-content\/uploads\/2024\/11\/cropped-cropped-LOGO_9BTV-2024_Insta-1.jpg\",\"contentUrl\":\"https:\/\/www.noubarris.net\/web40\/wp-content\/uploads\/2024\/11\/cropped-cropped-LOGO_9BTV-2024_Insta-1.jpg\",\"width\":512,\"height\":512,\"caption\":\"NouBarris.Net\"},\"image\":{\"@id\":\"https:\/\/www.noubarris.net\/web40\/#\/schema\/logo\/image\/\"},\"sameAs\":[\"https:\/\/www.facebook.com\/NouBarris.net\/?locale=es_ES\",\"https:\/\/x.com\/9BTV\"]},{\"@type\":\"Person\",\"@id\":\"https:\/\/www.noubarris.net\/web40\/#\/schema\/person\/1827f92aaa316c54abbf4dac0de76069\",\"name\":\"Informatius\",\"image\":{\"@type\":\"ImageObject\",\"inLanguage\":\"ca\",\"@id\":\"https:\/\/www.noubarris.net\/web40\/#\/schema\/person\/image\/\",\"url\":\"https:\/\/secure.gravatar.com\/avatar\/87a3b47928835fc72c6ee5b0e1a7263ef0c2d05003a98189bc14926c5f11bcdb?s=96&d=mm&r=g\",\"contentUrl\":\"https:\/\/secure.gravatar.com\/avatar\/87a3b47928835fc72c6ee5b0e1a7263ef0c2d05003a98189bc14926c5f11bcdb?s=96&d=mm&r=g\",\"caption\":\"Informatius\"},\"url\":\"https:\/\/www.noubarris.net\/web40\/author\/tele\/\"}]}<\/script>\n<!-- \/ Yoast SEO plugin. -->","yoast_head_json":{"title":"El camp de futbol municipal de Porta tindr\u00e0 nova gespa artificial - NouBarris.Net","robots":{"index":"index","follow":"follow","max-snippet":"max-snippet:-1","max-image-preview":"max-image-preview:large","max-video-preview":"max-video-preview:-1"},"canonical":"https:\/\/www.noubarris.net\/web40\/el-camp-de-futbol-municipal-de-porta-tindra-nova-gespa-artificial\/","og_locale":"ca_ES","og_type":"article","og_title":"El camp de futbol municipal de Porta tindr\u00e0 nova gespa artificial - NouBarris.Net","og_description":"\u00c9s una de les actuacions anunciades per l&#8217;Ajuntament a 17 instal\u00b7lacions de la ciutat El camp municipal de Porta, seu","og_url":"https:\/\/www.noubarris.net\/web40\/el-camp-de-futbol-municipal-de-porta-tindra-nova-gespa-artificial\/","og_site_name":"NouBarris.Net","article_publisher":"https:\/\/www.facebook.com\/NouBarris.net\/?locale=es_ES","article_published_time":"2022-02-03T22:00:26+00:00","og_image":[{"width":768,"height":432,"url":"https:\/\/www.noubarris.net\/web40\/wp-content\/uploads\/2022\/02\/040222.jpg","type":"image\/jpeg"}],"author":"Informatius","twitter_card":"summary_large_image","twitter_creator":"@9BTV","twitter_site":"@9BTV","twitter_misc":{"Escrit per":"Informatius","Temps estimat de lectura":"1 minut"},"schema":{"@context":"https:\/\/schema.org","@graph":[{"@type":"Article","@id":"https:\/\/www.noubarris.net\/web40\/el-camp-de-futbol-municipal-de-porta-tindra-nova-gespa-artificial\/#article","isPartOf":{"@id":"https:\/\/www.noubarris.net\/web40\/el-camp-de-futbol-municipal-de-porta-tindra-nova-gespa-artificial\/"},"author":{"name":"Informatius","@id":"https:\/\/www.noubarris.net\/web40\/#\/schema\/person\/1827f92aaa316c54abbf4dac0de76069"},"headline":"El camp de futbol municipal de Porta tindr\u00e0 nova gespa artificial","datePublished":"2022-02-03T22:00:26+00:00","mainEntityOfPage":{"@id":"https:\/\/www.noubarris.net\/web40\/el-camp-de-futbol-municipal-de-porta-tindra-nova-gespa-artificial\/"},"wordCount":304,"publisher":{"@id":"https:\/\/www.noubarris.net\/web40\/#organization"},"image":{"@id":"https:\/\/www.noubarris.net\/web40\/el-camp-de-futbol-municipal-de-porta-tindra-nova-gespa-artificial\/#primaryimage"},"thumbnailUrl":"https:\/\/www.noubarris.net\/web40\/wp-content\/uploads\/2022\/02\/040222.jpg","keywords":["Equipaments","futbol"],"articleSection":["Esports","Porta"],"inLanguage":"ca"},{"@type":"WebPage","@id":"https:\/\/www.noubarris.net\/web40\/el-camp-de-futbol-municipal-de-porta-tindra-nova-gespa-artificial\/","url":"https:\/\/www.noubarris.net\/web40\/el-camp-de-futbol-municipal-de-porta-tindra-nova-gespa-artificial\/","name":"El camp de futbol municipal de Porta tindr\u00e0 nova gespa artificial - NouBarris.Net","isPartOf":{"@id":"https:\/\/www.noubarris.net\/web40\/#website"},"primaryImageOfPage":{"@id":"https:\/\/www.noubarris.net\/web40\/el-camp-de-futbol-municipal-de-porta-tindra-nova-gespa-artificial\/#primaryimage"},"image":{"@id":"https:\/\/www.noubarris.net\/web40\/el-camp-de-futbol-municipal-de-porta-tindra-nova-gespa-artificial\/#primaryimage"},"thumbnailUrl":"https:\/\/www.noubarris.net\/web40\/wp-content\/uploads\/2022\/02\/040222.jpg","datePublished":"2022-02-03T22:00:26+00:00","breadcrumb":{"@id":"https:\/\/www.noubarris.net\/web40\/el-camp-de-futbol-municipal-de-porta-tindra-nova-gespa-artificial\/#breadcrumb"},"inLanguage":"ca","potentialAction":[{"@type":"ReadAction","target":["https:\/\/www.noubarris.net\/web40\/el-camp-de-futbol-municipal-de-porta-tindra-nova-gespa-artificial\/"]}]},{"@type":"ImageObject","inLanguage":"ca","@id":"https:\/\/www.noubarris.net\/web40\/el-camp-de-futbol-municipal-de-porta-tindra-nova-gespa-artificial\/#primaryimage","url":"https:\/\/www.noubarris.net\/web40\/wp-content\/uploads\/2022\/02\/040222.jpg","contentUrl":"https:\/\/www.noubarris.net\/web40\/wp-content\/uploads\/2022\/02\/040222.jpg","width":768,"height":432},{"@type":"BreadcrumbList","@id":"https:\/\/www.noubarris.net\/web40\/el-camp-de-futbol-municipal-de-porta-tindra-nova-gespa-artificial\/#breadcrumb","itemListElement":[{"@type":"ListItem","position":1,"name":"Inici","item":"https:\/\/www.noubarris.net\/web40\/"},{"@type":"ListItem","position":2,"name":"El camp de futbol municipal de Porta tindr\u00e0 nova gespa artificial"}]},{"@type":"WebSite","@id":"https:\/\/www.noubarris.net\/web40\/#website","url":"https:\/\/www.noubarris.net\/web40\/","name":"NouBarris.Net","description":"Seguint la vida de Nou Barris des de 1985","publisher":{"@id":"https:\/\/www.noubarris.net\/web40\/#organization"},"potentialAction":[{"@type":"SearchAction","target":{"@type":"EntryPoint","urlTemplate":"https:\/\/www.noubarris.net\/web40\/?s={search_term_string}"},"query-input":{"@type":"PropertyValueSpecification","valueRequired":true,"valueName":"search_term_string"}}],"inLanguage":"ca"},{"@type":"Organization","@id":"https:\/\/www.noubarris.net\/web40\/#organization","name":"NouBarris.Net","url":"https:\/\/www.noubarris.net\/web40\/","logo":{"@type":"ImageObject","inLanguage":"ca","@id":"https:\/\/www.noubarris.net\/web40\/#\/schema\/logo\/image\/","url":"https:\/\/www.noubarris.net\/web40\/wp-content\/uploads\/2024\/11\/cropped-cropped-LOGO_9BTV-2024_Insta-1.jpg","contentUrl":"https:\/\/www.noubarris.net\/web40\/wp-content\/uploads\/2024\/11\/cropped-cropped-LOGO_9BTV-2024_Insta-1.jpg","width":512,"height":512,"caption":"NouBarris.Net"},"image":{"@id":"https:\/\/www.noubarris.net\/web40\/#\/schema\/logo\/image\/"},"sameAs":["https:\/\/www.facebook.com\/NouBarris.net\/?locale=es_ES","https:\/\/x.com\/9BTV"]},{"@type":"Person","@id":"https:\/\/www.noubarris.net\/web40\/#\/schema\/person\/1827f92aaa316c54abbf4dac0de76069","name":"Informatius","image":{"@type":"ImageObject","inLanguage":"ca","@id":"https:\/\/www.noubarris.net\/web40\/#\/schema\/person\/image\/","url":"https:\/\/secure.gravatar.com\/avatar\/87a3b47928835fc72c6ee5b0e1a7263ef0c2d05003a98189bc14926c5f11bcdb?s=96&d=mm&r=g","contentUrl":"https:\/\/secure.gravatar.com\/avatar\/87a3b47928835fc72c6ee5b0e1a7263ef0c2d05003a98189bc14926c5f11bcdb?s=96&d=mm&r=g","caption":"Informatius"},"url":"https:\/\/www.noubarris.net\/web40\/author\/tele\/"}]}},"_links":{"self":[{"href":"https:\/\/www.noubarris.net\/web40\/wp-json\/wp\/v2\/posts\/78566","targetHints":{"allow":["GET"]}}],"collection":[{"href":"https:\/\/www.noubarris.net\/web40\/wp-json\/wp\/v2\/posts"}],"about":[{"href":"https:\/\/www.noubarris.net\/web40\/wp-json\/wp\/v2\/types\/post"}],"author":[{"embeddable":true,"href":"https:\/\/www.noubarris.net\/web40\/wp-json\/wp\/v2\/users\/2"}],"replies":[{"embeddable":true,"href":"https:\/\/www.noubarris.net\/web40\/wp-json\/wp\/v2\/comments?post=78566"}],"version-history":[{"count":2,"href":"https:\/\/www.noubarris.net\/web40\/wp-json\/wp\/v2\/posts\/78566\/revisions"}],"predecessor-version":[{"id":78569,"href":"https:\/\/www.noubarris.net\/web40\/wp-json\/wp\/v2\/posts\/78566\/revisions\/78569"}],"wp:featuredmedia":[{"embeddable":true,"href":"https:\/\/www.noubarris.net\/web40\/wp-json\/wp\/v2\/media\/78568"}],"wp:attachment":[{"href":"https:\/\/www.noubarris.net\/web40\/wp-json\/wp\/v2\/media?parent=78566"}],"wp:term":[{"taxonomy":"category","embeddable":true,"href":"https:\/\/www.noubarris.net\/web40\/wp-json\/wp\/v2\/categories?post=78566"},{"taxonomy":"post_tag","embeddable":true,"href":"https:\/\/www.noubarris.net\/web40\/wp-json\/wp\/v2\/tags?post=78566"}],"curies":[{"name":"wp","href":"https:\/\/api.w.org\/{rel}","templated":true}]}}