{"id":78585,"date":"2022-02-08T00:00:54","date_gmt":"2022-02-07T22:00:54","guid":{"rendered":"http:\/\/www.noubarris.net\/web40\/?p=78585"},"modified":"2022-02-07T17:33:31","modified_gmt":"2022-02-07T15:33:31","slug":"publicat-el-cens-provisional-per-a-les-eleccions-al-consell-escolar-del-districte-de-nou-barris","status":"publish","type":"post","link":"https:\/\/www.noubarris.net\/web40\/publicat-el-cens-provisional-per-a-les-eleccions-al-consell-escolar-del-districte-de-nou-barris\/","title":{"rendered":"Publicat el cens provisional per a les eleccions al Consell Escolar del Districte de Nou Barris"},"content":{"rendered":"<p><strong>Del 21 al 27 de febrer es duran a terme les votacions electr\u00f2niques per a la renovaci\u00f3 d&#8217;aquest \u00f2rgan<\/strong><\/p>\n<p>Ja podeu consultar el <a href=\"https:\/\/media-edg.barcelona.cat\/wp-content\/uploads\/2022\/02\/07133226\/NOU-BARRIS_cens_provisional-1.pdf\" target=\"_blank\" rel=\"noopener\">cens provisional 2022 de representants delegats a les assemblees d\u2019elecci\u00f3 de nous membres del Consell Escolar del Districte de Nou Barris<\/a>. Fins al 10 de febrer es poden presentar al\u00b7legacions si es considera oport\u00f3. I del 21 al 27 de febrer es duran a terme les votacions electr\u00f2niques per a la renovaci\u00f3 dels Consells Escolars Municipals de Districte.<\/p>\n<p>Els CEMD s\u00f3n espais de participaci\u00f3 per tractar q\u00fcestions comunes que afecten els centres d\u2019un mateix districte. Cada centre ha d\u2019enviar un representant de cada sector (alumnat, professorat, PAS\u2026) perqu\u00e8 formi part del cens del districte. Aquest cens votar\u00e0 a les eleccions del CEMD els diferents candidats que s\u2019hi presentin. Els nous consells educatius de districte s\u2019hauran de constituir a finals del mes de mar\u00e7 del 2022.<\/p>\n<p>&nbsp;<\/p>\n","protected":false},"excerpt":{"rendered":"<p>Del 21 al 27 de febrer es duran a terme les votacions electr\u00f2niques per a la renovaci\u00f3 d&#8217;aquest \u00f2rgan Ja<\/p>\n","protected":false},"author":2,"featured_media":78586,"comment_status":"closed","ping_status":"closed","sticky":false,"template":"","format":"standard","meta":{"colormag_page_layout":"default_layout","_monsterinsights_skip_tracking":false,"_monsterinsights_sitenote_active":false,"_monsterinsights_sitenote_note":"","_monsterinsights_sitenote_category":0,"footnotes":""},"categories":[1,124],"tags":[255,319,327],"class_list":["post-78585","post","type-post","status-publish","format-standard","has-post-thumbnail","hentry","category-nou-barris","category-societat","tag-educacio","tag-nou-barris","tag-participacio"],"yoast_head":"<!-- This site is optimized with the Yoast SEO plugin v25.3 - https:\/\/yoast.com\/wordpress\/plugins\/seo\/ -->\n<title>Publicat el cens provisional per a les eleccions al Consell Escolar del Districte de Nou Barris - NouBarris.Net<\/title>\n<meta name=\"robots\" content=\"index, follow, max-snippet:-1, max-image-preview:large, max-video-preview:-1\" \/>\n<link rel=\"canonical\" href=\"https:\/\/www.noubarris.net\/web40\/publicat-el-cens-provisional-per-a-les-eleccions-al-consell-escolar-del-districte-de-nou-barris\/\" \/>\n<meta property=\"og:locale\" content=\"ca_ES\" \/>\n<meta property=\"og:type\" content=\"article\" \/>\n<meta property=\"og:title\" content=\"Publicat el cens provisional per a les eleccions al Consell Escolar del Districte de Nou Barris - NouBarris.Net\" \/>\n<meta property=\"og:description\" content=\"Del 21 al 27 de febrer es duran a terme les votacions electr\u00f2niques per a la renovaci\u00f3 d&#8217;aquest \u00f2rgan Ja\" \/>\n<meta property=\"og:url\" content=\"https:\/\/www.noubarris.net\/web40\/publicat-el-cens-provisional-per-a-les-eleccions-al-consell-escolar-del-districte-de-nou-barris\/\" \/>\n<meta property=\"og:site_name\" content=\"NouBarris.Net\" \/>\n<meta property=\"article:publisher\" content=\"https:\/\/www.facebook.com\/NouBarris.net\/?locale=es_ES\" \/>\n<meta property=\"article:published_time\" content=\"2022-02-07T22:00:54+00:00\" \/>\n<meta property=\"og:image\" content=\"https:\/\/www.noubarris.net\/web40\/wp-content\/uploads\/2022\/02\/080222.jpg\" \/>\n\t<meta property=\"og:image:width\" content=\"768\" \/>\n\t<meta property=\"og:image:height\" content=\"432\" \/>\n\t<meta property=\"og:image:type\" content=\"image\/jpeg\" \/>\n<meta name=\"author\" content=\"Informatius\" \/>\n<meta name=\"twitter:card\" content=\"summary_large_image\" \/>\n<meta name=\"twitter:creator\" content=\"@9BTV\" \/>\n<meta name=\"twitter:site\" content=\"@9BTV\" \/>\n<meta name=\"twitter:label1\" content=\"Escrit per\" \/>\n\t<meta name=\"twitter:data1\" content=\"Informatius\" \/>\n\t<meta name=\"twitter:label2\" content=\"Temps estimat de lectura\" \/>\n\t<meta name=\"twitter:data2\" content=\"1 minut\" \/>\n<script type=\"application\/ld+json\" class=\"yoast-schema-graph\">{\"@context\":\"https:\/\/schema.org\",\"@graph\":[{\"@type\":\"Article\",\"@id\":\"https:\/\/www.noubarris.net\/web40\/publicat-el-cens-provisional-per-a-les-eleccions-al-consell-escolar-del-districte-de-nou-barris\/#article\",\"isPartOf\":{\"@id\":\"https:\/\/www.noubarris.net\/web40\/publicat-el-cens-provisional-per-a-les-eleccions-al-consell-escolar-del-districte-de-nou-barris\/\"},\"author\":{\"name\":\"Informatius\",\"@id\":\"https:\/\/www.noubarris.net\/web40\/#\/schema\/person\/1827f92aaa316c54abbf4dac0de76069\"},\"headline\":\"Publicat el cens provisional per a les eleccions al Consell Escolar del Districte de Nou Barris\",\"datePublished\":\"2022-02-07T22:00:54+00:00\",\"mainEntityOfPage\":{\"@id\":\"https:\/\/www.noubarris.net\/web40\/publicat-el-cens-provisional-per-a-les-eleccions-al-consell-escolar-del-districte-de-nou-barris\/\"},\"wordCount\":169,\"publisher\":{\"@id\":\"https:\/\/www.noubarris.net\/web40\/#organization\"},\"image\":{\"@id\":\"https:\/\/www.noubarris.net\/web40\/publicat-el-cens-provisional-per-a-les-eleccions-al-consell-escolar-del-districte-de-nou-barris\/#primaryimage\"},\"thumbnailUrl\":\"https:\/\/www.noubarris.net\/web40\/wp-content\/uploads\/2022\/02\/080222.jpg\",\"keywords\":[\"Educaci\u00f3\",\"Nou Barris\",\"Participaci\u00f3\"],\"articleSection\":[\"Nou Barris\",\"Societat\"],\"inLanguage\":\"ca\"},{\"@type\":\"WebPage\",\"@id\":\"https:\/\/www.noubarris.net\/web40\/publicat-el-cens-provisional-per-a-les-eleccions-al-consell-escolar-del-districte-de-nou-barris\/\",\"url\":\"https:\/\/www.noubarris.net\/web40\/publicat-el-cens-provisional-per-a-les-eleccions-al-consell-escolar-del-districte-de-nou-barris\/\",\"name\":\"Publicat el cens provisional per a les eleccions al Consell Escolar del Districte de Nou Barris - NouBarris.Net\",\"isPartOf\":{\"@id\":\"https:\/\/www.noubarris.net\/web40\/#website\"},\"primaryImageOfPage\":{\"@id\":\"https:\/\/www.noubarris.net\/web40\/publicat-el-cens-provisional-per-a-les-eleccions-al-consell-escolar-del-districte-de-nou-barris\/#primaryimage\"},\"image\":{\"@id\":\"https:\/\/www.noubarris.net\/web40\/publicat-el-cens-provisional-per-a-les-eleccions-al-consell-escolar-del-districte-de-nou-barris\/#primaryimage\"},\"thumbnailUrl\":\"https:\/\/www.noubarris.net\/web40\/wp-content\/uploads\/2022\/02\/080222.jpg\",\"datePublished\":\"2022-02-07T22:00:54+00:00\",\"breadcrumb\":{\"@id\":\"https:\/\/www.noubarris.net\/web40\/publicat-el-cens-provisional-per-a-les-eleccions-al-consell-escolar-del-districte-de-nou-barris\/#breadcrumb\"},\"inLanguage\":\"ca\",\"potentialAction\":[{\"@type\":\"ReadAction\",\"target\":[\"https:\/\/www.noubarris.net\/web40\/publicat-el-cens-provisional-per-a-les-eleccions-al-consell-escolar-del-districte-de-nou-barris\/\"]}]},{\"@type\":\"ImageObject\",\"inLanguage\":\"ca\",\"@id\":\"https:\/\/www.noubarris.net\/web40\/publicat-el-cens-provisional-per-a-les-eleccions-al-consell-escolar-del-districte-de-nou-barris\/#primaryimage\",\"url\":\"https:\/\/www.noubarris.net\/web40\/wp-content\/uploads\/2022\/02\/080222.jpg\",\"contentUrl\":\"https:\/\/www.noubarris.net\/web40\/wp-content\/uploads\/2022\/02\/080222.jpg\",\"width\":768,\"height\":432},{\"@type\":\"BreadcrumbList\",\"@id\":\"https:\/\/www.noubarris.net\/web40\/publicat-el-cens-provisional-per-a-les-eleccions-al-consell-escolar-del-districte-de-nou-barris\/#breadcrumb\",\"itemListElement\":[{\"@type\":\"ListItem\",\"position\":1,\"name\":\"Inici\",\"item\":\"https:\/\/www.noubarris.net\/web40\/\"},{\"@type\":\"ListItem\",\"position\":2,\"name\":\"Publicat el cens provisional per a les eleccions al Consell Escolar del Districte de Nou Barris\"}]},{\"@type\":\"WebSite\",\"@id\":\"https:\/\/www.noubarris.net\/web40\/#website\",\"url\":\"https:\/\/www.noubarris.net\/web40\/\",\"name\":\"NouBarris.Net\",\"description\":\"Seguint la vida de Nou Barris des de 1985\",\"publisher\":{\"@id\":\"https:\/\/www.noubarris.net\/web40\/#organization\"},\"potentialAction\":[{\"@type\":\"SearchAction\",\"target\":{\"@type\":\"EntryPoint\",\"urlTemplate\":\"https:\/\/www.noubarris.net\/web40\/?s={search_term_string}\"},\"query-input\":{\"@type\":\"PropertyValueSpecification\",\"valueRequired\":true,\"valueName\":\"search_term_string\"}}],\"inLanguage\":\"ca\"},{\"@type\":\"Organization\",\"@id\":\"https:\/\/www.noubarris.net\/web40\/#organization\",\"name\":\"NouBarris.Net\",\"url\":\"https:\/\/www.noubarris.net\/web40\/\",\"logo\":{\"@type\":\"ImageObject\",\"inLanguage\":\"ca\",\"@id\":\"https:\/\/www.noubarris.net\/web40\/#\/schema\/logo\/image\/\",\"url\":\"https:\/\/www.noubarris.net\/web40\/wp-content\/uploads\/2024\/11\/cropped-cropped-LOGO_9BTV-2024_Insta-1.jpg\",\"contentUrl\":\"https:\/\/www.noubarris.net\/web40\/wp-content\/uploads\/2024\/11\/cropped-cropped-LOGO_9BTV-2024_Insta-1.jpg\",\"width\":512,\"height\":512,\"caption\":\"NouBarris.Net\"},\"image\":{\"@id\":\"https:\/\/www.noubarris.net\/web40\/#\/schema\/logo\/image\/\"},\"sameAs\":[\"https:\/\/www.facebook.com\/NouBarris.net\/?locale=es_ES\",\"https:\/\/x.com\/9BTV\"]},{\"@type\":\"Person\",\"@id\":\"https:\/\/www.noubarris.net\/web40\/#\/schema\/person\/1827f92aaa316c54abbf4dac0de76069\",\"name\":\"Informatius\",\"image\":{\"@type\":\"ImageObject\",\"inLanguage\":\"ca\",\"@id\":\"https:\/\/www.noubarris.net\/web40\/#\/schema\/person\/image\/\",\"url\":\"https:\/\/secure.gravatar.com\/avatar\/87a3b47928835fc72c6ee5b0e1a7263ef0c2d05003a98189bc14926c5f11bcdb?s=96&d=mm&r=g\",\"contentUrl\":\"https:\/\/secure.gravatar.com\/avatar\/87a3b47928835fc72c6ee5b0e1a7263ef0c2d05003a98189bc14926c5f11bcdb?s=96&d=mm&r=g\",\"caption\":\"Informatius\"},\"url\":\"https:\/\/www.noubarris.net\/web40\/author\/tele\/\"}]}<\/script>\n<!-- \/ Yoast SEO plugin. -->","yoast_head_json":{"title":"Publicat el cens provisional per a les eleccions al Consell Escolar del Districte de Nou Barris - NouBarris.Net","robots":{"index":"index","follow":"follow","max-snippet":"max-snippet:-1","max-image-preview":"max-image-preview:large","max-video-preview":"max-video-preview:-1"},"canonical":"https:\/\/www.noubarris.net\/web40\/publicat-el-cens-provisional-per-a-les-eleccions-al-consell-escolar-del-districte-de-nou-barris\/","og_locale":"ca_ES","og_type":"article","og_title":"Publicat el cens provisional per a les eleccions al Consell Escolar del Districte de Nou Barris - NouBarris.Net","og_description":"Del 21 al 27 de febrer es duran a terme les votacions electr\u00f2niques per a la renovaci\u00f3 d&#8217;aquest \u00f2rgan Ja","og_url":"https:\/\/www.noubarris.net\/web40\/publicat-el-cens-provisional-per-a-les-eleccions-al-consell-escolar-del-districte-de-nou-barris\/","og_site_name":"NouBarris.Net","article_publisher":"https:\/\/www.facebook.com\/NouBarris.net\/?locale=es_ES","article_published_time":"2022-02-07T22:00:54+00:00","og_image":[{"width":768,"height":432,"url":"https:\/\/www.noubarris.net\/web40\/wp-content\/uploads\/2022\/02\/080222.jpg","type":"image\/jpeg"}],"author":"Informatius","twitter_card":"summary_large_image","twitter_creator":"@9BTV","twitter_site":"@9BTV","twitter_misc":{"Escrit per":"Informatius","Temps estimat de lectura":"1 minut"},"schema":{"@context":"https:\/\/schema.org","@graph":[{"@type":"Article","@id":"https:\/\/www.noubarris.net\/web40\/publicat-el-cens-provisional-per-a-les-eleccions-al-consell-escolar-del-districte-de-nou-barris\/#article","isPartOf":{"@id":"https:\/\/www.noubarris.net\/web40\/publicat-el-cens-provisional-per-a-les-eleccions-al-consell-escolar-del-districte-de-nou-barris\/"},"author":{"name":"Informatius","@id":"https:\/\/www.noubarris.net\/web40\/#\/schema\/person\/1827f92aaa316c54abbf4dac0de76069"},"headline":"Publicat el cens provisional per a les eleccions al Consell Escolar del Districte de Nou Barris","datePublished":"2022-02-07T22:00:54+00:00","mainEntityOfPage":{"@id":"https:\/\/www.noubarris.net\/web40\/publicat-el-cens-provisional-per-a-les-eleccions-al-consell-escolar-del-districte-de-nou-barris\/"},"wordCount":169,"publisher":{"@id":"https:\/\/www.noubarris.net\/web40\/#organization"},"image":{"@id":"https:\/\/www.noubarris.net\/web40\/publicat-el-cens-provisional-per-a-les-eleccions-al-consell-escolar-del-districte-de-nou-barris\/#primaryimage"},"thumbnailUrl":"https:\/\/www.noubarris.net\/web40\/wp-content\/uploads\/2022\/02\/080222.jpg","keywords":["Educaci\u00f3","Nou Barris","Participaci\u00f3"],"articleSection":["Nou Barris","Societat"],"inLanguage":"ca"},{"@type":"WebPage","@id":"https:\/\/www.noubarris.net\/web40\/publicat-el-cens-provisional-per-a-les-eleccions-al-consell-escolar-del-districte-de-nou-barris\/","url":"https:\/\/www.noubarris.net\/web40\/publicat-el-cens-provisional-per-a-les-eleccions-al-consell-escolar-del-districte-de-nou-barris\/","name":"Publicat el cens provisional per a les eleccions al Consell Escolar del Districte de Nou Barris - NouBarris.Net","isPartOf":{"@id":"https:\/\/www.noubarris.net\/web40\/#website"},"primaryImageOfPage":{"@id":"https:\/\/www.noubarris.net\/web40\/publicat-el-cens-provisional-per-a-les-eleccions-al-consell-escolar-del-districte-de-nou-barris\/#primaryimage"},"image":{"@id":"https:\/\/www.noubarris.net\/web40\/publicat-el-cens-provisional-per-a-les-eleccions-al-consell-escolar-del-districte-de-nou-barris\/#primaryimage"},"thumbnailUrl":"https:\/\/www.noubarris.net\/web40\/wp-content\/uploads\/2022\/02\/080222.jpg","datePublished":"2022-02-07T22:00:54+00:00","breadcrumb":{"@id":"https:\/\/www.noubarris.net\/web40\/publicat-el-cens-provisional-per-a-les-eleccions-al-consell-escolar-del-districte-de-nou-barris\/#breadcrumb"},"inLanguage":"ca","potentialAction":[{"@type":"ReadAction","target":["https:\/\/www.noubarris.net\/web40\/publicat-el-cens-provisional-per-a-les-eleccions-al-consell-escolar-del-districte-de-nou-barris\/"]}]},{"@type":"ImageObject","inLanguage":"ca","@id":"https:\/\/www.noubarris.net\/web40\/publicat-el-cens-provisional-per-a-les-eleccions-al-consell-escolar-del-districte-de-nou-barris\/#primaryimage","url":"https:\/\/www.noubarris.net\/web40\/wp-content\/uploads\/2022\/02\/080222.jpg","contentUrl":"https:\/\/www.noubarris.net\/web40\/wp-content\/uploads\/2022\/02\/080222.jpg","width":768,"height":432},{"@type":"BreadcrumbList","@id":"https:\/\/www.noubarris.net\/web40\/publicat-el-cens-provisional-per-a-les-eleccions-al-consell-escolar-del-districte-de-nou-barris\/#breadcrumb","itemListElement":[{"@type":"ListItem","position":1,"name":"Inici","item":"https:\/\/www.noubarris.net\/web40\/"},{"@type":"ListItem","position":2,"name":"Publicat el cens provisional per a les eleccions al Consell Escolar del Districte de Nou Barris"}]},{"@type":"WebSite","@id":"https:\/\/www.noubarris.net\/web40\/#website","url":"https:\/\/www.noubarris.net\/web40\/","name":"NouBarris.Net","description":"Seguint la vida de Nou Barris des de 1985","publisher":{"@id":"https:\/\/www.noubarris.net\/web40\/#organization"},"potentialAction":[{"@type":"SearchAction","target":{"@type":"EntryPoint","urlTemplate":"https:\/\/www.noubarris.net\/web40\/?s={search_term_string}"},"query-input":{"@type":"PropertyValueSpecification","valueRequired":true,"valueName":"search_term_string"}}],"inLanguage":"ca"},{"@type":"Organization","@id":"https:\/\/www.noubarris.net\/web40\/#organization","name":"NouBarris.Net","url":"https:\/\/www.noubarris.net\/web40\/","logo":{"@type":"ImageObject","inLanguage":"ca","@id":"https:\/\/www.noubarris.net\/web40\/#\/schema\/logo\/image\/","url":"https:\/\/www.noubarris.net\/web40\/wp-content\/uploads\/2024\/11\/cropped-cropped-LOGO_9BTV-2024_Insta-1.jpg","contentUrl":"https:\/\/www.noubarris.net\/web40\/wp-content\/uploads\/2024\/11\/cropped-cropped-LOGO_9BTV-2024_Insta-1.jpg","width":512,"height":512,"caption":"NouBarris.Net"},"image":{"@id":"https:\/\/www.noubarris.net\/web40\/#\/schema\/logo\/image\/"},"sameAs":["https:\/\/www.facebook.com\/NouBarris.net\/?locale=es_ES","https:\/\/x.com\/9BTV"]},{"@type":"Person","@id":"https:\/\/www.noubarris.net\/web40\/#\/schema\/person\/1827f92aaa316c54abbf4dac0de76069","name":"Informatius","image":{"@type":"ImageObject","inLanguage":"ca","@id":"https:\/\/www.noubarris.net\/web40\/#\/schema\/person\/image\/","url":"https:\/\/secure.gravatar.com\/avatar\/87a3b47928835fc72c6ee5b0e1a7263ef0c2d05003a98189bc14926c5f11bcdb?s=96&d=mm&r=g","contentUrl":"https:\/\/secure.gravatar.com\/avatar\/87a3b47928835fc72c6ee5b0e1a7263ef0c2d05003a98189bc14926c5f11bcdb?s=96&d=mm&r=g","caption":"Informatius"},"url":"https:\/\/www.noubarris.net\/web40\/author\/tele\/"}]}},"_links":{"self":[{"href":"https:\/\/www.noubarris.net\/web40\/wp-json\/wp\/v2\/posts\/78585","targetHints":{"allow":["GET"]}}],"collection":[{"href":"https:\/\/www.noubarris.net\/web40\/wp-json\/wp\/v2\/posts"}],"about":[{"href":"https:\/\/www.noubarris.net\/web40\/wp-json\/wp\/v2\/types\/post"}],"author":[{"embeddable":true,"href":"https:\/\/www.noubarris.net\/web40\/wp-json\/wp\/v2\/users\/2"}],"replies":[{"embeddable":true,"href":"https:\/\/www.noubarris.net\/web40\/wp-json\/wp\/v2\/comments?post=78585"}],"version-history":[{"count":1,"href":"https:\/\/www.noubarris.net\/web40\/wp-json\/wp\/v2\/posts\/78585\/revisions"}],"predecessor-version":[{"id":78587,"href":"https:\/\/www.noubarris.net\/web40\/wp-json\/wp\/v2\/posts\/78585\/revisions\/78587"}],"wp:featuredmedia":[{"embeddable":true,"href":"https:\/\/www.noubarris.net\/web40\/wp-json\/wp\/v2\/media\/78586"}],"wp:attachment":[{"href":"https:\/\/www.noubarris.net\/web40\/wp-json\/wp\/v2\/media?parent=78585"}],"wp:term":[{"taxonomy":"category","embeddable":true,"href":"https:\/\/www.noubarris.net\/web40\/wp-json\/wp\/v2\/categories?post=78585"},{"taxonomy":"post_tag","embeddable":true,"href":"https:\/\/www.noubarris.net\/web40\/wp-json\/wp\/v2\/tags?post=78585"}],"curies":[{"name":"wp","href":"https:\/\/api.w.org\/{rel}","templated":true}]}}