{"id":78592,"date":"2022-02-10T00:00:06","date_gmt":"2022-02-09T22:00:06","guid":{"rendered":"http:\/\/www.noubarris.net\/web40\/?p=78592"},"modified":"2022-02-09T20:03:44","modified_gmt":"2022-02-09T18:03:44","slug":"una-marxa-de-dones-a-verdum-per-trobar-solucions-per-fer-la-vida-mes-facil-a-lespai-public","status":"publish","type":"post","link":"https:\/\/www.noubarris.net\/web40\/una-marxa-de-dones-a-verdum-per-trobar-solucions-per-fer-la-vida-mes-facil-a-lespai-public\/","title":{"rendered":"Una marxa de dones a Verdum per trobar solucions i fer la vida m\u00e9s f\u00e0cil a l\u2019espai p\u00fablic"},"content":{"rendered":"<p><strong>A les visites a peu fetes per les ve\u00efnes es detecten tots aquells aspectes urbans que afecten a la percepci\u00f3 de seguretat o d\u2019inseguretat<\/strong><\/p>\n<p>El Pla de Barris de les Roquetes i Verdum posa en marxa una marxa de dones pel barri de Verdum per trobar solucions per fer la vida m\u00e9s f\u00e0cil &#8211; i segura &#8211; a l\u2019espai p\u00fablic. Les marxes explorat\u00f2ries s\u00f3n una metodologia feminista que, a trav\u00e9s de sessions i visites a peu fetes per un grup ve\u00efnes del barri es detecten tots aquells aspectes urbans que afecten a la percepci\u00f3 de seguretat o d\u2019inseguretat (la qualitat urbana, la gesti\u00f3 de l\u2019espai p\u00fablic o la millora de la vida quotidiana, per exemple).<\/p>\n<p><iframe loading=\"lazy\" title=\"YouTube video player\" src=\"\/\/www.youtube.com\/embed\/MU_JIb0XHHg\" width=\"560\" height=\"315\" frameborder=\"0\" allowfullscreen=\"allowfullscreen\"><\/iframe><\/p>\n<p>Amb l\u2019objectiu de recollir les impressions, opinions i propostes de les ve\u00efnes de Verdum, s\u2019han preparat tres sessions:<\/p>\n<p>Sessi\u00f3 informativa: Dimarts 15 de febrer a les 17.30h<br \/>\nMarxa explorat\u00f2ria: Dimarts 22 de febrer a les 17.30h<br \/>\nSessi\u00f3 de valoraci\u00f3: Dimarts 1 de mar\u00e7 a les 17.30h<br \/>\nTotes les sessions es realitzen al Casal de barri Verdum. El punt de trobada de la marxa tamb\u00e9 ser\u00e0 al Casal (carrer de Luz Casanova, 4)<\/p>\n<p>L\u2019aforament a les sessions \u00e9s limitat. Cal inscripci\u00f3 pr\u00e8via a trav\u00e9s del correu electr\u00f2nic pladebarris@bcn.cat. A m\u00e9s, s\u2019ofereix servei de cangur per a criatures, que es pot sol\u00b7licitar enviant un correu electr\u00f2nic a pladebarris@bcn.cat amb 48 hores d\u2019antelaci\u00f3.<\/p>\n","protected":false},"excerpt":{"rendered":"<p>A les visites a peu fetes per les ve\u00efnes es detecten tots aquells aspectes urbans que afecten a la percepci\u00f3<\/p>\n","protected":false},"author":2,"featured_media":78593,"comment_status":"closed","ping_status":"closed","sticky":false,"template":"","format":"standard","meta":{"colormag_page_layout":"default_layout","_monsterinsights_skip_tracking":false,"_monsterinsights_sitenote_active":false,"_monsterinsights_sitenote_note":"","_monsterinsights_sitenote_category":0,"footnotes":""},"categories":[124,141],"tags":[583,347,327,151],"class_list":["post-78592","post","type-post","status-publish","format-standard","has-post-thumbnail","hentry","category-societat","category-verdum","tag-casal-barri-verdum","tag-dones","tag-participacio","tag-verdum"],"yoast_head":"<!-- This site is optimized with the Yoast SEO plugin v25.3 - https:\/\/yoast.com\/wordpress\/plugins\/seo\/ -->\n<title>Una marxa de dones a Verdum per trobar solucions i fer la vida m\u00e9s f\u00e0cil a l\u2019espai p\u00fablic - NouBarris.Net<\/title>\n<meta name=\"robots\" content=\"index, follow, max-snippet:-1, max-image-preview:large, max-video-preview:-1\" \/>\n<link rel=\"canonical\" href=\"https:\/\/www.noubarris.net\/web40\/una-marxa-de-dones-a-verdum-per-trobar-solucions-per-fer-la-vida-mes-facil-a-lespai-public\/\" \/>\n<meta property=\"og:locale\" content=\"ca_ES\" \/>\n<meta property=\"og:type\" content=\"article\" \/>\n<meta property=\"og:title\" content=\"Una marxa de dones a Verdum per trobar solucions i fer la vida m\u00e9s f\u00e0cil a l\u2019espai p\u00fablic - NouBarris.Net\" \/>\n<meta property=\"og:description\" content=\"A les visites a peu fetes per les ve\u00efnes es detecten tots aquells aspectes urbans que afecten a la percepci\u00f3\" \/>\n<meta property=\"og:url\" content=\"https:\/\/www.noubarris.net\/web40\/una-marxa-de-dones-a-verdum-per-trobar-solucions-per-fer-la-vida-mes-facil-a-lespai-public\/\" \/>\n<meta property=\"og:site_name\" content=\"NouBarris.Net\" \/>\n<meta property=\"article:publisher\" content=\"https:\/\/www.facebook.com\/NouBarris.net\/?locale=es_ES\" \/>\n<meta property=\"article:published_time\" content=\"2022-02-09T22:00:06+00:00\" \/>\n<meta property=\"og:image\" content=\"https:\/\/www.noubarris.net\/web40\/wp-content\/uploads\/2022\/02\/100222.jpg\" \/>\n\t<meta property=\"og:image:width\" content=\"768\" \/>\n\t<meta property=\"og:image:height\" content=\"432\" \/>\n\t<meta property=\"og:image:type\" content=\"image\/jpeg\" \/>\n<meta name=\"author\" content=\"Informatius\" \/>\n<meta name=\"twitter:card\" content=\"summary_large_image\" \/>\n<meta name=\"twitter:creator\" content=\"@9BTV\" \/>\n<meta name=\"twitter:site\" content=\"@9BTV\" \/>\n<meta name=\"twitter:label1\" content=\"Escrit per\" \/>\n\t<meta name=\"twitter:data1\" content=\"Informatius\" \/>\n\t<meta name=\"twitter:label2\" content=\"Temps estimat de lectura\" \/>\n\t<meta name=\"twitter:data2\" content=\"1 minut\" \/>\n<script type=\"application\/ld+json\" class=\"yoast-schema-graph\">{\"@context\":\"https:\/\/schema.org\",\"@graph\":[{\"@type\":\"Article\",\"@id\":\"https:\/\/www.noubarris.net\/web40\/una-marxa-de-dones-a-verdum-per-trobar-solucions-per-fer-la-vida-mes-facil-a-lespai-public\/#article\",\"isPartOf\":{\"@id\":\"https:\/\/www.noubarris.net\/web40\/una-marxa-de-dones-a-verdum-per-trobar-solucions-per-fer-la-vida-mes-facil-a-lespai-public\/\"},\"author\":{\"name\":\"Informatius\",\"@id\":\"https:\/\/www.noubarris.net\/web40\/#\/schema\/person\/1827f92aaa316c54abbf4dac0de76069\"},\"headline\":\"Una marxa de dones a Verdum per trobar solucions i fer la vida m\u00e9s f\u00e0cil a l\u2019espai p\u00fablic\",\"datePublished\":\"2022-02-09T22:00:06+00:00\",\"mainEntityOfPage\":{\"@id\":\"https:\/\/www.noubarris.net\/web40\/una-marxa-de-dones-a-verdum-per-trobar-solucions-per-fer-la-vida-mes-facil-a-lespai-public\/\"},\"wordCount\":272,\"publisher\":{\"@id\":\"https:\/\/www.noubarris.net\/web40\/#organization\"},\"image\":{\"@id\":\"https:\/\/www.noubarris.net\/web40\/una-marxa-de-dones-a-verdum-per-trobar-solucions-per-fer-la-vida-mes-facil-a-lespai-public\/#primaryimage\"},\"thumbnailUrl\":\"https:\/\/www.noubarris.net\/web40\/wp-content\/uploads\/2022\/02\/100222.jpg\",\"keywords\":[\"casal barri Verdum\",\"Dones\",\"Participaci\u00f3\",\"Verdum\"],\"articleSection\":[\"Societat\",\"Verdum\"],\"inLanguage\":\"ca\"},{\"@type\":\"WebPage\",\"@id\":\"https:\/\/www.noubarris.net\/web40\/una-marxa-de-dones-a-verdum-per-trobar-solucions-per-fer-la-vida-mes-facil-a-lespai-public\/\",\"url\":\"https:\/\/www.noubarris.net\/web40\/una-marxa-de-dones-a-verdum-per-trobar-solucions-per-fer-la-vida-mes-facil-a-lespai-public\/\",\"name\":\"Una marxa de dones a Verdum per trobar solucions i fer la vida m\u00e9s f\u00e0cil a l\u2019espai p\u00fablic - NouBarris.Net\",\"isPartOf\":{\"@id\":\"https:\/\/www.noubarris.net\/web40\/#website\"},\"primaryImageOfPage\":{\"@id\":\"https:\/\/www.noubarris.net\/web40\/una-marxa-de-dones-a-verdum-per-trobar-solucions-per-fer-la-vida-mes-facil-a-lespai-public\/#primaryimage\"},\"image\":{\"@id\":\"https:\/\/www.noubarris.net\/web40\/una-marxa-de-dones-a-verdum-per-trobar-solucions-per-fer-la-vida-mes-facil-a-lespai-public\/#primaryimage\"},\"thumbnailUrl\":\"https:\/\/www.noubarris.net\/web40\/wp-content\/uploads\/2022\/02\/100222.jpg\",\"datePublished\":\"2022-02-09T22:00:06+00:00\",\"breadcrumb\":{\"@id\":\"https:\/\/www.noubarris.net\/web40\/una-marxa-de-dones-a-verdum-per-trobar-solucions-per-fer-la-vida-mes-facil-a-lespai-public\/#breadcrumb\"},\"inLanguage\":\"ca\",\"potentialAction\":[{\"@type\":\"ReadAction\",\"target\":[\"https:\/\/www.noubarris.net\/web40\/una-marxa-de-dones-a-verdum-per-trobar-solucions-per-fer-la-vida-mes-facil-a-lespai-public\/\"]}]},{\"@type\":\"ImageObject\",\"inLanguage\":\"ca\",\"@id\":\"https:\/\/www.noubarris.net\/web40\/una-marxa-de-dones-a-verdum-per-trobar-solucions-per-fer-la-vida-mes-facil-a-lespai-public\/#primaryimage\",\"url\":\"https:\/\/www.noubarris.net\/web40\/wp-content\/uploads\/2022\/02\/100222.jpg\",\"contentUrl\":\"https:\/\/www.noubarris.net\/web40\/wp-content\/uploads\/2022\/02\/100222.jpg\",\"width\":768,\"height\":432},{\"@type\":\"BreadcrumbList\",\"@id\":\"https:\/\/www.noubarris.net\/web40\/una-marxa-de-dones-a-verdum-per-trobar-solucions-per-fer-la-vida-mes-facil-a-lespai-public\/#breadcrumb\",\"itemListElement\":[{\"@type\":\"ListItem\",\"position\":1,\"name\":\"Inici\",\"item\":\"https:\/\/www.noubarris.net\/web40\/\"},{\"@type\":\"ListItem\",\"position\":2,\"name\":\"Una marxa de dones a Verdum per trobar solucions i fer la vida m\u00e9s f\u00e0cil a l\u2019espai p\u00fablic\"}]},{\"@type\":\"WebSite\",\"@id\":\"https:\/\/www.noubarris.net\/web40\/#website\",\"url\":\"https:\/\/www.noubarris.net\/web40\/\",\"name\":\"NouBarris.Net\",\"description\":\"Seguint la vida de Nou Barris des de 1985\",\"publisher\":{\"@id\":\"https:\/\/www.noubarris.net\/web40\/#organization\"},\"potentialAction\":[{\"@type\":\"SearchAction\",\"target\":{\"@type\":\"EntryPoint\",\"urlTemplate\":\"https:\/\/www.noubarris.net\/web40\/?s={search_term_string}\"},\"query-input\":{\"@type\":\"PropertyValueSpecification\",\"valueRequired\":true,\"valueName\":\"search_term_string\"}}],\"inLanguage\":\"ca\"},{\"@type\":\"Organization\",\"@id\":\"https:\/\/www.noubarris.net\/web40\/#organization\",\"name\":\"NouBarris.Net\",\"url\":\"https:\/\/www.noubarris.net\/web40\/\",\"logo\":{\"@type\":\"ImageObject\",\"inLanguage\":\"ca\",\"@id\":\"https:\/\/www.noubarris.net\/web40\/#\/schema\/logo\/image\/\",\"url\":\"https:\/\/www.noubarris.net\/web40\/wp-content\/uploads\/2024\/11\/cropped-cropped-LOGO_9BTV-2024_Insta-1.jpg\",\"contentUrl\":\"https:\/\/www.noubarris.net\/web40\/wp-content\/uploads\/2024\/11\/cropped-cropped-LOGO_9BTV-2024_Insta-1.jpg\",\"width\":512,\"height\":512,\"caption\":\"NouBarris.Net\"},\"image\":{\"@id\":\"https:\/\/www.noubarris.net\/web40\/#\/schema\/logo\/image\/\"},\"sameAs\":[\"https:\/\/www.facebook.com\/NouBarris.net\/?locale=es_ES\",\"https:\/\/x.com\/9BTV\"]},{\"@type\":\"Person\",\"@id\":\"https:\/\/www.noubarris.net\/web40\/#\/schema\/person\/1827f92aaa316c54abbf4dac0de76069\",\"name\":\"Informatius\",\"image\":{\"@type\":\"ImageObject\",\"inLanguage\":\"ca\",\"@id\":\"https:\/\/www.noubarris.net\/web40\/#\/schema\/person\/image\/\",\"url\":\"https:\/\/secure.gravatar.com\/avatar\/87a3b47928835fc72c6ee5b0e1a7263ef0c2d05003a98189bc14926c5f11bcdb?s=96&d=mm&r=g\",\"contentUrl\":\"https:\/\/secure.gravatar.com\/avatar\/87a3b47928835fc72c6ee5b0e1a7263ef0c2d05003a98189bc14926c5f11bcdb?s=96&d=mm&r=g\",\"caption\":\"Informatius\"},\"url\":\"https:\/\/www.noubarris.net\/web40\/author\/tele\/\"}]}<\/script>\n<!-- \/ Yoast SEO plugin. -->","yoast_head_json":{"title":"Una marxa de dones a Verdum per trobar solucions i fer la vida m\u00e9s f\u00e0cil a l\u2019espai p\u00fablic - NouBarris.Net","robots":{"index":"index","follow":"follow","max-snippet":"max-snippet:-1","max-image-preview":"max-image-preview:large","max-video-preview":"max-video-preview:-1"},"canonical":"https:\/\/www.noubarris.net\/web40\/una-marxa-de-dones-a-verdum-per-trobar-solucions-per-fer-la-vida-mes-facil-a-lespai-public\/","og_locale":"ca_ES","og_type":"article","og_title":"Una marxa de dones a Verdum per trobar solucions i fer la vida m\u00e9s f\u00e0cil a l\u2019espai p\u00fablic - NouBarris.Net","og_description":"A les visites a peu fetes per les ve\u00efnes es detecten tots aquells aspectes urbans que afecten a la percepci\u00f3","og_url":"https:\/\/www.noubarris.net\/web40\/una-marxa-de-dones-a-verdum-per-trobar-solucions-per-fer-la-vida-mes-facil-a-lespai-public\/","og_site_name":"NouBarris.Net","article_publisher":"https:\/\/www.facebook.com\/NouBarris.net\/?locale=es_ES","article_published_time":"2022-02-09T22:00:06+00:00","og_image":[{"width":768,"height":432,"url":"https:\/\/www.noubarris.net\/web40\/wp-content\/uploads\/2022\/02\/100222.jpg","type":"image\/jpeg"}],"author":"Informatius","twitter_card":"summary_large_image","twitter_creator":"@9BTV","twitter_site":"@9BTV","twitter_misc":{"Escrit per":"Informatius","Temps estimat de lectura":"1 minut"},"schema":{"@context":"https:\/\/schema.org","@graph":[{"@type":"Article","@id":"https:\/\/www.noubarris.net\/web40\/una-marxa-de-dones-a-verdum-per-trobar-solucions-per-fer-la-vida-mes-facil-a-lespai-public\/#article","isPartOf":{"@id":"https:\/\/www.noubarris.net\/web40\/una-marxa-de-dones-a-verdum-per-trobar-solucions-per-fer-la-vida-mes-facil-a-lespai-public\/"},"author":{"name":"Informatius","@id":"https:\/\/www.noubarris.net\/web40\/#\/schema\/person\/1827f92aaa316c54abbf4dac0de76069"},"headline":"Una marxa de dones a Verdum per trobar solucions i fer la vida m\u00e9s f\u00e0cil a l\u2019espai p\u00fablic","datePublished":"2022-02-09T22:00:06+00:00","mainEntityOfPage":{"@id":"https:\/\/www.noubarris.net\/web40\/una-marxa-de-dones-a-verdum-per-trobar-solucions-per-fer-la-vida-mes-facil-a-lespai-public\/"},"wordCount":272,"publisher":{"@id":"https:\/\/www.noubarris.net\/web40\/#organization"},"image":{"@id":"https:\/\/www.noubarris.net\/web40\/una-marxa-de-dones-a-verdum-per-trobar-solucions-per-fer-la-vida-mes-facil-a-lespai-public\/#primaryimage"},"thumbnailUrl":"https:\/\/www.noubarris.net\/web40\/wp-content\/uploads\/2022\/02\/100222.jpg","keywords":["casal barri Verdum","Dones","Participaci\u00f3","Verdum"],"articleSection":["Societat","Verdum"],"inLanguage":"ca"},{"@type":"WebPage","@id":"https:\/\/www.noubarris.net\/web40\/una-marxa-de-dones-a-verdum-per-trobar-solucions-per-fer-la-vida-mes-facil-a-lespai-public\/","url":"https:\/\/www.noubarris.net\/web40\/una-marxa-de-dones-a-verdum-per-trobar-solucions-per-fer-la-vida-mes-facil-a-lespai-public\/","name":"Una marxa de dones a Verdum per trobar solucions i fer la vida m\u00e9s f\u00e0cil a l\u2019espai p\u00fablic - NouBarris.Net","isPartOf":{"@id":"https:\/\/www.noubarris.net\/web40\/#website"},"primaryImageOfPage":{"@id":"https:\/\/www.noubarris.net\/web40\/una-marxa-de-dones-a-verdum-per-trobar-solucions-per-fer-la-vida-mes-facil-a-lespai-public\/#primaryimage"},"image":{"@id":"https:\/\/www.noubarris.net\/web40\/una-marxa-de-dones-a-verdum-per-trobar-solucions-per-fer-la-vida-mes-facil-a-lespai-public\/#primaryimage"},"thumbnailUrl":"https:\/\/www.noubarris.net\/web40\/wp-content\/uploads\/2022\/02\/100222.jpg","datePublished":"2022-02-09T22:00:06+00:00","breadcrumb":{"@id":"https:\/\/www.noubarris.net\/web40\/una-marxa-de-dones-a-verdum-per-trobar-solucions-per-fer-la-vida-mes-facil-a-lespai-public\/#breadcrumb"},"inLanguage":"ca","potentialAction":[{"@type":"ReadAction","target":["https:\/\/www.noubarris.net\/web40\/una-marxa-de-dones-a-verdum-per-trobar-solucions-per-fer-la-vida-mes-facil-a-lespai-public\/"]}]},{"@type":"ImageObject","inLanguage":"ca","@id":"https:\/\/www.noubarris.net\/web40\/una-marxa-de-dones-a-verdum-per-trobar-solucions-per-fer-la-vida-mes-facil-a-lespai-public\/#primaryimage","url":"https:\/\/www.noubarris.net\/web40\/wp-content\/uploads\/2022\/02\/100222.jpg","contentUrl":"https:\/\/www.noubarris.net\/web40\/wp-content\/uploads\/2022\/02\/100222.jpg","width":768,"height":432},{"@type":"BreadcrumbList","@id":"https:\/\/www.noubarris.net\/web40\/una-marxa-de-dones-a-verdum-per-trobar-solucions-per-fer-la-vida-mes-facil-a-lespai-public\/#breadcrumb","itemListElement":[{"@type":"ListItem","position":1,"name":"Inici","item":"https:\/\/www.noubarris.net\/web40\/"},{"@type":"ListItem","position":2,"name":"Una marxa de dones a Verdum per trobar solucions i fer la vida m\u00e9s f\u00e0cil a l\u2019espai p\u00fablic"}]},{"@type":"WebSite","@id":"https:\/\/www.noubarris.net\/web40\/#website","url":"https:\/\/www.noubarris.net\/web40\/","name":"NouBarris.Net","description":"Seguint la vida de Nou Barris des de 1985","publisher":{"@id":"https:\/\/www.noubarris.net\/web40\/#organization"},"potentialAction":[{"@type":"SearchAction","target":{"@type":"EntryPoint","urlTemplate":"https:\/\/www.noubarris.net\/web40\/?s={search_term_string}"},"query-input":{"@type":"PropertyValueSpecification","valueRequired":true,"valueName":"search_term_string"}}],"inLanguage":"ca"},{"@type":"Organization","@id":"https:\/\/www.noubarris.net\/web40\/#organization","name":"NouBarris.Net","url":"https:\/\/www.noubarris.net\/web40\/","logo":{"@type":"ImageObject","inLanguage":"ca","@id":"https:\/\/www.noubarris.net\/web40\/#\/schema\/logo\/image\/","url":"https:\/\/www.noubarris.net\/web40\/wp-content\/uploads\/2024\/11\/cropped-cropped-LOGO_9BTV-2024_Insta-1.jpg","contentUrl":"https:\/\/www.noubarris.net\/web40\/wp-content\/uploads\/2024\/11\/cropped-cropped-LOGO_9BTV-2024_Insta-1.jpg","width":512,"height":512,"caption":"NouBarris.Net"},"image":{"@id":"https:\/\/www.noubarris.net\/web40\/#\/schema\/logo\/image\/"},"sameAs":["https:\/\/www.facebook.com\/NouBarris.net\/?locale=es_ES","https:\/\/x.com\/9BTV"]},{"@type":"Person","@id":"https:\/\/www.noubarris.net\/web40\/#\/schema\/person\/1827f92aaa316c54abbf4dac0de76069","name":"Informatius","image":{"@type":"ImageObject","inLanguage":"ca","@id":"https:\/\/www.noubarris.net\/web40\/#\/schema\/person\/image\/","url":"https:\/\/secure.gravatar.com\/avatar\/87a3b47928835fc72c6ee5b0e1a7263ef0c2d05003a98189bc14926c5f11bcdb?s=96&d=mm&r=g","contentUrl":"https:\/\/secure.gravatar.com\/avatar\/87a3b47928835fc72c6ee5b0e1a7263ef0c2d05003a98189bc14926c5f11bcdb?s=96&d=mm&r=g","caption":"Informatius"},"url":"https:\/\/www.noubarris.net\/web40\/author\/tele\/"}]}},"_links":{"self":[{"href":"https:\/\/www.noubarris.net\/web40\/wp-json\/wp\/v2\/posts\/78592","targetHints":{"allow":["GET"]}}],"collection":[{"href":"https:\/\/www.noubarris.net\/web40\/wp-json\/wp\/v2\/posts"}],"about":[{"href":"https:\/\/www.noubarris.net\/web40\/wp-json\/wp\/v2\/types\/post"}],"author":[{"embeddable":true,"href":"https:\/\/www.noubarris.net\/web40\/wp-json\/wp\/v2\/users\/2"}],"replies":[{"embeddable":true,"href":"https:\/\/www.noubarris.net\/web40\/wp-json\/wp\/v2\/comments?post=78592"}],"version-history":[{"count":4,"href":"https:\/\/www.noubarris.net\/web40\/wp-json\/wp\/v2\/posts\/78592\/revisions"}],"predecessor-version":[{"id":78597,"href":"https:\/\/www.noubarris.net\/web40\/wp-json\/wp\/v2\/posts\/78592\/revisions\/78597"}],"wp:featuredmedia":[{"embeddable":true,"href":"https:\/\/www.noubarris.net\/web40\/wp-json\/wp\/v2\/media\/78593"}],"wp:attachment":[{"href":"https:\/\/www.noubarris.net\/web40\/wp-json\/wp\/v2\/media?parent=78592"}],"wp:term":[{"taxonomy":"category","embeddable":true,"href":"https:\/\/www.noubarris.net\/web40\/wp-json\/wp\/v2\/categories?post=78592"},{"taxonomy":"post_tag","embeddable":true,"href":"https:\/\/www.noubarris.net\/web40\/wp-json\/wp\/v2\/tags?post=78592"}],"curies":[{"name":"wp","href":"https:\/\/api.w.org\/{rel}","templated":true}]}}