{"id":78598,"date":"2022-02-11T00:00:17","date_gmt":"2022-02-10T22:00:17","guid":{"rendered":"http:\/\/www.noubarris.net\/web40\/?p=78598"},"modified":"2022-02-10T19:26:38","modified_gmt":"2022-02-10T17:26:38","slug":"conferencia-sobre-les-dones-que-van-donar-pas-a-la-filosofia-i-ciencia-moderna","status":"publish","type":"post","link":"https:\/\/www.noubarris.net\/web40\/conferencia-sobre-les-dones-que-van-donar-pas-a-la-filosofia-i-ciencia-moderna\/","title":{"rendered":"Confer\u00e8ncia sobre les dones que van donar pas a la filosofia i ci\u00e8ncia moderna"},"content":{"rendered":"<p><strong>El centre c\u00edvic Can Verdaguer se suma a les activitats del Dia Internacional de la dona i la nena en la ci\u00e8ncia<\/strong><\/p>\n<p>L&#8217;Assemblea General de les Nacions Unides va proclamar l&#8217;11 de febrer com el Dia Internacional de la dona i la nena en la ci\u00e8ncia. Per aques motiu es duen a terme avui diverses iniciatives amb l&#8217;objectiu de visibilitzar la contribuci\u00f3 i pres\u00e8ncia que tenen les dones en l&#8217;\u00e0mbit cient\u00edfic. En aquest sentit des del centre c\u00edvic Can Verdaguer organitza una confer\u00e8ncia sobre com les fil\u00f2sofes i les cient\u00edfiques van participar activament durant el segle XVII donant pas a la filosofia i ci\u00e8ncia moderna que es van estendre per Europa.<\/p>\n<p>Ho testimonien autores com Elisabeth de Boh\u00e8mia, Margaret Cavendish, Anne Finch Conway, el conjunt de les Precioses amb Madame de S\u00e9vign\u00e9 i Madame de Scud\u00e9ry al davant, Juana In\u00e9s de la Cruz, Mary Astell o Fran\u00e7ois Poulain de la Barre.<\/p>\n<p>Confer\u00e8ncia dones i filosofia: &#8220;El segle del Barroc&#8221;<\/p>\n<p>19 h<br \/>\nA c\u00e0rrec de Xos\u00e9 D\u00edaz, catedr\u00e0tic de filosofia<br \/>\nAforament limitat, m\u00e9s informaci\u00f3 i reserves a <a href=\"http:\/\/ow.ly\/JMXK50HRB0r\" target=\"_blank\" rel=\"noopener\">http:\/\/ow.ly\/JMXK50HRB0r<\/a><br \/>\nEmissi\u00f3 en directe a la p\u00e0gina web<a href=\"https:\/\/canverdaguer.com\/emissio-en-directe\/\" target=\"_blank\" rel=\"noopener\"> https:\/\/canverdaguer.com\/emissio-en-directe\/<\/a><br \/>\nCentre C\u00edvic Can Verdaguer, carrer de Piferrer, 94<\/p>\n","protected":false},"excerpt":{"rendered":"<p>El centre c\u00edvic Can Verdaguer se suma a les activitats del Dia Internacional de la dona i la nena en<\/p>\n","protected":false},"author":2,"featured_media":78599,"comment_status":"closed","ping_status":"closed","sticky":false,"template":"","format":"standard","meta":{"colormag_page_layout":"default_layout","_monsterinsights_skip_tracking":false,"_monsterinsights_sitenote_active":false,"_monsterinsights_sitenote_note":"","_monsterinsights_sitenote_category":0,"footnotes":""},"categories":[134,124],"tags":[226,662,675,44],"class_list":["post-78598","post","type-post","status-publish","format-standard","has-post-thumbnail","hentry","category-porta","category-societat","tag-can-verdaguer","tag-ciencia","tag-dona","tag-porta"],"yoast_head":"<!-- This site is optimized with the Yoast SEO plugin v25.3 - https:\/\/yoast.com\/wordpress\/plugins\/seo\/ -->\n<title>Confer\u00e8ncia sobre les dones que van donar pas a la filosofia i ci\u00e8ncia moderna - NouBarris.Net<\/title>\n<meta name=\"robots\" content=\"index, follow, max-snippet:-1, max-image-preview:large, max-video-preview:-1\" \/>\n<link rel=\"canonical\" href=\"https:\/\/www.noubarris.net\/web40\/conferencia-sobre-les-dones-que-van-donar-pas-a-la-filosofia-i-ciencia-moderna\/\" \/>\n<meta property=\"og:locale\" content=\"ca_ES\" \/>\n<meta property=\"og:type\" content=\"article\" \/>\n<meta property=\"og:title\" content=\"Confer\u00e8ncia sobre les dones que van donar pas a la filosofia i ci\u00e8ncia moderna - NouBarris.Net\" \/>\n<meta property=\"og:description\" content=\"El centre c\u00edvic Can Verdaguer se suma a les activitats del Dia Internacional de la dona i la nena en\" \/>\n<meta property=\"og:url\" content=\"https:\/\/www.noubarris.net\/web40\/conferencia-sobre-les-dones-que-van-donar-pas-a-la-filosofia-i-ciencia-moderna\/\" \/>\n<meta property=\"og:site_name\" content=\"NouBarris.Net\" \/>\n<meta property=\"article:publisher\" content=\"https:\/\/www.facebook.com\/NouBarris.net\/?locale=es_ES\" \/>\n<meta property=\"article:published_time\" content=\"2022-02-10T22:00:17+00:00\" \/>\n<meta property=\"og:image\" content=\"https:\/\/www.noubarris.net\/web40\/wp-content\/uploads\/2022\/02\/110222.jpg\" \/>\n\t<meta property=\"og:image:width\" content=\"768\" \/>\n\t<meta property=\"og:image:height\" content=\"432\" \/>\n\t<meta property=\"og:image:type\" content=\"image\/jpeg\" \/>\n<meta name=\"author\" content=\"Informatius\" \/>\n<meta name=\"twitter:card\" content=\"summary_large_image\" \/>\n<meta name=\"twitter:creator\" content=\"@9BTV\" \/>\n<meta name=\"twitter:site\" content=\"@9BTV\" \/>\n<meta name=\"twitter:label1\" content=\"Escrit per\" \/>\n\t<meta name=\"twitter:data1\" content=\"Informatius\" \/>\n\t<meta name=\"twitter:label2\" content=\"Temps estimat de lectura\" \/>\n\t<meta name=\"twitter:data2\" content=\"1 minut\" \/>\n<script type=\"application\/ld+json\" class=\"yoast-schema-graph\">{\"@context\":\"https:\/\/schema.org\",\"@graph\":[{\"@type\":\"Article\",\"@id\":\"https:\/\/www.noubarris.net\/web40\/conferencia-sobre-les-dones-que-van-donar-pas-a-la-filosofia-i-ciencia-moderna\/#article\",\"isPartOf\":{\"@id\":\"https:\/\/www.noubarris.net\/web40\/conferencia-sobre-les-dones-que-van-donar-pas-a-la-filosofia-i-ciencia-moderna\/\"},\"author\":{\"name\":\"Informatius\",\"@id\":\"https:\/\/www.noubarris.net\/web40\/#\/schema\/person\/1827f92aaa316c54abbf4dac0de76069\"},\"headline\":\"Confer\u00e8ncia sobre les dones que van donar pas a la filosofia i ci\u00e8ncia moderna\",\"datePublished\":\"2022-02-10T22:00:17+00:00\",\"mainEntityOfPage\":{\"@id\":\"https:\/\/www.noubarris.net\/web40\/conferencia-sobre-les-dones-que-van-donar-pas-a-la-filosofia-i-ciencia-moderna\/\"},\"wordCount\":240,\"publisher\":{\"@id\":\"https:\/\/www.noubarris.net\/web40\/#organization\"},\"image\":{\"@id\":\"https:\/\/www.noubarris.net\/web40\/conferencia-sobre-les-dones-que-van-donar-pas-a-la-filosofia-i-ciencia-moderna\/#primaryimage\"},\"thumbnailUrl\":\"https:\/\/www.noubarris.net\/web40\/wp-content\/uploads\/2022\/02\/110222.jpg\",\"keywords\":[\"Can Verdaguer\",\"ci\u00e8ncia\",\"dona\",\"Porta\"],\"articleSection\":[\"Porta\",\"Societat\"],\"inLanguage\":\"ca\"},{\"@type\":\"WebPage\",\"@id\":\"https:\/\/www.noubarris.net\/web40\/conferencia-sobre-les-dones-que-van-donar-pas-a-la-filosofia-i-ciencia-moderna\/\",\"url\":\"https:\/\/www.noubarris.net\/web40\/conferencia-sobre-les-dones-que-van-donar-pas-a-la-filosofia-i-ciencia-moderna\/\",\"name\":\"Confer\u00e8ncia sobre les dones que van donar pas a la filosofia i ci\u00e8ncia moderna - NouBarris.Net\",\"isPartOf\":{\"@id\":\"https:\/\/www.noubarris.net\/web40\/#website\"},\"primaryImageOfPage\":{\"@id\":\"https:\/\/www.noubarris.net\/web40\/conferencia-sobre-les-dones-que-van-donar-pas-a-la-filosofia-i-ciencia-moderna\/#primaryimage\"},\"image\":{\"@id\":\"https:\/\/www.noubarris.net\/web40\/conferencia-sobre-les-dones-que-van-donar-pas-a-la-filosofia-i-ciencia-moderna\/#primaryimage\"},\"thumbnailUrl\":\"https:\/\/www.noubarris.net\/web40\/wp-content\/uploads\/2022\/02\/110222.jpg\",\"datePublished\":\"2022-02-10T22:00:17+00:00\",\"breadcrumb\":{\"@id\":\"https:\/\/www.noubarris.net\/web40\/conferencia-sobre-les-dones-que-van-donar-pas-a-la-filosofia-i-ciencia-moderna\/#breadcrumb\"},\"inLanguage\":\"ca\",\"potentialAction\":[{\"@type\":\"ReadAction\",\"target\":[\"https:\/\/www.noubarris.net\/web40\/conferencia-sobre-les-dones-que-van-donar-pas-a-la-filosofia-i-ciencia-moderna\/\"]}]},{\"@type\":\"ImageObject\",\"inLanguage\":\"ca\",\"@id\":\"https:\/\/www.noubarris.net\/web40\/conferencia-sobre-les-dones-que-van-donar-pas-a-la-filosofia-i-ciencia-moderna\/#primaryimage\",\"url\":\"https:\/\/www.noubarris.net\/web40\/wp-content\/uploads\/2022\/02\/110222.jpg\",\"contentUrl\":\"https:\/\/www.noubarris.net\/web40\/wp-content\/uploads\/2022\/02\/110222.jpg\",\"width\":768,\"height\":432},{\"@type\":\"BreadcrumbList\",\"@id\":\"https:\/\/www.noubarris.net\/web40\/conferencia-sobre-les-dones-que-van-donar-pas-a-la-filosofia-i-ciencia-moderna\/#breadcrumb\",\"itemListElement\":[{\"@type\":\"ListItem\",\"position\":1,\"name\":\"Inici\",\"item\":\"https:\/\/www.noubarris.net\/web40\/\"},{\"@type\":\"ListItem\",\"position\":2,\"name\":\"Confer\u00e8ncia sobre les dones que van donar pas a la filosofia i ci\u00e8ncia moderna\"}]},{\"@type\":\"WebSite\",\"@id\":\"https:\/\/www.noubarris.net\/web40\/#website\",\"url\":\"https:\/\/www.noubarris.net\/web40\/\",\"name\":\"NouBarris.Net\",\"description\":\"Seguint la vida de Nou Barris des de 1985\",\"publisher\":{\"@id\":\"https:\/\/www.noubarris.net\/web40\/#organization\"},\"potentialAction\":[{\"@type\":\"SearchAction\",\"target\":{\"@type\":\"EntryPoint\",\"urlTemplate\":\"https:\/\/www.noubarris.net\/web40\/?s={search_term_string}\"},\"query-input\":{\"@type\":\"PropertyValueSpecification\",\"valueRequired\":true,\"valueName\":\"search_term_string\"}}],\"inLanguage\":\"ca\"},{\"@type\":\"Organization\",\"@id\":\"https:\/\/www.noubarris.net\/web40\/#organization\",\"name\":\"NouBarris.Net\",\"url\":\"https:\/\/www.noubarris.net\/web40\/\",\"logo\":{\"@type\":\"ImageObject\",\"inLanguage\":\"ca\",\"@id\":\"https:\/\/www.noubarris.net\/web40\/#\/schema\/logo\/image\/\",\"url\":\"https:\/\/www.noubarris.net\/web40\/wp-content\/uploads\/2024\/11\/cropped-cropped-LOGO_9BTV-2024_Insta-1.jpg\",\"contentUrl\":\"https:\/\/www.noubarris.net\/web40\/wp-content\/uploads\/2024\/11\/cropped-cropped-LOGO_9BTV-2024_Insta-1.jpg\",\"width\":512,\"height\":512,\"caption\":\"NouBarris.Net\"},\"image\":{\"@id\":\"https:\/\/www.noubarris.net\/web40\/#\/schema\/logo\/image\/\"},\"sameAs\":[\"https:\/\/www.facebook.com\/NouBarris.net\/?locale=es_ES\",\"https:\/\/x.com\/9BTV\"]},{\"@type\":\"Person\",\"@id\":\"https:\/\/www.noubarris.net\/web40\/#\/schema\/person\/1827f92aaa316c54abbf4dac0de76069\",\"name\":\"Informatius\",\"image\":{\"@type\":\"ImageObject\",\"inLanguage\":\"ca\",\"@id\":\"https:\/\/www.noubarris.net\/web40\/#\/schema\/person\/image\/\",\"url\":\"https:\/\/secure.gravatar.com\/avatar\/87a3b47928835fc72c6ee5b0e1a7263ef0c2d05003a98189bc14926c5f11bcdb?s=96&d=mm&r=g\",\"contentUrl\":\"https:\/\/secure.gravatar.com\/avatar\/87a3b47928835fc72c6ee5b0e1a7263ef0c2d05003a98189bc14926c5f11bcdb?s=96&d=mm&r=g\",\"caption\":\"Informatius\"},\"url\":\"https:\/\/www.noubarris.net\/web40\/author\/tele\/\"}]}<\/script>\n<!-- \/ Yoast SEO plugin. -->","yoast_head_json":{"title":"Confer\u00e8ncia sobre les dones que van donar pas a la filosofia i ci\u00e8ncia moderna - NouBarris.Net","robots":{"index":"index","follow":"follow","max-snippet":"max-snippet:-1","max-image-preview":"max-image-preview:large","max-video-preview":"max-video-preview:-1"},"canonical":"https:\/\/www.noubarris.net\/web40\/conferencia-sobre-les-dones-que-van-donar-pas-a-la-filosofia-i-ciencia-moderna\/","og_locale":"ca_ES","og_type":"article","og_title":"Confer\u00e8ncia sobre les dones que van donar pas a la filosofia i ci\u00e8ncia moderna - NouBarris.Net","og_description":"El centre c\u00edvic Can Verdaguer se suma a les activitats del Dia Internacional de la dona i la nena en","og_url":"https:\/\/www.noubarris.net\/web40\/conferencia-sobre-les-dones-que-van-donar-pas-a-la-filosofia-i-ciencia-moderna\/","og_site_name":"NouBarris.Net","article_publisher":"https:\/\/www.facebook.com\/NouBarris.net\/?locale=es_ES","article_published_time":"2022-02-10T22:00:17+00:00","og_image":[{"width":768,"height":432,"url":"https:\/\/www.noubarris.net\/web40\/wp-content\/uploads\/2022\/02\/110222.jpg","type":"image\/jpeg"}],"author":"Informatius","twitter_card":"summary_large_image","twitter_creator":"@9BTV","twitter_site":"@9BTV","twitter_misc":{"Escrit per":"Informatius","Temps estimat de lectura":"1 minut"},"schema":{"@context":"https:\/\/schema.org","@graph":[{"@type":"Article","@id":"https:\/\/www.noubarris.net\/web40\/conferencia-sobre-les-dones-que-van-donar-pas-a-la-filosofia-i-ciencia-moderna\/#article","isPartOf":{"@id":"https:\/\/www.noubarris.net\/web40\/conferencia-sobre-les-dones-que-van-donar-pas-a-la-filosofia-i-ciencia-moderna\/"},"author":{"name":"Informatius","@id":"https:\/\/www.noubarris.net\/web40\/#\/schema\/person\/1827f92aaa316c54abbf4dac0de76069"},"headline":"Confer\u00e8ncia sobre les dones que van donar pas a la filosofia i ci\u00e8ncia moderna","datePublished":"2022-02-10T22:00:17+00:00","mainEntityOfPage":{"@id":"https:\/\/www.noubarris.net\/web40\/conferencia-sobre-les-dones-que-van-donar-pas-a-la-filosofia-i-ciencia-moderna\/"},"wordCount":240,"publisher":{"@id":"https:\/\/www.noubarris.net\/web40\/#organization"},"image":{"@id":"https:\/\/www.noubarris.net\/web40\/conferencia-sobre-les-dones-que-van-donar-pas-a-la-filosofia-i-ciencia-moderna\/#primaryimage"},"thumbnailUrl":"https:\/\/www.noubarris.net\/web40\/wp-content\/uploads\/2022\/02\/110222.jpg","keywords":["Can Verdaguer","ci\u00e8ncia","dona","Porta"],"articleSection":["Porta","Societat"],"inLanguage":"ca"},{"@type":"WebPage","@id":"https:\/\/www.noubarris.net\/web40\/conferencia-sobre-les-dones-que-van-donar-pas-a-la-filosofia-i-ciencia-moderna\/","url":"https:\/\/www.noubarris.net\/web40\/conferencia-sobre-les-dones-que-van-donar-pas-a-la-filosofia-i-ciencia-moderna\/","name":"Confer\u00e8ncia sobre les dones que van donar pas a la filosofia i ci\u00e8ncia moderna - NouBarris.Net","isPartOf":{"@id":"https:\/\/www.noubarris.net\/web40\/#website"},"primaryImageOfPage":{"@id":"https:\/\/www.noubarris.net\/web40\/conferencia-sobre-les-dones-que-van-donar-pas-a-la-filosofia-i-ciencia-moderna\/#primaryimage"},"image":{"@id":"https:\/\/www.noubarris.net\/web40\/conferencia-sobre-les-dones-que-van-donar-pas-a-la-filosofia-i-ciencia-moderna\/#primaryimage"},"thumbnailUrl":"https:\/\/www.noubarris.net\/web40\/wp-content\/uploads\/2022\/02\/110222.jpg","datePublished":"2022-02-10T22:00:17+00:00","breadcrumb":{"@id":"https:\/\/www.noubarris.net\/web40\/conferencia-sobre-les-dones-que-van-donar-pas-a-la-filosofia-i-ciencia-moderna\/#breadcrumb"},"inLanguage":"ca","potentialAction":[{"@type":"ReadAction","target":["https:\/\/www.noubarris.net\/web40\/conferencia-sobre-les-dones-que-van-donar-pas-a-la-filosofia-i-ciencia-moderna\/"]}]},{"@type":"ImageObject","inLanguage":"ca","@id":"https:\/\/www.noubarris.net\/web40\/conferencia-sobre-les-dones-que-van-donar-pas-a-la-filosofia-i-ciencia-moderna\/#primaryimage","url":"https:\/\/www.noubarris.net\/web40\/wp-content\/uploads\/2022\/02\/110222.jpg","contentUrl":"https:\/\/www.noubarris.net\/web40\/wp-content\/uploads\/2022\/02\/110222.jpg","width":768,"height":432},{"@type":"BreadcrumbList","@id":"https:\/\/www.noubarris.net\/web40\/conferencia-sobre-les-dones-que-van-donar-pas-a-la-filosofia-i-ciencia-moderna\/#breadcrumb","itemListElement":[{"@type":"ListItem","position":1,"name":"Inici","item":"https:\/\/www.noubarris.net\/web40\/"},{"@type":"ListItem","position":2,"name":"Confer\u00e8ncia sobre les dones que van donar pas a la filosofia i ci\u00e8ncia moderna"}]},{"@type":"WebSite","@id":"https:\/\/www.noubarris.net\/web40\/#website","url":"https:\/\/www.noubarris.net\/web40\/","name":"NouBarris.Net","description":"Seguint la vida de Nou Barris des de 1985","publisher":{"@id":"https:\/\/www.noubarris.net\/web40\/#organization"},"potentialAction":[{"@type":"SearchAction","target":{"@type":"EntryPoint","urlTemplate":"https:\/\/www.noubarris.net\/web40\/?s={search_term_string}"},"query-input":{"@type":"PropertyValueSpecification","valueRequired":true,"valueName":"search_term_string"}}],"inLanguage":"ca"},{"@type":"Organization","@id":"https:\/\/www.noubarris.net\/web40\/#organization","name":"NouBarris.Net","url":"https:\/\/www.noubarris.net\/web40\/","logo":{"@type":"ImageObject","inLanguage":"ca","@id":"https:\/\/www.noubarris.net\/web40\/#\/schema\/logo\/image\/","url":"https:\/\/www.noubarris.net\/web40\/wp-content\/uploads\/2024\/11\/cropped-cropped-LOGO_9BTV-2024_Insta-1.jpg","contentUrl":"https:\/\/www.noubarris.net\/web40\/wp-content\/uploads\/2024\/11\/cropped-cropped-LOGO_9BTV-2024_Insta-1.jpg","width":512,"height":512,"caption":"NouBarris.Net"},"image":{"@id":"https:\/\/www.noubarris.net\/web40\/#\/schema\/logo\/image\/"},"sameAs":["https:\/\/www.facebook.com\/NouBarris.net\/?locale=es_ES","https:\/\/x.com\/9BTV"]},{"@type":"Person","@id":"https:\/\/www.noubarris.net\/web40\/#\/schema\/person\/1827f92aaa316c54abbf4dac0de76069","name":"Informatius","image":{"@type":"ImageObject","inLanguage":"ca","@id":"https:\/\/www.noubarris.net\/web40\/#\/schema\/person\/image\/","url":"https:\/\/secure.gravatar.com\/avatar\/87a3b47928835fc72c6ee5b0e1a7263ef0c2d05003a98189bc14926c5f11bcdb?s=96&d=mm&r=g","contentUrl":"https:\/\/secure.gravatar.com\/avatar\/87a3b47928835fc72c6ee5b0e1a7263ef0c2d05003a98189bc14926c5f11bcdb?s=96&d=mm&r=g","caption":"Informatius"},"url":"https:\/\/www.noubarris.net\/web40\/author\/tele\/"}]}},"_links":{"self":[{"href":"https:\/\/www.noubarris.net\/web40\/wp-json\/wp\/v2\/posts\/78598","targetHints":{"allow":["GET"]}}],"collection":[{"href":"https:\/\/www.noubarris.net\/web40\/wp-json\/wp\/v2\/posts"}],"about":[{"href":"https:\/\/www.noubarris.net\/web40\/wp-json\/wp\/v2\/types\/post"}],"author":[{"embeddable":true,"href":"https:\/\/www.noubarris.net\/web40\/wp-json\/wp\/v2\/users\/2"}],"replies":[{"embeddable":true,"href":"https:\/\/www.noubarris.net\/web40\/wp-json\/wp\/v2\/comments?post=78598"}],"version-history":[{"count":1,"href":"https:\/\/www.noubarris.net\/web40\/wp-json\/wp\/v2\/posts\/78598\/revisions"}],"predecessor-version":[{"id":78600,"href":"https:\/\/www.noubarris.net\/web40\/wp-json\/wp\/v2\/posts\/78598\/revisions\/78600"}],"wp:featuredmedia":[{"embeddable":true,"href":"https:\/\/www.noubarris.net\/web40\/wp-json\/wp\/v2\/media\/78599"}],"wp:attachment":[{"href":"https:\/\/www.noubarris.net\/web40\/wp-json\/wp\/v2\/media?parent=78598"}],"wp:term":[{"taxonomy":"category","embeddable":true,"href":"https:\/\/www.noubarris.net\/web40\/wp-json\/wp\/v2\/categories?post=78598"},{"taxonomy":"post_tag","embeddable":true,"href":"https:\/\/www.noubarris.net\/web40\/wp-json\/wp\/v2\/tags?post=78598"}],"curies":[{"name":"wp","href":"https:\/\/api.w.org\/{rel}","templated":true}]}}