{"id":78604,"date":"2022-02-13T00:00:50","date_gmt":"2022-02-12T22:00:50","guid":{"rendered":"http:\/\/www.noubarris.net\/web40\/?p=78604"},"modified":"2022-02-10T20:03:29","modified_gmt":"2022-02-10T18:03:29","slug":"dia-del-soci-de-lagrupacio-sardanista-lideal-den-clave","status":"publish","type":"post","link":"https:\/\/www.noubarris.net\/web40\/dia-del-soci-de-lagrupacio-sardanista-lideal-den-clave\/","title":{"rendered":"Dia del soci de l&#8217;Agrupaci\u00f3 Sardanista l\u2019Ideal d\u2019en Clav\u00e9"},"content":{"rendered":"<p><strong>La cita torna despr\u00e9s de l&#8217;aturada per la pand\u00e8mia amb una ballada de sardanes i un concert especial<\/strong><\/p>\n<p>Per als socis de l&#8217;agrupaci\u00f3 Sardanista l\u2019Ideal d\u2019en Clav\u00e9 hi ha una festa que acostuma a ser una mena d&#8217;obligaci\u00f3 moral d&#8217;assistir-hi, que \u00e9s el Dia del soci. Es celebra quasi sempre al mes de febrer, i aquest any torna despr\u00e9s de l&#8217;aturada per la pand\u00e8mia. L&#8217;actractiu d&#8217;aquesta jornada rau en que \u00e9s una cita de germanor, amb un contingut musical variat. Per celebrar el Dia del soci l&#8217;entitat acostuma a contractar cobles orquestra de gran renom.\u00a0 Per al dia d&#8217;avui us oferim la programaci\u00f3:<\/p>\n<p>11.30h Ballada de sardanes amb la cobla Ciutat de Girona (parc de la Guineueta).<br \/>\n18h Concert especial\u00a0 \u201cViladesau, de m\u00fasic a mite\u201d, a c\u00e0rrec de la cobla Ciutat de Girona (Can Drag\u00f3, passatge d&#8217;Andreu Nin amb carrer de Rossell\u00f3 i Porcel).<\/p>\n","protected":false},"excerpt":{"rendered":"<p>La cita torna despr\u00e9s de l&#8217;aturada per la pand\u00e8mia amb una ballada de sardanes i un concert especial Per als<\/p>\n","protected":false},"author":2,"featured_media":78605,"comment_status":"closed","ping_status":"closed","sticky":false,"template":"","format":"standard","meta":{"colormag_page_layout":"default_layout","_monsterinsights_skip_tracking":false,"_monsterinsights_sitenote_active":false,"_monsterinsights_sitenote_note":"","_monsterinsights_sitenote_category":0,"footnotes":""},"categories":[129,1],"tags":[319,481],"class_list":["post-78604","post","type-post","status-publish","format-standard","has-post-thumbnail","hentry","category-cultura","category-nou-barris","tag-nou-barris","tag-sardanes"],"yoast_head":"<!-- This site is optimized with the Yoast SEO plugin v25.3 - https:\/\/yoast.com\/wordpress\/plugins\/seo\/ -->\n<title>Dia del soci de l&#039;Agrupaci\u00f3 Sardanista l\u2019Ideal d\u2019en Clav\u00e9 - NouBarris.Net<\/title>\n<meta name=\"robots\" content=\"index, follow, max-snippet:-1, max-image-preview:large, max-video-preview:-1\" \/>\n<link rel=\"canonical\" href=\"https:\/\/www.noubarris.net\/web40\/dia-del-soci-de-lagrupacio-sardanista-lideal-den-clave\/\" \/>\n<meta property=\"og:locale\" content=\"ca_ES\" \/>\n<meta property=\"og:type\" content=\"article\" \/>\n<meta property=\"og:title\" content=\"Dia del soci de l&#039;Agrupaci\u00f3 Sardanista l\u2019Ideal d\u2019en Clav\u00e9 - NouBarris.Net\" \/>\n<meta property=\"og:description\" content=\"La cita torna despr\u00e9s de l&#8217;aturada per la pand\u00e8mia amb una ballada de sardanes i un concert especial Per als\" \/>\n<meta property=\"og:url\" content=\"https:\/\/www.noubarris.net\/web40\/dia-del-soci-de-lagrupacio-sardanista-lideal-den-clave\/\" \/>\n<meta property=\"og:site_name\" content=\"NouBarris.Net\" \/>\n<meta property=\"article:publisher\" content=\"https:\/\/www.facebook.com\/NouBarris.net\/?locale=es_ES\" \/>\n<meta property=\"article:published_time\" content=\"2022-02-12T22:00:50+00:00\" \/>\n<meta property=\"og:image\" content=\"https:\/\/www.noubarris.net\/web40\/wp-content\/uploads\/2022\/02\/130222.jpg\" \/>\n\t<meta property=\"og:image:width\" content=\"768\" \/>\n\t<meta property=\"og:image:height\" content=\"432\" \/>\n\t<meta property=\"og:image:type\" content=\"image\/jpeg\" \/>\n<meta name=\"author\" content=\"Informatius\" \/>\n<meta name=\"twitter:card\" content=\"summary_large_image\" \/>\n<meta name=\"twitter:creator\" content=\"@9BTV\" \/>\n<meta name=\"twitter:site\" content=\"@9BTV\" \/>\n<meta name=\"twitter:label1\" content=\"Escrit per\" \/>\n\t<meta name=\"twitter:data1\" content=\"Informatius\" \/>\n\t<meta name=\"twitter:label2\" content=\"Temps estimat de lectura\" \/>\n\t<meta name=\"twitter:data2\" content=\"1 minut\" \/>\n<script type=\"application\/ld+json\" class=\"yoast-schema-graph\">{\"@context\":\"https:\/\/schema.org\",\"@graph\":[{\"@type\":\"Article\",\"@id\":\"https:\/\/www.noubarris.net\/web40\/dia-del-soci-de-lagrupacio-sardanista-lideal-den-clave\/#article\",\"isPartOf\":{\"@id\":\"https:\/\/www.noubarris.net\/web40\/dia-del-soci-de-lagrupacio-sardanista-lideal-den-clave\/\"},\"author\":{\"name\":\"Informatius\",\"@id\":\"https:\/\/www.noubarris.net\/web40\/#\/schema\/person\/1827f92aaa316c54abbf4dac0de76069\"},\"headline\":\"Dia del soci de l&#8217;Agrupaci\u00f3 Sardanista l\u2019Ideal d\u2019en Clav\u00e9\",\"datePublished\":\"2022-02-12T22:00:50+00:00\",\"mainEntityOfPage\":{\"@id\":\"https:\/\/www.noubarris.net\/web40\/dia-del-soci-de-lagrupacio-sardanista-lideal-den-clave\/\"},\"wordCount\":174,\"publisher\":{\"@id\":\"https:\/\/www.noubarris.net\/web40\/#organization\"},\"image\":{\"@id\":\"https:\/\/www.noubarris.net\/web40\/dia-del-soci-de-lagrupacio-sardanista-lideal-den-clave\/#primaryimage\"},\"thumbnailUrl\":\"https:\/\/www.noubarris.net\/web40\/wp-content\/uploads\/2022\/02\/130222.jpg\",\"keywords\":[\"Nou Barris\",\"sardanes\"],\"articleSection\":[\"Cultura\",\"Nou Barris\"],\"inLanguage\":\"ca\"},{\"@type\":\"WebPage\",\"@id\":\"https:\/\/www.noubarris.net\/web40\/dia-del-soci-de-lagrupacio-sardanista-lideal-den-clave\/\",\"url\":\"https:\/\/www.noubarris.net\/web40\/dia-del-soci-de-lagrupacio-sardanista-lideal-den-clave\/\",\"name\":\"Dia del soci de l'Agrupaci\u00f3 Sardanista l\u2019Ideal d\u2019en Clav\u00e9 - NouBarris.Net\",\"isPartOf\":{\"@id\":\"https:\/\/www.noubarris.net\/web40\/#website\"},\"primaryImageOfPage\":{\"@id\":\"https:\/\/www.noubarris.net\/web40\/dia-del-soci-de-lagrupacio-sardanista-lideal-den-clave\/#primaryimage\"},\"image\":{\"@id\":\"https:\/\/www.noubarris.net\/web40\/dia-del-soci-de-lagrupacio-sardanista-lideal-den-clave\/#primaryimage\"},\"thumbnailUrl\":\"https:\/\/www.noubarris.net\/web40\/wp-content\/uploads\/2022\/02\/130222.jpg\",\"datePublished\":\"2022-02-12T22:00:50+00:00\",\"breadcrumb\":{\"@id\":\"https:\/\/www.noubarris.net\/web40\/dia-del-soci-de-lagrupacio-sardanista-lideal-den-clave\/#breadcrumb\"},\"inLanguage\":\"ca\",\"potentialAction\":[{\"@type\":\"ReadAction\",\"target\":[\"https:\/\/www.noubarris.net\/web40\/dia-del-soci-de-lagrupacio-sardanista-lideal-den-clave\/\"]}]},{\"@type\":\"ImageObject\",\"inLanguage\":\"ca\",\"@id\":\"https:\/\/www.noubarris.net\/web40\/dia-del-soci-de-lagrupacio-sardanista-lideal-den-clave\/#primaryimage\",\"url\":\"https:\/\/www.noubarris.net\/web40\/wp-content\/uploads\/2022\/02\/130222.jpg\",\"contentUrl\":\"https:\/\/www.noubarris.net\/web40\/wp-content\/uploads\/2022\/02\/130222.jpg\",\"width\":768,\"height\":432},{\"@type\":\"BreadcrumbList\",\"@id\":\"https:\/\/www.noubarris.net\/web40\/dia-del-soci-de-lagrupacio-sardanista-lideal-den-clave\/#breadcrumb\",\"itemListElement\":[{\"@type\":\"ListItem\",\"position\":1,\"name\":\"Inici\",\"item\":\"https:\/\/www.noubarris.net\/web40\/\"},{\"@type\":\"ListItem\",\"position\":2,\"name\":\"Dia del soci de l&#8217;Agrupaci\u00f3 Sardanista l\u2019Ideal d\u2019en Clav\u00e9\"}]},{\"@type\":\"WebSite\",\"@id\":\"https:\/\/www.noubarris.net\/web40\/#website\",\"url\":\"https:\/\/www.noubarris.net\/web40\/\",\"name\":\"NouBarris.Net\",\"description\":\"Seguint la vida de Nou Barris des de 1985\",\"publisher\":{\"@id\":\"https:\/\/www.noubarris.net\/web40\/#organization\"},\"potentialAction\":[{\"@type\":\"SearchAction\",\"target\":{\"@type\":\"EntryPoint\",\"urlTemplate\":\"https:\/\/www.noubarris.net\/web40\/?s={search_term_string}\"},\"query-input\":{\"@type\":\"PropertyValueSpecification\",\"valueRequired\":true,\"valueName\":\"search_term_string\"}}],\"inLanguage\":\"ca\"},{\"@type\":\"Organization\",\"@id\":\"https:\/\/www.noubarris.net\/web40\/#organization\",\"name\":\"NouBarris.Net\",\"url\":\"https:\/\/www.noubarris.net\/web40\/\",\"logo\":{\"@type\":\"ImageObject\",\"inLanguage\":\"ca\",\"@id\":\"https:\/\/www.noubarris.net\/web40\/#\/schema\/logo\/image\/\",\"url\":\"https:\/\/www.noubarris.net\/web40\/wp-content\/uploads\/2024\/11\/cropped-cropped-LOGO_9BTV-2024_Insta-1.jpg\",\"contentUrl\":\"https:\/\/www.noubarris.net\/web40\/wp-content\/uploads\/2024\/11\/cropped-cropped-LOGO_9BTV-2024_Insta-1.jpg\",\"width\":512,\"height\":512,\"caption\":\"NouBarris.Net\"},\"image\":{\"@id\":\"https:\/\/www.noubarris.net\/web40\/#\/schema\/logo\/image\/\"},\"sameAs\":[\"https:\/\/www.facebook.com\/NouBarris.net\/?locale=es_ES\",\"https:\/\/x.com\/9BTV\"]},{\"@type\":\"Person\",\"@id\":\"https:\/\/www.noubarris.net\/web40\/#\/schema\/person\/1827f92aaa316c54abbf4dac0de76069\",\"name\":\"Informatius\",\"image\":{\"@type\":\"ImageObject\",\"inLanguage\":\"ca\",\"@id\":\"https:\/\/www.noubarris.net\/web40\/#\/schema\/person\/image\/\",\"url\":\"https:\/\/secure.gravatar.com\/avatar\/87a3b47928835fc72c6ee5b0e1a7263ef0c2d05003a98189bc14926c5f11bcdb?s=96&d=mm&r=g\",\"contentUrl\":\"https:\/\/secure.gravatar.com\/avatar\/87a3b47928835fc72c6ee5b0e1a7263ef0c2d05003a98189bc14926c5f11bcdb?s=96&d=mm&r=g\",\"caption\":\"Informatius\"},\"url\":\"https:\/\/www.noubarris.net\/web40\/author\/tele\/\"}]}<\/script>\n<!-- \/ Yoast SEO plugin. -->","yoast_head_json":{"title":"Dia del soci de l'Agrupaci\u00f3 Sardanista l\u2019Ideal d\u2019en Clav\u00e9 - NouBarris.Net","robots":{"index":"index","follow":"follow","max-snippet":"max-snippet:-1","max-image-preview":"max-image-preview:large","max-video-preview":"max-video-preview:-1"},"canonical":"https:\/\/www.noubarris.net\/web40\/dia-del-soci-de-lagrupacio-sardanista-lideal-den-clave\/","og_locale":"ca_ES","og_type":"article","og_title":"Dia del soci de l'Agrupaci\u00f3 Sardanista l\u2019Ideal d\u2019en Clav\u00e9 - NouBarris.Net","og_description":"La cita torna despr\u00e9s de l&#8217;aturada per la pand\u00e8mia amb una ballada de sardanes i un concert especial Per als","og_url":"https:\/\/www.noubarris.net\/web40\/dia-del-soci-de-lagrupacio-sardanista-lideal-den-clave\/","og_site_name":"NouBarris.Net","article_publisher":"https:\/\/www.facebook.com\/NouBarris.net\/?locale=es_ES","article_published_time":"2022-02-12T22:00:50+00:00","og_image":[{"width":768,"height":432,"url":"https:\/\/www.noubarris.net\/web40\/wp-content\/uploads\/2022\/02\/130222.jpg","type":"image\/jpeg"}],"author":"Informatius","twitter_card":"summary_large_image","twitter_creator":"@9BTV","twitter_site":"@9BTV","twitter_misc":{"Escrit per":"Informatius","Temps estimat de lectura":"1 minut"},"schema":{"@context":"https:\/\/schema.org","@graph":[{"@type":"Article","@id":"https:\/\/www.noubarris.net\/web40\/dia-del-soci-de-lagrupacio-sardanista-lideal-den-clave\/#article","isPartOf":{"@id":"https:\/\/www.noubarris.net\/web40\/dia-del-soci-de-lagrupacio-sardanista-lideal-den-clave\/"},"author":{"name":"Informatius","@id":"https:\/\/www.noubarris.net\/web40\/#\/schema\/person\/1827f92aaa316c54abbf4dac0de76069"},"headline":"Dia del soci de l&#8217;Agrupaci\u00f3 Sardanista l\u2019Ideal d\u2019en Clav\u00e9","datePublished":"2022-02-12T22:00:50+00:00","mainEntityOfPage":{"@id":"https:\/\/www.noubarris.net\/web40\/dia-del-soci-de-lagrupacio-sardanista-lideal-den-clave\/"},"wordCount":174,"publisher":{"@id":"https:\/\/www.noubarris.net\/web40\/#organization"},"image":{"@id":"https:\/\/www.noubarris.net\/web40\/dia-del-soci-de-lagrupacio-sardanista-lideal-den-clave\/#primaryimage"},"thumbnailUrl":"https:\/\/www.noubarris.net\/web40\/wp-content\/uploads\/2022\/02\/130222.jpg","keywords":["Nou Barris","sardanes"],"articleSection":["Cultura","Nou Barris"],"inLanguage":"ca"},{"@type":"WebPage","@id":"https:\/\/www.noubarris.net\/web40\/dia-del-soci-de-lagrupacio-sardanista-lideal-den-clave\/","url":"https:\/\/www.noubarris.net\/web40\/dia-del-soci-de-lagrupacio-sardanista-lideal-den-clave\/","name":"Dia del soci de l'Agrupaci\u00f3 Sardanista l\u2019Ideal d\u2019en Clav\u00e9 - NouBarris.Net","isPartOf":{"@id":"https:\/\/www.noubarris.net\/web40\/#website"},"primaryImageOfPage":{"@id":"https:\/\/www.noubarris.net\/web40\/dia-del-soci-de-lagrupacio-sardanista-lideal-den-clave\/#primaryimage"},"image":{"@id":"https:\/\/www.noubarris.net\/web40\/dia-del-soci-de-lagrupacio-sardanista-lideal-den-clave\/#primaryimage"},"thumbnailUrl":"https:\/\/www.noubarris.net\/web40\/wp-content\/uploads\/2022\/02\/130222.jpg","datePublished":"2022-02-12T22:00:50+00:00","breadcrumb":{"@id":"https:\/\/www.noubarris.net\/web40\/dia-del-soci-de-lagrupacio-sardanista-lideal-den-clave\/#breadcrumb"},"inLanguage":"ca","potentialAction":[{"@type":"ReadAction","target":["https:\/\/www.noubarris.net\/web40\/dia-del-soci-de-lagrupacio-sardanista-lideal-den-clave\/"]}]},{"@type":"ImageObject","inLanguage":"ca","@id":"https:\/\/www.noubarris.net\/web40\/dia-del-soci-de-lagrupacio-sardanista-lideal-den-clave\/#primaryimage","url":"https:\/\/www.noubarris.net\/web40\/wp-content\/uploads\/2022\/02\/130222.jpg","contentUrl":"https:\/\/www.noubarris.net\/web40\/wp-content\/uploads\/2022\/02\/130222.jpg","width":768,"height":432},{"@type":"BreadcrumbList","@id":"https:\/\/www.noubarris.net\/web40\/dia-del-soci-de-lagrupacio-sardanista-lideal-den-clave\/#breadcrumb","itemListElement":[{"@type":"ListItem","position":1,"name":"Inici","item":"https:\/\/www.noubarris.net\/web40\/"},{"@type":"ListItem","position":2,"name":"Dia del soci de l&#8217;Agrupaci\u00f3 Sardanista l\u2019Ideal d\u2019en Clav\u00e9"}]},{"@type":"WebSite","@id":"https:\/\/www.noubarris.net\/web40\/#website","url":"https:\/\/www.noubarris.net\/web40\/","name":"NouBarris.Net","description":"Seguint la vida de Nou Barris des de 1985","publisher":{"@id":"https:\/\/www.noubarris.net\/web40\/#organization"},"potentialAction":[{"@type":"SearchAction","target":{"@type":"EntryPoint","urlTemplate":"https:\/\/www.noubarris.net\/web40\/?s={search_term_string}"},"query-input":{"@type":"PropertyValueSpecification","valueRequired":true,"valueName":"search_term_string"}}],"inLanguage":"ca"},{"@type":"Organization","@id":"https:\/\/www.noubarris.net\/web40\/#organization","name":"NouBarris.Net","url":"https:\/\/www.noubarris.net\/web40\/","logo":{"@type":"ImageObject","inLanguage":"ca","@id":"https:\/\/www.noubarris.net\/web40\/#\/schema\/logo\/image\/","url":"https:\/\/www.noubarris.net\/web40\/wp-content\/uploads\/2024\/11\/cropped-cropped-LOGO_9BTV-2024_Insta-1.jpg","contentUrl":"https:\/\/www.noubarris.net\/web40\/wp-content\/uploads\/2024\/11\/cropped-cropped-LOGO_9BTV-2024_Insta-1.jpg","width":512,"height":512,"caption":"NouBarris.Net"},"image":{"@id":"https:\/\/www.noubarris.net\/web40\/#\/schema\/logo\/image\/"},"sameAs":["https:\/\/www.facebook.com\/NouBarris.net\/?locale=es_ES","https:\/\/x.com\/9BTV"]},{"@type":"Person","@id":"https:\/\/www.noubarris.net\/web40\/#\/schema\/person\/1827f92aaa316c54abbf4dac0de76069","name":"Informatius","image":{"@type":"ImageObject","inLanguage":"ca","@id":"https:\/\/www.noubarris.net\/web40\/#\/schema\/person\/image\/","url":"https:\/\/secure.gravatar.com\/avatar\/87a3b47928835fc72c6ee5b0e1a7263ef0c2d05003a98189bc14926c5f11bcdb?s=96&d=mm&r=g","contentUrl":"https:\/\/secure.gravatar.com\/avatar\/87a3b47928835fc72c6ee5b0e1a7263ef0c2d05003a98189bc14926c5f11bcdb?s=96&d=mm&r=g","caption":"Informatius"},"url":"https:\/\/www.noubarris.net\/web40\/author\/tele\/"}]}},"_links":{"self":[{"href":"https:\/\/www.noubarris.net\/web40\/wp-json\/wp\/v2\/posts\/78604","targetHints":{"allow":["GET"]}}],"collection":[{"href":"https:\/\/www.noubarris.net\/web40\/wp-json\/wp\/v2\/posts"}],"about":[{"href":"https:\/\/www.noubarris.net\/web40\/wp-json\/wp\/v2\/types\/post"}],"author":[{"embeddable":true,"href":"https:\/\/www.noubarris.net\/web40\/wp-json\/wp\/v2\/users\/2"}],"replies":[{"embeddable":true,"href":"https:\/\/www.noubarris.net\/web40\/wp-json\/wp\/v2\/comments?post=78604"}],"version-history":[{"count":1,"href":"https:\/\/www.noubarris.net\/web40\/wp-json\/wp\/v2\/posts\/78604\/revisions"}],"predecessor-version":[{"id":78606,"href":"https:\/\/www.noubarris.net\/web40\/wp-json\/wp\/v2\/posts\/78604\/revisions\/78606"}],"wp:featuredmedia":[{"embeddable":true,"href":"https:\/\/www.noubarris.net\/web40\/wp-json\/wp\/v2\/media\/78605"}],"wp:attachment":[{"href":"https:\/\/www.noubarris.net\/web40\/wp-json\/wp\/v2\/media?parent=78604"}],"wp:term":[{"taxonomy":"category","embeddable":true,"href":"https:\/\/www.noubarris.net\/web40\/wp-json\/wp\/v2\/categories?post=78604"},{"taxonomy":"post_tag","embeddable":true,"href":"https:\/\/www.noubarris.net\/web40\/wp-json\/wp\/v2\/tags?post=78604"}],"curies":[{"name":"wp","href":"https:\/\/api.w.org\/{rel}","templated":true}]}}