{"id":78608,"date":"2022-02-14T00:00:33","date_gmt":"2022-02-13T22:00:33","guid":{"rendered":"http:\/\/www.noubarris.net\/web40\/?p=78608"},"modified":"2022-02-10T20:12:46","modified_gmt":"2022-02-10T18:12:46","slug":"tot-el-que-heu-de-saber-dels-incendis-domestics-i-els-episodis-de-neu-i-gelades","status":"publish","type":"post","link":"https:\/\/www.noubarris.net\/web40\/tot-el-que-heu-de-saber-dels-incendis-domestics-i-els-episodis-de-neu-i-gelades\/","title":{"rendered":"Tot el que heu de saber dels incendis dom\u00e8stics i els episodis de neu i gelades"},"content":{"rendered":"<p><strong>L\u2019Ajuntament de Barcelona engega un seguit de xerrades encaminades a prevenir els incendis dom\u00e8stics i a oferir consells en cas de neu i gelades<\/strong><\/p>\n<p>L\u2019Ajuntament de Barcelona ha comen\u00e7at un seguit de xerrades encaminades a prevenir els incendis dom\u00e8stics i a oferir consells en cas de neu i gelades. En el cas concret de la prevenci\u00f3 d\u2019incendis, la iniciativa s\u2019inclou en la campanya de comunicaci\u00f3\u00a0<a href=\"https:\/\/media-edg.barcelona.cat\/wp-content\/uploads\/2022\/02\/09122726\/0.-consells_bombers_mailing_catala.pdf\" target=\"_blank\" rel=\"noopener\">\u201cMillor prevenir que apagar\u201d<\/a>, pensada per donar a con\u00e8ixer la important tasca del cos de bombers pel que fa a la prevenci\u00f3 de sinistres en general i d\u2019incendis en particular. En aquestes trobades mostraran els recursos de qu\u00e8 disposen i detallaran les mesures per prevenir els incendis dom\u00e8stics, que s\u00f3n els que afecten m\u00e9s directament la ciutadania.<\/p>\n<p>I pel que fa a la q\u00fcesti\u00f3 relativa a la neu i les gelades, tot i que la meteorologia enguany no est\u00e0 duent a la ciutat episodis d\u2019aquesta mena, es considera igualment \u00fatil explicitar alguns consells, especialment dirigits a la ciutadania que viu als barris de muntanya.<\/p>\n<p>A Nou Barris la\u00a0<a href=\"https:\/\/media-edg.barcelona.cat\/wp-content\/uploads\/2022\/02\/09122728\/CartellSessioInformativa_bombersweb.pdf\" target=\"_blank\" rel=\"noopener\">sessi\u00f3<\/a> tindr\u00e0 lloc el dilluns 14 de febrer, a les 18.30h, a la Sala de Plens del Districte, en format semipresencial, i la impartiran membres del cos de Bombers de Barcelona. En aquest sentit, tingueu present es pot:<\/p>\n<ul>\n<li>Assistir-hi presencialment enviant sol\u00b7licitud per correu electr\u00f2nic a\u00a0<a href=\"mailto:comunicacionoubarris@bcn.cat\" target=\"_blank\" rel=\"noopener\">comunicacionoubarris@bcn.cat<\/a>\u00a0fins a 24 h abans de l\u2019inici de la sessi\u00f3<\/li>\n<li>Connectar-vos-hi per videoconfer\u00e8ncia enviant sol\u00b7licitud per correu electr\u00f2nic a\u00a0<a href=\"mailto:comunicacionoubarris@bcn.cat\" target=\"_blank\" rel=\"noopener\">comunicacionoubarris@bcn.cat<\/a>, tamb\u00e9 fins a 24h abans de l\u2019inici de la sessi\u00f3<\/li>\n<li>Seguir la sessi\u00f3 en directe a trav\u00e9s de l\u2019enlla\u00e7\u00a0<a href=\"https:\/\/www.youtube.com\/watch?v=rjg1CoeOxeY\" target=\"_blank\" rel=\"noopener\">https:\/\/www.youtube.com\/watch?v=rjg1CoeOxeY<\/a><\/li>\n<\/ul>\n<p><iframe loading=\"lazy\" title=\"YouTube video player\" src=\"https:\/\/www.youtube.com\/embed\/rjg1CoeOxeY\" width=\"560\" height=\"315\" frameborder=\"0\" allowfullscreen=\"allowfullscreen\"><\/iframe><\/p>\n","protected":false},"excerpt":{"rendered":"<p>L\u2019Ajuntament de Barcelona engega un seguit de xerrades encaminades a prevenir els incendis dom\u00e8stics i a oferir consells en cas<\/p>\n","protected":false},"author":2,"featured_media":78609,"comment_status":"closed","ping_status":"closed","sticky":false,"template":"","format":"standard","meta":{"colormag_page_layout":"default_layout","_monsterinsights_skip_tracking":false,"_monsterinsights_sitenote_active":false,"_monsterinsights_sitenote_note":"","_monsterinsights_sitenote_category":0,"footnotes":""},"categories":[133,124],"tags":[668,479,47,679,329],"class_list":["post-78608","post","type-post","status-publish","format-standard","has-post-thumbnail","hentry","category-la-guineueta","category-societat","tag-bombers","tag-incendi","tag-la-guineueta","tag-pre","tag-xerrada"],"yoast_head":"<!-- This site is optimized with the Yoast SEO plugin v25.3 - https:\/\/yoast.com\/wordpress\/plugins\/seo\/ -->\n<title>Tot el que heu de saber dels incendis dom\u00e8stics i els episodis de neu i gelades - NouBarris.Net<\/title>\n<meta name=\"robots\" content=\"index, follow, max-snippet:-1, max-image-preview:large, max-video-preview:-1\" \/>\n<link rel=\"canonical\" href=\"https:\/\/www.noubarris.net\/web40\/tot-el-que-heu-de-saber-dels-incendis-domestics-i-els-episodis-de-neu-i-gelades\/\" \/>\n<meta property=\"og:locale\" content=\"ca_ES\" \/>\n<meta property=\"og:type\" content=\"article\" \/>\n<meta property=\"og:title\" content=\"Tot el que heu de saber dels incendis dom\u00e8stics i els episodis de neu i gelades - NouBarris.Net\" \/>\n<meta property=\"og:description\" content=\"L\u2019Ajuntament de Barcelona engega un seguit de xerrades encaminades a prevenir els incendis dom\u00e8stics i a oferir consells en cas\" \/>\n<meta property=\"og:url\" content=\"https:\/\/www.noubarris.net\/web40\/tot-el-que-heu-de-saber-dels-incendis-domestics-i-els-episodis-de-neu-i-gelades\/\" \/>\n<meta property=\"og:site_name\" content=\"NouBarris.Net\" \/>\n<meta property=\"article:publisher\" content=\"https:\/\/www.facebook.com\/NouBarris.net\/?locale=es_ES\" \/>\n<meta property=\"article:published_time\" content=\"2022-02-13T22:00:33+00:00\" \/>\n<meta property=\"og:image\" content=\"https:\/\/www.noubarris.net\/web40\/wp-content\/uploads\/2022\/02\/140222.jpg\" \/>\n\t<meta property=\"og:image:width\" content=\"768\" \/>\n\t<meta property=\"og:image:height\" content=\"432\" \/>\n\t<meta property=\"og:image:type\" content=\"image\/jpeg\" \/>\n<meta name=\"author\" content=\"Informatius\" \/>\n<meta name=\"twitter:card\" content=\"summary_large_image\" \/>\n<meta name=\"twitter:creator\" content=\"@9BTV\" \/>\n<meta name=\"twitter:site\" content=\"@9BTV\" \/>\n<meta name=\"twitter:label1\" content=\"Escrit per\" \/>\n\t<meta name=\"twitter:data1\" content=\"Informatius\" \/>\n\t<meta name=\"twitter:label2\" content=\"Temps estimat de lectura\" \/>\n\t<meta name=\"twitter:data2\" content=\"1 minut\" \/>\n<script type=\"application\/ld+json\" class=\"yoast-schema-graph\">{\"@context\":\"https:\/\/schema.org\",\"@graph\":[{\"@type\":\"Article\",\"@id\":\"https:\/\/www.noubarris.net\/web40\/tot-el-que-heu-de-saber-dels-incendis-domestics-i-els-episodis-de-neu-i-gelades\/#article\",\"isPartOf\":{\"@id\":\"https:\/\/www.noubarris.net\/web40\/tot-el-que-heu-de-saber-dels-incendis-domestics-i-els-episodis-de-neu-i-gelades\/\"},\"author\":{\"name\":\"Informatius\",\"@id\":\"https:\/\/www.noubarris.net\/web40\/#\/schema\/person\/1827f92aaa316c54abbf4dac0de76069\"},\"headline\":\"Tot el que heu de saber dels incendis dom\u00e8stics i els episodis de neu i gelades\",\"datePublished\":\"2022-02-13T22:00:33+00:00\",\"mainEntityOfPage\":{\"@id\":\"https:\/\/www.noubarris.net\/web40\/tot-el-que-heu-de-saber-dels-incendis-domestics-i-els-episodis-de-neu-i-gelades\/\"},\"wordCount\":309,\"publisher\":{\"@id\":\"https:\/\/www.noubarris.net\/web40\/#organization\"},\"image\":{\"@id\":\"https:\/\/www.noubarris.net\/web40\/tot-el-que-heu-de-saber-dels-incendis-domestics-i-els-episodis-de-neu-i-gelades\/#primaryimage\"},\"thumbnailUrl\":\"https:\/\/www.noubarris.net\/web40\/wp-content\/uploads\/2022\/02\/140222.jpg\",\"keywords\":[\"bombers\",\"incendi\",\"La Guineueta\",\"pre\",\"Xerrada\"],\"articleSection\":[\"La Guineueta\",\"Societat\"],\"inLanguage\":\"ca\"},{\"@type\":\"WebPage\",\"@id\":\"https:\/\/www.noubarris.net\/web40\/tot-el-que-heu-de-saber-dels-incendis-domestics-i-els-episodis-de-neu-i-gelades\/\",\"url\":\"https:\/\/www.noubarris.net\/web40\/tot-el-que-heu-de-saber-dels-incendis-domestics-i-els-episodis-de-neu-i-gelades\/\",\"name\":\"Tot el que heu de saber dels incendis dom\u00e8stics i els episodis de neu i gelades - NouBarris.Net\",\"isPartOf\":{\"@id\":\"https:\/\/www.noubarris.net\/web40\/#website\"},\"primaryImageOfPage\":{\"@id\":\"https:\/\/www.noubarris.net\/web40\/tot-el-que-heu-de-saber-dels-incendis-domestics-i-els-episodis-de-neu-i-gelades\/#primaryimage\"},\"image\":{\"@id\":\"https:\/\/www.noubarris.net\/web40\/tot-el-que-heu-de-saber-dels-incendis-domestics-i-els-episodis-de-neu-i-gelades\/#primaryimage\"},\"thumbnailUrl\":\"https:\/\/www.noubarris.net\/web40\/wp-content\/uploads\/2022\/02\/140222.jpg\",\"datePublished\":\"2022-02-13T22:00:33+00:00\",\"breadcrumb\":{\"@id\":\"https:\/\/www.noubarris.net\/web40\/tot-el-que-heu-de-saber-dels-incendis-domestics-i-els-episodis-de-neu-i-gelades\/#breadcrumb\"},\"inLanguage\":\"ca\",\"potentialAction\":[{\"@type\":\"ReadAction\",\"target\":[\"https:\/\/www.noubarris.net\/web40\/tot-el-que-heu-de-saber-dels-incendis-domestics-i-els-episodis-de-neu-i-gelades\/\"]}]},{\"@type\":\"ImageObject\",\"inLanguage\":\"ca\",\"@id\":\"https:\/\/www.noubarris.net\/web40\/tot-el-que-heu-de-saber-dels-incendis-domestics-i-els-episodis-de-neu-i-gelades\/#primaryimage\",\"url\":\"https:\/\/www.noubarris.net\/web40\/wp-content\/uploads\/2022\/02\/140222.jpg\",\"contentUrl\":\"https:\/\/www.noubarris.net\/web40\/wp-content\/uploads\/2022\/02\/140222.jpg\",\"width\":768,\"height\":432},{\"@type\":\"BreadcrumbList\",\"@id\":\"https:\/\/www.noubarris.net\/web40\/tot-el-que-heu-de-saber-dels-incendis-domestics-i-els-episodis-de-neu-i-gelades\/#breadcrumb\",\"itemListElement\":[{\"@type\":\"ListItem\",\"position\":1,\"name\":\"Inici\",\"item\":\"https:\/\/www.noubarris.net\/web40\/\"},{\"@type\":\"ListItem\",\"position\":2,\"name\":\"Tot el que heu de saber dels incendis dom\u00e8stics i els episodis de neu i gelades\"}]},{\"@type\":\"WebSite\",\"@id\":\"https:\/\/www.noubarris.net\/web40\/#website\",\"url\":\"https:\/\/www.noubarris.net\/web40\/\",\"name\":\"NouBarris.Net\",\"description\":\"Seguint la vida de Nou Barris des de 1985\",\"publisher\":{\"@id\":\"https:\/\/www.noubarris.net\/web40\/#organization\"},\"potentialAction\":[{\"@type\":\"SearchAction\",\"target\":{\"@type\":\"EntryPoint\",\"urlTemplate\":\"https:\/\/www.noubarris.net\/web40\/?s={search_term_string}\"},\"query-input\":{\"@type\":\"PropertyValueSpecification\",\"valueRequired\":true,\"valueName\":\"search_term_string\"}}],\"inLanguage\":\"ca\"},{\"@type\":\"Organization\",\"@id\":\"https:\/\/www.noubarris.net\/web40\/#organization\",\"name\":\"NouBarris.Net\",\"url\":\"https:\/\/www.noubarris.net\/web40\/\",\"logo\":{\"@type\":\"ImageObject\",\"inLanguage\":\"ca\",\"@id\":\"https:\/\/www.noubarris.net\/web40\/#\/schema\/logo\/image\/\",\"url\":\"https:\/\/www.noubarris.net\/web40\/wp-content\/uploads\/2024\/11\/cropped-cropped-LOGO_9BTV-2024_Insta-1.jpg\",\"contentUrl\":\"https:\/\/www.noubarris.net\/web40\/wp-content\/uploads\/2024\/11\/cropped-cropped-LOGO_9BTV-2024_Insta-1.jpg\",\"width\":512,\"height\":512,\"caption\":\"NouBarris.Net\"},\"image\":{\"@id\":\"https:\/\/www.noubarris.net\/web40\/#\/schema\/logo\/image\/\"},\"sameAs\":[\"https:\/\/www.facebook.com\/NouBarris.net\/?locale=es_ES\",\"https:\/\/x.com\/9BTV\"]},{\"@type\":\"Person\",\"@id\":\"https:\/\/www.noubarris.net\/web40\/#\/schema\/person\/1827f92aaa316c54abbf4dac0de76069\",\"name\":\"Informatius\",\"image\":{\"@type\":\"ImageObject\",\"inLanguage\":\"ca\",\"@id\":\"https:\/\/www.noubarris.net\/web40\/#\/schema\/person\/image\/\",\"url\":\"https:\/\/secure.gravatar.com\/avatar\/87a3b47928835fc72c6ee5b0e1a7263ef0c2d05003a98189bc14926c5f11bcdb?s=96&d=mm&r=g\",\"contentUrl\":\"https:\/\/secure.gravatar.com\/avatar\/87a3b47928835fc72c6ee5b0e1a7263ef0c2d05003a98189bc14926c5f11bcdb?s=96&d=mm&r=g\",\"caption\":\"Informatius\"},\"url\":\"https:\/\/www.noubarris.net\/web40\/author\/tele\/\"}]}<\/script>\n<!-- \/ Yoast SEO plugin. -->","yoast_head_json":{"title":"Tot el que heu de saber dels incendis dom\u00e8stics i els episodis de neu i gelades - NouBarris.Net","robots":{"index":"index","follow":"follow","max-snippet":"max-snippet:-1","max-image-preview":"max-image-preview:large","max-video-preview":"max-video-preview:-1"},"canonical":"https:\/\/www.noubarris.net\/web40\/tot-el-que-heu-de-saber-dels-incendis-domestics-i-els-episodis-de-neu-i-gelades\/","og_locale":"ca_ES","og_type":"article","og_title":"Tot el que heu de saber dels incendis dom\u00e8stics i els episodis de neu i gelades - NouBarris.Net","og_description":"L\u2019Ajuntament de Barcelona engega un seguit de xerrades encaminades a prevenir els incendis dom\u00e8stics i a oferir consells en cas","og_url":"https:\/\/www.noubarris.net\/web40\/tot-el-que-heu-de-saber-dels-incendis-domestics-i-els-episodis-de-neu-i-gelades\/","og_site_name":"NouBarris.Net","article_publisher":"https:\/\/www.facebook.com\/NouBarris.net\/?locale=es_ES","article_published_time":"2022-02-13T22:00:33+00:00","og_image":[{"width":768,"height":432,"url":"https:\/\/www.noubarris.net\/web40\/wp-content\/uploads\/2022\/02\/140222.jpg","type":"image\/jpeg"}],"author":"Informatius","twitter_card":"summary_large_image","twitter_creator":"@9BTV","twitter_site":"@9BTV","twitter_misc":{"Escrit per":"Informatius","Temps estimat de lectura":"1 minut"},"schema":{"@context":"https:\/\/schema.org","@graph":[{"@type":"Article","@id":"https:\/\/www.noubarris.net\/web40\/tot-el-que-heu-de-saber-dels-incendis-domestics-i-els-episodis-de-neu-i-gelades\/#article","isPartOf":{"@id":"https:\/\/www.noubarris.net\/web40\/tot-el-que-heu-de-saber-dels-incendis-domestics-i-els-episodis-de-neu-i-gelades\/"},"author":{"name":"Informatius","@id":"https:\/\/www.noubarris.net\/web40\/#\/schema\/person\/1827f92aaa316c54abbf4dac0de76069"},"headline":"Tot el que heu de saber dels incendis dom\u00e8stics i els episodis de neu i gelades","datePublished":"2022-02-13T22:00:33+00:00","mainEntityOfPage":{"@id":"https:\/\/www.noubarris.net\/web40\/tot-el-que-heu-de-saber-dels-incendis-domestics-i-els-episodis-de-neu-i-gelades\/"},"wordCount":309,"publisher":{"@id":"https:\/\/www.noubarris.net\/web40\/#organization"},"image":{"@id":"https:\/\/www.noubarris.net\/web40\/tot-el-que-heu-de-saber-dels-incendis-domestics-i-els-episodis-de-neu-i-gelades\/#primaryimage"},"thumbnailUrl":"https:\/\/www.noubarris.net\/web40\/wp-content\/uploads\/2022\/02\/140222.jpg","keywords":["bombers","incendi","La Guineueta","pre","Xerrada"],"articleSection":["La Guineueta","Societat"],"inLanguage":"ca"},{"@type":"WebPage","@id":"https:\/\/www.noubarris.net\/web40\/tot-el-que-heu-de-saber-dels-incendis-domestics-i-els-episodis-de-neu-i-gelades\/","url":"https:\/\/www.noubarris.net\/web40\/tot-el-que-heu-de-saber-dels-incendis-domestics-i-els-episodis-de-neu-i-gelades\/","name":"Tot el que heu de saber dels incendis dom\u00e8stics i els episodis de neu i gelades - NouBarris.Net","isPartOf":{"@id":"https:\/\/www.noubarris.net\/web40\/#website"},"primaryImageOfPage":{"@id":"https:\/\/www.noubarris.net\/web40\/tot-el-que-heu-de-saber-dels-incendis-domestics-i-els-episodis-de-neu-i-gelades\/#primaryimage"},"image":{"@id":"https:\/\/www.noubarris.net\/web40\/tot-el-que-heu-de-saber-dels-incendis-domestics-i-els-episodis-de-neu-i-gelades\/#primaryimage"},"thumbnailUrl":"https:\/\/www.noubarris.net\/web40\/wp-content\/uploads\/2022\/02\/140222.jpg","datePublished":"2022-02-13T22:00:33+00:00","breadcrumb":{"@id":"https:\/\/www.noubarris.net\/web40\/tot-el-que-heu-de-saber-dels-incendis-domestics-i-els-episodis-de-neu-i-gelades\/#breadcrumb"},"inLanguage":"ca","potentialAction":[{"@type":"ReadAction","target":["https:\/\/www.noubarris.net\/web40\/tot-el-que-heu-de-saber-dels-incendis-domestics-i-els-episodis-de-neu-i-gelades\/"]}]},{"@type":"ImageObject","inLanguage":"ca","@id":"https:\/\/www.noubarris.net\/web40\/tot-el-que-heu-de-saber-dels-incendis-domestics-i-els-episodis-de-neu-i-gelades\/#primaryimage","url":"https:\/\/www.noubarris.net\/web40\/wp-content\/uploads\/2022\/02\/140222.jpg","contentUrl":"https:\/\/www.noubarris.net\/web40\/wp-content\/uploads\/2022\/02\/140222.jpg","width":768,"height":432},{"@type":"BreadcrumbList","@id":"https:\/\/www.noubarris.net\/web40\/tot-el-que-heu-de-saber-dels-incendis-domestics-i-els-episodis-de-neu-i-gelades\/#breadcrumb","itemListElement":[{"@type":"ListItem","position":1,"name":"Inici","item":"https:\/\/www.noubarris.net\/web40\/"},{"@type":"ListItem","position":2,"name":"Tot el que heu de saber dels incendis dom\u00e8stics i els episodis de neu i gelades"}]},{"@type":"WebSite","@id":"https:\/\/www.noubarris.net\/web40\/#website","url":"https:\/\/www.noubarris.net\/web40\/","name":"NouBarris.Net","description":"Seguint la vida de Nou Barris des de 1985","publisher":{"@id":"https:\/\/www.noubarris.net\/web40\/#organization"},"potentialAction":[{"@type":"SearchAction","target":{"@type":"EntryPoint","urlTemplate":"https:\/\/www.noubarris.net\/web40\/?s={search_term_string}"},"query-input":{"@type":"PropertyValueSpecification","valueRequired":true,"valueName":"search_term_string"}}],"inLanguage":"ca"},{"@type":"Organization","@id":"https:\/\/www.noubarris.net\/web40\/#organization","name":"NouBarris.Net","url":"https:\/\/www.noubarris.net\/web40\/","logo":{"@type":"ImageObject","inLanguage":"ca","@id":"https:\/\/www.noubarris.net\/web40\/#\/schema\/logo\/image\/","url":"https:\/\/www.noubarris.net\/web40\/wp-content\/uploads\/2024\/11\/cropped-cropped-LOGO_9BTV-2024_Insta-1.jpg","contentUrl":"https:\/\/www.noubarris.net\/web40\/wp-content\/uploads\/2024\/11\/cropped-cropped-LOGO_9BTV-2024_Insta-1.jpg","width":512,"height":512,"caption":"NouBarris.Net"},"image":{"@id":"https:\/\/www.noubarris.net\/web40\/#\/schema\/logo\/image\/"},"sameAs":["https:\/\/www.facebook.com\/NouBarris.net\/?locale=es_ES","https:\/\/x.com\/9BTV"]},{"@type":"Person","@id":"https:\/\/www.noubarris.net\/web40\/#\/schema\/person\/1827f92aaa316c54abbf4dac0de76069","name":"Informatius","image":{"@type":"ImageObject","inLanguage":"ca","@id":"https:\/\/www.noubarris.net\/web40\/#\/schema\/person\/image\/","url":"https:\/\/secure.gravatar.com\/avatar\/87a3b47928835fc72c6ee5b0e1a7263ef0c2d05003a98189bc14926c5f11bcdb?s=96&d=mm&r=g","contentUrl":"https:\/\/secure.gravatar.com\/avatar\/87a3b47928835fc72c6ee5b0e1a7263ef0c2d05003a98189bc14926c5f11bcdb?s=96&d=mm&r=g","caption":"Informatius"},"url":"https:\/\/www.noubarris.net\/web40\/author\/tele\/"}]}},"_links":{"self":[{"href":"https:\/\/www.noubarris.net\/web40\/wp-json\/wp\/v2\/posts\/78608","targetHints":{"allow":["GET"]}}],"collection":[{"href":"https:\/\/www.noubarris.net\/web40\/wp-json\/wp\/v2\/posts"}],"about":[{"href":"https:\/\/www.noubarris.net\/web40\/wp-json\/wp\/v2\/types\/post"}],"author":[{"embeddable":true,"href":"https:\/\/www.noubarris.net\/web40\/wp-json\/wp\/v2\/users\/2"}],"replies":[{"embeddable":true,"href":"https:\/\/www.noubarris.net\/web40\/wp-json\/wp\/v2\/comments?post=78608"}],"version-history":[{"count":1,"href":"https:\/\/www.noubarris.net\/web40\/wp-json\/wp\/v2\/posts\/78608\/revisions"}],"predecessor-version":[{"id":78610,"href":"https:\/\/www.noubarris.net\/web40\/wp-json\/wp\/v2\/posts\/78608\/revisions\/78610"}],"wp:featuredmedia":[{"embeddable":true,"href":"https:\/\/www.noubarris.net\/web40\/wp-json\/wp\/v2\/media\/78609"}],"wp:attachment":[{"href":"https:\/\/www.noubarris.net\/web40\/wp-json\/wp\/v2\/media?parent=78608"}],"wp:term":[{"taxonomy":"category","embeddable":true,"href":"https:\/\/www.noubarris.net\/web40\/wp-json\/wp\/v2\/categories?post=78608"},{"taxonomy":"post_tag","embeddable":true,"href":"https:\/\/www.noubarris.net\/web40\/wp-json\/wp\/v2\/tags?post=78608"}],"curies":[{"name":"wp","href":"https:\/\/api.w.org\/{rel}","templated":true}]}}