{"id":78612,"date":"2022-02-16T00:00:54","date_gmt":"2022-02-15T22:00:54","guid":{"rendered":"http:\/\/www.noubarris.net\/web40\/?p=78612"},"modified":"2022-02-15T19:26:46","modified_gmt":"2022-02-15T17:26:46","slug":"passis-dels-curtmetratges-finalistes-del-versio-original-en-catala-aquest-divendres-a-lespai-jove-les-basses","status":"publish","type":"post","link":"https:\/\/www.noubarris.net\/web40\/passis-dels-curtmetratges-finalistes-del-versio-original-en-catala-aquest-divendres-a-lespai-jove-les-basses\/","title":{"rendered":"Passis dels curtmetratges finalistes del\u00a0Versi\u00f3 Original en Catal\u00e0 a l&#8217;espai Jove les Basses"},"content":{"rendered":"<p><strong>A la Mostra dels Premis VOC d&#8217;\u00d2mnium Cultural podeu gaudir de la millor collita anual de cinema i audiovisual en llengua catalana<\/strong><\/p>\n<p>Durant el mes de febrer podeu mirar els curtmetratges finalistes de ficci\u00f3 i documental del Versi\u00f3 Original en Catal\u00e0 (VOC) a m\u00e9s de 70 sales d\u2019arreu dels Pa\u00efsos Catalans i a trav\u00e9s de la plataforma Filmin.cat. A m\u00e9s, \u00d2mnium fa passis gratu\u00efts dels curtmetratges finalistes del VOC, nom\u00e9s cal inscriure&#8217;s a la sessi\u00f3 m\u00e9s propera la web <a href=\"https:\/\/www.omnium.cat\/ca\/projectes\/voc\/sessions\/\" target=\"_blank\" rel=\"noopener\">voc.cat\/sessions<\/a>. Tamb\u00e9 podeu emetre el vostre vot i contribuir al Premi del P\u00fablic d&#8217;enguany, que se sumar\u00e0 al Premi del Jurat de cadascuna de les categories.<\/p>\n<p><iframe loading=\"lazy\" title=\"YouTube video player\" src=\"https:\/\/www.youtube.com\/embed\/pMhlB1lF_9s\" width=\"560\" height=\"315\" frameborder=\"0\" allowfullscreen=\"allowfullscreen\"><\/iframe><\/p>\n<p>A Nou Barris el proper divendres dia 18 a les 7h del vespre l&#8217;espai Jove les Basses acull els passis dels curtmetratges finalistes del Versi\u00f3 Original. Una bona oportunitat per gaudir d&#8217;una sessi\u00f3 de cinema en catal\u00e0.<\/p>\n","protected":false},"excerpt":{"rendered":"<p>A la Mostra dels Premis VOC d&#8217;\u00d2mnium Cultural podeu gaudir de la millor collita anual de cinema i audiovisual en<\/p>\n","protected":false},"author":2,"featured_media":78633,"comment_status":"closed","ping_status":"closed","sticky":false,"template":"","format":"standard","meta":{"colormag_page_layout":"default_layout","_monsterinsights_skip_tracking":false,"_monsterinsights_sitenote_active":false,"_monsterinsights_sitenote_note":"","_monsterinsights_sitenote_category":0,"footnotes":""},"categories":[129,139],"tags":[298,121,123,247],"class_list":["post-78612","post","type-post","status-publish","format-standard","has-post-thumbnail","hentry","category-cultura","category-el-turo-de-la-peira","tag-cinema","tag-equipaments","tag-les-basses","tag-turo-de-la-peira"],"yoast_head":"<!-- This site is optimized with the Yoast SEO plugin v25.3 - https:\/\/yoast.com\/wordpress\/plugins\/seo\/ -->\n<title>Passis dels curtmetratges finalistes del\u00a0Versi\u00f3 Original en Catal\u00e0 a l&#039;espai Jove les Basses - NouBarris.Net<\/title>\n<meta name=\"robots\" content=\"index, follow, max-snippet:-1, max-image-preview:large, max-video-preview:-1\" \/>\n<link rel=\"canonical\" href=\"https:\/\/www.noubarris.net\/web40\/passis-dels-curtmetratges-finalistes-del-versio-original-en-catala-aquest-divendres-a-lespai-jove-les-basses\/\" \/>\n<meta property=\"og:locale\" content=\"ca_ES\" \/>\n<meta property=\"og:type\" content=\"article\" \/>\n<meta property=\"og:title\" content=\"Passis dels curtmetratges finalistes del\u00a0Versi\u00f3 Original en Catal\u00e0 a l&#039;espai Jove les Basses - NouBarris.Net\" \/>\n<meta property=\"og:description\" content=\"A la Mostra dels Premis VOC d&#8217;\u00d2mnium Cultural podeu gaudir de la millor collita anual de cinema i audiovisual en\" \/>\n<meta property=\"og:url\" content=\"https:\/\/www.noubarris.net\/web40\/passis-dels-curtmetratges-finalistes-del-versio-original-en-catala-aquest-divendres-a-lespai-jove-les-basses\/\" \/>\n<meta property=\"og:site_name\" content=\"NouBarris.Net\" \/>\n<meta property=\"article:publisher\" content=\"https:\/\/www.facebook.com\/NouBarris.net\/?locale=es_ES\" \/>\n<meta property=\"article:published_time\" content=\"2022-02-15T22:00:54+00:00\" \/>\n<meta property=\"og:image\" content=\"https:\/\/www.noubarris.net\/web40\/wp-content\/uploads\/2022\/02\/160222.jpg\" \/>\n\t<meta property=\"og:image:width\" content=\"768\" \/>\n\t<meta property=\"og:image:height\" content=\"432\" \/>\n\t<meta property=\"og:image:type\" content=\"image\/jpeg\" \/>\n<meta name=\"author\" content=\"Informatius\" \/>\n<meta name=\"twitter:card\" content=\"summary_large_image\" \/>\n<meta name=\"twitter:creator\" content=\"@9BTV\" \/>\n<meta name=\"twitter:site\" content=\"@9BTV\" \/>\n<meta name=\"twitter:label1\" content=\"Escrit per\" \/>\n\t<meta name=\"twitter:data1\" content=\"Informatius\" \/>\n\t<meta name=\"twitter:label2\" content=\"Temps estimat de lectura\" \/>\n\t<meta name=\"twitter:data2\" content=\"1 minut\" \/>\n<script type=\"application\/ld+json\" class=\"yoast-schema-graph\">{\"@context\":\"https:\/\/schema.org\",\"@graph\":[{\"@type\":\"Article\",\"@id\":\"https:\/\/www.noubarris.net\/web40\/passis-dels-curtmetratges-finalistes-del-versio-original-en-catala-aquest-divendres-a-lespai-jove-les-basses\/#article\",\"isPartOf\":{\"@id\":\"https:\/\/www.noubarris.net\/web40\/passis-dels-curtmetratges-finalistes-del-versio-original-en-catala-aquest-divendres-a-lespai-jove-les-basses\/\"},\"author\":{\"name\":\"Informatius\",\"@id\":\"https:\/\/www.noubarris.net\/web40\/#\/schema\/person\/1827f92aaa316c54abbf4dac0de76069\"},\"headline\":\"Passis dels curtmetratges finalistes del\u00a0Versi\u00f3 Original en Catal\u00e0 a l&#8217;espai Jove les Basses\",\"datePublished\":\"2022-02-15T22:00:54+00:00\",\"mainEntityOfPage\":{\"@id\":\"https:\/\/www.noubarris.net\/web40\/passis-dels-curtmetratges-finalistes-del-versio-original-en-catala-aquest-divendres-a-lespai-jove-les-basses\/\"},\"wordCount\":172,\"publisher\":{\"@id\":\"https:\/\/www.noubarris.net\/web40\/#organization\"},\"image\":{\"@id\":\"https:\/\/www.noubarris.net\/web40\/passis-dels-curtmetratges-finalistes-del-versio-original-en-catala-aquest-divendres-a-lespai-jove-les-basses\/#primaryimage\"},\"thumbnailUrl\":\"https:\/\/www.noubarris.net\/web40\/wp-content\/uploads\/2022\/02\/160222.jpg\",\"keywords\":[\"cinema\",\"Equipaments\",\"Les Basses\",\"Tur\u00f3 de la Peira\"],\"articleSection\":[\"Cultura\",\"El Tur\u00f3 de la Peira\"],\"inLanguage\":\"ca\"},{\"@type\":\"WebPage\",\"@id\":\"https:\/\/www.noubarris.net\/web40\/passis-dels-curtmetratges-finalistes-del-versio-original-en-catala-aquest-divendres-a-lespai-jove-les-basses\/\",\"url\":\"https:\/\/www.noubarris.net\/web40\/passis-dels-curtmetratges-finalistes-del-versio-original-en-catala-aquest-divendres-a-lespai-jove-les-basses\/\",\"name\":\"Passis dels curtmetratges finalistes del\u00a0Versi\u00f3 Original en Catal\u00e0 a l'espai Jove les Basses - NouBarris.Net\",\"isPartOf\":{\"@id\":\"https:\/\/www.noubarris.net\/web40\/#website\"},\"primaryImageOfPage\":{\"@id\":\"https:\/\/www.noubarris.net\/web40\/passis-dels-curtmetratges-finalistes-del-versio-original-en-catala-aquest-divendres-a-lespai-jove-les-basses\/#primaryimage\"},\"image\":{\"@id\":\"https:\/\/www.noubarris.net\/web40\/passis-dels-curtmetratges-finalistes-del-versio-original-en-catala-aquest-divendres-a-lespai-jove-les-basses\/#primaryimage\"},\"thumbnailUrl\":\"https:\/\/www.noubarris.net\/web40\/wp-content\/uploads\/2022\/02\/160222.jpg\",\"datePublished\":\"2022-02-15T22:00:54+00:00\",\"breadcrumb\":{\"@id\":\"https:\/\/www.noubarris.net\/web40\/passis-dels-curtmetratges-finalistes-del-versio-original-en-catala-aquest-divendres-a-lespai-jove-les-basses\/#breadcrumb\"},\"inLanguage\":\"ca\",\"potentialAction\":[{\"@type\":\"ReadAction\",\"target\":[\"https:\/\/www.noubarris.net\/web40\/passis-dels-curtmetratges-finalistes-del-versio-original-en-catala-aquest-divendres-a-lespai-jove-les-basses\/\"]}]},{\"@type\":\"ImageObject\",\"inLanguage\":\"ca\",\"@id\":\"https:\/\/www.noubarris.net\/web40\/passis-dels-curtmetratges-finalistes-del-versio-original-en-catala-aquest-divendres-a-lespai-jove-les-basses\/#primaryimage\",\"url\":\"https:\/\/www.noubarris.net\/web40\/wp-content\/uploads\/2022\/02\/160222.jpg\",\"contentUrl\":\"https:\/\/www.noubarris.net\/web40\/wp-content\/uploads\/2022\/02\/160222.jpg\",\"width\":768,\"height\":432},{\"@type\":\"BreadcrumbList\",\"@id\":\"https:\/\/www.noubarris.net\/web40\/passis-dels-curtmetratges-finalistes-del-versio-original-en-catala-aquest-divendres-a-lespai-jove-les-basses\/#breadcrumb\",\"itemListElement\":[{\"@type\":\"ListItem\",\"position\":1,\"name\":\"Inici\",\"item\":\"https:\/\/www.noubarris.net\/web40\/\"},{\"@type\":\"ListItem\",\"position\":2,\"name\":\"Passis dels curtmetratges finalistes del\u00a0Versi\u00f3 Original en Catal\u00e0 a l&#8217;espai Jove les Basses\"}]},{\"@type\":\"WebSite\",\"@id\":\"https:\/\/www.noubarris.net\/web40\/#website\",\"url\":\"https:\/\/www.noubarris.net\/web40\/\",\"name\":\"NouBarris.Net\",\"description\":\"Seguint la vida de Nou Barris des de 1985\",\"publisher\":{\"@id\":\"https:\/\/www.noubarris.net\/web40\/#organization\"},\"potentialAction\":[{\"@type\":\"SearchAction\",\"target\":{\"@type\":\"EntryPoint\",\"urlTemplate\":\"https:\/\/www.noubarris.net\/web40\/?s={search_term_string}\"},\"query-input\":{\"@type\":\"PropertyValueSpecification\",\"valueRequired\":true,\"valueName\":\"search_term_string\"}}],\"inLanguage\":\"ca\"},{\"@type\":\"Organization\",\"@id\":\"https:\/\/www.noubarris.net\/web40\/#organization\",\"name\":\"NouBarris.Net\",\"url\":\"https:\/\/www.noubarris.net\/web40\/\",\"logo\":{\"@type\":\"ImageObject\",\"inLanguage\":\"ca\",\"@id\":\"https:\/\/www.noubarris.net\/web40\/#\/schema\/logo\/image\/\",\"url\":\"https:\/\/www.noubarris.net\/web40\/wp-content\/uploads\/2024\/11\/cropped-cropped-LOGO_9BTV-2024_Insta-1.jpg\",\"contentUrl\":\"https:\/\/www.noubarris.net\/web40\/wp-content\/uploads\/2024\/11\/cropped-cropped-LOGO_9BTV-2024_Insta-1.jpg\",\"width\":512,\"height\":512,\"caption\":\"NouBarris.Net\"},\"image\":{\"@id\":\"https:\/\/www.noubarris.net\/web40\/#\/schema\/logo\/image\/\"},\"sameAs\":[\"https:\/\/www.facebook.com\/NouBarris.net\/?locale=es_ES\",\"https:\/\/x.com\/9BTV\"]},{\"@type\":\"Person\",\"@id\":\"https:\/\/www.noubarris.net\/web40\/#\/schema\/person\/1827f92aaa316c54abbf4dac0de76069\",\"name\":\"Informatius\",\"image\":{\"@type\":\"ImageObject\",\"inLanguage\":\"ca\",\"@id\":\"https:\/\/www.noubarris.net\/web40\/#\/schema\/person\/image\/\",\"url\":\"https:\/\/secure.gravatar.com\/avatar\/87a3b47928835fc72c6ee5b0e1a7263ef0c2d05003a98189bc14926c5f11bcdb?s=96&d=mm&r=g\",\"contentUrl\":\"https:\/\/secure.gravatar.com\/avatar\/87a3b47928835fc72c6ee5b0e1a7263ef0c2d05003a98189bc14926c5f11bcdb?s=96&d=mm&r=g\",\"caption\":\"Informatius\"},\"url\":\"https:\/\/www.noubarris.net\/web40\/author\/tele\/\"}]}<\/script>\n<!-- \/ Yoast SEO plugin. -->","yoast_head_json":{"title":"Passis dels curtmetratges finalistes del\u00a0Versi\u00f3 Original en Catal\u00e0 a l'espai Jove les Basses - NouBarris.Net","robots":{"index":"index","follow":"follow","max-snippet":"max-snippet:-1","max-image-preview":"max-image-preview:large","max-video-preview":"max-video-preview:-1"},"canonical":"https:\/\/www.noubarris.net\/web40\/passis-dels-curtmetratges-finalistes-del-versio-original-en-catala-aquest-divendres-a-lespai-jove-les-basses\/","og_locale":"ca_ES","og_type":"article","og_title":"Passis dels curtmetratges finalistes del\u00a0Versi\u00f3 Original en Catal\u00e0 a l'espai Jove les Basses - NouBarris.Net","og_description":"A la Mostra dels Premis VOC d&#8217;\u00d2mnium Cultural podeu gaudir de la millor collita anual de cinema i audiovisual en","og_url":"https:\/\/www.noubarris.net\/web40\/passis-dels-curtmetratges-finalistes-del-versio-original-en-catala-aquest-divendres-a-lespai-jove-les-basses\/","og_site_name":"NouBarris.Net","article_publisher":"https:\/\/www.facebook.com\/NouBarris.net\/?locale=es_ES","article_published_time":"2022-02-15T22:00:54+00:00","og_image":[{"width":768,"height":432,"url":"https:\/\/www.noubarris.net\/web40\/wp-content\/uploads\/2022\/02\/160222.jpg","type":"image\/jpeg"}],"author":"Informatius","twitter_card":"summary_large_image","twitter_creator":"@9BTV","twitter_site":"@9BTV","twitter_misc":{"Escrit per":"Informatius","Temps estimat de lectura":"1 minut"},"schema":{"@context":"https:\/\/schema.org","@graph":[{"@type":"Article","@id":"https:\/\/www.noubarris.net\/web40\/passis-dels-curtmetratges-finalistes-del-versio-original-en-catala-aquest-divendres-a-lespai-jove-les-basses\/#article","isPartOf":{"@id":"https:\/\/www.noubarris.net\/web40\/passis-dels-curtmetratges-finalistes-del-versio-original-en-catala-aquest-divendres-a-lespai-jove-les-basses\/"},"author":{"name":"Informatius","@id":"https:\/\/www.noubarris.net\/web40\/#\/schema\/person\/1827f92aaa316c54abbf4dac0de76069"},"headline":"Passis dels curtmetratges finalistes del\u00a0Versi\u00f3 Original en Catal\u00e0 a l&#8217;espai Jove les Basses","datePublished":"2022-02-15T22:00:54+00:00","mainEntityOfPage":{"@id":"https:\/\/www.noubarris.net\/web40\/passis-dels-curtmetratges-finalistes-del-versio-original-en-catala-aquest-divendres-a-lespai-jove-les-basses\/"},"wordCount":172,"publisher":{"@id":"https:\/\/www.noubarris.net\/web40\/#organization"},"image":{"@id":"https:\/\/www.noubarris.net\/web40\/passis-dels-curtmetratges-finalistes-del-versio-original-en-catala-aquest-divendres-a-lespai-jove-les-basses\/#primaryimage"},"thumbnailUrl":"https:\/\/www.noubarris.net\/web40\/wp-content\/uploads\/2022\/02\/160222.jpg","keywords":["cinema","Equipaments","Les Basses","Tur\u00f3 de la Peira"],"articleSection":["Cultura","El Tur\u00f3 de la Peira"],"inLanguage":"ca"},{"@type":"WebPage","@id":"https:\/\/www.noubarris.net\/web40\/passis-dels-curtmetratges-finalistes-del-versio-original-en-catala-aquest-divendres-a-lespai-jove-les-basses\/","url":"https:\/\/www.noubarris.net\/web40\/passis-dels-curtmetratges-finalistes-del-versio-original-en-catala-aquest-divendres-a-lespai-jove-les-basses\/","name":"Passis dels curtmetratges finalistes del\u00a0Versi\u00f3 Original en Catal\u00e0 a l'espai Jove les Basses - NouBarris.Net","isPartOf":{"@id":"https:\/\/www.noubarris.net\/web40\/#website"},"primaryImageOfPage":{"@id":"https:\/\/www.noubarris.net\/web40\/passis-dels-curtmetratges-finalistes-del-versio-original-en-catala-aquest-divendres-a-lespai-jove-les-basses\/#primaryimage"},"image":{"@id":"https:\/\/www.noubarris.net\/web40\/passis-dels-curtmetratges-finalistes-del-versio-original-en-catala-aquest-divendres-a-lespai-jove-les-basses\/#primaryimage"},"thumbnailUrl":"https:\/\/www.noubarris.net\/web40\/wp-content\/uploads\/2022\/02\/160222.jpg","datePublished":"2022-02-15T22:00:54+00:00","breadcrumb":{"@id":"https:\/\/www.noubarris.net\/web40\/passis-dels-curtmetratges-finalistes-del-versio-original-en-catala-aquest-divendres-a-lespai-jove-les-basses\/#breadcrumb"},"inLanguage":"ca","potentialAction":[{"@type":"ReadAction","target":["https:\/\/www.noubarris.net\/web40\/passis-dels-curtmetratges-finalistes-del-versio-original-en-catala-aquest-divendres-a-lespai-jove-les-basses\/"]}]},{"@type":"ImageObject","inLanguage":"ca","@id":"https:\/\/www.noubarris.net\/web40\/passis-dels-curtmetratges-finalistes-del-versio-original-en-catala-aquest-divendres-a-lespai-jove-les-basses\/#primaryimage","url":"https:\/\/www.noubarris.net\/web40\/wp-content\/uploads\/2022\/02\/160222.jpg","contentUrl":"https:\/\/www.noubarris.net\/web40\/wp-content\/uploads\/2022\/02\/160222.jpg","width":768,"height":432},{"@type":"BreadcrumbList","@id":"https:\/\/www.noubarris.net\/web40\/passis-dels-curtmetratges-finalistes-del-versio-original-en-catala-aquest-divendres-a-lespai-jove-les-basses\/#breadcrumb","itemListElement":[{"@type":"ListItem","position":1,"name":"Inici","item":"https:\/\/www.noubarris.net\/web40\/"},{"@type":"ListItem","position":2,"name":"Passis dels curtmetratges finalistes del\u00a0Versi\u00f3 Original en Catal\u00e0 a l&#8217;espai Jove les Basses"}]},{"@type":"WebSite","@id":"https:\/\/www.noubarris.net\/web40\/#website","url":"https:\/\/www.noubarris.net\/web40\/","name":"NouBarris.Net","description":"Seguint la vida de Nou Barris des de 1985","publisher":{"@id":"https:\/\/www.noubarris.net\/web40\/#organization"},"potentialAction":[{"@type":"SearchAction","target":{"@type":"EntryPoint","urlTemplate":"https:\/\/www.noubarris.net\/web40\/?s={search_term_string}"},"query-input":{"@type":"PropertyValueSpecification","valueRequired":true,"valueName":"search_term_string"}}],"inLanguage":"ca"},{"@type":"Organization","@id":"https:\/\/www.noubarris.net\/web40\/#organization","name":"NouBarris.Net","url":"https:\/\/www.noubarris.net\/web40\/","logo":{"@type":"ImageObject","inLanguage":"ca","@id":"https:\/\/www.noubarris.net\/web40\/#\/schema\/logo\/image\/","url":"https:\/\/www.noubarris.net\/web40\/wp-content\/uploads\/2024\/11\/cropped-cropped-LOGO_9BTV-2024_Insta-1.jpg","contentUrl":"https:\/\/www.noubarris.net\/web40\/wp-content\/uploads\/2024\/11\/cropped-cropped-LOGO_9BTV-2024_Insta-1.jpg","width":512,"height":512,"caption":"NouBarris.Net"},"image":{"@id":"https:\/\/www.noubarris.net\/web40\/#\/schema\/logo\/image\/"},"sameAs":["https:\/\/www.facebook.com\/NouBarris.net\/?locale=es_ES","https:\/\/x.com\/9BTV"]},{"@type":"Person","@id":"https:\/\/www.noubarris.net\/web40\/#\/schema\/person\/1827f92aaa316c54abbf4dac0de76069","name":"Informatius","image":{"@type":"ImageObject","inLanguage":"ca","@id":"https:\/\/www.noubarris.net\/web40\/#\/schema\/person\/image\/","url":"https:\/\/secure.gravatar.com\/avatar\/87a3b47928835fc72c6ee5b0e1a7263ef0c2d05003a98189bc14926c5f11bcdb?s=96&d=mm&r=g","contentUrl":"https:\/\/secure.gravatar.com\/avatar\/87a3b47928835fc72c6ee5b0e1a7263ef0c2d05003a98189bc14926c5f11bcdb?s=96&d=mm&r=g","caption":"Informatius"},"url":"https:\/\/www.noubarris.net\/web40\/author\/tele\/"}]}},"_links":{"self":[{"href":"https:\/\/www.noubarris.net\/web40\/wp-json\/wp\/v2\/posts\/78612","targetHints":{"allow":["GET"]}}],"collection":[{"href":"https:\/\/www.noubarris.net\/web40\/wp-json\/wp\/v2\/posts"}],"about":[{"href":"https:\/\/www.noubarris.net\/web40\/wp-json\/wp\/v2\/types\/post"}],"author":[{"embeddable":true,"href":"https:\/\/www.noubarris.net\/web40\/wp-json\/wp\/v2\/users\/2"}],"replies":[{"embeddable":true,"href":"https:\/\/www.noubarris.net\/web40\/wp-json\/wp\/v2\/comments?post=78612"}],"version-history":[{"count":7,"href":"https:\/\/www.noubarris.net\/web40\/wp-json\/wp\/v2\/posts\/78612\/revisions"}],"predecessor-version":[{"id":78634,"href":"https:\/\/www.noubarris.net\/web40\/wp-json\/wp\/v2\/posts\/78612\/revisions\/78634"}],"wp:featuredmedia":[{"embeddable":true,"href":"https:\/\/www.noubarris.net\/web40\/wp-json\/wp\/v2\/media\/78633"}],"wp:attachment":[{"href":"https:\/\/www.noubarris.net\/web40\/wp-json\/wp\/v2\/media?parent=78612"}],"wp:term":[{"taxonomy":"category","embeddable":true,"href":"https:\/\/www.noubarris.net\/web40\/wp-json\/wp\/v2\/categories?post=78612"},{"taxonomy":"post_tag","embeddable":true,"href":"https:\/\/www.noubarris.net\/web40\/wp-json\/wp\/v2\/tags?post=78612"}],"curies":[{"name":"wp","href":"https:\/\/api.w.org\/{rel}","templated":true}]}}