{"id":78743,"date":"2022-03-14T00:00:09","date_gmt":"2022-03-13T22:00:09","guid":{"rendered":"http:\/\/www.noubarris.net\/web40\/?p=78743"},"modified":"2022-03-13T14:30:56","modified_gmt":"2022-03-13T12:30:56","slug":"la-prosperitat-reclama-conservar-el-batxillerat-al-nou-institut-escola-el-moli","status":"publish","type":"post","link":"https:\/\/www.noubarris.net\/web40\/la-prosperitat-reclama-conservar-el-batxillerat-al-nou-institut-escola-el-moli\/","title":{"rendered":"La Prosperitat reclama conservar el batxillerat al nou Institut Escola el Mol\u00ed"},"content":{"rendered":"<p><strong>La comunitat educativa de l&#8217;Institut Galileo Galilei s&#8217;oposa a la forma com s&#8217;ha previst la uni\u00f3 amb l&#8217;Escola Prosperitat<\/strong><\/p>\n<p>Les fam\u00edlies i l&#8217;equip de l&#8217;Institut Galelio Galilei i de l&#8217;Escola Prosperitat van rebre amb sopresa la not\u00edcia de la fusi\u00f3 dels dos centres en un nou Institut Escola el Mol\u00ed, un nom que agafa del carrer on s&#8217;ubica. El fet \u00e9s que la uni\u00f3 dels dos centres, que de per si ja tenen una relaci\u00f3 constant ja que nom\u00e9s els separa una porta, pot suposar un trasbals per a alumnes i fam\u00edlies. Sobretot els adolescents que ara cursen secund\u00e0ria i que temen perdre l&#8217;oferta de batxillerat.<\/p>\n<p>El nou Institut Escola el Mol\u00ed ofertar\u00e0 ensenyament des dels 3 fins als 16 anys. Aix\u00f2 faria que l&#8217;alumnat s&#8217;hagi de despla\u00e7ar a altres instituts del barri, com el Nou Barris. Una situaci\u00f3 que ara per ara rebutgen, com ho demostren les pancartes que han penjat a les fa\u00e7anes, per\u00f2 tamb\u00e9 al voltant dels dos centres.<\/p>\n<p>\u00a0<\/p>\n\n\n<figure class=\"wp-block-embed is-type-rich is-provider-twitter wp-block-embed-twitter\"><div class=\"wp-block-embed__wrapper\">\n<blockquote class=\"twitter-tweet\" data-width=\"550\" data-dnt=\"true\"><p lang=\"ca\" dir=\"ltr\">Salvem el nostre Batxillerat! <a href=\"https:\/\/t.co\/FhtgLRy09R\">pic.twitter.com\/FhtgLRy09R<\/a><\/p>&mdash; Galileo Galilei Ins (@insgalileo) <a href=\"https:\/\/twitter.com\/insgalileo\/status\/1499799911080071175?ref_src=twsrc%5Etfw\">March 4, 2022<\/a><\/blockquote><script async src=\"https:\/\/platform.twitter.com\/widgets.js\" charset=\"utf-8\"><\/script>\n<\/div><\/figure>\n\n\n\n<p>Especialment preocupats estan aquells joves que, quan es van matricular al centre, ja tenien en ment acabar all\u00e0 els estudis preuniversitaris. Es dona el cas que l&#8217;Institut Galileo Galilei va ser una vict\u00f2ria de la lluita ve\u00efnal, en un moment, a mitjans dels anys 80, en qu\u00e8 no hi havia prou places de secund\u00e0ria ni a la Prosperitat ni als entorns. Ara, la incertesa sobre si s&#8217;acabar\u00e0 ofertant batxillerat al Mol\u00ed centre les preocupacions.<\/p>\n\n\n\n<p>D&#8217;altra banda, la comunitat educativa del Galileo Galilei tamb\u00e9 t\u00e9 dubtes sobre les conseq\u00fc\u00e8ncies que el canvi a institut escola pugui tenir sobre l&#8217;alumnat. D&#8217;una banda, temen perdre la categoria de centre de m\u00e0xima complexitat, que ofereix m\u00e9s recursos, i passar a institut escola sense el temps suficient per fer la transici\u00f3. A m\u00e9s, q\u00fcestionen si canviar\u00e0 l&#8217;horari i ser\u00e0 partit o intensiu; i tenen por que tot plegat acabi suposant desmotivaci\u00f3 i absentisme.&nbsp; Molts interrogants en una decisi\u00f3 presa &#8220;als despatxos&#8221; i de la qual ara esperen respostes. De moment, estan recollint signatures&nbsp; per salvar el batxillerat i preparen mobilitzacions.<\/p>\n\n\n","protected":false},"excerpt":{"rendered":"<p>La comunitat educativa de l&#8217;Institut Galileo Galilei s&#8217;oposa a la forma com s&#8217;ha previst la uni\u00f3 amb l&#8217;Escola Prosperitat Les<\/p>\n","protected":false},"author":2,"featured_media":78746,"comment_status":"closed","ping_status":"closed","sticky":false,"template":"","format":"standard","meta":{"colormag_page_layout":"default_layout","_monsterinsights_skip_tracking":false,"_monsterinsights_sitenote_active":false,"_monsterinsights_sitenote_note":"","_monsterinsights_sitenote_category":0,"footnotes":""},"categories":[135],"tags":[255,210,428],"class_list":["post-78743","post","type-post","status-publish","format-standard","has-post-thumbnail","hentry","category-la-prosperitat","tag-educacio","tag-escoles","tag-queixes"],"yoast_head":"<!-- This site is optimized with the Yoast SEO plugin v25.3 - https:\/\/yoast.com\/wordpress\/plugins\/seo\/ -->\n<title>La Prosperitat reclama conservar el batxillerat al nou Institut Escola el Mol\u00ed - NouBarris.Net<\/title>\n<meta name=\"robots\" content=\"index, follow, max-snippet:-1, max-image-preview:large, max-video-preview:-1\" \/>\n<link rel=\"canonical\" href=\"https:\/\/www.noubarris.net\/web40\/la-prosperitat-reclama-conservar-el-batxillerat-al-nou-institut-escola-el-moli\/\" \/>\n<meta property=\"og:locale\" content=\"ca_ES\" \/>\n<meta property=\"og:type\" content=\"article\" \/>\n<meta property=\"og:title\" content=\"La Prosperitat reclama conservar el batxillerat al nou Institut Escola el Mol\u00ed - NouBarris.Net\" \/>\n<meta property=\"og:description\" content=\"La comunitat educativa de l&#8217;Institut Galileo Galilei s&#8217;oposa a la forma com s&#8217;ha previst la uni\u00f3 amb l&#8217;Escola Prosperitat Les\" \/>\n<meta property=\"og:url\" content=\"https:\/\/www.noubarris.net\/web40\/la-prosperitat-reclama-conservar-el-batxillerat-al-nou-institut-escola-el-moli\/\" \/>\n<meta property=\"og:site_name\" content=\"NouBarris.Net\" \/>\n<meta property=\"article:publisher\" content=\"https:\/\/www.facebook.com\/NouBarris.net\/?locale=es_ES\" \/>\n<meta property=\"article:published_time\" content=\"2022-03-13T22:00:09+00:00\" \/>\n<meta property=\"og:image\" content=\"https:\/\/www.noubarris.net\/web40\/wp-content\/uploads\/2022\/03\/140322.jpg\" \/>\n\t<meta property=\"og:image:width\" content=\"768\" \/>\n\t<meta property=\"og:image:height\" content=\"432\" \/>\n\t<meta property=\"og:image:type\" content=\"image\/jpeg\" \/>\n<meta name=\"author\" content=\"Informatius\" \/>\n<meta name=\"twitter:card\" content=\"summary_large_image\" \/>\n<meta name=\"twitter:creator\" content=\"@9BTV\" \/>\n<meta name=\"twitter:site\" content=\"@9BTV\" \/>\n<meta name=\"twitter:label1\" content=\"Escrit per\" \/>\n\t<meta name=\"twitter:data1\" content=\"Informatius\" \/>\n\t<meta name=\"twitter:label2\" content=\"Temps estimat de lectura\" \/>\n\t<meta name=\"twitter:data2\" content=\"2 minuts\" \/>\n<script type=\"application\/ld+json\" class=\"yoast-schema-graph\">{\"@context\":\"https:\/\/schema.org\",\"@graph\":[{\"@type\":\"Article\",\"@id\":\"https:\/\/www.noubarris.net\/web40\/la-prosperitat-reclama-conservar-el-batxillerat-al-nou-institut-escola-el-moli\/#article\",\"isPartOf\":{\"@id\":\"https:\/\/www.noubarris.net\/web40\/la-prosperitat-reclama-conservar-el-batxillerat-al-nou-institut-escola-el-moli\/\"},\"author\":{\"name\":\"Informatius\",\"@id\":\"https:\/\/www.noubarris.net\/web40\/#\/schema\/person\/1827f92aaa316c54abbf4dac0de76069\"},\"headline\":\"La Prosperitat reclama conservar el batxillerat al nou Institut Escola el Mol\u00ed\",\"datePublished\":\"2022-03-13T22:00:09+00:00\",\"mainEntityOfPage\":{\"@id\":\"https:\/\/www.noubarris.net\/web40\/la-prosperitat-reclama-conservar-el-batxillerat-al-nou-institut-escola-el-moli\/\"},\"wordCount\":385,\"publisher\":{\"@id\":\"https:\/\/www.noubarris.net\/web40\/#organization\"},\"image\":{\"@id\":\"https:\/\/www.noubarris.net\/web40\/la-prosperitat-reclama-conservar-el-batxillerat-al-nou-institut-escola-el-moli\/#primaryimage\"},\"thumbnailUrl\":\"https:\/\/www.noubarris.net\/web40\/wp-content\/uploads\/2022\/03\/140322.jpg\",\"keywords\":[\"Educaci\u00f3\",\"Escoles\",\"Queixes\"],\"articleSection\":[\"La Prosperitat\"],\"inLanguage\":\"ca\"},{\"@type\":\"WebPage\",\"@id\":\"https:\/\/www.noubarris.net\/web40\/la-prosperitat-reclama-conservar-el-batxillerat-al-nou-institut-escola-el-moli\/\",\"url\":\"https:\/\/www.noubarris.net\/web40\/la-prosperitat-reclama-conservar-el-batxillerat-al-nou-institut-escola-el-moli\/\",\"name\":\"La Prosperitat reclama conservar el batxillerat al nou Institut Escola el Mol\u00ed - NouBarris.Net\",\"isPartOf\":{\"@id\":\"https:\/\/www.noubarris.net\/web40\/#website\"},\"primaryImageOfPage\":{\"@id\":\"https:\/\/www.noubarris.net\/web40\/la-prosperitat-reclama-conservar-el-batxillerat-al-nou-institut-escola-el-moli\/#primaryimage\"},\"image\":{\"@id\":\"https:\/\/www.noubarris.net\/web40\/la-prosperitat-reclama-conservar-el-batxillerat-al-nou-institut-escola-el-moli\/#primaryimage\"},\"thumbnailUrl\":\"https:\/\/www.noubarris.net\/web40\/wp-content\/uploads\/2022\/03\/140322.jpg\",\"datePublished\":\"2022-03-13T22:00:09+00:00\",\"breadcrumb\":{\"@id\":\"https:\/\/www.noubarris.net\/web40\/la-prosperitat-reclama-conservar-el-batxillerat-al-nou-institut-escola-el-moli\/#breadcrumb\"},\"inLanguage\":\"ca\",\"potentialAction\":[{\"@type\":\"ReadAction\",\"target\":[\"https:\/\/www.noubarris.net\/web40\/la-prosperitat-reclama-conservar-el-batxillerat-al-nou-institut-escola-el-moli\/\"]}]},{\"@type\":\"ImageObject\",\"inLanguage\":\"ca\",\"@id\":\"https:\/\/www.noubarris.net\/web40\/la-prosperitat-reclama-conservar-el-batxillerat-al-nou-institut-escola-el-moli\/#primaryimage\",\"url\":\"https:\/\/www.noubarris.net\/web40\/wp-content\/uploads\/2022\/03\/140322.jpg\",\"contentUrl\":\"https:\/\/www.noubarris.net\/web40\/wp-content\/uploads\/2022\/03\/140322.jpg\",\"width\":768,\"height\":432},{\"@type\":\"BreadcrumbList\",\"@id\":\"https:\/\/www.noubarris.net\/web40\/la-prosperitat-reclama-conservar-el-batxillerat-al-nou-institut-escola-el-moli\/#breadcrumb\",\"itemListElement\":[{\"@type\":\"ListItem\",\"position\":1,\"name\":\"Inici\",\"item\":\"https:\/\/www.noubarris.net\/web40\/\"},{\"@type\":\"ListItem\",\"position\":2,\"name\":\"La Prosperitat reclama conservar el batxillerat al nou Institut Escola el Mol\u00ed\"}]},{\"@type\":\"WebSite\",\"@id\":\"https:\/\/www.noubarris.net\/web40\/#website\",\"url\":\"https:\/\/www.noubarris.net\/web40\/\",\"name\":\"NouBarris.Net\",\"description\":\"Seguint la vida de Nou Barris des de 1985\",\"publisher\":{\"@id\":\"https:\/\/www.noubarris.net\/web40\/#organization\"},\"potentialAction\":[{\"@type\":\"SearchAction\",\"target\":{\"@type\":\"EntryPoint\",\"urlTemplate\":\"https:\/\/www.noubarris.net\/web40\/?s={search_term_string}\"},\"query-input\":{\"@type\":\"PropertyValueSpecification\",\"valueRequired\":true,\"valueName\":\"search_term_string\"}}],\"inLanguage\":\"ca\"},{\"@type\":\"Organization\",\"@id\":\"https:\/\/www.noubarris.net\/web40\/#organization\",\"name\":\"NouBarris.Net\",\"url\":\"https:\/\/www.noubarris.net\/web40\/\",\"logo\":{\"@type\":\"ImageObject\",\"inLanguage\":\"ca\",\"@id\":\"https:\/\/www.noubarris.net\/web40\/#\/schema\/logo\/image\/\",\"url\":\"https:\/\/www.noubarris.net\/web40\/wp-content\/uploads\/2024\/11\/cropped-cropped-LOGO_9BTV-2024_Insta-1.jpg\",\"contentUrl\":\"https:\/\/www.noubarris.net\/web40\/wp-content\/uploads\/2024\/11\/cropped-cropped-LOGO_9BTV-2024_Insta-1.jpg\",\"width\":512,\"height\":512,\"caption\":\"NouBarris.Net\"},\"image\":{\"@id\":\"https:\/\/www.noubarris.net\/web40\/#\/schema\/logo\/image\/\"},\"sameAs\":[\"https:\/\/www.facebook.com\/NouBarris.net\/?locale=es_ES\",\"https:\/\/x.com\/9BTV\"]},{\"@type\":\"Person\",\"@id\":\"https:\/\/www.noubarris.net\/web40\/#\/schema\/person\/1827f92aaa316c54abbf4dac0de76069\",\"name\":\"Informatius\",\"image\":{\"@type\":\"ImageObject\",\"inLanguage\":\"ca\",\"@id\":\"https:\/\/www.noubarris.net\/web40\/#\/schema\/person\/image\/\",\"url\":\"https:\/\/secure.gravatar.com\/avatar\/87a3b47928835fc72c6ee5b0e1a7263ef0c2d05003a98189bc14926c5f11bcdb?s=96&d=mm&r=g\",\"contentUrl\":\"https:\/\/secure.gravatar.com\/avatar\/87a3b47928835fc72c6ee5b0e1a7263ef0c2d05003a98189bc14926c5f11bcdb?s=96&d=mm&r=g\",\"caption\":\"Informatius\"},\"url\":\"https:\/\/www.noubarris.net\/web40\/author\/tele\/\"}]}<\/script>\n<!-- \/ Yoast SEO plugin. -->","yoast_head_json":{"title":"La Prosperitat reclama conservar el batxillerat al nou Institut Escola el Mol\u00ed - NouBarris.Net","robots":{"index":"index","follow":"follow","max-snippet":"max-snippet:-1","max-image-preview":"max-image-preview:large","max-video-preview":"max-video-preview:-1"},"canonical":"https:\/\/www.noubarris.net\/web40\/la-prosperitat-reclama-conservar-el-batxillerat-al-nou-institut-escola-el-moli\/","og_locale":"ca_ES","og_type":"article","og_title":"La Prosperitat reclama conservar el batxillerat al nou Institut Escola el Mol\u00ed - NouBarris.Net","og_description":"La comunitat educativa de l&#8217;Institut Galileo Galilei s&#8217;oposa a la forma com s&#8217;ha previst la uni\u00f3 amb l&#8217;Escola Prosperitat Les","og_url":"https:\/\/www.noubarris.net\/web40\/la-prosperitat-reclama-conservar-el-batxillerat-al-nou-institut-escola-el-moli\/","og_site_name":"NouBarris.Net","article_publisher":"https:\/\/www.facebook.com\/NouBarris.net\/?locale=es_ES","article_published_time":"2022-03-13T22:00:09+00:00","og_image":[{"width":768,"height":432,"url":"https:\/\/www.noubarris.net\/web40\/wp-content\/uploads\/2022\/03\/140322.jpg","type":"image\/jpeg"}],"author":"Informatius","twitter_card":"summary_large_image","twitter_creator":"@9BTV","twitter_site":"@9BTV","twitter_misc":{"Escrit per":"Informatius","Temps estimat de lectura":"2 minuts"},"schema":{"@context":"https:\/\/schema.org","@graph":[{"@type":"Article","@id":"https:\/\/www.noubarris.net\/web40\/la-prosperitat-reclama-conservar-el-batxillerat-al-nou-institut-escola-el-moli\/#article","isPartOf":{"@id":"https:\/\/www.noubarris.net\/web40\/la-prosperitat-reclama-conservar-el-batxillerat-al-nou-institut-escola-el-moli\/"},"author":{"name":"Informatius","@id":"https:\/\/www.noubarris.net\/web40\/#\/schema\/person\/1827f92aaa316c54abbf4dac0de76069"},"headline":"La Prosperitat reclama conservar el batxillerat al nou Institut Escola el Mol\u00ed","datePublished":"2022-03-13T22:00:09+00:00","mainEntityOfPage":{"@id":"https:\/\/www.noubarris.net\/web40\/la-prosperitat-reclama-conservar-el-batxillerat-al-nou-institut-escola-el-moli\/"},"wordCount":385,"publisher":{"@id":"https:\/\/www.noubarris.net\/web40\/#organization"},"image":{"@id":"https:\/\/www.noubarris.net\/web40\/la-prosperitat-reclama-conservar-el-batxillerat-al-nou-institut-escola-el-moli\/#primaryimage"},"thumbnailUrl":"https:\/\/www.noubarris.net\/web40\/wp-content\/uploads\/2022\/03\/140322.jpg","keywords":["Educaci\u00f3","Escoles","Queixes"],"articleSection":["La Prosperitat"],"inLanguage":"ca"},{"@type":"WebPage","@id":"https:\/\/www.noubarris.net\/web40\/la-prosperitat-reclama-conservar-el-batxillerat-al-nou-institut-escola-el-moli\/","url":"https:\/\/www.noubarris.net\/web40\/la-prosperitat-reclama-conservar-el-batxillerat-al-nou-institut-escola-el-moli\/","name":"La Prosperitat reclama conservar el batxillerat al nou Institut Escola el Mol\u00ed - NouBarris.Net","isPartOf":{"@id":"https:\/\/www.noubarris.net\/web40\/#website"},"primaryImageOfPage":{"@id":"https:\/\/www.noubarris.net\/web40\/la-prosperitat-reclama-conservar-el-batxillerat-al-nou-institut-escola-el-moli\/#primaryimage"},"image":{"@id":"https:\/\/www.noubarris.net\/web40\/la-prosperitat-reclama-conservar-el-batxillerat-al-nou-institut-escola-el-moli\/#primaryimage"},"thumbnailUrl":"https:\/\/www.noubarris.net\/web40\/wp-content\/uploads\/2022\/03\/140322.jpg","datePublished":"2022-03-13T22:00:09+00:00","breadcrumb":{"@id":"https:\/\/www.noubarris.net\/web40\/la-prosperitat-reclama-conservar-el-batxillerat-al-nou-institut-escola-el-moli\/#breadcrumb"},"inLanguage":"ca","potentialAction":[{"@type":"ReadAction","target":["https:\/\/www.noubarris.net\/web40\/la-prosperitat-reclama-conservar-el-batxillerat-al-nou-institut-escola-el-moli\/"]}]},{"@type":"ImageObject","inLanguage":"ca","@id":"https:\/\/www.noubarris.net\/web40\/la-prosperitat-reclama-conservar-el-batxillerat-al-nou-institut-escola-el-moli\/#primaryimage","url":"https:\/\/www.noubarris.net\/web40\/wp-content\/uploads\/2022\/03\/140322.jpg","contentUrl":"https:\/\/www.noubarris.net\/web40\/wp-content\/uploads\/2022\/03\/140322.jpg","width":768,"height":432},{"@type":"BreadcrumbList","@id":"https:\/\/www.noubarris.net\/web40\/la-prosperitat-reclama-conservar-el-batxillerat-al-nou-institut-escola-el-moli\/#breadcrumb","itemListElement":[{"@type":"ListItem","position":1,"name":"Inici","item":"https:\/\/www.noubarris.net\/web40\/"},{"@type":"ListItem","position":2,"name":"La Prosperitat reclama conservar el batxillerat al nou Institut Escola el Mol\u00ed"}]},{"@type":"WebSite","@id":"https:\/\/www.noubarris.net\/web40\/#website","url":"https:\/\/www.noubarris.net\/web40\/","name":"NouBarris.Net","description":"Seguint la vida de Nou Barris des de 1985","publisher":{"@id":"https:\/\/www.noubarris.net\/web40\/#organization"},"potentialAction":[{"@type":"SearchAction","target":{"@type":"EntryPoint","urlTemplate":"https:\/\/www.noubarris.net\/web40\/?s={search_term_string}"},"query-input":{"@type":"PropertyValueSpecification","valueRequired":true,"valueName":"search_term_string"}}],"inLanguage":"ca"},{"@type":"Organization","@id":"https:\/\/www.noubarris.net\/web40\/#organization","name":"NouBarris.Net","url":"https:\/\/www.noubarris.net\/web40\/","logo":{"@type":"ImageObject","inLanguage":"ca","@id":"https:\/\/www.noubarris.net\/web40\/#\/schema\/logo\/image\/","url":"https:\/\/www.noubarris.net\/web40\/wp-content\/uploads\/2024\/11\/cropped-cropped-LOGO_9BTV-2024_Insta-1.jpg","contentUrl":"https:\/\/www.noubarris.net\/web40\/wp-content\/uploads\/2024\/11\/cropped-cropped-LOGO_9BTV-2024_Insta-1.jpg","width":512,"height":512,"caption":"NouBarris.Net"},"image":{"@id":"https:\/\/www.noubarris.net\/web40\/#\/schema\/logo\/image\/"},"sameAs":["https:\/\/www.facebook.com\/NouBarris.net\/?locale=es_ES","https:\/\/x.com\/9BTV"]},{"@type":"Person","@id":"https:\/\/www.noubarris.net\/web40\/#\/schema\/person\/1827f92aaa316c54abbf4dac0de76069","name":"Informatius","image":{"@type":"ImageObject","inLanguage":"ca","@id":"https:\/\/www.noubarris.net\/web40\/#\/schema\/person\/image\/","url":"https:\/\/secure.gravatar.com\/avatar\/87a3b47928835fc72c6ee5b0e1a7263ef0c2d05003a98189bc14926c5f11bcdb?s=96&d=mm&r=g","contentUrl":"https:\/\/secure.gravatar.com\/avatar\/87a3b47928835fc72c6ee5b0e1a7263ef0c2d05003a98189bc14926c5f11bcdb?s=96&d=mm&r=g","caption":"Informatius"},"url":"https:\/\/www.noubarris.net\/web40\/author\/tele\/"}]}},"_links":{"self":[{"href":"https:\/\/www.noubarris.net\/web40\/wp-json\/wp\/v2\/posts\/78743","targetHints":{"allow":["GET"]}}],"collection":[{"href":"https:\/\/www.noubarris.net\/web40\/wp-json\/wp\/v2\/posts"}],"about":[{"href":"https:\/\/www.noubarris.net\/web40\/wp-json\/wp\/v2\/types\/post"}],"author":[{"embeddable":true,"href":"https:\/\/www.noubarris.net\/web40\/wp-json\/wp\/v2\/users\/2"}],"replies":[{"embeddable":true,"href":"https:\/\/www.noubarris.net\/web40\/wp-json\/wp\/v2\/comments?post=78743"}],"version-history":[{"count":2,"href":"https:\/\/www.noubarris.net\/web40\/wp-json\/wp\/v2\/posts\/78743\/revisions"}],"predecessor-version":[{"id":78745,"href":"https:\/\/www.noubarris.net\/web40\/wp-json\/wp\/v2\/posts\/78743\/revisions\/78745"}],"wp:featuredmedia":[{"embeddable":true,"href":"https:\/\/www.noubarris.net\/web40\/wp-json\/wp\/v2\/media\/78746"}],"wp:attachment":[{"href":"https:\/\/www.noubarris.net\/web40\/wp-json\/wp\/v2\/media?parent=78743"}],"wp:term":[{"taxonomy":"category","embeddable":true,"href":"https:\/\/www.noubarris.net\/web40\/wp-json\/wp\/v2\/categories?post=78743"},{"taxonomy":"post_tag","embeddable":true,"href":"https:\/\/www.noubarris.net\/web40\/wp-json\/wp\/v2\/tags?post=78743"}],"curies":[{"name":"wp","href":"https:\/\/api.w.org\/{rel}","templated":true}]}}