{"id":78748,"date":"2022-03-15T00:00:34","date_gmt":"2022-03-14T22:00:34","guid":{"rendered":"http:\/\/www.noubarris.net\/web40\/?p=78748"},"modified":"2022-03-13T14:40:26","modified_gmt":"2022-03-13T12:40:26","slug":"sessio-informativa-sobre-la-nova-area-verda-daparcament-per-a-porta","status":"publish","type":"post","link":"https:\/\/www.noubarris.net\/web40\/sessio-informativa-sobre-la-nova-area-verda-daparcament-per-a-porta\/","title":{"rendered":"Sessi\u00f3 informativa sobre la nova \u00e0rea verda d&#8217;aparcament per a Porta"},"content":{"rendered":"<p><strong>L&#8217;aparcament regulat en aquest barri est\u00e0 previst per al proper 2 de maig<\/strong><\/p>\n<p>L&#8217;\u00e0rea verda d&#8217;aparcament continua estendint-se per Nou Barris. Primer va ser part de Vilapicina i la Torre Llobeta. Fa uns mesos es va completar el barri. La Prosperitat es tenyeix ja de verd de cara al 21 de mar\u00e7. I el proper barri \u00e9s el de Porta. Ja hi ha data: el 2 de maig.<\/p>\n<p>Per aix\u00f2, abans que arribi el moment, avui Districte de Nou Barris organitza una sessi\u00f3 informativa per explicar la implantaci\u00f3 i les dates de senyalitzaci\u00f3 i instal\u00b7laci\u00f3 de parqu\u00edmetre. Aix\u00ed maeix, tamb\u00e9 es resoldran dubtes del ve\u00efnat sobre la forma d&#8217;aconseguir la identificaci\u00f3 per aparcar a la zona verda i com fer els pagaments.<\/p>\n<p>La reuni\u00f3 est\u00e0 prevista per a les 18h. En format presencial, ser\u00e0 a l\u2019Ateneu La B\u00f2bila i no cal reserva pr\u00e8via per poder assistir. S\u00ed que caldr\u00e0 seguir les mesures de seguretat i prevenci\u00f3 de la covid-19.<\/p>\n<p>Tamb\u00e9 hi ha la possibilitat de connectar-se telem\u00e0ticament a trav\u00e9s del seg\u00fcent enlla\u00e7: <a href=\"https:\/\/meet.jit.si\/areaverdeporta\">https:\/\/meet.jit.si\/areaverdeporta<\/a><\/p>\n<p>&nbsp;<\/p>\n","protected":false},"excerpt":{"rendered":"<p>L&#8217;aparcament regulat en aquest barri est\u00e0 previst per al proper 2 de maig L&#8217;\u00e0rea verda d&#8217;aparcament continua estendint-se per Nou<\/p>\n","protected":false},"author":2,"featured_media":78749,"comment_status":"closed","ping_status":"closed","sticky":false,"template":"","format":"standard","meta":{"colormag_page_layout":"default_layout","_monsterinsights_skip_tracking":false,"_monsterinsights_sitenote_active":false,"_monsterinsights_sitenote_note":"","_monsterinsights_sitenote_category":0,"footnotes":""},"categories":[125,134],"tags":[391,672],"class_list":["post-78748","post","type-post","status-publish","format-standard","has-post-thumbnail","hentry","category-mobilitat","category-porta","tag-aparcament","tag-area-verda"],"yoast_head":"<!-- This site is optimized with the Yoast SEO plugin v25.3 - https:\/\/yoast.com\/wordpress\/plugins\/seo\/ -->\n<title>Sessi\u00f3 informativa sobre la nova \u00e0rea verda d&#039;aparcament per a Porta - NouBarris.Net<\/title>\n<meta name=\"robots\" content=\"index, follow, max-snippet:-1, max-image-preview:large, max-video-preview:-1\" \/>\n<link rel=\"canonical\" href=\"https:\/\/www.noubarris.net\/web40\/sessio-informativa-sobre-la-nova-area-verda-daparcament-per-a-porta\/\" \/>\n<meta property=\"og:locale\" content=\"ca_ES\" \/>\n<meta property=\"og:type\" content=\"article\" \/>\n<meta property=\"og:title\" content=\"Sessi\u00f3 informativa sobre la nova \u00e0rea verda d&#039;aparcament per a Porta - NouBarris.Net\" \/>\n<meta property=\"og:description\" content=\"L&#8217;aparcament regulat en aquest barri est\u00e0 previst per al proper 2 de maig L&#8217;\u00e0rea verda d&#8217;aparcament continua estendint-se per Nou\" \/>\n<meta property=\"og:url\" content=\"https:\/\/www.noubarris.net\/web40\/sessio-informativa-sobre-la-nova-area-verda-daparcament-per-a-porta\/\" \/>\n<meta property=\"og:site_name\" content=\"NouBarris.Net\" \/>\n<meta property=\"article:publisher\" content=\"https:\/\/www.facebook.com\/NouBarris.net\/?locale=es_ES\" \/>\n<meta property=\"article:published_time\" content=\"2022-03-14T22:00:34+00:00\" \/>\n<meta property=\"og:image\" content=\"https:\/\/www.noubarris.net\/web40\/wp-content\/uploads\/2022\/03\/150322.jpg\" \/>\n\t<meta property=\"og:image:width\" content=\"768\" \/>\n\t<meta property=\"og:image:height\" content=\"432\" \/>\n\t<meta property=\"og:image:type\" content=\"image\/jpeg\" \/>\n<meta name=\"author\" content=\"Informatius\" \/>\n<meta name=\"twitter:card\" content=\"summary_large_image\" \/>\n<meta name=\"twitter:creator\" content=\"@9BTV\" \/>\n<meta name=\"twitter:site\" content=\"@9BTV\" \/>\n<meta name=\"twitter:label1\" content=\"Escrit per\" \/>\n\t<meta name=\"twitter:data1\" content=\"Informatius\" \/>\n\t<meta name=\"twitter:label2\" content=\"Temps estimat de lectura\" \/>\n\t<meta name=\"twitter:data2\" content=\"1 minut\" \/>\n<script type=\"application\/ld+json\" class=\"yoast-schema-graph\">{\"@context\":\"https:\/\/schema.org\",\"@graph\":[{\"@type\":\"Article\",\"@id\":\"https:\/\/www.noubarris.net\/web40\/sessio-informativa-sobre-la-nova-area-verda-daparcament-per-a-porta\/#article\",\"isPartOf\":{\"@id\":\"https:\/\/www.noubarris.net\/web40\/sessio-informativa-sobre-la-nova-area-verda-daparcament-per-a-porta\/\"},\"author\":{\"name\":\"Informatius\",\"@id\":\"https:\/\/www.noubarris.net\/web40\/#\/schema\/person\/1827f92aaa316c54abbf4dac0de76069\"},\"headline\":\"Sessi\u00f3 informativa sobre la nova \u00e0rea verda d&#8217;aparcament per a Porta\",\"datePublished\":\"2022-03-14T22:00:34+00:00\",\"mainEntityOfPage\":{\"@id\":\"https:\/\/www.noubarris.net\/web40\/sessio-informativa-sobre-la-nova-area-verda-daparcament-per-a-porta\/\"},\"wordCount\":200,\"publisher\":{\"@id\":\"https:\/\/www.noubarris.net\/web40\/#organization\"},\"image\":{\"@id\":\"https:\/\/www.noubarris.net\/web40\/sessio-informativa-sobre-la-nova-area-verda-daparcament-per-a-porta\/#primaryimage\"},\"thumbnailUrl\":\"https:\/\/www.noubarris.net\/web40\/wp-content\/uploads\/2022\/03\/150322.jpg\",\"keywords\":[\"Aparcament\",\"\u00e0rea verda\"],\"articleSection\":[\"Mobilitat\",\"Porta\"],\"inLanguage\":\"ca\"},{\"@type\":\"WebPage\",\"@id\":\"https:\/\/www.noubarris.net\/web40\/sessio-informativa-sobre-la-nova-area-verda-daparcament-per-a-porta\/\",\"url\":\"https:\/\/www.noubarris.net\/web40\/sessio-informativa-sobre-la-nova-area-verda-daparcament-per-a-porta\/\",\"name\":\"Sessi\u00f3 informativa sobre la nova \u00e0rea verda d'aparcament per a Porta - NouBarris.Net\",\"isPartOf\":{\"@id\":\"https:\/\/www.noubarris.net\/web40\/#website\"},\"primaryImageOfPage\":{\"@id\":\"https:\/\/www.noubarris.net\/web40\/sessio-informativa-sobre-la-nova-area-verda-daparcament-per-a-porta\/#primaryimage\"},\"image\":{\"@id\":\"https:\/\/www.noubarris.net\/web40\/sessio-informativa-sobre-la-nova-area-verda-daparcament-per-a-porta\/#primaryimage\"},\"thumbnailUrl\":\"https:\/\/www.noubarris.net\/web40\/wp-content\/uploads\/2022\/03\/150322.jpg\",\"datePublished\":\"2022-03-14T22:00:34+00:00\",\"breadcrumb\":{\"@id\":\"https:\/\/www.noubarris.net\/web40\/sessio-informativa-sobre-la-nova-area-verda-daparcament-per-a-porta\/#breadcrumb\"},\"inLanguage\":\"ca\",\"potentialAction\":[{\"@type\":\"ReadAction\",\"target\":[\"https:\/\/www.noubarris.net\/web40\/sessio-informativa-sobre-la-nova-area-verda-daparcament-per-a-porta\/\"]}]},{\"@type\":\"ImageObject\",\"inLanguage\":\"ca\",\"@id\":\"https:\/\/www.noubarris.net\/web40\/sessio-informativa-sobre-la-nova-area-verda-daparcament-per-a-porta\/#primaryimage\",\"url\":\"https:\/\/www.noubarris.net\/web40\/wp-content\/uploads\/2022\/03\/150322.jpg\",\"contentUrl\":\"https:\/\/www.noubarris.net\/web40\/wp-content\/uploads\/2022\/03\/150322.jpg\",\"width\":768,\"height\":432},{\"@type\":\"BreadcrumbList\",\"@id\":\"https:\/\/www.noubarris.net\/web40\/sessio-informativa-sobre-la-nova-area-verda-daparcament-per-a-porta\/#breadcrumb\",\"itemListElement\":[{\"@type\":\"ListItem\",\"position\":1,\"name\":\"Inici\",\"item\":\"https:\/\/www.noubarris.net\/web40\/\"},{\"@type\":\"ListItem\",\"position\":2,\"name\":\"Sessi\u00f3 informativa sobre la nova \u00e0rea verda d&#8217;aparcament per a Porta\"}]},{\"@type\":\"WebSite\",\"@id\":\"https:\/\/www.noubarris.net\/web40\/#website\",\"url\":\"https:\/\/www.noubarris.net\/web40\/\",\"name\":\"NouBarris.Net\",\"description\":\"Seguint la vida de Nou Barris des de 1985\",\"publisher\":{\"@id\":\"https:\/\/www.noubarris.net\/web40\/#organization\"},\"potentialAction\":[{\"@type\":\"SearchAction\",\"target\":{\"@type\":\"EntryPoint\",\"urlTemplate\":\"https:\/\/www.noubarris.net\/web40\/?s={search_term_string}\"},\"query-input\":{\"@type\":\"PropertyValueSpecification\",\"valueRequired\":true,\"valueName\":\"search_term_string\"}}],\"inLanguage\":\"ca\"},{\"@type\":\"Organization\",\"@id\":\"https:\/\/www.noubarris.net\/web40\/#organization\",\"name\":\"NouBarris.Net\",\"url\":\"https:\/\/www.noubarris.net\/web40\/\",\"logo\":{\"@type\":\"ImageObject\",\"inLanguage\":\"ca\",\"@id\":\"https:\/\/www.noubarris.net\/web40\/#\/schema\/logo\/image\/\",\"url\":\"https:\/\/www.noubarris.net\/web40\/wp-content\/uploads\/2024\/11\/cropped-cropped-LOGO_9BTV-2024_Insta-1.jpg\",\"contentUrl\":\"https:\/\/www.noubarris.net\/web40\/wp-content\/uploads\/2024\/11\/cropped-cropped-LOGO_9BTV-2024_Insta-1.jpg\",\"width\":512,\"height\":512,\"caption\":\"NouBarris.Net\"},\"image\":{\"@id\":\"https:\/\/www.noubarris.net\/web40\/#\/schema\/logo\/image\/\"},\"sameAs\":[\"https:\/\/www.facebook.com\/NouBarris.net\/?locale=es_ES\",\"https:\/\/x.com\/9BTV\"]},{\"@type\":\"Person\",\"@id\":\"https:\/\/www.noubarris.net\/web40\/#\/schema\/person\/1827f92aaa316c54abbf4dac0de76069\",\"name\":\"Informatius\",\"image\":{\"@type\":\"ImageObject\",\"inLanguage\":\"ca\",\"@id\":\"https:\/\/www.noubarris.net\/web40\/#\/schema\/person\/image\/\",\"url\":\"https:\/\/secure.gravatar.com\/avatar\/87a3b47928835fc72c6ee5b0e1a7263ef0c2d05003a98189bc14926c5f11bcdb?s=96&d=mm&r=g\",\"contentUrl\":\"https:\/\/secure.gravatar.com\/avatar\/87a3b47928835fc72c6ee5b0e1a7263ef0c2d05003a98189bc14926c5f11bcdb?s=96&d=mm&r=g\",\"caption\":\"Informatius\"},\"url\":\"https:\/\/www.noubarris.net\/web40\/author\/tele\/\"}]}<\/script>\n<!-- \/ Yoast SEO plugin. -->","yoast_head_json":{"title":"Sessi\u00f3 informativa sobre la nova \u00e0rea verda d'aparcament per a Porta - NouBarris.Net","robots":{"index":"index","follow":"follow","max-snippet":"max-snippet:-1","max-image-preview":"max-image-preview:large","max-video-preview":"max-video-preview:-1"},"canonical":"https:\/\/www.noubarris.net\/web40\/sessio-informativa-sobre-la-nova-area-verda-daparcament-per-a-porta\/","og_locale":"ca_ES","og_type":"article","og_title":"Sessi\u00f3 informativa sobre la nova \u00e0rea verda d'aparcament per a Porta - NouBarris.Net","og_description":"L&#8217;aparcament regulat en aquest barri est\u00e0 previst per al proper 2 de maig L&#8217;\u00e0rea verda d&#8217;aparcament continua estendint-se per Nou","og_url":"https:\/\/www.noubarris.net\/web40\/sessio-informativa-sobre-la-nova-area-verda-daparcament-per-a-porta\/","og_site_name":"NouBarris.Net","article_publisher":"https:\/\/www.facebook.com\/NouBarris.net\/?locale=es_ES","article_published_time":"2022-03-14T22:00:34+00:00","og_image":[{"width":768,"height":432,"url":"https:\/\/www.noubarris.net\/web40\/wp-content\/uploads\/2022\/03\/150322.jpg","type":"image\/jpeg"}],"author":"Informatius","twitter_card":"summary_large_image","twitter_creator":"@9BTV","twitter_site":"@9BTV","twitter_misc":{"Escrit per":"Informatius","Temps estimat de lectura":"1 minut"},"schema":{"@context":"https:\/\/schema.org","@graph":[{"@type":"Article","@id":"https:\/\/www.noubarris.net\/web40\/sessio-informativa-sobre-la-nova-area-verda-daparcament-per-a-porta\/#article","isPartOf":{"@id":"https:\/\/www.noubarris.net\/web40\/sessio-informativa-sobre-la-nova-area-verda-daparcament-per-a-porta\/"},"author":{"name":"Informatius","@id":"https:\/\/www.noubarris.net\/web40\/#\/schema\/person\/1827f92aaa316c54abbf4dac0de76069"},"headline":"Sessi\u00f3 informativa sobre la nova \u00e0rea verda d&#8217;aparcament per a Porta","datePublished":"2022-03-14T22:00:34+00:00","mainEntityOfPage":{"@id":"https:\/\/www.noubarris.net\/web40\/sessio-informativa-sobre-la-nova-area-verda-daparcament-per-a-porta\/"},"wordCount":200,"publisher":{"@id":"https:\/\/www.noubarris.net\/web40\/#organization"},"image":{"@id":"https:\/\/www.noubarris.net\/web40\/sessio-informativa-sobre-la-nova-area-verda-daparcament-per-a-porta\/#primaryimage"},"thumbnailUrl":"https:\/\/www.noubarris.net\/web40\/wp-content\/uploads\/2022\/03\/150322.jpg","keywords":["Aparcament","\u00e0rea verda"],"articleSection":["Mobilitat","Porta"],"inLanguage":"ca"},{"@type":"WebPage","@id":"https:\/\/www.noubarris.net\/web40\/sessio-informativa-sobre-la-nova-area-verda-daparcament-per-a-porta\/","url":"https:\/\/www.noubarris.net\/web40\/sessio-informativa-sobre-la-nova-area-verda-daparcament-per-a-porta\/","name":"Sessi\u00f3 informativa sobre la nova \u00e0rea verda d'aparcament per a Porta - NouBarris.Net","isPartOf":{"@id":"https:\/\/www.noubarris.net\/web40\/#website"},"primaryImageOfPage":{"@id":"https:\/\/www.noubarris.net\/web40\/sessio-informativa-sobre-la-nova-area-verda-daparcament-per-a-porta\/#primaryimage"},"image":{"@id":"https:\/\/www.noubarris.net\/web40\/sessio-informativa-sobre-la-nova-area-verda-daparcament-per-a-porta\/#primaryimage"},"thumbnailUrl":"https:\/\/www.noubarris.net\/web40\/wp-content\/uploads\/2022\/03\/150322.jpg","datePublished":"2022-03-14T22:00:34+00:00","breadcrumb":{"@id":"https:\/\/www.noubarris.net\/web40\/sessio-informativa-sobre-la-nova-area-verda-daparcament-per-a-porta\/#breadcrumb"},"inLanguage":"ca","potentialAction":[{"@type":"ReadAction","target":["https:\/\/www.noubarris.net\/web40\/sessio-informativa-sobre-la-nova-area-verda-daparcament-per-a-porta\/"]}]},{"@type":"ImageObject","inLanguage":"ca","@id":"https:\/\/www.noubarris.net\/web40\/sessio-informativa-sobre-la-nova-area-verda-daparcament-per-a-porta\/#primaryimage","url":"https:\/\/www.noubarris.net\/web40\/wp-content\/uploads\/2022\/03\/150322.jpg","contentUrl":"https:\/\/www.noubarris.net\/web40\/wp-content\/uploads\/2022\/03\/150322.jpg","width":768,"height":432},{"@type":"BreadcrumbList","@id":"https:\/\/www.noubarris.net\/web40\/sessio-informativa-sobre-la-nova-area-verda-daparcament-per-a-porta\/#breadcrumb","itemListElement":[{"@type":"ListItem","position":1,"name":"Inici","item":"https:\/\/www.noubarris.net\/web40\/"},{"@type":"ListItem","position":2,"name":"Sessi\u00f3 informativa sobre la nova \u00e0rea verda d&#8217;aparcament per a Porta"}]},{"@type":"WebSite","@id":"https:\/\/www.noubarris.net\/web40\/#website","url":"https:\/\/www.noubarris.net\/web40\/","name":"NouBarris.Net","description":"Seguint la vida de Nou Barris des de 1985","publisher":{"@id":"https:\/\/www.noubarris.net\/web40\/#organization"},"potentialAction":[{"@type":"SearchAction","target":{"@type":"EntryPoint","urlTemplate":"https:\/\/www.noubarris.net\/web40\/?s={search_term_string}"},"query-input":{"@type":"PropertyValueSpecification","valueRequired":true,"valueName":"search_term_string"}}],"inLanguage":"ca"},{"@type":"Organization","@id":"https:\/\/www.noubarris.net\/web40\/#organization","name":"NouBarris.Net","url":"https:\/\/www.noubarris.net\/web40\/","logo":{"@type":"ImageObject","inLanguage":"ca","@id":"https:\/\/www.noubarris.net\/web40\/#\/schema\/logo\/image\/","url":"https:\/\/www.noubarris.net\/web40\/wp-content\/uploads\/2024\/11\/cropped-cropped-LOGO_9BTV-2024_Insta-1.jpg","contentUrl":"https:\/\/www.noubarris.net\/web40\/wp-content\/uploads\/2024\/11\/cropped-cropped-LOGO_9BTV-2024_Insta-1.jpg","width":512,"height":512,"caption":"NouBarris.Net"},"image":{"@id":"https:\/\/www.noubarris.net\/web40\/#\/schema\/logo\/image\/"},"sameAs":["https:\/\/www.facebook.com\/NouBarris.net\/?locale=es_ES","https:\/\/x.com\/9BTV"]},{"@type":"Person","@id":"https:\/\/www.noubarris.net\/web40\/#\/schema\/person\/1827f92aaa316c54abbf4dac0de76069","name":"Informatius","image":{"@type":"ImageObject","inLanguage":"ca","@id":"https:\/\/www.noubarris.net\/web40\/#\/schema\/person\/image\/","url":"https:\/\/secure.gravatar.com\/avatar\/87a3b47928835fc72c6ee5b0e1a7263ef0c2d05003a98189bc14926c5f11bcdb?s=96&d=mm&r=g","contentUrl":"https:\/\/secure.gravatar.com\/avatar\/87a3b47928835fc72c6ee5b0e1a7263ef0c2d05003a98189bc14926c5f11bcdb?s=96&d=mm&r=g","caption":"Informatius"},"url":"https:\/\/www.noubarris.net\/web40\/author\/tele\/"}]}},"_links":{"self":[{"href":"https:\/\/www.noubarris.net\/web40\/wp-json\/wp\/v2\/posts\/78748","targetHints":{"allow":["GET"]}}],"collection":[{"href":"https:\/\/www.noubarris.net\/web40\/wp-json\/wp\/v2\/posts"}],"about":[{"href":"https:\/\/www.noubarris.net\/web40\/wp-json\/wp\/v2\/types\/post"}],"author":[{"embeddable":true,"href":"https:\/\/www.noubarris.net\/web40\/wp-json\/wp\/v2\/users\/2"}],"replies":[{"embeddable":true,"href":"https:\/\/www.noubarris.net\/web40\/wp-json\/wp\/v2\/comments?post=78748"}],"version-history":[{"count":1,"href":"https:\/\/www.noubarris.net\/web40\/wp-json\/wp\/v2\/posts\/78748\/revisions"}],"predecessor-version":[{"id":78750,"href":"https:\/\/www.noubarris.net\/web40\/wp-json\/wp\/v2\/posts\/78748\/revisions\/78750"}],"wp:featuredmedia":[{"embeddable":true,"href":"https:\/\/www.noubarris.net\/web40\/wp-json\/wp\/v2\/media\/78749"}],"wp:attachment":[{"href":"https:\/\/www.noubarris.net\/web40\/wp-json\/wp\/v2\/media?parent=78748"}],"wp:term":[{"taxonomy":"category","embeddable":true,"href":"https:\/\/www.noubarris.net\/web40\/wp-json\/wp\/v2\/categories?post=78748"},{"taxonomy":"post_tag","embeddable":true,"href":"https:\/\/www.noubarris.net\/web40\/wp-json\/wp\/v2\/tags?post=78748"}],"curies":[{"name":"wp","href":"https:\/\/api.w.org\/{rel}","templated":true}]}}