{"id":78797,"date":"2022-03-23T00:00:13","date_gmt":"2022-03-22T22:00:13","guid":{"rendered":"http:\/\/www.noubarris.net\/web40\/?p=78797"},"modified":"2022-03-21T21:32:05","modified_gmt":"2022-03-21T19:32:05","slug":"ple-de-nou-barris-avui-a-les-18h","status":"publish","type":"post","link":"https:\/\/www.noubarris.net\/web40\/ple-de-nou-barris-avui-a-les-18h\/","title":{"rendered":"Ple de Nou Barris, avui a les 18h"},"content":{"rendered":"<p><strong>L&#8217;equip de govern presentar\u00e0 el Pla d&#8217;Acci\u00f3 Social per al districte<\/strong><\/p>\n<p>Govern, oposici\u00f3 i ciutadania tenen avui una nova cita al Consell Plenari de Nou Barris, que est\u00e0 previst que comenci a les 18h a la sala de plens de la Seu del Districte. Per davant tindran una sessi\u00f3 amb una llarga llista de punts del dia.<\/p>\n<p>El govern exposar\u00e0 el seu Pla d&#8217;Acci\u00f3 Social per a Nou Barris, amb la intenci\u00f3 de revertir les conseq\u00fc\u00e8ncies de la crisi econ\u00f2mica als nostres barris. El regidor, a m\u00e9s, explicar\u00e0 al seu informe l&#8217;evoluci\u00f3 dels projectes i obres des del darrer ple, celebrat al mes de desembre.<\/p>\n<p>L&#8217;oposici\u00f3 tamb\u00e9 ha preparat una llista de proposicions i precs, com ara sobre la reurbanitzaci\u00f3 pendent dels interiors de la Guineueta, l&#8217;esport inclusiu, o la necessitat de reurbanitzar &#8220;la rambleta&#8221; del carrer de Pablo Iglesias, entre altres q\u00fcestions.<\/p>\n<p><strong><a href=\"https:\/\/media-edg.barcelona.cat\/wp-content\/uploads\/2022\/03\/16115713\/01-Conv.-Consell-Plenari-23-03-2022.pdf\">Podeu consultar tot l&#8217;ordre del dia al web municipal de Nou Barris.<\/a><\/strong><\/p>\n<p>Pel que fa al seguiment de la sessi\u00f3, si no us heu apuntat per assistir-hi presencialment, us facilitem a continuaci\u00f3 el canal de Youtube on el podreu veure:<\/p>\n\n\n<figure class=\"wp-block-embed is-type-video is-provider-youtube wp-block-embed-youtube wp-embed-aspect-16-9 wp-has-aspect-ratio\"><div class=\"wp-block-embed__wrapper\">\n<iframe loading=\"lazy\" title=\"Consell Plenari de Nou Barris, 23 de mar\u00e7 de 2022\" width=\"800\" height=\"450\" src=\"https:\/\/www.youtube.com\/embed\/I-UYScasOk8?feature=oembed\" frameborder=\"0\" allow=\"accelerometer; autoplay; clipboard-write; encrypted-media; gyroscope; picture-in-picture\" allowfullscreen><\/iframe>\n<\/div><\/figure>\n","protected":false},"excerpt":{"rendered":"<p>L&#8217;equip de govern presentar\u00e0 el Pla d&#8217;Acci\u00f3 Social per al districte Govern, oposici\u00f3 i ciutadania tenen avui una nova cita<\/p>\n","protected":false},"author":2,"featured_media":77587,"comment_status":"closed","ping_status":"closed","sticky":false,"template":"","format":"standard","meta":{"colormag_page_layout":"default_layout","_monsterinsights_skip_tracking":false,"_monsterinsights_sitenote_active":false,"_monsterinsights_sitenote_note":"","_monsterinsights_sitenote_category":0,"footnotes":""},"categories":[447],"tags":[320],"class_list":["post-78797","post","type-post","status-publish","format-standard","has-post-thumbnail","hentry","category-audiencia-publica-i-plenari","tag-plenari"],"yoast_head":"<!-- This site is optimized with the Yoast SEO plugin v25.3 - https:\/\/yoast.com\/wordpress\/plugins\/seo\/ -->\n<title>Ple de Nou Barris, avui a les 18h - NouBarris.Net<\/title>\n<meta name=\"robots\" content=\"index, follow, max-snippet:-1, max-image-preview:large, max-video-preview:-1\" \/>\n<link rel=\"canonical\" href=\"https:\/\/www.noubarris.net\/web40\/ple-de-nou-barris-avui-a-les-18h\/\" \/>\n<meta property=\"og:locale\" content=\"ca_ES\" \/>\n<meta property=\"og:type\" content=\"article\" \/>\n<meta property=\"og:title\" content=\"Ple de Nou Barris, avui a les 18h - NouBarris.Net\" \/>\n<meta property=\"og:description\" content=\"L&#8217;equip de govern presentar\u00e0 el Pla d&#8217;Acci\u00f3 Social per al districte Govern, oposici\u00f3 i ciutadania tenen avui una nova cita\" \/>\n<meta property=\"og:url\" content=\"https:\/\/www.noubarris.net\/web40\/ple-de-nou-barris-avui-a-les-18h\/\" \/>\n<meta property=\"og:site_name\" content=\"NouBarris.Net\" \/>\n<meta property=\"article:publisher\" content=\"https:\/\/www.facebook.com\/NouBarris.net\/?locale=es_ES\" \/>\n<meta property=\"article:published_time\" content=\"2022-03-22T22:00:13+00:00\" \/>\n<meta property=\"og:image\" content=\"https:\/\/www.noubarris.net\/web40\/wp-content\/uploads\/2021\/07\/150721.jpg\" \/>\n\t<meta property=\"og:image:width\" content=\"512\" \/>\n\t<meta property=\"og:image:height\" content=\"288\" \/>\n\t<meta property=\"og:image:type\" content=\"image\/jpeg\" \/>\n<meta name=\"author\" content=\"Informatius\" \/>\n<meta name=\"twitter:card\" content=\"summary_large_image\" \/>\n<meta name=\"twitter:creator\" content=\"@9BTV\" \/>\n<meta name=\"twitter:site\" content=\"@9BTV\" \/>\n<meta name=\"twitter:label1\" content=\"Escrit per\" \/>\n\t<meta name=\"twitter:data1\" content=\"Informatius\" \/>\n\t<meta name=\"twitter:label2\" content=\"Temps estimat de lectura\" \/>\n\t<meta name=\"twitter:data2\" content=\"1 minut\" \/>\n<script type=\"application\/ld+json\" class=\"yoast-schema-graph\">{\"@context\":\"https:\/\/schema.org\",\"@graph\":[{\"@type\":\"Article\",\"@id\":\"https:\/\/www.noubarris.net\/web40\/ple-de-nou-barris-avui-a-les-18h\/#article\",\"isPartOf\":{\"@id\":\"https:\/\/www.noubarris.net\/web40\/ple-de-nou-barris-avui-a-les-18h\/\"},\"author\":{\"name\":\"Informatius\",\"@id\":\"https:\/\/www.noubarris.net\/web40\/#\/schema\/person\/1827f92aaa316c54abbf4dac0de76069\"},\"headline\":\"Ple de Nou Barris, avui a les 18h\",\"datePublished\":\"2022-03-22T22:00:13+00:00\",\"mainEntityOfPage\":{\"@id\":\"https:\/\/www.noubarris.net\/web40\/ple-de-nou-barris-avui-a-les-18h\/\"},\"wordCount\":209,\"publisher\":{\"@id\":\"https:\/\/www.noubarris.net\/web40\/#organization\"},\"image\":{\"@id\":\"https:\/\/www.noubarris.net\/web40\/ple-de-nou-barris-avui-a-les-18h\/#primaryimage\"},\"thumbnailUrl\":\"https:\/\/www.noubarris.net\/web40\/wp-content\/uploads\/2021\/07\/150721.jpg\",\"keywords\":[\"Plenari\"],\"articleSection\":[\"Audi\u00e8ncia p\u00fablica i Plenari\"],\"inLanguage\":\"ca\"},{\"@type\":\"WebPage\",\"@id\":\"https:\/\/www.noubarris.net\/web40\/ple-de-nou-barris-avui-a-les-18h\/\",\"url\":\"https:\/\/www.noubarris.net\/web40\/ple-de-nou-barris-avui-a-les-18h\/\",\"name\":\"Ple de Nou Barris, avui a les 18h - NouBarris.Net\",\"isPartOf\":{\"@id\":\"https:\/\/www.noubarris.net\/web40\/#website\"},\"primaryImageOfPage\":{\"@id\":\"https:\/\/www.noubarris.net\/web40\/ple-de-nou-barris-avui-a-les-18h\/#primaryimage\"},\"image\":{\"@id\":\"https:\/\/www.noubarris.net\/web40\/ple-de-nou-barris-avui-a-les-18h\/#primaryimage\"},\"thumbnailUrl\":\"https:\/\/www.noubarris.net\/web40\/wp-content\/uploads\/2021\/07\/150721.jpg\",\"datePublished\":\"2022-03-22T22:00:13+00:00\",\"breadcrumb\":{\"@id\":\"https:\/\/www.noubarris.net\/web40\/ple-de-nou-barris-avui-a-les-18h\/#breadcrumb\"},\"inLanguage\":\"ca\",\"potentialAction\":[{\"@type\":\"ReadAction\",\"target\":[\"https:\/\/www.noubarris.net\/web40\/ple-de-nou-barris-avui-a-les-18h\/\"]}]},{\"@type\":\"ImageObject\",\"inLanguage\":\"ca\",\"@id\":\"https:\/\/www.noubarris.net\/web40\/ple-de-nou-barris-avui-a-les-18h\/#primaryimage\",\"url\":\"https:\/\/www.noubarris.net\/web40\/wp-content\/uploads\/2021\/07\/150721.jpg\",\"contentUrl\":\"https:\/\/www.noubarris.net\/web40\/wp-content\/uploads\/2021\/07\/150721.jpg\",\"width\":512,\"height\":288},{\"@type\":\"BreadcrumbList\",\"@id\":\"https:\/\/www.noubarris.net\/web40\/ple-de-nou-barris-avui-a-les-18h\/#breadcrumb\",\"itemListElement\":[{\"@type\":\"ListItem\",\"position\":1,\"name\":\"Inici\",\"item\":\"https:\/\/www.noubarris.net\/web40\/\"},{\"@type\":\"ListItem\",\"position\":2,\"name\":\"Ple de Nou Barris, avui a les 18h\"}]},{\"@type\":\"WebSite\",\"@id\":\"https:\/\/www.noubarris.net\/web40\/#website\",\"url\":\"https:\/\/www.noubarris.net\/web40\/\",\"name\":\"NouBarris.Net\",\"description\":\"Seguint la vida de Nou Barris des de 1985\",\"publisher\":{\"@id\":\"https:\/\/www.noubarris.net\/web40\/#organization\"},\"potentialAction\":[{\"@type\":\"SearchAction\",\"target\":{\"@type\":\"EntryPoint\",\"urlTemplate\":\"https:\/\/www.noubarris.net\/web40\/?s={search_term_string}\"},\"query-input\":{\"@type\":\"PropertyValueSpecification\",\"valueRequired\":true,\"valueName\":\"search_term_string\"}}],\"inLanguage\":\"ca\"},{\"@type\":\"Organization\",\"@id\":\"https:\/\/www.noubarris.net\/web40\/#organization\",\"name\":\"NouBarris.Net\",\"url\":\"https:\/\/www.noubarris.net\/web40\/\",\"logo\":{\"@type\":\"ImageObject\",\"inLanguage\":\"ca\",\"@id\":\"https:\/\/www.noubarris.net\/web40\/#\/schema\/logo\/image\/\",\"url\":\"https:\/\/www.noubarris.net\/web40\/wp-content\/uploads\/2024\/11\/cropped-cropped-LOGO_9BTV-2024_Insta-1.jpg\",\"contentUrl\":\"https:\/\/www.noubarris.net\/web40\/wp-content\/uploads\/2024\/11\/cropped-cropped-LOGO_9BTV-2024_Insta-1.jpg\",\"width\":512,\"height\":512,\"caption\":\"NouBarris.Net\"},\"image\":{\"@id\":\"https:\/\/www.noubarris.net\/web40\/#\/schema\/logo\/image\/\"},\"sameAs\":[\"https:\/\/www.facebook.com\/NouBarris.net\/?locale=es_ES\",\"https:\/\/x.com\/9BTV\"]},{\"@type\":\"Person\",\"@id\":\"https:\/\/www.noubarris.net\/web40\/#\/schema\/person\/1827f92aaa316c54abbf4dac0de76069\",\"name\":\"Informatius\",\"image\":{\"@type\":\"ImageObject\",\"inLanguage\":\"ca\",\"@id\":\"https:\/\/www.noubarris.net\/web40\/#\/schema\/person\/image\/\",\"url\":\"https:\/\/secure.gravatar.com\/avatar\/87a3b47928835fc72c6ee5b0e1a7263ef0c2d05003a98189bc14926c5f11bcdb?s=96&d=mm&r=g\",\"contentUrl\":\"https:\/\/secure.gravatar.com\/avatar\/87a3b47928835fc72c6ee5b0e1a7263ef0c2d05003a98189bc14926c5f11bcdb?s=96&d=mm&r=g\",\"caption\":\"Informatius\"},\"url\":\"https:\/\/www.noubarris.net\/web40\/author\/tele\/\"}]}<\/script>\n<!-- \/ Yoast SEO plugin. -->","yoast_head_json":{"title":"Ple de Nou Barris, avui a les 18h - NouBarris.Net","robots":{"index":"index","follow":"follow","max-snippet":"max-snippet:-1","max-image-preview":"max-image-preview:large","max-video-preview":"max-video-preview:-1"},"canonical":"https:\/\/www.noubarris.net\/web40\/ple-de-nou-barris-avui-a-les-18h\/","og_locale":"ca_ES","og_type":"article","og_title":"Ple de Nou Barris, avui a les 18h - NouBarris.Net","og_description":"L&#8217;equip de govern presentar\u00e0 el Pla d&#8217;Acci\u00f3 Social per al districte Govern, oposici\u00f3 i ciutadania tenen avui una nova cita","og_url":"https:\/\/www.noubarris.net\/web40\/ple-de-nou-barris-avui-a-les-18h\/","og_site_name":"NouBarris.Net","article_publisher":"https:\/\/www.facebook.com\/NouBarris.net\/?locale=es_ES","article_published_time":"2022-03-22T22:00:13+00:00","og_image":[{"width":512,"height":288,"url":"https:\/\/www.noubarris.net\/web40\/wp-content\/uploads\/2021\/07\/150721.jpg","type":"image\/jpeg"}],"author":"Informatius","twitter_card":"summary_large_image","twitter_creator":"@9BTV","twitter_site":"@9BTV","twitter_misc":{"Escrit per":"Informatius","Temps estimat de lectura":"1 minut"},"schema":{"@context":"https:\/\/schema.org","@graph":[{"@type":"Article","@id":"https:\/\/www.noubarris.net\/web40\/ple-de-nou-barris-avui-a-les-18h\/#article","isPartOf":{"@id":"https:\/\/www.noubarris.net\/web40\/ple-de-nou-barris-avui-a-les-18h\/"},"author":{"name":"Informatius","@id":"https:\/\/www.noubarris.net\/web40\/#\/schema\/person\/1827f92aaa316c54abbf4dac0de76069"},"headline":"Ple de Nou Barris, avui a les 18h","datePublished":"2022-03-22T22:00:13+00:00","mainEntityOfPage":{"@id":"https:\/\/www.noubarris.net\/web40\/ple-de-nou-barris-avui-a-les-18h\/"},"wordCount":209,"publisher":{"@id":"https:\/\/www.noubarris.net\/web40\/#organization"},"image":{"@id":"https:\/\/www.noubarris.net\/web40\/ple-de-nou-barris-avui-a-les-18h\/#primaryimage"},"thumbnailUrl":"https:\/\/www.noubarris.net\/web40\/wp-content\/uploads\/2021\/07\/150721.jpg","keywords":["Plenari"],"articleSection":["Audi\u00e8ncia p\u00fablica i Plenari"],"inLanguage":"ca"},{"@type":"WebPage","@id":"https:\/\/www.noubarris.net\/web40\/ple-de-nou-barris-avui-a-les-18h\/","url":"https:\/\/www.noubarris.net\/web40\/ple-de-nou-barris-avui-a-les-18h\/","name":"Ple de Nou Barris, avui a les 18h - NouBarris.Net","isPartOf":{"@id":"https:\/\/www.noubarris.net\/web40\/#website"},"primaryImageOfPage":{"@id":"https:\/\/www.noubarris.net\/web40\/ple-de-nou-barris-avui-a-les-18h\/#primaryimage"},"image":{"@id":"https:\/\/www.noubarris.net\/web40\/ple-de-nou-barris-avui-a-les-18h\/#primaryimage"},"thumbnailUrl":"https:\/\/www.noubarris.net\/web40\/wp-content\/uploads\/2021\/07\/150721.jpg","datePublished":"2022-03-22T22:00:13+00:00","breadcrumb":{"@id":"https:\/\/www.noubarris.net\/web40\/ple-de-nou-barris-avui-a-les-18h\/#breadcrumb"},"inLanguage":"ca","potentialAction":[{"@type":"ReadAction","target":["https:\/\/www.noubarris.net\/web40\/ple-de-nou-barris-avui-a-les-18h\/"]}]},{"@type":"ImageObject","inLanguage":"ca","@id":"https:\/\/www.noubarris.net\/web40\/ple-de-nou-barris-avui-a-les-18h\/#primaryimage","url":"https:\/\/www.noubarris.net\/web40\/wp-content\/uploads\/2021\/07\/150721.jpg","contentUrl":"https:\/\/www.noubarris.net\/web40\/wp-content\/uploads\/2021\/07\/150721.jpg","width":512,"height":288},{"@type":"BreadcrumbList","@id":"https:\/\/www.noubarris.net\/web40\/ple-de-nou-barris-avui-a-les-18h\/#breadcrumb","itemListElement":[{"@type":"ListItem","position":1,"name":"Inici","item":"https:\/\/www.noubarris.net\/web40\/"},{"@type":"ListItem","position":2,"name":"Ple de Nou Barris, avui a les 18h"}]},{"@type":"WebSite","@id":"https:\/\/www.noubarris.net\/web40\/#website","url":"https:\/\/www.noubarris.net\/web40\/","name":"NouBarris.Net","description":"Seguint la vida de Nou Barris des de 1985","publisher":{"@id":"https:\/\/www.noubarris.net\/web40\/#organization"},"potentialAction":[{"@type":"SearchAction","target":{"@type":"EntryPoint","urlTemplate":"https:\/\/www.noubarris.net\/web40\/?s={search_term_string}"},"query-input":{"@type":"PropertyValueSpecification","valueRequired":true,"valueName":"search_term_string"}}],"inLanguage":"ca"},{"@type":"Organization","@id":"https:\/\/www.noubarris.net\/web40\/#organization","name":"NouBarris.Net","url":"https:\/\/www.noubarris.net\/web40\/","logo":{"@type":"ImageObject","inLanguage":"ca","@id":"https:\/\/www.noubarris.net\/web40\/#\/schema\/logo\/image\/","url":"https:\/\/www.noubarris.net\/web40\/wp-content\/uploads\/2024\/11\/cropped-cropped-LOGO_9BTV-2024_Insta-1.jpg","contentUrl":"https:\/\/www.noubarris.net\/web40\/wp-content\/uploads\/2024\/11\/cropped-cropped-LOGO_9BTV-2024_Insta-1.jpg","width":512,"height":512,"caption":"NouBarris.Net"},"image":{"@id":"https:\/\/www.noubarris.net\/web40\/#\/schema\/logo\/image\/"},"sameAs":["https:\/\/www.facebook.com\/NouBarris.net\/?locale=es_ES","https:\/\/x.com\/9BTV"]},{"@type":"Person","@id":"https:\/\/www.noubarris.net\/web40\/#\/schema\/person\/1827f92aaa316c54abbf4dac0de76069","name":"Informatius","image":{"@type":"ImageObject","inLanguage":"ca","@id":"https:\/\/www.noubarris.net\/web40\/#\/schema\/person\/image\/","url":"https:\/\/secure.gravatar.com\/avatar\/87a3b47928835fc72c6ee5b0e1a7263ef0c2d05003a98189bc14926c5f11bcdb?s=96&d=mm&r=g","contentUrl":"https:\/\/secure.gravatar.com\/avatar\/87a3b47928835fc72c6ee5b0e1a7263ef0c2d05003a98189bc14926c5f11bcdb?s=96&d=mm&r=g","caption":"Informatius"},"url":"https:\/\/www.noubarris.net\/web40\/author\/tele\/"}]}},"_links":{"self":[{"href":"https:\/\/www.noubarris.net\/web40\/wp-json\/wp\/v2\/posts\/78797","targetHints":{"allow":["GET"]}}],"collection":[{"href":"https:\/\/www.noubarris.net\/web40\/wp-json\/wp\/v2\/posts"}],"about":[{"href":"https:\/\/www.noubarris.net\/web40\/wp-json\/wp\/v2\/types\/post"}],"author":[{"embeddable":true,"href":"https:\/\/www.noubarris.net\/web40\/wp-json\/wp\/v2\/users\/2"}],"replies":[{"embeddable":true,"href":"https:\/\/www.noubarris.net\/web40\/wp-json\/wp\/v2\/comments?post=78797"}],"version-history":[{"count":3,"href":"https:\/\/www.noubarris.net\/web40\/wp-json\/wp\/v2\/posts\/78797\/revisions"}],"predecessor-version":[{"id":78800,"href":"https:\/\/www.noubarris.net\/web40\/wp-json\/wp\/v2\/posts\/78797\/revisions\/78800"}],"wp:featuredmedia":[{"embeddable":true,"href":"https:\/\/www.noubarris.net\/web40\/wp-json\/wp\/v2\/media\/77587"}],"wp:attachment":[{"href":"https:\/\/www.noubarris.net\/web40\/wp-json\/wp\/v2\/media?parent=78797"}],"wp:term":[{"taxonomy":"category","embeddable":true,"href":"https:\/\/www.noubarris.net\/web40\/wp-json\/wp\/v2\/categories?post=78797"},{"taxonomy":"post_tag","embeddable":true,"href":"https:\/\/www.noubarris.net\/web40\/wp-json\/wp\/v2\/tags?post=78797"}],"curies":[{"name":"wp","href":"https:\/\/api.w.org\/{rel}","templated":true}]}}