{"id":78814,"date":"2022-03-26T00:00:56","date_gmt":"2022-03-25T22:00:56","guid":{"rendered":"http:\/\/www.noubarris.net\/web40\/?p=78814"},"modified":"2022-03-26T08:43:38","modified_gmt":"2022-03-26T06:43:38","slug":"9-barris-acull-debat-sobre-la-situacio-dels-menors-no-acompanyats-un-cop-arriben-a-la-majoria-dedat","status":"publish","type":"post","link":"https:\/\/www.noubarris.net\/web40\/9-barris-acull-debat-sobre-la-situacio-dels-menors-no-acompanyats-un-cop-arriben-a-la-majoria-dedat\/","title":{"rendered":"9 Barris Acull debat sobre la situaci\u00f3 dels menors no acompanyats un cop arriben a la majoria d&#8217;edat"},"content":{"rendered":"<p><strong>Les jornades d&#8217;enguany porten per t\u00edtol \u201cSuperant obstacles: joves, racisme i exclusi\u00f3\u201d<\/strong><\/p>\n<p>La Xarxa 9 Barris Acull celebra avui el segon dia de les seves jornades, una cita anual en qu\u00e8 es debaten temes relacionats amb la migraci\u00f3 des de diverses perspectives. Enguany se centren en la situaci\u00f3 d&#8217;aquells migrants que arriben sent menors d&#8217;edat i que es topen amb una situaci\u00f3 molt complexa quan, en complir 18 anys, queden desemparats.<\/p>\n<p>L&#8217;entitat tractar\u00e0 els diferents problemes a qu\u00e8 s\u2019enfronten tant des del punt de vista legal com social. A m\u00e9s, tamb\u00e9 han convidat joves que han viscut la situaci\u00f3 en primera persona, per tal que comparteixin les seves diverses experi\u00e8ncies al respecte.<\/p>\n<p>Les jornades tenen lloc al Casal de Barri Som la Pera, de la Trinitat Nova. El programa d&#8217;avui \u00e9s el seg\u00fcent:<\/p>\n<p>10.30 h\u00a0Acollida i esmorzar<br \/>\n11 h\u00a0Laura Aznar Lluci\u00e0, soci\u00f2loga i periodista de Cr\u00edtic parla amb Salom\u00e9, Nassim, Edwin, Elsy, Cristian, Chiyere, Kelly, Montaser\u2026<br \/>\n13 h Rap amb panita Andino i Elsy<\/p>\n<p>&nbsp;<\/p>\n","protected":false},"excerpt":{"rendered":"<p>Les jornades d&#8217;enguany porten per t\u00edtol \u201cSuperant obstacles: joves, racisme i exclusi\u00f3\u201d La Xarxa 9 Barris Acull celebra avui el<\/p>\n","protected":false},"author":2,"featured_media":78815,"comment_status":"closed","ping_status":"closed","sticky":false,"template":"","format":"standard","meta":{"colormag_page_layout":"default_layout","_monsterinsights_skip_tracking":false,"_monsterinsights_sitenote_active":false,"_monsterinsights_sitenote_note":"","_monsterinsights_sitenote_category":0,"footnotes":""},"categories":[138,124],"tags":[496],"class_list":["post-78814","post","type-post","status-publish","format-standard","has-post-thumbnail","hentry","category-la-trinitat-nova","category-societat","tag-xarxa-9-barris-acull"],"yoast_head":"<!-- This site is optimized with the Yoast SEO plugin v25.3 - https:\/\/yoast.com\/wordpress\/plugins\/seo\/ -->\n<title>9 Barris Acull debat sobre la situaci\u00f3 dels menors no acompanyats un cop arriben a la majoria d&#039;edat - NouBarris.Net<\/title>\n<meta name=\"robots\" content=\"index, follow, max-snippet:-1, max-image-preview:large, max-video-preview:-1\" \/>\n<link rel=\"canonical\" href=\"https:\/\/www.noubarris.net\/web40\/9-barris-acull-debat-sobre-la-situacio-dels-menors-no-acompanyats-un-cop-arriben-a-la-majoria-dedat\/\" \/>\n<meta property=\"og:locale\" content=\"ca_ES\" \/>\n<meta property=\"og:type\" content=\"article\" \/>\n<meta property=\"og:title\" content=\"9 Barris Acull debat sobre la situaci\u00f3 dels menors no acompanyats un cop arriben a la majoria d&#039;edat - NouBarris.Net\" \/>\n<meta property=\"og:description\" content=\"Les jornades d&#8217;enguany porten per t\u00edtol \u201cSuperant obstacles: joves, racisme i exclusi\u00f3\u201d La Xarxa 9 Barris Acull celebra avui el\" \/>\n<meta property=\"og:url\" content=\"https:\/\/www.noubarris.net\/web40\/9-barris-acull-debat-sobre-la-situacio-dels-menors-no-acompanyats-un-cop-arriben-a-la-majoria-dedat\/\" \/>\n<meta property=\"og:site_name\" content=\"NouBarris.Net\" \/>\n<meta property=\"article:publisher\" content=\"https:\/\/www.facebook.com\/NouBarris.net\/?locale=es_ES\" \/>\n<meta property=\"article:published_time\" content=\"2022-03-25T22:00:56+00:00\" \/>\n<meta property=\"article:modified_time\" content=\"2022-03-26T06:43:38+00:00\" \/>\n<meta property=\"og:image\" content=\"https:\/\/www.noubarris.net\/web40\/wp-content\/uploads\/2022\/03\/260322.jpg\" \/>\n\t<meta property=\"og:image:width\" content=\"768\" \/>\n\t<meta property=\"og:image:height\" content=\"432\" \/>\n\t<meta property=\"og:image:type\" content=\"image\/jpeg\" \/>\n<meta name=\"author\" content=\"Informatius\" \/>\n<meta name=\"twitter:card\" content=\"summary_large_image\" \/>\n<meta name=\"twitter:creator\" content=\"@9BTV\" \/>\n<meta name=\"twitter:site\" content=\"@9BTV\" \/>\n<meta name=\"twitter:label1\" content=\"Escrit per\" \/>\n\t<meta name=\"twitter:data1\" content=\"Informatius\" \/>\n\t<meta name=\"twitter:label2\" content=\"Temps estimat de lectura\" \/>\n\t<meta name=\"twitter:data2\" content=\"1 minut\" \/>\n<script type=\"application\/ld+json\" class=\"yoast-schema-graph\">{\"@context\":\"https:\/\/schema.org\",\"@graph\":[{\"@type\":\"Article\",\"@id\":\"https:\/\/www.noubarris.net\/web40\/9-barris-acull-debat-sobre-la-situacio-dels-menors-no-acompanyats-un-cop-arriben-a-la-majoria-dedat\/#article\",\"isPartOf\":{\"@id\":\"https:\/\/www.noubarris.net\/web40\/9-barris-acull-debat-sobre-la-situacio-dels-menors-no-acompanyats-un-cop-arriben-a-la-majoria-dedat\/\"},\"author\":{\"name\":\"Informatius\",\"@id\":\"https:\/\/www.noubarris.net\/web40\/#\/schema\/person\/1827f92aaa316c54abbf4dac0de76069\"},\"headline\":\"9 Barris Acull debat sobre la situaci\u00f3 dels menors no acompanyats un cop arriben a la majoria d&#8217;edat\",\"datePublished\":\"2022-03-25T22:00:56+00:00\",\"dateModified\":\"2022-03-26T06:43:38+00:00\",\"mainEntityOfPage\":{\"@id\":\"https:\/\/www.noubarris.net\/web40\/9-barris-acull-debat-sobre-la-situacio-dels-menors-no-acompanyats-un-cop-arriben-a-la-majoria-dedat\/\"},\"wordCount\":192,\"publisher\":{\"@id\":\"https:\/\/www.noubarris.net\/web40\/#organization\"},\"image\":{\"@id\":\"https:\/\/www.noubarris.net\/web40\/9-barris-acull-debat-sobre-la-situacio-dels-menors-no-acompanyats-un-cop-arriben-a-la-majoria-dedat\/#primaryimage\"},\"thumbnailUrl\":\"https:\/\/www.noubarris.net\/web40\/wp-content\/uploads\/2022\/03\/260322.jpg\",\"keywords\":[\"Xarxa 9 Barris Acull\"],\"articleSection\":[\"La Trinitat Nova\",\"Societat\"],\"inLanguage\":\"ca\"},{\"@type\":\"WebPage\",\"@id\":\"https:\/\/www.noubarris.net\/web40\/9-barris-acull-debat-sobre-la-situacio-dels-menors-no-acompanyats-un-cop-arriben-a-la-majoria-dedat\/\",\"url\":\"https:\/\/www.noubarris.net\/web40\/9-barris-acull-debat-sobre-la-situacio-dels-menors-no-acompanyats-un-cop-arriben-a-la-majoria-dedat\/\",\"name\":\"9 Barris Acull debat sobre la situaci\u00f3 dels menors no acompanyats un cop arriben a la majoria d'edat - NouBarris.Net\",\"isPartOf\":{\"@id\":\"https:\/\/www.noubarris.net\/web40\/#website\"},\"primaryImageOfPage\":{\"@id\":\"https:\/\/www.noubarris.net\/web40\/9-barris-acull-debat-sobre-la-situacio-dels-menors-no-acompanyats-un-cop-arriben-a-la-majoria-dedat\/#primaryimage\"},\"image\":{\"@id\":\"https:\/\/www.noubarris.net\/web40\/9-barris-acull-debat-sobre-la-situacio-dels-menors-no-acompanyats-un-cop-arriben-a-la-majoria-dedat\/#primaryimage\"},\"thumbnailUrl\":\"https:\/\/www.noubarris.net\/web40\/wp-content\/uploads\/2022\/03\/260322.jpg\",\"datePublished\":\"2022-03-25T22:00:56+00:00\",\"dateModified\":\"2022-03-26T06:43:38+00:00\",\"breadcrumb\":{\"@id\":\"https:\/\/www.noubarris.net\/web40\/9-barris-acull-debat-sobre-la-situacio-dels-menors-no-acompanyats-un-cop-arriben-a-la-majoria-dedat\/#breadcrumb\"},\"inLanguage\":\"ca\",\"potentialAction\":[{\"@type\":\"ReadAction\",\"target\":[\"https:\/\/www.noubarris.net\/web40\/9-barris-acull-debat-sobre-la-situacio-dels-menors-no-acompanyats-un-cop-arriben-a-la-majoria-dedat\/\"]}]},{\"@type\":\"ImageObject\",\"inLanguage\":\"ca\",\"@id\":\"https:\/\/www.noubarris.net\/web40\/9-barris-acull-debat-sobre-la-situacio-dels-menors-no-acompanyats-un-cop-arriben-a-la-majoria-dedat\/#primaryimage\",\"url\":\"https:\/\/www.noubarris.net\/web40\/wp-content\/uploads\/2022\/03\/260322.jpg\",\"contentUrl\":\"https:\/\/www.noubarris.net\/web40\/wp-content\/uploads\/2022\/03\/260322.jpg\",\"width\":768,\"height\":432},{\"@type\":\"BreadcrumbList\",\"@id\":\"https:\/\/www.noubarris.net\/web40\/9-barris-acull-debat-sobre-la-situacio-dels-menors-no-acompanyats-un-cop-arriben-a-la-majoria-dedat\/#breadcrumb\",\"itemListElement\":[{\"@type\":\"ListItem\",\"position\":1,\"name\":\"Inici\",\"item\":\"https:\/\/www.noubarris.net\/web40\/\"},{\"@type\":\"ListItem\",\"position\":2,\"name\":\"9 Barris Acull debat sobre la situaci\u00f3 dels menors no acompanyats un cop arriben a la majoria d&#8217;edat\"}]},{\"@type\":\"WebSite\",\"@id\":\"https:\/\/www.noubarris.net\/web40\/#website\",\"url\":\"https:\/\/www.noubarris.net\/web40\/\",\"name\":\"NouBarris.Net\",\"description\":\"Seguint la vida de Nou Barris des de 1985\",\"publisher\":{\"@id\":\"https:\/\/www.noubarris.net\/web40\/#organization\"},\"potentialAction\":[{\"@type\":\"SearchAction\",\"target\":{\"@type\":\"EntryPoint\",\"urlTemplate\":\"https:\/\/www.noubarris.net\/web40\/?s={search_term_string}\"},\"query-input\":{\"@type\":\"PropertyValueSpecification\",\"valueRequired\":true,\"valueName\":\"search_term_string\"}}],\"inLanguage\":\"ca\"},{\"@type\":\"Organization\",\"@id\":\"https:\/\/www.noubarris.net\/web40\/#organization\",\"name\":\"NouBarris.Net\",\"url\":\"https:\/\/www.noubarris.net\/web40\/\",\"logo\":{\"@type\":\"ImageObject\",\"inLanguage\":\"ca\",\"@id\":\"https:\/\/www.noubarris.net\/web40\/#\/schema\/logo\/image\/\",\"url\":\"https:\/\/www.noubarris.net\/web40\/wp-content\/uploads\/2024\/11\/cropped-cropped-LOGO_9BTV-2024_Insta-1.jpg\",\"contentUrl\":\"https:\/\/www.noubarris.net\/web40\/wp-content\/uploads\/2024\/11\/cropped-cropped-LOGO_9BTV-2024_Insta-1.jpg\",\"width\":512,\"height\":512,\"caption\":\"NouBarris.Net\"},\"image\":{\"@id\":\"https:\/\/www.noubarris.net\/web40\/#\/schema\/logo\/image\/\"},\"sameAs\":[\"https:\/\/www.facebook.com\/NouBarris.net\/?locale=es_ES\",\"https:\/\/x.com\/9BTV\"]},{\"@type\":\"Person\",\"@id\":\"https:\/\/www.noubarris.net\/web40\/#\/schema\/person\/1827f92aaa316c54abbf4dac0de76069\",\"name\":\"Informatius\",\"image\":{\"@type\":\"ImageObject\",\"inLanguage\":\"ca\",\"@id\":\"https:\/\/www.noubarris.net\/web40\/#\/schema\/person\/image\/\",\"url\":\"https:\/\/secure.gravatar.com\/avatar\/87a3b47928835fc72c6ee5b0e1a7263ef0c2d05003a98189bc14926c5f11bcdb?s=96&d=mm&r=g\",\"contentUrl\":\"https:\/\/secure.gravatar.com\/avatar\/87a3b47928835fc72c6ee5b0e1a7263ef0c2d05003a98189bc14926c5f11bcdb?s=96&d=mm&r=g\",\"caption\":\"Informatius\"},\"url\":\"https:\/\/www.noubarris.net\/web40\/author\/tele\/\"}]}<\/script>\n<!-- \/ Yoast SEO plugin. -->","yoast_head_json":{"title":"9 Barris Acull debat sobre la situaci\u00f3 dels menors no acompanyats un cop arriben a la majoria d'edat - NouBarris.Net","robots":{"index":"index","follow":"follow","max-snippet":"max-snippet:-1","max-image-preview":"max-image-preview:large","max-video-preview":"max-video-preview:-1"},"canonical":"https:\/\/www.noubarris.net\/web40\/9-barris-acull-debat-sobre-la-situacio-dels-menors-no-acompanyats-un-cop-arriben-a-la-majoria-dedat\/","og_locale":"ca_ES","og_type":"article","og_title":"9 Barris Acull debat sobre la situaci\u00f3 dels menors no acompanyats un cop arriben a la majoria d'edat - NouBarris.Net","og_description":"Les jornades d&#8217;enguany porten per t\u00edtol \u201cSuperant obstacles: joves, racisme i exclusi\u00f3\u201d La Xarxa 9 Barris Acull celebra avui el","og_url":"https:\/\/www.noubarris.net\/web40\/9-barris-acull-debat-sobre-la-situacio-dels-menors-no-acompanyats-un-cop-arriben-a-la-majoria-dedat\/","og_site_name":"NouBarris.Net","article_publisher":"https:\/\/www.facebook.com\/NouBarris.net\/?locale=es_ES","article_published_time":"2022-03-25T22:00:56+00:00","article_modified_time":"2022-03-26T06:43:38+00:00","og_image":[{"width":768,"height":432,"url":"https:\/\/www.noubarris.net\/web40\/wp-content\/uploads\/2022\/03\/260322.jpg","type":"image\/jpeg"}],"author":"Informatius","twitter_card":"summary_large_image","twitter_creator":"@9BTV","twitter_site":"@9BTV","twitter_misc":{"Escrit per":"Informatius","Temps estimat de lectura":"1 minut"},"schema":{"@context":"https:\/\/schema.org","@graph":[{"@type":"Article","@id":"https:\/\/www.noubarris.net\/web40\/9-barris-acull-debat-sobre-la-situacio-dels-menors-no-acompanyats-un-cop-arriben-a-la-majoria-dedat\/#article","isPartOf":{"@id":"https:\/\/www.noubarris.net\/web40\/9-barris-acull-debat-sobre-la-situacio-dels-menors-no-acompanyats-un-cop-arriben-a-la-majoria-dedat\/"},"author":{"name":"Informatius","@id":"https:\/\/www.noubarris.net\/web40\/#\/schema\/person\/1827f92aaa316c54abbf4dac0de76069"},"headline":"9 Barris Acull debat sobre la situaci\u00f3 dels menors no acompanyats un cop arriben a la majoria d&#8217;edat","datePublished":"2022-03-25T22:00:56+00:00","dateModified":"2022-03-26T06:43:38+00:00","mainEntityOfPage":{"@id":"https:\/\/www.noubarris.net\/web40\/9-barris-acull-debat-sobre-la-situacio-dels-menors-no-acompanyats-un-cop-arriben-a-la-majoria-dedat\/"},"wordCount":192,"publisher":{"@id":"https:\/\/www.noubarris.net\/web40\/#organization"},"image":{"@id":"https:\/\/www.noubarris.net\/web40\/9-barris-acull-debat-sobre-la-situacio-dels-menors-no-acompanyats-un-cop-arriben-a-la-majoria-dedat\/#primaryimage"},"thumbnailUrl":"https:\/\/www.noubarris.net\/web40\/wp-content\/uploads\/2022\/03\/260322.jpg","keywords":["Xarxa 9 Barris Acull"],"articleSection":["La Trinitat Nova","Societat"],"inLanguage":"ca"},{"@type":"WebPage","@id":"https:\/\/www.noubarris.net\/web40\/9-barris-acull-debat-sobre-la-situacio-dels-menors-no-acompanyats-un-cop-arriben-a-la-majoria-dedat\/","url":"https:\/\/www.noubarris.net\/web40\/9-barris-acull-debat-sobre-la-situacio-dels-menors-no-acompanyats-un-cop-arriben-a-la-majoria-dedat\/","name":"9 Barris Acull debat sobre la situaci\u00f3 dels menors no acompanyats un cop arriben a la majoria d'edat - NouBarris.Net","isPartOf":{"@id":"https:\/\/www.noubarris.net\/web40\/#website"},"primaryImageOfPage":{"@id":"https:\/\/www.noubarris.net\/web40\/9-barris-acull-debat-sobre-la-situacio-dels-menors-no-acompanyats-un-cop-arriben-a-la-majoria-dedat\/#primaryimage"},"image":{"@id":"https:\/\/www.noubarris.net\/web40\/9-barris-acull-debat-sobre-la-situacio-dels-menors-no-acompanyats-un-cop-arriben-a-la-majoria-dedat\/#primaryimage"},"thumbnailUrl":"https:\/\/www.noubarris.net\/web40\/wp-content\/uploads\/2022\/03\/260322.jpg","datePublished":"2022-03-25T22:00:56+00:00","dateModified":"2022-03-26T06:43:38+00:00","breadcrumb":{"@id":"https:\/\/www.noubarris.net\/web40\/9-barris-acull-debat-sobre-la-situacio-dels-menors-no-acompanyats-un-cop-arriben-a-la-majoria-dedat\/#breadcrumb"},"inLanguage":"ca","potentialAction":[{"@type":"ReadAction","target":["https:\/\/www.noubarris.net\/web40\/9-barris-acull-debat-sobre-la-situacio-dels-menors-no-acompanyats-un-cop-arriben-a-la-majoria-dedat\/"]}]},{"@type":"ImageObject","inLanguage":"ca","@id":"https:\/\/www.noubarris.net\/web40\/9-barris-acull-debat-sobre-la-situacio-dels-menors-no-acompanyats-un-cop-arriben-a-la-majoria-dedat\/#primaryimage","url":"https:\/\/www.noubarris.net\/web40\/wp-content\/uploads\/2022\/03\/260322.jpg","contentUrl":"https:\/\/www.noubarris.net\/web40\/wp-content\/uploads\/2022\/03\/260322.jpg","width":768,"height":432},{"@type":"BreadcrumbList","@id":"https:\/\/www.noubarris.net\/web40\/9-barris-acull-debat-sobre-la-situacio-dels-menors-no-acompanyats-un-cop-arriben-a-la-majoria-dedat\/#breadcrumb","itemListElement":[{"@type":"ListItem","position":1,"name":"Inici","item":"https:\/\/www.noubarris.net\/web40\/"},{"@type":"ListItem","position":2,"name":"9 Barris Acull debat sobre la situaci\u00f3 dels menors no acompanyats un cop arriben a la majoria d&#8217;edat"}]},{"@type":"WebSite","@id":"https:\/\/www.noubarris.net\/web40\/#website","url":"https:\/\/www.noubarris.net\/web40\/","name":"NouBarris.Net","description":"Seguint la vida de Nou Barris des de 1985","publisher":{"@id":"https:\/\/www.noubarris.net\/web40\/#organization"},"potentialAction":[{"@type":"SearchAction","target":{"@type":"EntryPoint","urlTemplate":"https:\/\/www.noubarris.net\/web40\/?s={search_term_string}"},"query-input":{"@type":"PropertyValueSpecification","valueRequired":true,"valueName":"search_term_string"}}],"inLanguage":"ca"},{"@type":"Organization","@id":"https:\/\/www.noubarris.net\/web40\/#organization","name":"NouBarris.Net","url":"https:\/\/www.noubarris.net\/web40\/","logo":{"@type":"ImageObject","inLanguage":"ca","@id":"https:\/\/www.noubarris.net\/web40\/#\/schema\/logo\/image\/","url":"https:\/\/www.noubarris.net\/web40\/wp-content\/uploads\/2024\/11\/cropped-cropped-LOGO_9BTV-2024_Insta-1.jpg","contentUrl":"https:\/\/www.noubarris.net\/web40\/wp-content\/uploads\/2024\/11\/cropped-cropped-LOGO_9BTV-2024_Insta-1.jpg","width":512,"height":512,"caption":"NouBarris.Net"},"image":{"@id":"https:\/\/www.noubarris.net\/web40\/#\/schema\/logo\/image\/"},"sameAs":["https:\/\/www.facebook.com\/NouBarris.net\/?locale=es_ES","https:\/\/x.com\/9BTV"]},{"@type":"Person","@id":"https:\/\/www.noubarris.net\/web40\/#\/schema\/person\/1827f92aaa316c54abbf4dac0de76069","name":"Informatius","image":{"@type":"ImageObject","inLanguage":"ca","@id":"https:\/\/www.noubarris.net\/web40\/#\/schema\/person\/image\/","url":"https:\/\/secure.gravatar.com\/avatar\/87a3b47928835fc72c6ee5b0e1a7263ef0c2d05003a98189bc14926c5f11bcdb?s=96&d=mm&r=g","contentUrl":"https:\/\/secure.gravatar.com\/avatar\/87a3b47928835fc72c6ee5b0e1a7263ef0c2d05003a98189bc14926c5f11bcdb?s=96&d=mm&r=g","caption":"Informatius"},"url":"https:\/\/www.noubarris.net\/web40\/author\/tele\/"}]}},"_links":{"self":[{"href":"https:\/\/www.noubarris.net\/web40\/wp-json\/wp\/v2\/posts\/78814","targetHints":{"allow":["GET"]}}],"collection":[{"href":"https:\/\/www.noubarris.net\/web40\/wp-json\/wp\/v2\/posts"}],"about":[{"href":"https:\/\/www.noubarris.net\/web40\/wp-json\/wp\/v2\/types\/post"}],"author":[{"embeddable":true,"href":"https:\/\/www.noubarris.net\/web40\/wp-json\/wp\/v2\/users\/2"}],"replies":[{"embeddable":true,"href":"https:\/\/www.noubarris.net\/web40\/wp-json\/wp\/v2\/comments?post=78814"}],"version-history":[{"count":1,"href":"https:\/\/www.noubarris.net\/web40\/wp-json\/wp\/v2\/posts\/78814\/revisions"}],"predecessor-version":[{"id":78816,"href":"https:\/\/www.noubarris.net\/web40\/wp-json\/wp\/v2\/posts\/78814\/revisions\/78816"}],"wp:featuredmedia":[{"embeddable":true,"href":"https:\/\/www.noubarris.net\/web40\/wp-json\/wp\/v2\/media\/78815"}],"wp:attachment":[{"href":"https:\/\/www.noubarris.net\/web40\/wp-json\/wp\/v2\/media?parent=78814"}],"wp:term":[{"taxonomy":"category","embeddable":true,"href":"https:\/\/www.noubarris.net\/web40\/wp-json\/wp\/v2\/categories?post=78814"},{"taxonomy":"post_tag","embeddable":true,"href":"https:\/\/www.noubarris.net\/web40\/wp-json\/wp\/v2\/tags?post=78814"}],"curies":[{"name":"wp","href":"https:\/\/api.w.org\/{rel}","templated":true}]}}