{"id":78981,"date":"2022-04-25T00:00:54","date_gmt":"2022-04-24T22:00:54","guid":{"rendered":"http:\/\/www.noubarris.net\/web40\/?p=78981"},"modified":"2022-04-24T10:37:01","modified_gmt":"2022-04-24T08:37:01","slug":"es-reprenen-els-consells-de-barri-amb-tres-noves-sessions","status":"publish","type":"post","link":"https:\/\/www.noubarris.net\/web40\/es-reprenen-els-consells-de-barri-amb-tres-noves-sessions\/","title":{"rendered":"Es reprenen els consells de barri amb tres noves sessions"},"content":{"rendered":"<p><strong>Can Peguera, Vallbona i les Roquetes celebren els seus consells entre avui i dimecres<\/strong><\/p>\n<p>Despr\u00e9s de setmana santa arriba una nova s\u00e8rie de consells de barri. Us facilitem, a continuaci\u00f3, la convocat\u00f2ria i l&#8217;ordre del dia de cada sessi\u00f3. Es faran en format semipresencial. \u00c9s a dir, es podran seguir en directe tamb\u00e9 des de casa a trav\u00e9s d&#8217;una sessi\u00f3 jitsi. Aix\u00f2 s\u00ed, un cop acabat no es podr\u00e0 recuperar al youtube ni a cap altre lloc.<\/p>\n<ul>\n<li>Avui, Can Peguera. A les 18.30h a la Sala de plens de la Seu del Districte de Nou Barris<\/li>\n<\/ul>\n<p>Enlla\u00e7 per seguir la sessi\u00f3: \u00a0<a class=\"external-link-container\" href=\"http:\/\/salavirtual.barcelona.cat\/Consell-Barri-Districte-Nou-Barris-25042022-1800-DBC0\" target=\"_blank\" rel=\"noopener\"><strong>http:\/\/salavirtual.barcelona.cat\/Consell-Barri-Districte-Nou-Barris-25042022-1800-DBC0<\/strong><\/a><\/p>\n<p>Ordre del dia:<\/p>\n<p>1.Situaci\u00f3 del Pla de Futur del barri<\/p>\n<p>2. Zona Verda d&#8217;aparcament<\/p>\n<p>3. Precs i preguntes<\/p>\n<p>&nbsp;<\/p>\n<ul>\n<li>Dem\u00e0, Vallbona. A les 19h al Casal de Barri de Vallbona<\/li>\n<\/ul>\n<p>Enlla\u00e7 per seguir la sessi\u00f3: <strong><a href=\"http:\/\/salavirtual.barcelona.cat\/Consell-Barri-Districte-Nou-Barris-26042022-1900-376F\">http:\/\/salavirtual.barcelona.cat\/Consell-Barri-Districte-Nou-Barris-26042022-1900-376F<\/a><\/strong><\/p>\n<p>Ordre del dia:<\/p>\n<ol>\n<li>Informaci\u00f3 del projecte El Rec es Mou<\/li>\n<li>Informaci\u00f3 TMB: l\u00ednies 180 i bus a demanda<\/li>\n<li>Torn obert de paraules<\/li>\n<\/ol>\n<p>&nbsp;<\/p>\n<ul>\n<li>Dimecres, les Roquetes. A les 18.30h a la Biblioteca les Roquetes \u2013Rafa Juncadella<\/li>\n<\/ul>\n<p>Enlla\u00e7 de la sessi\u00f3: <strong><a href=\"http:\/\/salavirtual.barcelona.cat\/Consell-Barri-Districte-Nou-Barris-27042022-1800-3AB2\">http:\/\/salavirtual.barcelona.cat\/Consell-Barri-Districte-Nou-Barris-27042022-1800-3AB2<\/a><\/strong><\/p>\n<p>Ordre del dia:<\/p>\n<ol>\n<li>Mobilitat, alternatives al bus 81<\/li>\n<\/ol>\n<p>2. Trasllat del Casal de Joves al parc del Pla de Fornells<\/p>\n<p>3. Refugi carrer Cirerers, perspectiva des de Patrimoni<\/p>\n<p>4. Altres: adquisicions locals c. Campreci\u00f3s i solar c. Roman\u00ed<\/p>\n","protected":false},"excerpt":{"rendered":"<p>Can Peguera, Vallbona i les Roquetes celebren els seus consells entre avui i dimecres Despr\u00e9s de setmana santa arriba una<\/p>\n","protected":false},"author":2,"featured_media":78982,"comment_status":"closed","ping_status":"closed","sticky":false,"template":"","format":"standard","meta":{"colormag_page_layout":"default_layout","_monsterinsights_skip_tracking":false,"_monsterinsights_sitenote_active":false,"_monsterinsights_sitenote_note":"","_monsterinsights_sitenote_category":0,"footnotes":""},"categories":[130,136,140],"tags":[331],"class_list":["post-78981","post","type-post","status-publish","format-standard","has-post-thumbnail","hentry","category-can-peguera","category-les-roquetes","category-vallbona","tag-consell-de-barri"],"yoast_head":"<!-- This site is optimized with the Yoast SEO plugin v25.3 - https:\/\/yoast.com\/wordpress\/plugins\/seo\/ -->\n<title>Es reprenen els consells de barri amb tres noves sessions - NouBarris.Net<\/title>\n<meta name=\"robots\" content=\"index, follow, max-snippet:-1, max-image-preview:large, max-video-preview:-1\" \/>\n<link rel=\"canonical\" href=\"https:\/\/www.noubarris.net\/web40\/es-reprenen-els-consells-de-barri-amb-tres-noves-sessions\/\" \/>\n<meta property=\"og:locale\" content=\"ca_ES\" \/>\n<meta property=\"og:type\" content=\"article\" \/>\n<meta property=\"og:title\" content=\"Es reprenen els consells de barri amb tres noves sessions - NouBarris.Net\" \/>\n<meta property=\"og:description\" content=\"Can Peguera, Vallbona i les Roquetes celebren els seus consells entre avui i dimecres Despr\u00e9s de setmana santa arriba una\" \/>\n<meta property=\"og:url\" content=\"https:\/\/www.noubarris.net\/web40\/es-reprenen-els-consells-de-barri-amb-tres-noves-sessions\/\" \/>\n<meta property=\"og:site_name\" content=\"NouBarris.Net\" \/>\n<meta property=\"article:publisher\" content=\"https:\/\/www.facebook.com\/NouBarris.net\/?locale=es_ES\" \/>\n<meta property=\"article:published_time\" content=\"2022-04-24T22:00:54+00:00\" \/>\n<meta property=\"og:image\" content=\"https:\/\/www.noubarris.net\/web40\/wp-content\/uploads\/2022\/04\/250422.jpg\" \/>\n\t<meta property=\"og:image:width\" content=\"768\" \/>\n\t<meta property=\"og:image:height\" content=\"432\" \/>\n\t<meta property=\"og:image:type\" content=\"image\/jpeg\" \/>\n<meta name=\"author\" content=\"Informatius\" \/>\n<meta name=\"twitter:card\" content=\"summary_large_image\" \/>\n<meta name=\"twitter:creator\" content=\"@9BTV\" \/>\n<meta name=\"twitter:site\" content=\"@9BTV\" \/>\n<meta name=\"twitter:label1\" content=\"Escrit per\" \/>\n\t<meta name=\"twitter:data1\" content=\"Informatius\" \/>\n\t<meta name=\"twitter:label2\" content=\"Temps estimat de lectura\" \/>\n\t<meta name=\"twitter:data2\" content=\"1 minut\" \/>\n<script type=\"application\/ld+json\" class=\"yoast-schema-graph\">{\"@context\":\"https:\/\/schema.org\",\"@graph\":[{\"@type\":\"Article\",\"@id\":\"https:\/\/www.noubarris.net\/web40\/es-reprenen-els-consells-de-barri-amb-tres-noves-sessions\/#article\",\"isPartOf\":{\"@id\":\"https:\/\/www.noubarris.net\/web40\/es-reprenen-els-consells-de-barri-amb-tres-noves-sessions\/\"},\"author\":{\"name\":\"Informatius\",\"@id\":\"https:\/\/www.noubarris.net\/web40\/#\/schema\/person\/1827f92aaa316c54abbf4dac0de76069\"},\"headline\":\"Es reprenen els consells de barri amb tres noves sessions\",\"datePublished\":\"2022-04-24T22:00:54+00:00\",\"mainEntityOfPage\":{\"@id\":\"https:\/\/www.noubarris.net\/web40\/es-reprenen-els-consells-de-barri-amb-tres-noves-sessions\/\"},\"wordCount\":249,\"publisher\":{\"@id\":\"https:\/\/www.noubarris.net\/web40\/#organization\"},\"image\":{\"@id\":\"https:\/\/www.noubarris.net\/web40\/es-reprenen-els-consells-de-barri-amb-tres-noves-sessions\/#primaryimage\"},\"thumbnailUrl\":\"https:\/\/www.noubarris.net\/web40\/wp-content\/uploads\/2022\/04\/250422.jpg\",\"keywords\":[\"Consell de barri\"],\"articleSection\":[\"Can Peguera\",\"Les Roquetes\",\"Vallbona\"],\"inLanguage\":\"ca\"},{\"@type\":\"WebPage\",\"@id\":\"https:\/\/www.noubarris.net\/web40\/es-reprenen-els-consells-de-barri-amb-tres-noves-sessions\/\",\"url\":\"https:\/\/www.noubarris.net\/web40\/es-reprenen-els-consells-de-barri-amb-tres-noves-sessions\/\",\"name\":\"Es reprenen els consells de barri amb tres noves sessions - NouBarris.Net\",\"isPartOf\":{\"@id\":\"https:\/\/www.noubarris.net\/web40\/#website\"},\"primaryImageOfPage\":{\"@id\":\"https:\/\/www.noubarris.net\/web40\/es-reprenen-els-consells-de-barri-amb-tres-noves-sessions\/#primaryimage\"},\"image\":{\"@id\":\"https:\/\/www.noubarris.net\/web40\/es-reprenen-els-consells-de-barri-amb-tres-noves-sessions\/#primaryimage\"},\"thumbnailUrl\":\"https:\/\/www.noubarris.net\/web40\/wp-content\/uploads\/2022\/04\/250422.jpg\",\"datePublished\":\"2022-04-24T22:00:54+00:00\",\"breadcrumb\":{\"@id\":\"https:\/\/www.noubarris.net\/web40\/es-reprenen-els-consells-de-barri-amb-tres-noves-sessions\/#breadcrumb\"},\"inLanguage\":\"ca\",\"potentialAction\":[{\"@type\":\"ReadAction\",\"target\":[\"https:\/\/www.noubarris.net\/web40\/es-reprenen-els-consells-de-barri-amb-tres-noves-sessions\/\"]}]},{\"@type\":\"ImageObject\",\"inLanguage\":\"ca\",\"@id\":\"https:\/\/www.noubarris.net\/web40\/es-reprenen-els-consells-de-barri-amb-tres-noves-sessions\/#primaryimage\",\"url\":\"https:\/\/www.noubarris.net\/web40\/wp-content\/uploads\/2022\/04\/250422.jpg\",\"contentUrl\":\"https:\/\/www.noubarris.net\/web40\/wp-content\/uploads\/2022\/04\/250422.jpg\",\"width\":768,\"height\":432},{\"@type\":\"BreadcrumbList\",\"@id\":\"https:\/\/www.noubarris.net\/web40\/es-reprenen-els-consells-de-barri-amb-tres-noves-sessions\/#breadcrumb\",\"itemListElement\":[{\"@type\":\"ListItem\",\"position\":1,\"name\":\"Inici\",\"item\":\"https:\/\/www.noubarris.net\/web40\/\"},{\"@type\":\"ListItem\",\"position\":2,\"name\":\"Es reprenen els consells de barri amb tres noves sessions\"}]},{\"@type\":\"WebSite\",\"@id\":\"https:\/\/www.noubarris.net\/web40\/#website\",\"url\":\"https:\/\/www.noubarris.net\/web40\/\",\"name\":\"NouBarris.Net\",\"description\":\"Seguint la vida de Nou Barris des de 1985\",\"publisher\":{\"@id\":\"https:\/\/www.noubarris.net\/web40\/#organization\"},\"potentialAction\":[{\"@type\":\"SearchAction\",\"target\":{\"@type\":\"EntryPoint\",\"urlTemplate\":\"https:\/\/www.noubarris.net\/web40\/?s={search_term_string}\"},\"query-input\":{\"@type\":\"PropertyValueSpecification\",\"valueRequired\":true,\"valueName\":\"search_term_string\"}}],\"inLanguage\":\"ca\"},{\"@type\":\"Organization\",\"@id\":\"https:\/\/www.noubarris.net\/web40\/#organization\",\"name\":\"NouBarris.Net\",\"url\":\"https:\/\/www.noubarris.net\/web40\/\",\"logo\":{\"@type\":\"ImageObject\",\"inLanguage\":\"ca\",\"@id\":\"https:\/\/www.noubarris.net\/web40\/#\/schema\/logo\/image\/\",\"url\":\"https:\/\/www.noubarris.net\/web40\/wp-content\/uploads\/2024\/11\/cropped-cropped-LOGO_9BTV-2024_Insta-1.jpg\",\"contentUrl\":\"https:\/\/www.noubarris.net\/web40\/wp-content\/uploads\/2024\/11\/cropped-cropped-LOGO_9BTV-2024_Insta-1.jpg\",\"width\":512,\"height\":512,\"caption\":\"NouBarris.Net\"},\"image\":{\"@id\":\"https:\/\/www.noubarris.net\/web40\/#\/schema\/logo\/image\/\"},\"sameAs\":[\"https:\/\/www.facebook.com\/NouBarris.net\/?locale=es_ES\",\"https:\/\/x.com\/9BTV\"]},{\"@type\":\"Person\",\"@id\":\"https:\/\/www.noubarris.net\/web40\/#\/schema\/person\/1827f92aaa316c54abbf4dac0de76069\",\"name\":\"Informatius\",\"image\":{\"@type\":\"ImageObject\",\"inLanguage\":\"ca\",\"@id\":\"https:\/\/www.noubarris.net\/web40\/#\/schema\/person\/image\/\",\"url\":\"https:\/\/secure.gravatar.com\/avatar\/87a3b47928835fc72c6ee5b0e1a7263ef0c2d05003a98189bc14926c5f11bcdb?s=96&d=mm&r=g\",\"contentUrl\":\"https:\/\/secure.gravatar.com\/avatar\/87a3b47928835fc72c6ee5b0e1a7263ef0c2d05003a98189bc14926c5f11bcdb?s=96&d=mm&r=g\",\"caption\":\"Informatius\"},\"url\":\"https:\/\/www.noubarris.net\/web40\/author\/tele\/\"}]}<\/script>\n<!-- \/ Yoast SEO plugin. -->","yoast_head_json":{"title":"Es reprenen els consells de barri amb tres noves sessions - NouBarris.Net","robots":{"index":"index","follow":"follow","max-snippet":"max-snippet:-1","max-image-preview":"max-image-preview:large","max-video-preview":"max-video-preview:-1"},"canonical":"https:\/\/www.noubarris.net\/web40\/es-reprenen-els-consells-de-barri-amb-tres-noves-sessions\/","og_locale":"ca_ES","og_type":"article","og_title":"Es reprenen els consells de barri amb tres noves sessions - NouBarris.Net","og_description":"Can Peguera, Vallbona i les Roquetes celebren els seus consells entre avui i dimecres Despr\u00e9s de setmana santa arriba una","og_url":"https:\/\/www.noubarris.net\/web40\/es-reprenen-els-consells-de-barri-amb-tres-noves-sessions\/","og_site_name":"NouBarris.Net","article_publisher":"https:\/\/www.facebook.com\/NouBarris.net\/?locale=es_ES","article_published_time":"2022-04-24T22:00:54+00:00","og_image":[{"width":768,"height":432,"url":"https:\/\/www.noubarris.net\/web40\/wp-content\/uploads\/2022\/04\/250422.jpg","type":"image\/jpeg"}],"author":"Informatius","twitter_card":"summary_large_image","twitter_creator":"@9BTV","twitter_site":"@9BTV","twitter_misc":{"Escrit per":"Informatius","Temps estimat de lectura":"1 minut"},"schema":{"@context":"https:\/\/schema.org","@graph":[{"@type":"Article","@id":"https:\/\/www.noubarris.net\/web40\/es-reprenen-els-consells-de-barri-amb-tres-noves-sessions\/#article","isPartOf":{"@id":"https:\/\/www.noubarris.net\/web40\/es-reprenen-els-consells-de-barri-amb-tres-noves-sessions\/"},"author":{"name":"Informatius","@id":"https:\/\/www.noubarris.net\/web40\/#\/schema\/person\/1827f92aaa316c54abbf4dac0de76069"},"headline":"Es reprenen els consells de barri amb tres noves sessions","datePublished":"2022-04-24T22:00:54+00:00","mainEntityOfPage":{"@id":"https:\/\/www.noubarris.net\/web40\/es-reprenen-els-consells-de-barri-amb-tres-noves-sessions\/"},"wordCount":249,"publisher":{"@id":"https:\/\/www.noubarris.net\/web40\/#organization"},"image":{"@id":"https:\/\/www.noubarris.net\/web40\/es-reprenen-els-consells-de-barri-amb-tres-noves-sessions\/#primaryimage"},"thumbnailUrl":"https:\/\/www.noubarris.net\/web40\/wp-content\/uploads\/2022\/04\/250422.jpg","keywords":["Consell de barri"],"articleSection":["Can Peguera","Les Roquetes","Vallbona"],"inLanguage":"ca"},{"@type":"WebPage","@id":"https:\/\/www.noubarris.net\/web40\/es-reprenen-els-consells-de-barri-amb-tres-noves-sessions\/","url":"https:\/\/www.noubarris.net\/web40\/es-reprenen-els-consells-de-barri-amb-tres-noves-sessions\/","name":"Es reprenen els consells de barri amb tres noves sessions - NouBarris.Net","isPartOf":{"@id":"https:\/\/www.noubarris.net\/web40\/#website"},"primaryImageOfPage":{"@id":"https:\/\/www.noubarris.net\/web40\/es-reprenen-els-consells-de-barri-amb-tres-noves-sessions\/#primaryimage"},"image":{"@id":"https:\/\/www.noubarris.net\/web40\/es-reprenen-els-consells-de-barri-amb-tres-noves-sessions\/#primaryimage"},"thumbnailUrl":"https:\/\/www.noubarris.net\/web40\/wp-content\/uploads\/2022\/04\/250422.jpg","datePublished":"2022-04-24T22:00:54+00:00","breadcrumb":{"@id":"https:\/\/www.noubarris.net\/web40\/es-reprenen-els-consells-de-barri-amb-tres-noves-sessions\/#breadcrumb"},"inLanguage":"ca","potentialAction":[{"@type":"ReadAction","target":["https:\/\/www.noubarris.net\/web40\/es-reprenen-els-consells-de-barri-amb-tres-noves-sessions\/"]}]},{"@type":"ImageObject","inLanguage":"ca","@id":"https:\/\/www.noubarris.net\/web40\/es-reprenen-els-consells-de-barri-amb-tres-noves-sessions\/#primaryimage","url":"https:\/\/www.noubarris.net\/web40\/wp-content\/uploads\/2022\/04\/250422.jpg","contentUrl":"https:\/\/www.noubarris.net\/web40\/wp-content\/uploads\/2022\/04\/250422.jpg","width":768,"height":432},{"@type":"BreadcrumbList","@id":"https:\/\/www.noubarris.net\/web40\/es-reprenen-els-consells-de-barri-amb-tres-noves-sessions\/#breadcrumb","itemListElement":[{"@type":"ListItem","position":1,"name":"Inici","item":"https:\/\/www.noubarris.net\/web40\/"},{"@type":"ListItem","position":2,"name":"Es reprenen els consells de barri amb tres noves sessions"}]},{"@type":"WebSite","@id":"https:\/\/www.noubarris.net\/web40\/#website","url":"https:\/\/www.noubarris.net\/web40\/","name":"NouBarris.Net","description":"Seguint la vida de Nou Barris des de 1985","publisher":{"@id":"https:\/\/www.noubarris.net\/web40\/#organization"},"potentialAction":[{"@type":"SearchAction","target":{"@type":"EntryPoint","urlTemplate":"https:\/\/www.noubarris.net\/web40\/?s={search_term_string}"},"query-input":{"@type":"PropertyValueSpecification","valueRequired":true,"valueName":"search_term_string"}}],"inLanguage":"ca"},{"@type":"Organization","@id":"https:\/\/www.noubarris.net\/web40\/#organization","name":"NouBarris.Net","url":"https:\/\/www.noubarris.net\/web40\/","logo":{"@type":"ImageObject","inLanguage":"ca","@id":"https:\/\/www.noubarris.net\/web40\/#\/schema\/logo\/image\/","url":"https:\/\/www.noubarris.net\/web40\/wp-content\/uploads\/2024\/11\/cropped-cropped-LOGO_9BTV-2024_Insta-1.jpg","contentUrl":"https:\/\/www.noubarris.net\/web40\/wp-content\/uploads\/2024\/11\/cropped-cropped-LOGO_9BTV-2024_Insta-1.jpg","width":512,"height":512,"caption":"NouBarris.Net"},"image":{"@id":"https:\/\/www.noubarris.net\/web40\/#\/schema\/logo\/image\/"},"sameAs":["https:\/\/www.facebook.com\/NouBarris.net\/?locale=es_ES","https:\/\/x.com\/9BTV"]},{"@type":"Person","@id":"https:\/\/www.noubarris.net\/web40\/#\/schema\/person\/1827f92aaa316c54abbf4dac0de76069","name":"Informatius","image":{"@type":"ImageObject","inLanguage":"ca","@id":"https:\/\/www.noubarris.net\/web40\/#\/schema\/person\/image\/","url":"https:\/\/secure.gravatar.com\/avatar\/87a3b47928835fc72c6ee5b0e1a7263ef0c2d05003a98189bc14926c5f11bcdb?s=96&d=mm&r=g","contentUrl":"https:\/\/secure.gravatar.com\/avatar\/87a3b47928835fc72c6ee5b0e1a7263ef0c2d05003a98189bc14926c5f11bcdb?s=96&d=mm&r=g","caption":"Informatius"},"url":"https:\/\/www.noubarris.net\/web40\/author\/tele\/"}]}},"_links":{"self":[{"href":"https:\/\/www.noubarris.net\/web40\/wp-json\/wp\/v2\/posts\/78981","targetHints":{"allow":["GET"]}}],"collection":[{"href":"https:\/\/www.noubarris.net\/web40\/wp-json\/wp\/v2\/posts"}],"about":[{"href":"https:\/\/www.noubarris.net\/web40\/wp-json\/wp\/v2\/types\/post"}],"author":[{"embeddable":true,"href":"https:\/\/www.noubarris.net\/web40\/wp-json\/wp\/v2\/users\/2"}],"replies":[{"embeddable":true,"href":"https:\/\/www.noubarris.net\/web40\/wp-json\/wp\/v2\/comments?post=78981"}],"version-history":[{"count":3,"href":"https:\/\/www.noubarris.net\/web40\/wp-json\/wp\/v2\/posts\/78981\/revisions"}],"predecessor-version":[{"id":78985,"href":"https:\/\/www.noubarris.net\/web40\/wp-json\/wp\/v2\/posts\/78981\/revisions\/78985"}],"wp:featuredmedia":[{"embeddable":true,"href":"https:\/\/www.noubarris.net\/web40\/wp-json\/wp\/v2\/media\/78982"}],"wp:attachment":[{"href":"https:\/\/www.noubarris.net\/web40\/wp-json\/wp\/v2\/media?parent=78981"}],"wp:term":[{"taxonomy":"category","embeddable":true,"href":"https:\/\/www.noubarris.net\/web40\/wp-json\/wp\/v2\/categories?post=78981"},{"taxonomy":"post_tag","embeddable":true,"href":"https:\/\/www.noubarris.net\/web40\/wp-json\/wp\/v2\/tags?post=78981"}],"curies":[{"name":"wp","href":"https:\/\/api.w.org\/{rel}","templated":true}]}}