{"id":79016,"date":"2022-05-01T00:00:58","date_gmt":"2022-04-30T22:00:58","guid":{"rendered":"http:\/\/www.noubarris.net\/web40\/?p=79016"},"modified":"2022-05-01T08:09:22","modified_gmt":"2022-05-01T06:09:22","slug":"maria-antonia-canals-mestre-fundadora-de-lescola-ton-i-guida","status":"publish","type":"post","link":"https:\/\/www.noubarris.net\/web40\/maria-antonia-canals-mestre-fundadora-de-lescola-ton-i-guida\/","title":{"rendered":"Mor Maria Ant\u00f2nia Canals, mestre fundadora de l\u2019escola Ton i Guida"},"content":{"rendered":"<p><strong>Canals \u00e9s un referent del m\u00e8tode educatiu Montessori\u00a0<\/strong><\/p>\n<p>Ahir dissabte l&#8217;entorn de Maria Ant\u00f2nia Canals va comunicar la seva mort. Ens ha deixat tot un referent de l&#8217;aplicaci\u00f3 dels m\u00e8todes de Maria Montessori a l&#8217;educaci\u00f3. Uns m\u00e8todes que va portar a la pr\u00e0ctica al nostre districte amb la fundaci\u00f3 de l&#8217;escola Ton i Guida, a les Roquetes, l&#8217;any 1962.<\/p>\n<p>Nascuda l\u2019any 1930 en una fam\u00edlia de mestres que ben aviat li inculcaren els m\u00e8todes de Maria Montessori, la Maria Ant\u00f2nia Canals es gradu\u00e0 en magisteri l\u2019any 1950 i es llicenci\u00e0 en ci\u00e8ncies exactes a la Universitat de Barcelona en 1953. El 1956 treball\u00e0 a l\u00b4escola Talitha i amb Marta Mata, Pere Darder, Maria Teresa Codina i d&#8217;altres, va ser una de les fundadores de l&#8217;Associaci\u00f3 de Mestres Rosa Sensat.<\/p>\n<p>Com hem dit, l\u2019any 1962 va fundar l\u2019escola Ton i Guida, on\u00a0 va renovar el model d&#8217;escola cl\u00e0ssica. Un esperit engrescador i innovador capdavanter als anys 60 i 70, que va marcar els nens de Verdum i les Roquetes, uns barris mancats en aquella \u00e8poca de tot tipus de serveis. La solidaritat, la integraci\u00f3 social i l\u2019intent de millorar l\u2019entorn eren els valors principals d\u2019aquesta l\u2019escola. Els alumnes feien sortides, estudiaven assignatures com pl\u00e0stica o m\u00fasica i podien expressar-se en catal\u00e0. La creativitat d&#8217;aquesta escola impregnava fins i tot les matem\u00e0tiques, ja que, per exemple, els alumnes aprenien a multiplicar fent servir sistemes alternatius a les taules. Tot plegat engrescava l&#8217;alumnat i feia m\u00e9s f\u00e0cil l&#8217;aprenentatge. &#8220;A l&#8217;aula ten\u00edem gerres de vidre, no de pl\u00e0stic -ens va explicar l&#8217;any 2015 Maria Ant\u00f2nia Canals- si queia i es trencaven, els infants tamb\u00e9 aprenien que havien d&#8217;anar amb compte&#8221;.<\/p>\n<p><iframe loading=\"lazy\" title=\"Escola Ton i Guida\" width=\"800\" height=\"450\" src=\"https:\/\/www.youtube.com\/embed\/AhOXZNaeZRg?feature=oembed\" frameborder=\"0\" allow=\"accelerometer; autoplay; clipboard-write; encrypted-media; gyroscope; picture-in-picture\" allowfullscreen><\/iframe><\/p>\n<p>El nom de Ton i Guida de l&#8217;escola no va ser casual. Al conte, els personatges del conte de Hansel i Gretel -tradu\u00efts al catal\u00e0- enfronten molts problemes, per\u00f2\u00a0 amb enginy i const\u00e0ncia, aconsegueixen v\u00e8ncer la bruixa que se\u2019ls volia menjar. L\u00b4objectiu era mostrar que a les Roquetes, els homes i dones amb fe i const\u00e0ncia van v\u00e9ncer les retic\u00e8ncies de l\u2019Administraci\u00f3 i van aconseguir l\u00b4equipament.<\/p>\n<p>L\u2019antiga escola va n\u00e8ixer primer a la via Fav\u00e8ncia, per on avui dia passa la Ronda de Dalt. Amb el temps, va cr\u00e8ixer i, despr\u00e9s de passar per diversos locals provisionals, el curs 1968- 69 va inaugurar el local del carrer de Roman\u00ed (que avui dia \u00e9s el Casal de Barri Ton i Guida). Despr\u00e9s d\u2019anys d\u2019esfor\u00e7 i lluita per part de pares, mestres i ve\u00efns, l\u2019any 1987, Ton i Guida s\u2019integra a la xarxa d\u2019escoles p\u00fabliques de la Generalitat de Catalunya i l\u2019any 1994 es fusiona amb l\u2019escola Pla de Fornells i es constitueix l\u2019actual escola Antaviana, al carrer de Nou Barris.<\/p>\n<p>Maria Ant\u00f2nia Canals \u00e9s tamb\u00e9 autora de nombroses publicacions sobre l\u00b4ensenyament de les matem\u00e0tiques i la seva influ\u00e8ncia \u00e9s molt notable en els grups de mestres Almosta i Per\u00edmetre. Ha rebut la Medalla al M\u00e8rit en el Treball el 1986, el Premi Mestres 68 el 1994 i la Creu de Sant Jordi el 2006. Un centre de formaci\u00f3 de mestres al Nepal porta el seu nom. El 2007 va rebre el premi Gonzalo S\u00e1nchez V\u00e1zquez del Ministeri d&#8217;Educaci\u00f3 d&#8217;Espanya.<\/p>\n<p>&nbsp;<\/p>\n<p>A la imatge, Maria Ant\u00f2nia Canals durant una visita a l&#8217;Arxiu Hist\u00f2ric Roquetes-Nou Barris l&#8217;any 2015.<\/p>\n","protected":false},"excerpt":{"rendered":"<p>Canals \u00e9s un referent del m\u00e8tode educatiu Montessori\u00a0 Ahir dissabte l&#8217;entorn de Maria Ant\u00f2nia Canals va comunicar la seva mort.<\/p>\n","protected":false},"author":2,"featured_media":79018,"comment_status":"closed","ping_status":"closed","sticky":false,"template":"","format":"standard","meta":{"colormag_page_layout":"default_layout","_monsterinsights_skip_tracking":false,"_monsterinsights_sitenote_active":false,"_monsterinsights_sitenote_note":"","_monsterinsights_sitenote_category":0,"footnotes":""},"categories":[136,124],"tags":[208],"class_list":["post-79016","post","type-post","status-publish","format-standard","has-post-thumbnail","hentry","category-les-roquetes","category-societat","tag-ton-i-guida"],"yoast_head":"<!-- This site is optimized with the Yoast SEO plugin v25.3 - https:\/\/yoast.com\/wordpress\/plugins\/seo\/ -->\n<title>Mor Maria Ant\u00f2nia Canals, mestre fundadora de l\u2019escola Ton i Guida - NouBarris.Net<\/title>\n<meta name=\"robots\" content=\"index, follow, max-snippet:-1, max-image-preview:large, max-video-preview:-1\" \/>\n<link rel=\"canonical\" href=\"https:\/\/www.noubarris.net\/web40\/maria-antonia-canals-mestre-fundadora-de-lescola-ton-i-guida\/\" \/>\n<meta property=\"og:locale\" content=\"ca_ES\" \/>\n<meta property=\"og:type\" content=\"article\" \/>\n<meta property=\"og:title\" content=\"Mor Maria Ant\u00f2nia Canals, mestre fundadora de l\u2019escola Ton i Guida - NouBarris.Net\" \/>\n<meta property=\"og:description\" content=\"Canals \u00e9s un referent del m\u00e8tode educatiu Montessori\u00a0 Ahir dissabte l&#8217;entorn de Maria Ant\u00f2nia Canals va comunicar la seva mort.\" \/>\n<meta property=\"og:url\" content=\"https:\/\/www.noubarris.net\/web40\/maria-antonia-canals-mestre-fundadora-de-lescola-ton-i-guida\/\" \/>\n<meta property=\"og:site_name\" content=\"NouBarris.Net\" \/>\n<meta property=\"article:publisher\" content=\"https:\/\/www.facebook.com\/NouBarris.net\/?locale=es_ES\" \/>\n<meta property=\"article:published_time\" content=\"2022-04-30T22:00:58+00:00\" \/>\n<meta property=\"article:modified_time\" content=\"2022-05-01T06:09:22+00:00\" \/>\n<meta property=\"og:image\" content=\"https:\/\/www.noubarris.net\/web40\/wp-content\/uploads\/2022\/05\/010522.jpg\" \/>\n\t<meta property=\"og:image:width\" content=\"768\" \/>\n\t<meta property=\"og:image:height\" content=\"432\" \/>\n\t<meta property=\"og:image:type\" content=\"image\/jpeg\" \/>\n<meta name=\"author\" content=\"Informatius\" \/>\n<meta name=\"twitter:card\" content=\"summary_large_image\" \/>\n<meta name=\"twitter:creator\" content=\"@9BTV\" \/>\n<meta name=\"twitter:site\" content=\"@9BTV\" \/>\n<meta name=\"twitter:label1\" content=\"Escrit per\" \/>\n\t<meta name=\"twitter:data1\" content=\"Informatius\" \/>\n\t<meta name=\"twitter:label2\" content=\"Temps estimat de lectura\" \/>\n\t<meta name=\"twitter:data2\" content=\"3 minuts\" \/>\n<script type=\"application\/ld+json\" class=\"yoast-schema-graph\">{\"@context\":\"https:\/\/schema.org\",\"@graph\":[{\"@type\":\"Article\",\"@id\":\"https:\/\/www.noubarris.net\/web40\/maria-antonia-canals-mestre-fundadora-de-lescola-ton-i-guida\/#article\",\"isPartOf\":{\"@id\":\"https:\/\/www.noubarris.net\/web40\/maria-antonia-canals-mestre-fundadora-de-lescola-ton-i-guida\/\"},\"author\":{\"name\":\"Informatius\",\"@id\":\"https:\/\/www.noubarris.net\/web40\/#\/schema\/person\/1827f92aaa316c54abbf4dac0de76069\"},\"headline\":\"Mor Maria Ant\u00f2nia Canals, mestre fundadora de l\u2019escola Ton i Guida\",\"datePublished\":\"2022-04-30T22:00:58+00:00\",\"dateModified\":\"2022-05-01T06:09:22+00:00\",\"mainEntityOfPage\":{\"@id\":\"https:\/\/www.noubarris.net\/web40\/maria-antonia-canals-mestre-fundadora-de-lescola-ton-i-guida\/\"},\"wordCount\":626,\"publisher\":{\"@id\":\"https:\/\/www.noubarris.net\/web40\/#organization\"},\"image\":{\"@id\":\"https:\/\/www.noubarris.net\/web40\/maria-antonia-canals-mestre-fundadora-de-lescola-ton-i-guida\/#primaryimage\"},\"thumbnailUrl\":\"https:\/\/www.noubarris.net\/web40\/wp-content\/uploads\/2022\/05\/010522.jpg\",\"keywords\":[\"Ton i Guida\"],\"articleSection\":[\"Les Roquetes\",\"Societat\"],\"inLanguage\":\"ca\"},{\"@type\":\"WebPage\",\"@id\":\"https:\/\/www.noubarris.net\/web40\/maria-antonia-canals-mestre-fundadora-de-lescola-ton-i-guida\/\",\"url\":\"https:\/\/www.noubarris.net\/web40\/maria-antonia-canals-mestre-fundadora-de-lescola-ton-i-guida\/\",\"name\":\"Mor Maria Ant\u00f2nia Canals, mestre fundadora de l\u2019escola Ton i Guida - NouBarris.Net\",\"isPartOf\":{\"@id\":\"https:\/\/www.noubarris.net\/web40\/#website\"},\"primaryImageOfPage\":{\"@id\":\"https:\/\/www.noubarris.net\/web40\/maria-antonia-canals-mestre-fundadora-de-lescola-ton-i-guida\/#primaryimage\"},\"image\":{\"@id\":\"https:\/\/www.noubarris.net\/web40\/maria-antonia-canals-mestre-fundadora-de-lescola-ton-i-guida\/#primaryimage\"},\"thumbnailUrl\":\"https:\/\/www.noubarris.net\/web40\/wp-content\/uploads\/2022\/05\/010522.jpg\",\"datePublished\":\"2022-04-30T22:00:58+00:00\",\"dateModified\":\"2022-05-01T06:09:22+00:00\",\"breadcrumb\":{\"@id\":\"https:\/\/www.noubarris.net\/web40\/maria-antonia-canals-mestre-fundadora-de-lescola-ton-i-guida\/#breadcrumb\"},\"inLanguage\":\"ca\",\"potentialAction\":[{\"@type\":\"ReadAction\",\"target\":[\"https:\/\/www.noubarris.net\/web40\/maria-antonia-canals-mestre-fundadora-de-lescola-ton-i-guida\/\"]}]},{\"@type\":\"ImageObject\",\"inLanguage\":\"ca\",\"@id\":\"https:\/\/www.noubarris.net\/web40\/maria-antonia-canals-mestre-fundadora-de-lescola-ton-i-guida\/#primaryimage\",\"url\":\"https:\/\/www.noubarris.net\/web40\/wp-content\/uploads\/2022\/05\/010522.jpg\",\"contentUrl\":\"https:\/\/www.noubarris.net\/web40\/wp-content\/uploads\/2022\/05\/010522.jpg\",\"width\":768,\"height\":432},{\"@type\":\"BreadcrumbList\",\"@id\":\"https:\/\/www.noubarris.net\/web40\/maria-antonia-canals-mestre-fundadora-de-lescola-ton-i-guida\/#breadcrumb\",\"itemListElement\":[{\"@type\":\"ListItem\",\"position\":1,\"name\":\"Inici\",\"item\":\"https:\/\/www.noubarris.net\/web40\/\"},{\"@type\":\"ListItem\",\"position\":2,\"name\":\"Mor Maria Ant\u00f2nia Canals, mestre fundadora de l\u2019escola Ton i Guida\"}]},{\"@type\":\"WebSite\",\"@id\":\"https:\/\/www.noubarris.net\/web40\/#website\",\"url\":\"https:\/\/www.noubarris.net\/web40\/\",\"name\":\"NouBarris.Net\",\"description\":\"Seguint la vida de Nou Barris des de 1985\",\"publisher\":{\"@id\":\"https:\/\/www.noubarris.net\/web40\/#organization\"},\"potentialAction\":[{\"@type\":\"SearchAction\",\"target\":{\"@type\":\"EntryPoint\",\"urlTemplate\":\"https:\/\/www.noubarris.net\/web40\/?s={search_term_string}\"},\"query-input\":{\"@type\":\"PropertyValueSpecification\",\"valueRequired\":true,\"valueName\":\"search_term_string\"}}],\"inLanguage\":\"ca\"},{\"@type\":\"Organization\",\"@id\":\"https:\/\/www.noubarris.net\/web40\/#organization\",\"name\":\"NouBarris.Net\",\"url\":\"https:\/\/www.noubarris.net\/web40\/\",\"logo\":{\"@type\":\"ImageObject\",\"inLanguage\":\"ca\",\"@id\":\"https:\/\/www.noubarris.net\/web40\/#\/schema\/logo\/image\/\",\"url\":\"https:\/\/www.noubarris.net\/web40\/wp-content\/uploads\/2024\/11\/cropped-cropped-LOGO_9BTV-2024_Insta-1.jpg\",\"contentUrl\":\"https:\/\/www.noubarris.net\/web40\/wp-content\/uploads\/2024\/11\/cropped-cropped-LOGO_9BTV-2024_Insta-1.jpg\",\"width\":512,\"height\":512,\"caption\":\"NouBarris.Net\"},\"image\":{\"@id\":\"https:\/\/www.noubarris.net\/web40\/#\/schema\/logo\/image\/\"},\"sameAs\":[\"https:\/\/www.facebook.com\/NouBarris.net\/?locale=es_ES\",\"https:\/\/x.com\/9BTV\"]},{\"@type\":\"Person\",\"@id\":\"https:\/\/www.noubarris.net\/web40\/#\/schema\/person\/1827f92aaa316c54abbf4dac0de76069\",\"name\":\"Informatius\",\"image\":{\"@type\":\"ImageObject\",\"inLanguage\":\"ca\",\"@id\":\"https:\/\/www.noubarris.net\/web40\/#\/schema\/person\/image\/\",\"url\":\"https:\/\/secure.gravatar.com\/avatar\/87a3b47928835fc72c6ee5b0e1a7263ef0c2d05003a98189bc14926c5f11bcdb?s=96&d=mm&r=g\",\"contentUrl\":\"https:\/\/secure.gravatar.com\/avatar\/87a3b47928835fc72c6ee5b0e1a7263ef0c2d05003a98189bc14926c5f11bcdb?s=96&d=mm&r=g\",\"caption\":\"Informatius\"},\"url\":\"https:\/\/www.noubarris.net\/web40\/author\/tele\/\"}]}<\/script>\n<!-- \/ Yoast SEO plugin. -->","yoast_head_json":{"title":"Mor Maria Ant\u00f2nia Canals, mestre fundadora de l\u2019escola Ton i Guida - NouBarris.Net","robots":{"index":"index","follow":"follow","max-snippet":"max-snippet:-1","max-image-preview":"max-image-preview:large","max-video-preview":"max-video-preview:-1"},"canonical":"https:\/\/www.noubarris.net\/web40\/maria-antonia-canals-mestre-fundadora-de-lescola-ton-i-guida\/","og_locale":"ca_ES","og_type":"article","og_title":"Mor Maria Ant\u00f2nia Canals, mestre fundadora de l\u2019escola Ton i Guida - NouBarris.Net","og_description":"Canals \u00e9s un referent del m\u00e8tode educatiu Montessori\u00a0 Ahir dissabte l&#8217;entorn de Maria Ant\u00f2nia Canals va comunicar la seva mort.","og_url":"https:\/\/www.noubarris.net\/web40\/maria-antonia-canals-mestre-fundadora-de-lescola-ton-i-guida\/","og_site_name":"NouBarris.Net","article_publisher":"https:\/\/www.facebook.com\/NouBarris.net\/?locale=es_ES","article_published_time":"2022-04-30T22:00:58+00:00","article_modified_time":"2022-05-01T06:09:22+00:00","og_image":[{"width":768,"height":432,"url":"https:\/\/www.noubarris.net\/web40\/wp-content\/uploads\/2022\/05\/010522.jpg","type":"image\/jpeg"}],"author":"Informatius","twitter_card":"summary_large_image","twitter_creator":"@9BTV","twitter_site":"@9BTV","twitter_misc":{"Escrit per":"Informatius","Temps estimat de lectura":"3 minuts"},"schema":{"@context":"https:\/\/schema.org","@graph":[{"@type":"Article","@id":"https:\/\/www.noubarris.net\/web40\/maria-antonia-canals-mestre-fundadora-de-lescola-ton-i-guida\/#article","isPartOf":{"@id":"https:\/\/www.noubarris.net\/web40\/maria-antonia-canals-mestre-fundadora-de-lescola-ton-i-guida\/"},"author":{"name":"Informatius","@id":"https:\/\/www.noubarris.net\/web40\/#\/schema\/person\/1827f92aaa316c54abbf4dac0de76069"},"headline":"Mor Maria Ant\u00f2nia Canals, mestre fundadora de l\u2019escola Ton i Guida","datePublished":"2022-04-30T22:00:58+00:00","dateModified":"2022-05-01T06:09:22+00:00","mainEntityOfPage":{"@id":"https:\/\/www.noubarris.net\/web40\/maria-antonia-canals-mestre-fundadora-de-lescola-ton-i-guida\/"},"wordCount":626,"publisher":{"@id":"https:\/\/www.noubarris.net\/web40\/#organization"},"image":{"@id":"https:\/\/www.noubarris.net\/web40\/maria-antonia-canals-mestre-fundadora-de-lescola-ton-i-guida\/#primaryimage"},"thumbnailUrl":"https:\/\/www.noubarris.net\/web40\/wp-content\/uploads\/2022\/05\/010522.jpg","keywords":["Ton i Guida"],"articleSection":["Les Roquetes","Societat"],"inLanguage":"ca"},{"@type":"WebPage","@id":"https:\/\/www.noubarris.net\/web40\/maria-antonia-canals-mestre-fundadora-de-lescola-ton-i-guida\/","url":"https:\/\/www.noubarris.net\/web40\/maria-antonia-canals-mestre-fundadora-de-lescola-ton-i-guida\/","name":"Mor Maria Ant\u00f2nia Canals, mestre fundadora de l\u2019escola Ton i Guida - NouBarris.Net","isPartOf":{"@id":"https:\/\/www.noubarris.net\/web40\/#website"},"primaryImageOfPage":{"@id":"https:\/\/www.noubarris.net\/web40\/maria-antonia-canals-mestre-fundadora-de-lescola-ton-i-guida\/#primaryimage"},"image":{"@id":"https:\/\/www.noubarris.net\/web40\/maria-antonia-canals-mestre-fundadora-de-lescola-ton-i-guida\/#primaryimage"},"thumbnailUrl":"https:\/\/www.noubarris.net\/web40\/wp-content\/uploads\/2022\/05\/010522.jpg","datePublished":"2022-04-30T22:00:58+00:00","dateModified":"2022-05-01T06:09:22+00:00","breadcrumb":{"@id":"https:\/\/www.noubarris.net\/web40\/maria-antonia-canals-mestre-fundadora-de-lescola-ton-i-guida\/#breadcrumb"},"inLanguage":"ca","potentialAction":[{"@type":"ReadAction","target":["https:\/\/www.noubarris.net\/web40\/maria-antonia-canals-mestre-fundadora-de-lescola-ton-i-guida\/"]}]},{"@type":"ImageObject","inLanguage":"ca","@id":"https:\/\/www.noubarris.net\/web40\/maria-antonia-canals-mestre-fundadora-de-lescola-ton-i-guida\/#primaryimage","url":"https:\/\/www.noubarris.net\/web40\/wp-content\/uploads\/2022\/05\/010522.jpg","contentUrl":"https:\/\/www.noubarris.net\/web40\/wp-content\/uploads\/2022\/05\/010522.jpg","width":768,"height":432},{"@type":"BreadcrumbList","@id":"https:\/\/www.noubarris.net\/web40\/maria-antonia-canals-mestre-fundadora-de-lescola-ton-i-guida\/#breadcrumb","itemListElement":[{"@type":"ListItem","position":1,"name":"Inici","item":"https:\/\/www.noubarris.net\/web40\/"},{"@type":"ListItem","position":2,"name":"Mor Maria Ant\u00f2nia Canals, mestre fundadora de l\u2019escola Ton i Guida"}]},{"@type":"WebSite","@id":"https:\/\/www.noubarris.net\/web40\/#website","url":"https:\/\/www.noubarris.net\/web40\/","name":"NouBarris.Net","description":"Seguint la vida de Nou Barris des de 1985","publisher":{"@id":"https:\/\/www.noubarris.net\/web40\/#organization"},"potentialAction":[{"@type":"SearchAction","target":{"@type":"EntryPoint","urlTemplate":"https:\/\/www.noubarris.net\/web40\/?s={search_term_string}"},"query-input":{"@type":"PropertyValueSpecification","valueRequired":true,"valueName":"search_term_string"}}],"inLanguage":"ca"},{"@type":"Organization","@id":"https:\/\/www.noubarris.net\/web40\/#organization","name":"NouBarris.Net","url":"https:\/\/www.noubarris.net\/web40\/","logo":{"@type":"ImageObject","inLanguage":"ca","@id":"https:\/\/www.noubarris.net\/web40\/#\/schema\/logo\/image\/","url":"https:\/\/www.noubarris.net\/web40\/wp-content\/uploads\/2024\/11\/cropped-cropped-LOGO_9BTV-2024_Insta-1.jpg","contentUrl":"https:\/\/www.noubarris.net\/web40\/wp-content\/uploads\/2024\/11\/cropped-cropped-LOGO_9BTV-2024_Insta-1.jpg","width":512,"height":512,"caption":"NouBarris.Net"},"image":{"@id":"https:\/\/www.noubarris.net\/web40\/#\/schema\/logo\/image\/"},"sameAs":["https:\/\/www.facebook.com\/NouBarris.net\/?locale=es_ES","https:\/\/x.com\/9BTV"]},{"@type":"Person","@id":"https:\/\/www.noubarris.net\/web40\/#\/schema\/person\/1827f92aaa316c54abbf4dac0de76069","name":"Informatius","image":{"@type":"ImageObject","inLanguage":"ca","@id":"https:\/\/www.noubarris.net\/web40\/#\/schema\/person\/image\/","url":"https:\/\/secure.gravatar.com\/avatar\/87a3b47928835fc72c6ee5b0e1a7263ef0c2d05003a98189bc14926c5f11bcdb?s=96&d=mm&r=g","contentUrl":"https:\/\/secure.gravatar.com\/avatar\/87a3b47928835fc72c6ee5b0e1a7263ef0c2d05003a98189bc14926c5f11bcdb?s=96&d=mm&r=g","caption":"Informatius"},"url":"https:\/\/www.noubarris.net\/web40\/author\/tele\/"}]}},"_links":{"self":[{"href":"https:\/\/www.noubarris.net\/web40\/wp-json\/wp\/v2\/posts\/79016","targetHints":{"allow":["GET"]}}],"collection":[{"href":"https:\/\/www.noubarris.net\/web40\/wp-json\/wp\/v2\/posts"}],"about":[{"href":"https:\/\/www.noubarris.net\/web40\/wp-json\/wp\/v2\/types\/post"}],"author":[{"embeddable":true,"href":"https:\/\/www.noubarris.net\/web40\/wp-json\/wp\/v2\/users\/2"}],"replies":[{"embeddable":true,"href":"https:\/\/www.noubarris.net\/web40\/wp-json\/wp\/v2\/comments?post=79016"}],"version-history":[{"count":5,"href":"https:\/\/www.noubarris.net\/web40\/wp-json\/wp\/v2\/posts\/79016\/revisions"}],"predecessor-version":[{"id":79027,"href":"https:\/\/www.noubarris.net\/web40\/wp-json\/wp\/v2\/posts\/79016\/revisions\/79027"}],"wp:featuredmedia":[{"embeddable":true,"href":"https:\/\/www.noubarris.net\/web40\/wp-json\/wp\/v2\/media\/79018"}],"wp:attachment":[{"href":"https:\/\/www.noubarris.net\/web40\/wp-json\/wp\/v2\/media?parent=79016"}],"wp:term":[{"taxonomy":"category","embeddable":true,"href":"https:\/\/www.noubarris.net\/web40\/wp-json\/wp\/v2\/categories?post=79016"},{"taxonomy":"post_tag","embeddable":true,"href":"https:\/\/www.noubarris.net\/web40\/wp-json\/wp\/v2\/tags?post=79016"}],"curies":[{"name":"wp","href":"https:\/\/api.w.org\/{rel}","templated":true}]}}