{"id":79034,"date":"2022-05-05T00:00:46","date_gmt":"2022-05-04T22:00:46","guid":{"rendered":"http:\/\/www.noubarris.net\/web40\/?p=79034"},"modified":"2022-05-04T22:10:57","modified_gmt":"2022-05-04T20:10:57","slug":"porta-obre-el-calendari-de-festes-majors-en-condicions-postcovid","status":"publish","type":"post","link":"https:\/\/www.noubarris.net\/web40\/porta-obre-el-calendari-de-festes-majors-en-condicions-postcovid\/","title":{"rendered":"Porta obre el calendari de festes majors en condicions &#8216;postcovid&#8217;"},"content":{"rendered":"<p><strong>El barri viu fins al 15 de maig, la primera de les celebracions ve\u00efnals del districte<\/strong><\/p>\n<p>La covid-19 encara no ens ha deixat per\u00f2 l&#8217;omicron ens ha donat una treva per recuperar una mica la normalitat. I dins aquesta normalitat hi ha les festes majors dels barris. Porta enceta el calendari festiu de Nou Barris. Va comen\u00e7ar el passat dimarts i les celebracions s&#8217;allargaran fins al 15 de maig.<\/p>\n<p>Exposicions, teatre o cinema conviuen amb cercavila, vermut, paellada o botifarrada, a m\u00e9s del tradicional preg\u00f3 o el bingo musical. Entremig, el Meridianarock, el gran concert que t\u00e9 lloc al costat del camp de futbol de l&#8217;ALsamora amb algunes de les bandes m\u00e9s actuals del panorama catal\u00e0.<\/p>\n<p>Podeu consultar tota la programaci\u00f3 en aquest enlla\u00e7. Tot i aix\u00f2, us oferim, a continuaci\u00f3, l&#8217;agenda fins al proper cap de setmana:<\/p>\n<p>-Avui:<\/p>\n<p>17 a 20h Serigrafia la teva samarreta de Festa Major.\u00a0 Porta la teva samarreta (colors clars) i estampa\u2019t el lema de la Festa Major<\/p>\n<p>Masterclass de rap i trap (Flashy Ice Cream dia 4 i Lildami dia 11)<\/p>\n<p>-Dem\u00e0 divendres 6:<\/p>\n<p>18.30h Cercavila. Sortida: Jardins de Can Verdaguer<br \/>\n19.30h Preg\u00f3 a c\u00e0rrec de l\u2019AFA Palma de Mallorca ( amb int\u00e8rpret de llengua de signes catalana)<br \/>\n21h Sopar de germanor. Porta el teu sopar i comparteix amb les teves ve\u00efnes. Hi haur\u00e0 servei de barra.<br \/>\n22h Concurs de playback +informaci\u00f3 a La B\u00f2bila de Porta<\/p>\n<p>-Dissabte 7<br \/>\n11 a 14h Mercat d&#8217;intercanvi i de segona m\u00e0. Inscripci\u00f3 muntar parada: a La B\u00f2bila els dies 28 i 29 d\u2019abril de 17 a 19h<br \/>\n12h Masterclass de rumba i sevillanes<br \/>\n13h El vermut de la colla<br \/>\n13.30h Concurs de porr\u00f3<br \/>\n17h Correbars de festa major. (S\u00e2mbara beats) Venda de tiquets Kasal de Joves de Porta<br \/>\n19h S\u00f3ller Fest Sound System ambKram Dub Soul \/ Selekta Dama Opal \/ Crystal Wise \/ Mehdi \/ Dub Soul<\/p>\n","protected":false},"excerpt":{"rendered":"<p>El barri viu fins al 15 de maig, la primera de les celebracions ve\u00efnals del districte La covid-19 encara no<\/p>\n","protected":false},"author":2,"featured_media":79036,"comment_status":"closed","ping_status":"closed","sticky":false,"template":"","format":"standard","meta":{"colormag_page_layout":"default_layout","_monsterinsights_skip_tracking":false,"_monsterinsights_sitenote_active":false,"_monsterinsights_sitenote_note":"","_monsterinsights_sitenote_category":0,"footnotes":""},"categories":[129,134],"tags":[63],"class_list":["post-79034","post","type-post","status-publish","format-standard","has-post-thumbnail","hentry","category-cultura","category-porta","tag-festa-major"],"yoast_head":"<!-- This site is optimized with the Yoast SEO plugin v25.3 - https:\/\/yoast.com\/wordpress\/plugins\/seo\/ -->\n<title>Porta obre el calendari de festes majors en condicions &#039;postcovid&#039; - NouBarris.Net<\/title>\n<meta name=\"robots\" content=\"index, follow, max-snippet:-1, max-image-preview:large, max-video-preview:-1\" \/>\n<link rel=\"canonical\" href=\"https:\/\/www.noubarris.net\/web40\/porta-obre-el-calendari-de-festes-majors-en-condicions-postcovid\/\" \/>\n<meta property=\"og:locale\" content=\"ca_ES\" \/>\n<meta property=\"og:type\" content=\"article\" \/>\n<meta property=\"og:title\" content=\"Porta obre el calendari de festes majors en condicions &#039;postcovid&#039; - NouBarris.Net\" \/>\n<meta property=\"og:description\" content=\"El barri viu fins al 15 de maig, la primera de les celebracions ve\u00efnals del districte La covid-19 encara no\" \/>\n<meta property=\"og:url\" content=\"https:\/\/www.noubarris.net\/web40\/porta-obre-el-calendari-de-festes-majors-en-condicions-postcovid\/\" \/>\n<meta property=\"og:site_name\" content=\"NouBarris.Net\" \/>\n<meta property=\"article:publisher\" content=\"https:\/\/www.facebook.com\/NouBarris.net\/?locale=es_ES\" \/>\n<meta property=\"article:published_time\" content=\"2022-05-04T22:00:46+00:00\" \/>\n<meta property=\"og:image\" content=\"https:\/\/www.noubarris.net\/web40\/wp-content\/uploads\/2022\/05\/050522.jpg\" \/>\n\t<meta property=\"og:image:width\" content=\"768\" \/>\n\t<meta property=\"og:image:height\" content=\"432\" \/>\n\t<meta property=\"og:image:type\" content=\"image\/jpeg\" \/>\n<meta name=\"author\" content=\"Informatius\" \/>\n<meta name=\"twitter:card\" content=\"summary_large_image\" \/>\n<meta name=\"twitter:creator\" content=\"@9BTV\" \/>\n<meta name=\"twitter:site\" content=\"@9BTV\" \/>\n<meta name=\"twitter:label1\" content=\"Escrit per\" \/>\n\t<meta name=\"twitter:data1\" content=\"Informatius\" \/>\n\t<meta name=\"twitter:label2\" content=\"Temps estimat de lectura\" \/>\n\t<meta name=\"twitter:data2\" content=\"2 minuts\" \/>\n<script type=\"application\/ld+json\" class=\"yoast-schema-graph\">{\"@context\":\"https:\/\/schema.org\",\"@graph\":[{\"@type\":\"Article\",\"@id\":\"https:\/\/www.noubarris.net\/web40\/porta-obre-el-calendari-de-festes-majors-en-condicions-postcovid\/#article\",\"isPartOf\":{\"@id\":\"https:\/\/www.noubarris.net\/web40\/porta-obre-el-calendari-de-festes-majors-en-condicions-postcovid\/\"},\"author\":{\"name\":\"Informatius\",\"@id\":\"https:\/\/www.noubarris.net\/web40\/#\/schema\/person\/1827f92aaa316c54abbf4dac0de76069\"},\"headline\":\"Porta obre el calendari de festes majors en condicions &#8216;postcovid&#8217;\",\"datePublished\":\"2022-05-04T22:00:46+00:00\",\"mainEntityOfPage\":{\"@id\":\"https:\/\/www.noubarris.net\/web40\/porta-obre-el-calendari-de-festes-majors-en-condicions-postcovid\/\"},\"wordCount\":324,\"publisher\":{\"@id\":\"https:\/\/www.noubarris.net\/web40\/#organization\"},\"image\":{\"@id\":\"https:\/\/www.noubarris.net\/web40\/porta-obre-el-calendari-de-festes-majors-en-condicions-postcovid\/#primaryimage\"},\"thumbnailUrl\":\"https:\/\/www.noubarris.net\/web40\/wp-content\/uploads\/2022\/05\/050522.jpg\",\"keywords\":[\"Festa Major\"],\"articleSection\":[\"Cultura\",\"Porta\"],\"inLanguage\":\"ca\"},{\"@type\":\"WebPage\",\"@id\":\"https:\/\/www.noubarris.net\/web40\/porta-obre-el-calendari-de-festes-majors-en-condicions-postcovid\/\",\"url\":\"https:\/\/www.noubarris.net\/web40\/porta-obre-el-calendari-de-festes-majors-en-condicions-postcovid\/\",\"name\":\"Porta obre el calendari de festes majors en condicions 'postcovid' - NouBarris.Net\",\"isPartOf\":{\"@id\":\"https:\/\/www.noubarris.net\/web40\/#website\"},\"primaryImageOfPage\":{\"@id\":\"https:\/\/www.noubarris.net\/web40\/porta-obre-el-calendari-de-festes-majors-en-condicions-postcovid\/#primaryimage\"},\"image\":{\"@id\":\"https:\/\/www.noubarris.net\/web40\/porta-obre-el-calendari-de-festes-majors-en-condicions-postcovid\/#primaryimage\"},\"thumbnailUrl\":\"https:\/\/www.noubarris.net\/web40\/wp-content\/uploads\/2022\/05\/050522.jpg\",\"datePublished\":\"2022-05-04T22:00:46+00:00\",\"breadcrumb\":{\"@id\":\"https:\/\/www.noubarris.net\/web40\/porta-obre-el-calendari-de-festes-majors-en-condicions-postcovid\/#breadcrumb\"},\"inLanguage\":\"ca\",\"potentialAction\":[{\"@type\":\"ReadAction\",\"target\":[\"https:\/\/www.noubarris.net\/web40\/porta-obre-el-calendari-de-festes-majors-en-condicions-postcovid\/\"]}]},{\"@type\":\"ImageObject\",\"inLanguage\":\"ca\",\"@id\":\"https:\/\/www.noubarris.net\/web40\/porta-obre-el-calendari-de-festes-majors-en-condicions-postcovid\/#primaryimage\",\"url\":\"https:\/\/www.noubarris.net\/web40\/wp-content\/uploads\/2022\/05\/050522.jpg\",\"contentUrl\":\"https:\/\/www.noubarris.net\/web40\/wp-content\/uploads\/2022\/05\/050522.jpg\",\"width\":768,\"height\":432},{\"@type\":\"BreadcrumbList\",\"@id\":\"https:\/\/www.noubarris.net\/web40\/porta-obre-el-calendari-de-festes-majors-en-condicions-postcovid\/#breadcrumb\",\"itemListElement\":[{\"@type\":\"ListItem\",\"position\":1,\"name\":\"Inici\",\"item\":\"https:\/\/www.noubarris.net\/web40\/\"},{\"@type\":\"ListItem\",\"position\":2,\"name\":\"Porta obre el calendari de festes majors en condicions &#8216;postcovid&#8217;\"}]},{\"@type\":\"WebSite\",\"@id\":\"https:\/\/www.noubarris.net\/web40\/#website\",\"url\":\"https:\/\/www.noubarris.net\/web40\/\",\"name\":\"NouBarris.Net\",\"description\":\"Seguint la vida de Nou Barris des de 1985\",\"publisher\":{\"@id\":\"https:\/\/www.noubarris.net\/web40\/#organization\"},\"potentialAction\":[{\"@type\":\"SearchAction\",\"target\":{\"@type\":\"EntryPoint\",\"urlTemplate\":\"https:\/\/www.noubarris.net\/web40\/?s={search_term_string}\"},\"query-input\":{\"@type\":\"PropertyValueSpecification\",\"valueRequired\":true,\"valueName\":\"search_term_string\"}}],\"inLanguage\":\"ca\"},{\"@type\":\"Organization\",\"@id\":\"https:\/\/www.noubarris.net\/web40\/#organization\",\"name\":\"NouBarris.Net\",\"url\":\"https:\/\/www.noubarris.net\/web40\/\",\"logo\":{\"@type\":\"ImageObject\",\"inLanguage\":\"ca\",\"@id\":\"https:\/\/www.noubarris.net\/web40\/#\/schema\/logo\/image\/\",\"url\":\"https:\/\/www.noubarris.net\/web40\/wp-content\/uploads\/2024\/11\/cropped-cropped-LOGO_9BTV-2024_Insta-1.jpg\",\"contentUrl\":\"https:\/\/www.noubarris.net\/web40\/wp-content\/uploads\/2024\/11\/cropped-cropped-LOGO_9BTV-2024_Insta-1.jpg\",\"width\":512,\"height\":512,\"caption\":\"NouBarris.Net\"},\"image\":{\"@id\":\"https:\/\/www.noubarris.net\/web40\/#\/schema\/logo\/image\/\"},\"sameAs\":[\"https:\/\/www.facebook.com\/NouBarris.net\/?locale=es_ES\",\"https:\/\/x.com\/9BTV\"]},{\"@type\":\"Person\",\"@id\":\"https:\/\/www.noubarris.net\/web40\/#\/schema\/person\/1827f92aaa316c54abbf4dac0de76069\",\"name\":\"Informatius\",\"image\":{\"@type\":\"ImageObject\",\"inLanguage\":\"ca\",\"@id\":\"https:\/\/www.noubarris.net\/web40\/#\/schema\/person\/image\/\",\"url\":\"https:\/\/secure.gravatar.com\/avatar\/87a3b47928835fc72c6ee5b0e1a7263ef0c2d05003a98189bc14926c5f11bcdb?s=96&d=mm&r=g\",\"contentUrl\":\"https:\/\/secure.gravatar.com\/avatar\/87a3b47928835fc72c6ee5b0e1a7263ef0c2d05003a98189bc14926c5f11bcdb?s=96&d=mm&r=g\",\"caption\":\"Informatius\"},\"url\":\"https:\/\/www.noubarris.net\/web40\/author\/tele\/\"}]}<\/script>\n<!-- \/ Yoast SEO plugin. -->","yoast_head_json":{"title":"Porta obre el calendari de festes majors en condicions 'postcovid' - NouBarris.Net","robots":{"index":"index","follow":"follow","max-snippet":"max-snippet:-1","max-image-preview":"max-image-preview:large","max-video-preview":"max-video-preview:-1"},"canonical":"https:\/\/www.noubarris.net\/web40\/porta-obre-el-calendari-de-festes-majors-en-condicions-postcovid\/","og_locale":"ca_ES","og_type":"article","og_title":"Porta obre el calendari de festes majors en condicions 'postcovid' - NouBarris.Net","og_description":"El barri viu fins al 15 de maig, la primera de les celebracions ve\u00efnals del districte La covid-19 encara no","og_url":"https:\/\/www.noubarris.net\/web40\/porta-obre-el-calendari-de-festes-majors-en-condicions-postcovid\/","og_site_name":"NouBarris.Net","article_publisher":"https:\/\/www.facebook.com\/NouBarris.net\/?locale=es_ES","article_published_time":"2022-05-04T22:00:46+00:00","og_image":[{"width":768,"height":432,"url":"https:\/\/www.noubarris.net\/web40\/wp-content\/uploads\/2022\/05\/050522.jpg","type":"image\/jpeg"}],"author":"Informatius","twitter_card":"summary_large_image","twitter_creator":"@9BTV","twitter_site":"@9BTV","twitter_misc":{"Escrit per":"Informatius","Temps estimat de lectura":"2 minuts"},"schema":{"@context":"https:\/\/schema.org","@graph":[{"@type":"Article","@id":"https:\/\/www.noubarris.net\/web40\/porta-obre-el-calendari-de-festes-majors-en-condicions-postcovid\/#article","isPartOf":{"@id":"https:\/\/www.noubarris.net\/web40\/porta-obre-el-calendari-de-festes-majors-en-condicions-postcovid\/"},"author":{"name":"Informatius","@id":"https:\/\/www.noubarris.net\/web40\/#\/schema\/person\/1827f92aaa316c54abbf4dac0de76069"},"headline":"Porta obre el calendari de festes majors en condicions &#8216;postcovid&#8217;","datePublished":"2022-05-04T22:00:46+00:00","mainEntityOfPage":{"@id":"https:\/\/www.noubarris.net\/web40\/porta-obre-el-calendari-de-festes-majors-en-condicions-postcovid\/"},"wordCount":324,"publisher":{"@id":"https:\/\/www.noubarris.net\/web40\/#organization"},"image":{"@id":"https:\/\/www.noubarris.net\/web40\/porta-obre-el-calendari-de-festes-majors-en-condicions-postcovid\/#primaryimage"},"thumbnailUrl":"https:\/\/www.noubarris.net\/web40\/wp-content\/uploads\/2022\/05\/050522.jpg","keywords":["Festa Major"],"articleSection":["Cultura","Porta"],"inLanguage":"ca"},{"@type":"WebPage","@id":"https:\/\/www.noubarris.net\/web40\/porta-obre-el-calendari-de-festes-majors-en-condicions-postcovid\/","url":"https:\/\/www.noubarris.net\/web40\/porta-obre-el-calendari-de-festes-majors-en-condicions-postcovid\/","name":"Porta obre el calendari de festes majors en condicions 'postcovid' - NouBarris.Net","isPartOf":{"@id":"https:\/\/www.noubarris.net\/web40\/#website"},"primaryImageOfPage":{"@id":"https:\/\/www.noubarris.net\/web40\/porta-obre-el-calendari-de-festes-majors-en-condicions-postcovid\/#primaryimage"},"image":{"@id":"https:\/\/www.noubarris.net\/web40\/porta-obre-el-calendari-de-festes-majors-en-condicions-postcovid\/#primaryimage"},"thumbnailUrl":"https:\/\/www.noubarris.net\/web40\/wp-content\/uploads\/2022\/05\/050522.jpg","datePublished":"2022-05-04T22:00:46+00:00","breadcrumb":{"@id":"https:\/\/www.noubarris.net\/web40\/porta-obre-el-calendari-de-festes-majors-en-condicions-postcovid\/#breadcrumb"},"inLanguage":"ca","potentialAction":[{"@type":"ReadAction","target":["https:\/\/www.noubarris.net\/web40\/porta-obre-el-calendari-de-festes-majors-en-condicions-postcovid\/"]}]},{"@type":"ImageObject","inLanguage":"ca","@id":"https:\/\/www.noubarris.net\/web40\/porta-obre-el-calendari-de-festes-majors-en-condicions-postcovid\/#primaryimage","url":"https:\/\/www.noubarris.net\/web40\/wp-content\/uploads\/2022\/05\/050522.jpg","contentUrl":"https:\/\/www.noubarris.net\/web40\/wp-content\/uploads\/2022\/05\/050522.jpg","width":768,"height":432},{"@type":"BreadcrumbList","@id":"https:\/\/www.noubarris.net\/web40\/porta-obre-el-calendari-de-festes-majors-en-condicions-postcovid\/#breadcrumb","itemListElement":[{"@type":"ListItem","position":1,"name":"Inici","item":"https:\/\/www.noubarris.net\/web40\/"},{"@type":"ListItem","position":2,"name":"Porta obre el calendari de festes majors en condicions &#8216;postcovid&#8217;"}]},{"@type":"WebSite","@id":"https:\/\/www.noubarris.net\/web40\/#website","url":"https:\/\/www.noubarris.net\/web40\/","name":"NouBarris.Net","description":"Seguint la vida de Nou Barris des de 1985","publisher":{"@id":"https:\/\/www.noubarris.net\/web40\/#organization"},"potentialAction":[{"@type":"SearchAction","target":{"@type":"EntryPoint","urlTemplate":"https:\/\/www.noubarris.net\/web40\/?s={search_term_string}"},"query-input":{"@type":"PropertyValueSpecification","valueRequired":true,"valueName":"search_term_string"}}],"inLanguage":"ca"},{"@type":"Organization","@id":"https:\/\/www.noubarris.net\/web40\/#organization","name":"NouBarris.Net","url":"https:\/\/www.noubarris.net\/web40\/","logo":{"@type":"ImageObject","inLanguage":"ca","@id":"https:\/\/www.noubarris.net\/web40\/#\/schema\/logo\/image\/","url":"https:\/\/www.noubarris.net\/web40\/wp-content\/uploads\/2024\/11\/cropped-cropped-LOGO_9BTV-2024_Insta-1.jpg","contentUrl":"https:\/\/www.noubarris.net\/web40\/wp-content\/uploads\/2024\/11\/cropped-cropped-LOGO_9BTV-2024_Insta-1.jpg","width":512,"height":512,"caption":"NouBarris.Net"},"image":{"@id":"https:\/\/www.noubarris.net\/web40\/#\/schema\/logo\/image\/"},"sameAs":["https:\/\/www.facebook.com\/NouBarris.net\/?locale=es_ES","https:\/\/x.com\/9BTV"]},{"@type":"Person","@id":"https:\/\/www.noubarris.net\/web40\/#\/schema\/person\/1827f92aaa316c54abbf4dac0de76069","name":"Informatius","image":{"@type":"ImageObject","inLanguage":"ca","@id":"https:\/\/www.noubarris.net\/web40\/#\/schema\/person\/image\/","url":"https:\/\/secure.gravatar.com\/avatar\/87a3b47928835fc72c6ee5b0e1a7263ef0c2d05003a98189bc14926c5f11bcdb?s=96&d=mm&r=g","contentUrl":"https:\/\/secure.gravatar.com\/avatar\/87a3b47928835fc72c6ee5b0e1a7263ef0c2d05003a98189bc14926c5f11bcdb?s=96&d=mm&r=g","caption":"Informatius"},"url":"https:\/\/www.noubarris.net\/web40\/author\/tele\/"}]}},"_links":{"self":[{"href":"https:\/\/www.noubarris.net\/web40\/wp-json\/wp\/v2\/posts\/79034","targetHints":{"allow":["GET"]}}],"collection":[{"href":"https:\/\/www.noubarris.net\/web40\/wp-json\/wp\/v2\/posts"}],"about":[{"href":"https:\/\/www.noubarris.net\/web40\/wp-json\/wp\/v2\/types\/post"}],"author":[{"embeddable":true,"href":"https:\/\/www.noubarris.net\/web40\/wp-json\/wp\/v2\/users\/2"}],"replies":[{"embeddable":true,"href":"https:\/\/www.noubarris.net\/web40\/wp-json\/wp\/v2\/comments?post=79034"}],"version-history":[{"count":1,"href":"https:\/\/www.noubarris.net\/web40\/wp-json\/wp\/v2\/posts\/79034\/revisions"}],"predecessor-version":[{"id":79035,"href":"https:\/\/www.noubarris.net\/web40\/wp-json\/wp\/v2\/posts\/79034\/revisions\/79035"}],"wp:featuredmedia":[{"embeddable":true,"href":"https:\/\/www.noubarris.net\/web40\/wp-json\/wp\/v2\/media\/79036"}],"wp:attachment":[{"href":"https:\/\/www.noubarris.net\/web40\/wp-json\/wp\/v2\/media?parent=79034"}],"wp:term":[{"taxonomy":"category","embeddable":true,"href":"https:\/\/www.noubarris.net\/web40\/wp-json\/wp\/v2\/categories?post=79034"},{"taxonomy":"post_tag","embeddable":true,"href":"https:\/\/www.noubarris.net\/web40\/wp-json\/wp\/v2\/tags?post=79034"}],"curies":[{"name":"wp","href":"https:\/\/api.w.org\/{rel}","templated":true}]}}