{"id":79042,"date":"2022-05-07T00:00:37","date_gmt":"2022-05-06T22:00:37","guid":{"rendered":"http:\/\/www.noubarris.net\/web40\/?p=79042"},"modified":"2022-05-07T08:33:26","modified_gmt":"2022-05-07T06:33:26","slug":"el-festival-darquitectura-models-a-nou-barris-se-centra-en-can-valent","status":"publish","type":"post","link":"https:\/\/www.noubarris.net\/web40\/el-festival-darquitectura-models-a-nou-barris-se-centra-en-can-valent\/","title":{"rendered":"El Festival d&#8217;Arquitectura Models a Nou Barris se centra en Can Valent"},"content":{"rendered":"<p><strong>La jornada donar\u00e0 a con\u00e9ixer el projecte de rehabilitaci\u00f3 de la masia i oferir\u00e0 tallers i activitats<\/strong><\/p>\n<p>Barcelona viu aquests dies el Festival d&#8217;Arquitectures Models, un certamen organitzat com a aperitiu del que ser\u00e0 la Capitalitat Mundial de l&#8217;Arquitectura que l&#8217;UNESCO ha atorgat a la ciutat per al 2026. En aquest context s\u00f3n moltes les activitats que s&#8217;estan duent a terme a la ciutat, sobretot a Ciutat Vella i l&#8217;Eixample. Aquesta tarda Nou Barris respirar\u00e0 una mica d&#8217;aquest festival, amb una jornada d&#8217;activitats al voltant de la masia de Can Valent.<\/p>\n<p>El festival vol provocar el debat sobre el futur de les ciutats, i en aquesta l\u00ednia la jornada a Can Valent du el nom de RE-NATURALITEM. D&#8217;una banda, es donar\u00e0 a con\u00e9ixer el projecte de rehabilitaci\u00f3 de la masia, en marxa des de fa alguns dies per tal d&#8217;estabilitzar l&#8217;estructura i recuperar-ne l&#8217;esplendor, mentre es debat l&#8217;\u00fas que tindr\u00e0 m\u00e9s endavant.<\/p>\n<p>La part m\u00e9s sostenible la posar\u00e0 la gent de l&#8217;Horta de Can Valent, que explicar\u00e0 el seu projcte agrari. Tamb\u00e9 hi haur\u00e0 un tallers de maquetes per posar en valor la hist\u00f2ria i an\u00e8cdotes que amaga aquesta coneguda masia, i un taller de cistelles i de fotografia en cianot\u00edpia.<\/p>\n<p>A la jornada hi participen com a organitzadors o col\u00b7laboradors el Grup d\u2019Arquitectes de Nou Barris, el COAC (Col\u00b7legi d&#8217;Arquitectes de Catalunya), Horta de Can Valent, Centre C\u00edvic Can Verdaguer, l&#8217;AV de Porta, Maraki en Bicicleta, Alea Olea Arquitectura i Paisatge, i Ariadna Garriga. El programa \u00e9s el seg\u00fcent:<\/p>\n<p>16.30h\u00a0 Benvinguda COAC Barcelona<\/p>\n<p>16.40h\u00a0 Exposici\u00f3 Projecte Parc Agrari Can Valent &#8220;vida sostenible a la ciutat&#8221; (Horta Can Valent)<\/p>\n<p>17.10h\u00a0 \u00a0Exposici\u00f3 Projecte Rehabilitaci\u00f3 Can Valent (Alea Olea Arquitectura i Paisatge)<\/p>\n<p>16.30-19h\u00a0 Taller de cistelles (Maraki en bicicleta)<\/p>\n<p>16.30-19h\u00a0 Taller de fotografies en cianot\u00edpia (Ariadna Garriga)<\/p>\n<p>&nbsp;<\/p>\n<p>COL\u00b7LABORADORS<\/p>\n","protected":false},"excerpt":{"rendered":"<p>La jornada donar\u00e0 a con\u00e9ixer el projecte de rehabilitaci\u00f3 de la masia i oferir\u00e0 tallers i activitats Barcelona viu aquests<\/p>\n","protected":false},"author":2,"featured_media":79043,"comment_status":"closed","ping_status":"closed","sticky":false,"template":"","format":"standard","meta":{"colormag_page_layout":"default_layout","_monsterinsights_skip_tracking":false,"_monsterinsights_sitenote_active":false,"_monsterinsights_sitenote_note":"","_monsterinsights_sitenote_category":0,"footnotes":""},"categories":[1],"tags":[227,235],"class_list":["post-79042","post","type-post","status-publish","format-standard","has-post-thumbnail","hentry","category-nou-barris","tag-can-valent","tag-patrimoni"],"yoast_head":"<!-- This site is optimized with the Yoast SEO plugin v25.3 - https:\/\/yoast.com\/wordpress\/plugins\/seo\/ -->\n<title>El Festival d&#039;Arquitectura Models a Nou Barris se centra en Can Valent - NouBarris.Net<\/title>\n<meta name=\"robots\" content=\"index, follow, max-snippet:-1, max-image-preview:large, max-video-preview:-1\" \/>\n<link rel=\"canonical\" href=\"https:\/\/www.noubarris.net\/web40\/el-festival-darquitectura-models-a-nou-barris-se-centra-en-can-valent\/\" \/>\n<meta property=\"og:locale\" content=\"ca_ES\" \/>\n<meta property=\"og:type\" content=\"article\" \/>\n<meta property=\"og:title\" content=\"El Festival d&#039;Arquitectura Models a Nou Barris se centra en Can Valent - NouBarris.Net\" \/>\n<meta property=\"og:description\" content=\"La jornada donar\u00e0 a con\u00e9ixer el projecte de rehabilitaci\u00f3 de la masia i oferir\u00e0 tallers i activitats Barcelona viu aquests\" \/>\n<meta property=\"og:url\" content=\"https:\/\/www.noubarris.net\/web40\/el-festival-darquitectura-models-a-nou-barris-se-centra-en-can-valent\/\" \/>\n<meta property=\"og:site_name\" content=\"NouBarris.Net\" \/>\n<meta property=\"article:publisher\" content=\"https:\/\/www.facebook.com\/NouBarris.net\/?locale=es_ES\" \/>\n<meta property=\"article:published_time\" content=\"2022-05-06T22:00:37+00:00\" \/>\n<meta property=\"article:modified_time\" content=\"2022-05-07T06:33:26+00:00\" \/>\n<meta property=\"og:image\" content=\"https:\/\/www.noubarris.net\/web40\/wp-content\/uploads\/2022\/05\/070522.jpg\" \/>\n\t<meta property=\"og:image:width\" content=\"768\" \/>\n\t<meta property=\"og:image:height\" content=\"432\" \/>\n\t<meta property=\"og:image:type\" content=\"image\/jpeg\" \/>\n<meta name=\"author\" content=\"Informatius\" \/>\n<meta name=\"twitter:card\" content=\"summary_large_image\" \/>\n<meta name=\"twitter:creator\" content=\"@9BTV\" \/>\n<meta name=\"twitter:site\" content=\"@9BTV\" \/>\n<meta name=\"twitter:label1\" content=\"Escrit per\" \/>\n\t<meta name=\"twitter:data1\" content=\"Informatius\" \/>\n\t<meta name=\"twitter:label2\" content=\"Temps estimat de lectura\" \/>\n\t<meta name=\"twitter:data2\" content=\"2 minuts\" \/>\n<script type=\"application\/ld+json\" class=\"yoast-schema-graph\">{\"@context\":\"https:\/\/schema.org\",\"@graph\":[{\"@type\":\"Article\",\"@id\":\"https:\/\/www.noubarris.net\/web40\/el-festival-darquitectura-models-a-nou-barris-se-centra-en-can-valent\/#article\",\"isPartOf\":{\"@id\":\"https:\/\/www.noubarris.net\/web40\/el-festival-darquitectura-models-a-nou-barris-se-centra-en-can-valent\/\"},\"author\":{\"name\":\"Informatius\",\"@id\":\"https:\/\/www.noubarris.net\/web40\/#\/schema\/person\/1827f92aaa316c54abbf4dac0de76069\"},\"headline\":\"El Festival d&#8217;Arquitectura Models a Nou Barris se centra en Can Valent\",\"datePublished\":\"2022-05-06T22:00:37+00:00\",\"dateModified\":\"2022-05-07T06:33:26+00:00\",\"mainEntityOfPage\":{\"@id\":\"https:\/\/www.noubarris.net\/web40\/el-festival-darquitectura-models-a-nou-barris-se-centra-en-can-valent\/\"},\"wordCount\":342,\"publisher\":{\"@id\":\"https:\/\/www.noubarris.net\/web40\/#organization\"},\"image\":{\"@id\":\"https:\/\/www.noubarris.net\/web40\/el-festival-darquitectura-models-a-nou-barris-se-centra-en-can-valent\/#primaryimage\"},\"thumbnailUrl\":\"https:\/\/www.noubarris.net\/web40\/wp-content\/uploads\/2022\/05\/070522.jpg\",\"keywords\":[\"Can Valent\",\"patrimoni\"],\"articleSection\":[\"Nou Barris\"],\"inLanguage\":\"ca\"},{\"@type\":\"WebPage\",\"@id\":\"https:\/\/www.noubarris.net\/web40\/el-festival-darquitectura-models-a-nou-barris-se-centra-en-can-valent\/\",\"url\":\"https:\/\/www.noubarris.net\/web40\/el-festival-darquitectura-models-a-nou-barris-se-centra-en-can-valent\/\",\"name\":\"El Festival d'Arquitectura Models a Nou Barris se centra en Can Valent - NouBarris.Net\",\"isPartOf\":{\"@id\":\"https:\/\/www.noubarris.net\/web40\/#website\"},\"primaryImageOfPage\":{\"@id\":\"https:\/\/www.noubarris.net\/web40\/el-festival-darquitectura-models-a-nou-barris-se-centra-en-can-valent\/#primaryimage\"},\"image\":{\"@id\":\"https:\/\/www.noubarris.net\/web40\/el-festival-darquitectura-models-a-nou-barris-se-centra-en-can-valent\/#primaryimage\"},\"thumbnailUrl\":\"https:\/\/www.noubarris.net\/web40\/wp-content\/uploads\/2022\/05\/070522.jpg\",\"datePublished\":\"2022-05-06T22:00:37+00:00\",\"dateModified\":\"2022-05-07T06:33:26+00:00\",\"breadcrumb\":{\"@id\":\"https:\/\/www.noubarris.net\/web40\/el-festival-darquitectura-models-a-nou-barris-se-centra-en-can-valent\/#breadcrumb\"},\"inLanguage\":\"ca\",\"potentialAction\":[{\"@type\":\"ReadAction\",\"target\":[\"https:\/\/www.noubarris.net\/web40\/el-festival-darquitectura-models-a-nou-barris-se-centra-en-can-valent\/\"]}]},{\"@type\":\"ImageObject\",\"inLanguage\":\"ca\",\"@id\":\"https:\/\/www.noubarris.net\/web40\/el-festival-darquitectura-models-a-nou-barris-se-centra-en-can-valent\/#primaryimage\",\"url\":\"https:\/\/www.noubarris.net\/web40\/wp-content\/uploads\/2022\/05\/070522.jpg\",\"contentUrl\":\"https:\/\/www.noubarris.net\/web40\/wp-content\/uploads\/2022\/05\/070522.jpg\",\"width\":768,\"height\":432},{\"@type\":\"BreadcrumbList\",\"@id\":\"https:\/\/www.noubarris.net\/web40\/el-festival-darquitectura-models-a-nou-barris-se-centra-en-can-valent\/#breadcrumb\",\"itemListElement\":[{\"@type\":\"ListItem\",\"position\":1,\"name\":\"Inici\",\"item\":\"https:\/\/www.noubarris.net\/web40\/\"},{\"@type\":\"ListItem\",\"position\":2,\"name\":\"El Festival d&#8217;Arquitectura Models a Nou Barris se centra en Can Valent\"}]},{\"@type\":\"WebSite\",\"@id\":\"https:\/\/www.noubarris.net\/web40\/#website\",\"url\":\"https:\/\/www.noubarris.net\/web40\/\",\"name\":\"NouBarris.Net\",\"description\":\"Seguint la vida de Nou Barris des de 1985\",\"publisher\":{\"@id\":\"https:\/\/www.noubarris.net\/web40\/#organization\"},\"potentialAction\":[{\"@type\":\"SearchAction\",\"target\":{\"@type\":\"EntryPoint\",\"urlTemplate\":\"https:\/\/www.noubarris.net\/web40\/?s={search_term_string}\"},\"query-input\":{\"@type\":\"PropertyValueSpecification\",\"valueRequired\":true,\"valueName\":\"search_term_string\"}}],\"inLanguage\":\"ca\"},{\"@type\":\"Organization\",\"@id\":\"https:\/\/www.noubarris.net\/web40\/#organization\",\"name\":\"NouBarris.Net\",\"url\":\"https:\/\/www.noubarris.net\/web40\/\",\"logo\":{\"@type\":\"ImageObject\",\"inLanguage\":\"ca\",\"@id\":\"https:\/\/www.noubarris.net\/web40\/#\/schema\/logo\/image\/\",\"url\":\"https:\/\/www.noubarris.net\/web40\/wp-content\/uploads\/2024\/11\/cropped-cropped-LOGO_9BTV-2024_Insta-1.jpg\",\"contentUrl\":\"https:\/\/www.noubarris.net\/web40\/wp-content\/uploads\/2024\/11\/cropped-cropped-LOGO_9BTV-2024_Insta-1.jpg\",\"width\":512,\"height\":512,\"caption\":\"NouBarris.Net\"},\"image\":{\"@id\":\"https:\/\/www.noubarris.net\/web40\/#\/schema\/logo\/image\/\"},\"sameAs\":[\"https:\/\/www.facebook.com\/NouBarris.net\/?locale=es_ES\",\"https:\/\/x.com\/9BTV\"]},{\"@type\":\"Person\",\"@id\":\"https:\/\/www.noubarris.net\/web40\/#\/schema\/person\/1827f92aaa316c54abbf4dac0de76069\",\"name\":\"Informatius\",\"image\":{\"@type\":\"ImageObject\",\"inLanguage\":\"ca\",\"@id\":\"https:\/\/www.noubarris.net\/web40\/#\/schema\/person\/image\/\",\"url\":\"https:\/\/secure.gravatar.com\/avatar\/87a3b47928835fc72c6ee5b0e1a7263ef0c2d05003a98189bc14926c5f11bcdb?s=96&d=mm&r=g\",\"contentUrl\":\"https:\/\/secure.gravatar.com\/avatar\/87a3b47928835fc72c6ee5b0e1a7263ef0c2d05003a98189bc14926c5f11bcdb?s=96&d=mm&r=g\",\"caption\":\"Informatius\"},\"url\":\"https:\/\/www.noubarris.net\/web40\/author\/tele\/\"}]}<\/script>\n<!-- \/ Yoast SEO plugin. -->","yoast_head_json":{"title":"El Festival d'Arquitectura Models a Nou Barris se centra en Can Valent - NouBarris.Net","robots":{"index":"index","follow":"follow","max-snippet":"max-snippet:-1","max-image-preview":"max-image-preview:large","max-video-preview":"max-video-preview:-1"},"canonical":"https:\/\/www.noubarris.net\/web40\/el-festival-darquitectura-models-a-nou-barris-se-centra-en-can-valent\/","og_locale":"ca_ES","og_type":"article","og_title":"El Festival d'Arquitectura Models a Nou Barris se centra en Can Valent - NouBarris.Net","og_description":"La jornada donar\u00e0 a con\u00e9ixer el projecte de rehabilitaci\u00f3 de la masia i oferir\u00e0 tallers i activitats Barcelona viu aquests","og_url":"https:\/\/www.noubarris.net\/web40\/el-festival-darquitectura-models-a-nou-barris-se-centra-en-can-valent\/","og_site_name":"NouBarris.Net","article_publisher":"https:\/\/www.facebook.com\/NouBarris.net\/?locale=es_ES","article_published_time":"2022-05-06T22:00:37+00:00","article_modified_time":"2022-05-07T06:33:26+00:00","og_image":[{"width":768,"height":432,"url":"https:\/\/www.noubarris.net\/web40\/wp-content\/uploads\/2022\/05\/070522.jpg","type":"image\/jpeg"}],"author":"Informatius","twitter_card":"summary_large_image","twitter_creator":"@9BTV","twitter_site":"@9BTV","twitter_misc":{"Escrit per":"Informatius","Temps estimat de lectura":"2 minuts"},"schema":{"@context":"https:\/\/schema.org","@graph":[{"@type":"Article","@id":"https:\/\/www.noubarris.net\/web40\/el-festival-darquitectura-models-a-nou-barris-se-centra-en-can-valent\/#article","isPartOf":{"@id":"https:\/\/www.noubarris.net\/web40\/el-festival-darquitectura-models-a-nou-barris-se-centra-en-can-valent\/"},"author":{"name":"Informatius","@id":"https:\/\/www.noubarris.net\/web40\/#\/schema\/person\/1827f92aaa316c54abbf4dac0de76069"},"headline":"El Festival d&#8217;Arquitectura Models a Nou Barris se centra en Can Valent","datePublished":"2022-05-06T22:00:37+00:00","dateModified":"2022-05-07T06:33:26+00:00","mainEntityOfPage":{"@id":"https:\/\/www.noubarris.net\/web40\/el-festival-darquitectura-models-a-nou-barris-se-centra-en-can-valent\/"},"wordCount":342,"publisher":{"@id":"https:\/\/www.noubarris.net\/web40\/#organization"},"image":{"@id":"https:\/\/www.noubarris.net\/web40\/el-festival-darquitectura-models-a-nou-barris-se-centra-en-can-valent\/#primaryimage"},"thumbnailUrl":"https:\/\/www.noubarris.net\/web40\/wp-content\/uploads\/2022\/05\/070522.jpg","keywords":["Can Valent","patrimoni"],"articleSection":["Nou Barris"],"inLanguage":"ca"},{"@type":"WebPage","@id":"https:\/\/www.noubarris.net\/web40\/el-festival-darquitectura-models-a-nou-barris-se-centra-en-can-valent\/","url":"https:\/\/www.noubarris.net\/web40\/el-festival-darquitectura-models-a-nou-barris-se-centra-en-can-valent\/","name":"El Festival d'Arquitectura Models a Nou Barris se centra en Can Valent - NouBarris.Net","isPartOf":{"@id":"https:\/\/www.noubarris.net\/web40\/#website"},"primaryImageOfPage":{"@id":"https:\/\/www.noubarris.net\/web40\/el-festival-darquitectura-models-a-nou-barris-se-centra-en-can-valent\/#primaryimage"},"image":{"@id":"https:\/\/www.noubarris.net\/web40\/el-festival-darquitectura-models-a-nou-barris-se-centra-en-can-valent\/#primaryimage"},"thumbnailUrl":"https:\/\/www.noubarris.net\/web40\/wp-content\/uploads\/2022\/05\/070522.jpg","datePublished":"2022-05-06T22:00:37+00:00","dateModified":"2022-05-07T06:33:26+00:00","breadcrumb":{"@id":"https:\/\/www.noubarris.net\/web40\/el-festival-darquitectura-models-a-nou-barris-se-centra-en-can-valent\/#breadcrumb"},"inLanguage":"ca","potentialAction":[{"@type":"ReadAction","target":["https:\/\/www.noubarris.net\/web40\/el-festival-darquitectura-models-a-nou-barris-se-centra-en-can-valent\/"]}]},{"@type":"ImageObject","inLanguage":"ca","@id":"https:\/\/www.noubarris.net\/web40\/el-festival-darquitectura-models-a-nou-barris-se-centra-en-can-valent\/#primaryimage","url":"https:\/\/www.noubarris.net\/web40\/wp-content\/uploads\/2022\/05\/070522.jpg","contentUrl":"https:\/\/www.noubarris.net\/web40\/wp-content\/uploads\/2022\/05\/070522.jpg","width":768,"height":432},{"@type":"BreadcrumbList","@id":"https:\/\/www.noubarris.net\/web40\/el-festival-darquitectura-models-a-nou-barris-se-centra-en-can-valent\/#breadcrumb","itemListElement":[{"@type":"ListItem","position":1,"name":"Inici","item":"https:\/\/www.noubarris.net\/web40\/"},{"@type":"ListItem","position":2,"name":"El Festival d&#8217;Arquitectura Models a Nou Barris se centra en Can Valent"}]},{"@type":"WebSite","@id":"https:\/\/www.noubarris.net\/web40\/#website","url":"https:\/\/www.noubarris.net\/web40\/","name":"NouBarris.Net","description":"Seguint la vida de Nou Barris des de 1985","publisher":{"@id":"https:\/\/www.noubarris.net\/web40\/#organization"},"potentialAction":[{"@type":"SearchAction","target":{"@type":"EntryPoint","urlTemplate":"https:\/\/www.noubarris.net\/web40\/?s={search_term_string}"},"query-input":{"@type":"PropertyValueSpecification","valueRequired":true,"valueName":"search_term_string"}}],"inLanguage":"ca"},{"@type":"Organization","@id":"https:\/\/www.noubarris.net\/web40\/#organization","name":"NouBarris.Net","url":"https:\/\/www.noubarris.net\/web40\/","logo":{"@type":"ImageObject","inLanguage":"ca","@id":"https:\/\/www.noubarris.net\/web40\/#\/schema\/logo\/image\/","url":"https:\/\/www.noubarris.net\/web40\/wp-content\/uploads\/2024\/11\/cropped-cropped-LOGO_9BTV-2024_Insta-1.jpg","contentUrl":"https:\/\/www.noubarris.net\/web40\/wp-content\/uploads\/2024\/11\/cropped-cropped-LOGO_9BTV-2024_Insta-1.jpg","width":512,"height":512,"caption":"NouBarris.Net"},"image":{"@id":"https:\/\/www.noubarris.net\/web40\/#\/schema\/logo\/image\/"},"sameAs":["https:\/\/www.facebook.com\/NouBarris.net\/?locale=es_ES","https:\/\/x.com\/9BTV"]},{"@type":"Person","@id":"https:\/\/www.noubarris.net\/web40\/#\/schema\/person\/1827f92aaa316c54abbf4dac0de76069","name":"Informatius","image":{"@type":"ImageObject","inLanguage":"ca","@id":"https:\/\/www.noubarris.net\/web40\/#\/schema\/person\/image\/","url":"https:\/\/secure.gravatar.com\/avatar\/87a3b47928835fc72c6ee5b0e1a7263ef0c2d05003a98189bc14926c5f11bcdb?s=96&d=mm&r=g","contentUrl":"https:\/\/secure.gravatar.com\/avatar\/87a3b47928835fc72c6ee5b0e1a7263ef0c2d05003a98189bc14926c5f11bcdb?s=96&d=mm&r=g","caption":"Informatius"},"url":"https:\/\/www.noubarris.net\/web40\/author\/tele\/"}]}},"_links":{"self":[{"href":"https:\/\/www.noubarris.net\/web40\/wp-json\/wp\/v2\/posts\/79042","targetHints":{"allow":["GET"]}}],"collection":[{"href":"https:\/\/www.noubarris.net\/web40\/wp-json\/wp\/v2\/posts"}],"about":[{"href":"https:\/\/www.noubarris.net\/web40\/wp-json\/wp\/v2\/types\/post"}],"author":[{"embeddable":true,"href":"https:\/\/www.noubarris.net\/web40\/wp-json\/wp\/v2\/users\/2"}],"replies":[{"embeddable":true,"href":"https:\/\/www.noubarris.net\/web40\/wp-json\/wp\/v2\/comments?post=79042"}],"version-history":[{"count":1,"href":"https:\/\/www.noubarris.net\/web40\/wp-json\/wp\/v2\/posts\/79042\/revisions"}],"predecessor-version":[{"id":79044,"href":"https:\/\/www.noubarris.net\/web40\/wp-json\/wp\/v2\/posts\/79042\/revisions\/79044"}],"wp:featuredmedia":[{"embeddable":true,"href":"https:\/\/www.noubarris.net\/web40\/wp-json\/wp\/v2\/media\/79043"}],"wp:attachment":[{"href":"https:\/\/www.noubarris.net\/web40\/wp-json\/wp\/v2\/media?parent=79042"}],"wp:term":[{"taxonomy":"category","embeddable":true,"href":"https:\/\/www.noubarris.net\/web40\/wp-json\/wp\/v2\/categories?post=79042"},{"taxonomy":"post_tag","embeddable":true,"href":"https:\/\/www.noubarris.net\/web40\/wp-json\/wp\/v2\/tags?post=79042"}],"curies":[{"name":"wp","href":"https:\/\/api.w.org\/{rel}","templated":true}]}}