{"id":79053,"date":"2022-05-11T00:00:26","date_gmt":"2022-05-10T22:00:26","guid":{"rendered":"http:\/\/www.noubarris.net\/web40\/?p=79053"},"modified":"2022-05-07T18:18:28","modified_gmt":"2022-05-07T16:18:28","slug":"reobre-reformat-el-centre-de-desenvolupament-infantil-i-atencio-precoc-cdiap-del-carrer-dantonio-machado","status":"publish","type":"post","link":"https:\/\/www.noubarris.net\/web40\/reobre-reformat-el-centre-de-desenvolupament-infantil-i-atencio-precoc-cdiap-del-carrer-dantonio-machado\/","title":{"rendered":"Reobre reformat el Centre de Desenvolupament Infantil i Atenci\u00f3 Preco\u00e7 (CDIAP) del carrer d&#8217;Antonio Machado"},"content":{"rendered":"<p><strong>\u00c9s el tercer equipament d&#8217;aquest tipus en servei a Nou Barris<\/strong><\/p>\n<p>El Centre de Desenvolupament Infantil i Atenci\u00f3 Preco\u00e7 (CDIAP) EIPI Nou Barris torna a obrir les portes al n\u00famero 18 del carrer d\u2019Antonio Machado despr\u00e9s d&#8217;unes obres de reforma d\u2019adequaci\u00f3 i disseny per tal de millorar l&#8217;atenci\u00f3 als petits i les fam\u00edlies. Es tracta d&#8217;un centre que acull i tracta infants amb necessitats espec\u00edfiques, per exemple, per haver nascut abans d&#8217;hora o tenir algun problema de desenvolupament. El centre ofereix un servei especialitzat en l\u2019atenci\u00f3 preco\u00e7 dels infants de 0 a 6 anys i disposa d\u2019un\u00a0equip de professionals especialistes en psicologia, neuropediatria, logop\u00e8dia, fisioter\u00e0pia, treball social i psicomotricitat<\/p>\n<p>El nou\u00a0CDIAP-EIPI Nou Barris\u00a0\u00e9s ara un\u00a0espai accessible, amb una decoraci\u00f3 pensada per als infants i amb una\u00a0proposta gr\u00e0fica acollidora i alegre\u00a0que crea un entorn de confian\u00e7a i amabilitat. S\u2019accedeix a l\u2019edifici a trav\u00e9s d\u2019una rampa i hi ha una sala d\u2019espera, una zona per aparcar els cotxets infantils, un taulell d\u2019informaci\u00f3, quatre sales d\u2019atenci\u00f3 i una sala de psicomotricitat.<\/p>\n<p>Pel tipus de servei que presta, \u00e9s important per a les fam\u00edlies tenir un equipament d&#8217;aquest tipus a prop de casa, per estalviar-se despla\u00e7aments i complicacions. \u00c9s per aix\u00f2 que la xarxa s&#8217;ha anat estenent des de fa uns anys i ara a Nou Barris comptem amb tres punts:\u00a0 A Verdum, al n\u00famero 11 del carrer de Luz Casanova; a Torre Bar\u00f3, al n\u00famero 5 de l\u2019avinguda d\u2019Escolapi C\u00e0ncer i en aquest local reformat del carrer d\u2019Antonio Machado, a Canyelles.<\/p>\n","protected":false},"excerpt":{"rendered":"<p>\u00c9s el tercer equipament d&#8217;aquest tipus en servei a Nou Barris El Centre de Desenvolupament Infantil i Atenci\u00f3 Preco\u00e7 (CDIAP)<\/p>\n","protected":false},"author":2,"featured_media":79054,"comment_status":"closed","ping_status":"closed","sticky":false,"template":"","format":"standard","meta":{"colormag_page_layout":"default_layout","_monsterinsights_skip_tracking":false,"_monsterinsights_sitenote_active":false,"_monsterinsights_sitenote_note":"","_monsterinsights_sitenote_category":0,"footnotes":""},"categories":[1],"tags":[121,390],"class_list":["post-79053","post","type-post","status-publish","format-standard","has-post-thumbnail","hentry","category-nou-barris","tag-equipaments","tag-infants"],"yoast_head":"<!-- This site is optimized with the Yoast SEO plugin v25.3 - https:\/\/yoast.com\/wordpress\/plugins\/seo\/ -->\n<title>Reobre reformat el Centre de Desenvolupament Infantil i Atenci\u00f3 Preco\u00e7 (CDIAP) del carrer d&#039;Antonio Machado - NouBarris.Net<\/title>\n<meta name=\"robots\" content=\"index, follow, max-snippet:-1, max-image-preview:large, max-video-preview:-1\" \/>\n<link rel=\"canonical\" href=\"https:\/\/www.noubarris.net\/web40\/reobre-reformat-el-centre-de-desenvolupament-infantil-i-atencio-precoc-cdiap-del-carrer-dantonio-machado\/\" \/>\n<meta property=\"og:locale\" content=\"ca_ES\" \/>\n<meta property=\"og:type\" content=\"article\" \/>\n<meta property=\"og:title\" content=\"Reobre reformat el Centre de Desenvolupament Infantil i Atenci\u00f3 Preco\u00e7 (CDIAP) del carrer d&#039;Antonio Machado - NouBarris.Net\" \/>\n<meta property=\"og:description\" content=\"\u00c9s el tercer equipament d&#8217;aquest tipus en servei a Nou Barris El Centre de Desenvolupament Infantil i Atenci\u00f3 Preco\u00e7 (CDIAP)\" \/>\n<meta property=\"og:url\" content=\"https:\/\/www.noubarris.net\/web40\/reobre-reformat-el-centre-de-desenvolupament-infantil-i-atencio-precoc-cdiap-del-carrer-dantonio-machado\/\" \/>\n<meta property=\"og:site_name\" content=\"NouBarris.Net\" \/>\n<meta property=\"article:publisher\" content=\"https:\/\/www.facebook.com\/NouBarris.net\/?locale=es_ES\" \/>\n<meta property=\"article:published_time\" content=\"2022-05-10T22:00:26+00:00\" \/>\n<meta property=\"og:image\" content=\"https:\/\/www.noubarris.net\/web40\/wp-content\/uploads\/2022\/05\/110522.jpg\" \/>\n\t<meta property=\"og:image:width\" content=\"768\" \/>\n\t<meta property=\"og:image:height\" content=\"432\" \/>\n\t<meta property=\"og:image:type\" content=\"image\/jpeg\" \/>\n<meta name=\"author\" content=\"Informatius\" \/>\n<meta name=\"twitter:card\" content=\"summary_large_image\" \/>\n<meta name=\"twitter:creator\" content=\"@9BTV\" \/>\n<meta name=\"twitter:site\" content=\"@9BTV\" \/>\n<meta name=\"twitter:label1\" content=\"Escrit per\" \/>\n\t<meta name=\"twitter:data1\" content=\"Informatius\" \/>\n\t<meta name=\"twitter:label2\" content=\"Temps estimat de lectura\" \/>\n\t<meta name=\"twitter:data2\" content=\"1 minut\" \/>\n<script type=\"application\/ld+json\" class=\"yoast-schema-graph\">{\"@context\":\"https:\/\/schema.org\",\"@graph\":[{\"@type\":\"Article\",\"@id\":\"https:\/\/www.noubarris.net\/web40\/reobre-reformat-el-centre-de-desenvolupament-infantil-i-atencio-precoc-cdiap-del-carrer-dantonio-machado\/#article\",\"isPartOf\":{\"@id\":\"https:\/\/www.noubarris.net\/web40\/reobre-reformat-el-centre-de-desenvolupament-infantil-i-atencio-precoc-cdiap-del-carrer-dantonio-machado\/\"},\"author\":{\"name\":\"Informatius\",\"@id\":\"https:\/\/www.noubarris.net\/web40\/#\/schema\/person\/1827f92aaa316c54abbf4dac0de76069\"},\"headline\":\"Reobre reformat el Centre de Desenvolupament Infantil i Atenci\u00f3 Preco\u00e7 (CDIAP) del carrer d&#8217;Antonio Machado\",\"datePublished\":\"2022-05-10T22:00:26+00:00\",\"mainEntityOfPage\":{\"@id\":\"https:\/\/www.noubarris.net\/web40\/reobre-reformat-el-centre-de-desenvolupament-infantil-i-atencio-precoc-cdiap-del-carrer-dantonio-machado\/\"},\"wordCount\":299,\"publisher\":{\"@id\":\"https:\/\/www.noubarris.net\/web40\/#organization\"},\"image\":{\"@id\":\"https:\/\/www.noubarris.net\/web40\/reobre-reformat-el-centre-de-desenvolupament-infantil-i-atencio-precoc-cdiap-del-carrer-dantonio-machado\/#primaryimage\"},\"thumbnailUrl\":\"https:\/\/www.noubarris.net\/web40\/wp-content\/uploads\/2022\/05\/110522.jpg\",\"keywords\":[\"Equipaments\",\"Infants\"],\"articleSection\":[\"Nou Barris\"],\"inLanguage\":\"ca\"},{\"@type\":\"WebPage\",\"@id\":\"https:\/\/www.noubarris.net\/web40\/reobre-reformat-el-centre-de-desenvolupament-infantil-i-atencio-precoc-cdiap-del-carrer-dantonio-machado\/\",\"url\":\"https:\/\/www.noubarris.net\/web40\/reobre-reformat-el-centre-de-desenvolupament-infantil-i-atencio-precoc-cdiap-del-carrer-dantonio-machado\/\",\"name\":\"Reobre reformat el Centre de Desenvolupament Infantil i Atenci\u00f3 Preco\u00e7 (CDIAP) del carrer d'Antonio Machado - NouBarris.Net\",\"isPartOf\":{\"@id\":\"https:\/\/www.noubarris.net\/web40\/#website\"},\"primaryImageOfPage\":{\"@id\":\"https:\/\/www.noubarris.net\/web40\/reobre-reformat-el-centre-de-desenvolupament-infantil-i-atencio-precoc-cdiap-del-carrer-dantonio-machado\/#primaryimage\"},\"image\":{\"@id\":\"https:\/\/www.noubarris.net\/web40\/reobre-reformat-el-centre-de-desenvolupament-infantil-i-atencio-precoc-cdiap-del-carrer-dantonio-machado\/#primaryimage\"},\"thumbnailUrl\":\"https:\/\/www.noubarris.net\/web40\/wp-content\/uploads\/2022\/05\/110522.jpg\",\"datePublished\":\"2022-05-10T22:00:26+00:00\",\"breadcrumb\":{\"@id\":\"https:\/\/www.noubarris.net\/web40\/reobre-reformat-el-centre-de-desenvolupament-infantil-i-atencio-precoc-cdiap-del-carrer-dantonio-machado\/#breadcrumb\"},\"inLanguage\":\"ca\",\"potentialAction\":[{\"@type\":\"ReadAction\",\"target\":[\"https:\/\/www.noubarris.net\/web40\/reobre-reformat-el-centre-de-desenvolupament-infantil-i-atencio-precoc-cdiap-del-carrer-dantonio-machado\/\"]}]},{\"@type\":\"ImageObject\",\"inLanguage\":\"ca\",\"@id\":\"https:\/\/www.noubarris.net\/web40\/reobre-reformat-el-centre-de-desenvolupament-infantil-i-atencio-precoc-cdiap-del-carrer-dantonio-machado\/#primaryimage\",\"url\":\"https:\/\/www.noubarris.net\/web40\/wp-content\/uploads\/2022\/05\/110522.jpg\",\"contentUrl\":\"https:\/\/www.noubarris.net\/web40\/wp-content\/uploads\/2022\/05\/110522.jpg\",\"width\":768,\"height\":432},{\"@type\":\"BreadcrumbList\",\"@id\":\"https:\/\/www.noubarris.net\/web40\/reobre-reformat-el-centre-de-desenvolupament-infantil-i-atencio-precoc-cdiap-del-carrer-dantonio-machado\/#breadcrumb\",\"itemListElement\":[{\"@type\":\"ListItem\",\"position\":1,\"name\":\"Inici\",\"item\":\"https:\/\/www.noubarris.net\/web40\/\"},{\"@type\":\"ListItem\",\"position\":2,\"name\":\"Reobre reformat el Centre de Desenvolupament Infantil i Atenci\u00f3 Preco\u00e7 (CDIAP) del carrer d&#8217;Antonio Machado\"}]},{\"@type\":\"WebSite\",\"@id\":\"https:\/\/www.noubarris.net\/web40\/#website\",\"url\":\"https:\/\/www.noubarris.net\/web40\/\",\"name\":\"NouBarris.Net\",\"description\":\"Seguint la vida de Nou Barris des de 1985\",\"publisher\":{\"@id\":\"https:\/\/www.noubarris.net\/web40\/#organization\"},\"potentialAction\":[{\"@type\":\"SearchAction\",\"target\":{\"@type\":\"EntryPoint\",\"urlTemplate\":\"https:\/\/www.noubarris.net\/web40\/?s={search_term_string}\"},\"query-input\":{\"@type\":\"PropertyValueSpecification\",\"valueRequired\":true,\"valueName\":\"search_term_string\"}}],\"inLanguage\":\"ca\"},{\"@type\":\"Organization\",\"@id\":\"https:\/\/www.noubarris.net\/web40\/#organization\",\"name\":\"NouBarris.Net\",\"url\":\"https:\/\/www.noubarris.net\/web40\/\",\"logo\":{\"@type\":\"ImageObject\",\"inLanguage\":\"ca\",\"@id\":\"https:\/\/www.noubarris.net\/web40\/#\/schema\/logo\/image\/\",\"url\":\"https:\/\/www.noubarris.net\/web40\/wp-content\/uploads\/2024\/11\/cropped-cropped-LOGO_9BTV-2024_Insta-1.jpg\",\"contentUrl\":\"https:\/\/www.noubarris.net\/web40\/wp-content\/uploads\/2024\/11\/cropped-cropped-LOGO_9BTV-2024_Insta-1.jpg\",\"width\":512,\"height\":512,\"caption\":\"NouBarris.Net\"},\"image\":{\"@id\":\"https:\/\/www.noubarris.net\/web40\/#\/schema\/logo\/image\/\"},\"sameAs\":[\"https:\/\/www.facebook.com\/NouBarris.net\/?locale=es_ES\",\"https:\/\/x.com\/9BTV\"]},{\"@type\":\"Person\",\"@id\":\"https:\/\/www.noubarris.net\/web40\/#\/schema\/person\/1827f92aaa316c54abbf4dac0de76069\",\"name\":\"Informatius\",\"image\":{\"@type\":\"ImageObject\",\"inLanguage\":\"ca\",\"@id\":\"https:\/\/www.noubarris.net\/web40\/#\/schema\/person\/image\/\",\"url\":\"https:\/\/secure.gravatar.com\/avatar\/87a3b47928835fc72c6ee5b0e1a7263ef0c2d05003a98189bc14926c5f11bcdb?s=96&d=mm&r=g\",\"contentUrl\":\"https:\/\/secure.gravatar.com\/avatar\/87a3b47928835fc72c6ee5b0e1a7263ef0c2d05003a98189bc14926c5f11bcdb?s=96&d=mm&r=g\",\"caption\":\"Informatius\"},\"url\":\"https:\/\/www.noubarris.net\/web40\/author\/tele\/\"}]}<\/script>\n<!-- \/ Yoast SEO plugin. -->","yoast_head_json":{"title":"Reobre reformat el Centre de Desenvolupament Infantil i Atenci\u00f3 Preco\u00e7 (CDIAP) del carrer d'Antonio Machado - NouBarris.Net","robots":{"index":"index","follow":"follow","max-snippet":"max-snippet:-1","max-image-preview":"max-image-preview:large","max-video-preview":"max-video-preview:-1"},"canonical":"https:\/\/www.noubarris.net\/web40\/reobre-reformat-el-centre-de-desenvolupament-infantil-i-atencio-precoc-cdiap-del-carrer-dantonio-machado\/","og_locale":"ca_ES","og_type":"article","og_title":"Reobre reformat el Centre de Desenvolupament Infantil i Atenci\u00f3 Preco\u00e7 (CDIAP) del carrer d'Antonio Machado - NouBarris.Net","og_description":"\u00c9s el tercer equipament d&#8217;aquest tipus en servei a Nou Barris El Centre de Desenvolupament Infantil i Atenci\u00f3 Preco\u00e7 (CDIAP)","og_url":"https:\/\/www.noubarris.net\/web40\/reobre-reformat-el-centre-de-desenvolupament-infantil-i-atencio-precoc-cdiap-del-carrer-dantonio-machado\/","og_site_name":"NouBarris.Net","article_publisher":"https:\/\/www.facebook.com\/NouBarris.net\/?locale=es_ES","article_published_time":"2022-05-10T22:00:26+00:00","og_image":[{"width":768,"height":432,"url":"https:\/\/www.noubarris.net\/web40\/wp-content\/uploads\/2022\/05\/110522.jpg","type":"image\/jpeg"}],"author":"Informatius","twitter_card":"summary_large_image","twitter_creator":"@9BTV","twitter_site":"@9BTV","twitter_misc":{"Escrit per":"Informatius","Temps estimat de lectura":"1 minut"},"schema":{"@context":"https:\/\/schema.org","@graph":[{"@type":"Article","@id":"https:\/\/www.noubarris.net\/web40\/reobre-reformat-el-centre-de-desenvolupament-infantil-i-atencio-precoc-cdiap-del-carrer-dantonio-machado\/#article","isPartOf":{"@id":"https:\/\/www.noubarris.net\/web40\/reobre-reformat-el-centre-de-desenvolupament-infantil-i-atencio-precoc-cdiap-del-carrer-dantonio-machado\/"},"author":{"name":"Informatius","@id":"https:\/\/www.noubarris.net\/web40\/#\/schema\/person\/1827f92aaa316c54abbf4dac0de76069"},"headline":"Reobre reformat el Centre de Desenvolupament Infantil i Atenci\u00f3 Preco\u00e7 (CDIAP) del carrer d&#8217;Antonio Machado","datePublished":"2022-05-10T22:00:26+00:00","mainEntityOfPage":{"@id":"https:\/\/www.noubarris.net\/web40\/reobre-reformat-el-centre-de-desenvolupament-infantil-i-atencio-precoc-cdiap-del-carrer-dantonio-machado\/"},"wordCount":299,"publisher":{"@id":"https:\/\/www.noubarris.net\/web40\/#organization"},"image":{"@id":"https:\/\/www.noubarris.net\/web40\/reobre-reformat-el-centre-de-desenvolupament-infantil-i-atencio-precoc-cdiap-del-carrer-dantonio-machado\/#primaryimage"},"thumbnailUrl":"https:\/\/www.noubarris.net\/web40\/wp-content\/uploads\/2022\/05\/110522.jpg","keywords":["Equipaments","Infants"],"articleSection":["Nou Barris"],"inLanguage":"ca"},{"@type":"WebPage","@id":"https:\/\/www.noubarris.net\/web40\/reobre-reformat-el-centre-de-desenvolupament-infantil-i-atencio-precoc-cdiap-del-carrer-dantonio-machado\/","url":"https:\/\/www.noubarris.net\/web40\/reobre-reformat-el-centre-de-desenvolupament-infantil-i-atencio-precoc-cdiap-del-carrer-dantonio-machado\/","name":"Reobre reformat el Centre de Desenvolupament Infantil i Atenci\u00f3 Preco\u00e7 (CDIAP) del carrer d'Antonio Machado - NouBarris.Net","isPartOf":{"@id":"https:\/\/www.noubarris.net\/web40\/#website"},"primaryImageOfPage":{"@id":"https:\/\/www.noubarris.net\/web40\/reobre-reformat-el-centre-de-desenvolupament-infantil-i-atencio-precoc-cdiap-del-carrer-dantonio-machado\/#primaryimage"},"image":{"@id":"https:\/\/www.noubarris.net\/web40\/reobre-reformat-el-centre-de-desenvolupament-infantil-i-atencio-precoc-cdiap-del-carrer-dantonio-machado\/#primaryimage"},"thumbnailUrl":"https:\/\/www.noubarris.net\/web40\/wp-content\/uploads\/2022\/05\/110522.jpg","datePublished":"2022-05-10T22:00:26+00:00","breadcrumb":{"@id":"https:\/\/www.noubarris.net\/web40\/reobre-reformat-el-centre-de-desenvolupament-infantil-i-atencio-precoc-cdiap-del-carrer-dantonio-machado\/#breadcrumb"},"inLanguage":"ca","potentialAction":[{"@type":"ReadAction","target":["https:\/\/www.noubarris.net\/web40\/reobre-reformat-el-centre-de-desenvolupament-infantil-i-atencio-precoc-cdiap-del-carrer-dantonio-machado\/"]}]},{"@type":"ImageObject","inLanguage":"ca","@id":"https:\/\/www.noubarris.net\/web40\/reobre-reformat-el-centre-de-desenvolupament-infantil-i-atencio-precoc-cdiap-del-carrer-dantonio-machado\/#primaryimage","url":"https:\/\/www.noubarris.net\/web40\/wp-content\/uploads\/2022\/05\/110522.jpg","contentUrl":"https:\/\/www.noubarris.net\/web40\/wp-content\/uploads\/2022\/05\/110522.jpg","width":768,"height":432},{"@type":"BreadcrumbList","@id":"https:\/\/www.noubarris.net\/web40\/reobre-reformat-el-centre-de-desenvolupament-infantil-i-atencio-precoc-cdiap-del-carrer-dantonio-machado\/#breadcrumb","itemListElement":[{"@type":"ListItem","position":1,"name":"Inici","item":"https:\/\/www.noubarris.net\/web40\/"},{"@type":"ListItem","position":2,"name":"Reobre reformat el Centre de Desenvolupament Infantil i Atenci\u00f3 Preco\u00e7 (CDIAP) del carrer d&#8217;Antonio Machado"}]},{"@type":"WebSite","@id":"https:\/\/www.noubarris.net\/web40\/#website","url":"https:\/\/www.noubarris.net\/web40\/","name":"NouBarris.Net","description":"Seguint la vida de Nou Barris des de 1985","publisher":{"@id":"https:\/\/www.noubarris.net\/web40\/#organization"},"potentialAction":[{"@type":"SearchAction","target":{"@type":"EntryPoint","urlTemplate":"https:\/\/www.noubarris.net\/web40\/?s={search_term_string}"},"query-input":{"@type":"PropertyValueSpecification","valueRequired":true,"valueName":"search_term_string"}}],"inLanguage":"ca"},{"@type":"Organization","@id":"https:\/\/www.noubarris.net\/web40\/#organization","name":"NouBarris.Net","url":"https:\/\/www.noubarris.net\/web40\/","logo":{"@type":"ImageObject","inLanguage":"ca","@id":"https:\/\/www.noubarris.net\/web40\/#\/schema\/logo\/image\/","url":"https:\/\/www.noubarris.net\/web40\/wp-content\/uploads\/2024\/11\/cropped-cropped-LOGO_9BTV-2024_Insta-1.jpg","contentUrl":"https:\/\/www.noubarris.net\/web40\/wp-content\/uploads\/2024\/11\/cropped-cropped-LOGO_9BTV-2024_Insta-1.jpg","width":512,"height":512,"caption":"NouBarris.Net"},"image":{"@id":"https:\/\/www.noubarris.net\/web40\/#\/schema\/logo\/image\/"},"sameAs":["https:\/\/www.facebook.com\/NouBarris.net\/?locale=es_ES","https:\/\/x.com\/9BTV"]},{"@type":"Person","@id":"https:\/\/www.noubarris.net\/web40\/#\/schema\/person\/1827f92aaa316c54abbf4dac0de76069","name":"Informatius","image":{"@type":"ImageObject","inLanguage":"ca","@id":"https:\/\/www.noubarris.net\/web40\/#\/schema\/person\/image\/","url":"https:\/\/secure.gravatar.com\/avatar\/87a3b47928835fc72c6ee5b0e1a7263ef0c2d05003a98189bc14926c5f11bcdb?s=96&d=mm&r=g","contentUrl":"https:\/\/secure.gravatar.com\/avatar\/87a3b47928835fc72c6ee5b0e1a7263ef0c2d05003a98189bc14926c5f11bcdb?s=96&d=mm&r=g","caption":"Informatius"},"url":"https:\/\/www.noubarris.net\/web40\/author\/tele\/"}]}},"_links":{"self":[{"href":"https:\/\/www.noubarris.net\/web40\/wp-json\/wp\/v2\/posts\/79053","targetHints":{"allow":["GET"]}}],"collection":[{"href":"https:\/\/www.noubarris.net\/web40\/wp-json\/wp\/v2\/posts"}],"about":[{"href":"https:\/\/www.noubarris.net\/web40\/wp-json\/wp\/v2\/types\/post"}],"author":[{"embeddable":true,"href":"https:\/\/www.noubarris.net\/web40\/wp-json\/wp\/v2\/users\/2"}],"replies":[{"embeddable":true,"href":"https:\/\/www.noubarris.net\/web40\/wp-json\/wp\/v2\/comments?post=79053"}],"version-history":[{"count":1,"href":"https:\/\/www.noubarris.net\/web40\/wp-json\/wp\/v2\/posts\/79053\/revisions"}],"predecessor-version":[{"id":79055,"href":"https:\/\/www.noubarris.net\/web40\/wp-json\/wp\/v2\/posts\/79053\/revisions\/79055"}],"wp:featuredmedia":[{"embeddable":true,"href":"https:\/\/www.noubarris.net\/web40\/wp-json\/wp\/v2\/media\/79054"}],"wp:attachment":[{"href":"https:\/\/www.noubarris.net\/web40\/wp-json\/wp\/v2\/media?parent=79053"}],"wp:term":[{"taxonomy":"category","embeddable":true,"href":"https:\/\/www.noubarris.net\/web40\/wp-json\/wp\/v2\/categories?post=79053"},{"taxonomy":"post_tag","embeddable":true,"href":"https:\/\/www.noubarris.net\/web40\/wp-json\/wp\/v2\/tags?post=79053"}],"curies":[{"name":"wp","href":"https:\/\/api.w.org\/{rel}","templated":true}]}}