{"id":79065,"date":"2022-05-10T00:00:11","date_gmt":"2022-05-09T22:00:11","guid":{"rendered":"https:\/\/www.noubarris.net\/web40\/?p=79065"},"modified":"2022-05-14T19:03:10","modified_gmt":"2022-05-14T17:03:10","slug":"la-parada-de-metro-de-llucmajor-es-convertira-en-llucmajor-republica","status":"publish","type":"post","link":"https:\/\/www.noubarris.net\/web40\/la-parada-de-metro-de-llucmajor-es-convertira-en-llucmajor-republica\/","title":{"rendered":"La parada de metro de Llucmajor es convertir\u00e0 en Llucmajor- Rep\u00fablica"},"content":{"rendered":"<p><strong>L\u2019estaci\u00f3 de renfe de Torre Bar\u00f3 tamb\u00e9 afegir\u00e0 el nomencl\u00e0tor Vallbona\u00a0<\/strong><\/p>\n<p><span style=\"font-weight: 400;\">L\u2019AMB ha anunciat canvis en el nomencl\u00e0tor de deu parades de metro, tren i tramvia, amb dos objectius ben diferents. D\u2019una banda es vol igualar el nom de les estacions de diferents l\u00ednies d\u2019interconnexi\u00f3. De l\u2019altre, actualitzar i incloure noms que indiquen millor la zona.<\/span><\/p>\n<p><span style=\"font-weight: 400;\">Entra en aquest darrer cas el canvi de la parada de Llucmajor de la l\u00ednia 4 de metro pel que Llucmajor-Rep\u00fablica, ja que fa anys que es va substituir el nom de pla\u00e7a de Llucmajor pel de la pla\u00e7a de la Rep\u00fablica. En aquell moment, el ve\u00efnat que va impulsar el canvi ja va demanar que es modifiqu\u00e9s el nom de la parada per\u00f2 no ha estat possible fins ara.\u00a0<\/span><\/p>\n<p><span style=\"font-weight: 400;\">Els canvis tamb\u00e9 afecten a Nou Barris a dues estacions de rodalies de renfe. La de Torre Bar\u00f3 -tot i que es troba a Ciutat Meridiana- passa a dir-se Torre Bar\u00f3-Vallbona, el mateix nom de la parada de metro de la l\u00ednia 11 m\u00e9s propera. D\u2019aquesta manera la refer\u00e8ncia de l\u2019intercanviador es fa m\u00e9s evident i clara.\u00a0\u00a0<\/span><\/p>\n<p><span style=\"font-weight: 400;\">Tamb\u00e9 afecta a Nou barris, encara que geogr\u00e0ficament ja sigui fora del districte, el canvi de nom de Sant Andreu Arenal. S\u2019esborra la posible confusi\u00f3 o dubte amb Sant Andreu Comtal, i l\u2019estaci\u00f3 adoptar\u00e0 el nom de la parada de metro amb qu\u00e8 es fa transbordament: Fabra i Puig. Un nom que tamb\u00e9 comparteix amb l\u2019estaci\u00f3 de d\u2019autobusos situada just a tocar. Per la seva banda, Sant Andreu Comtal passa a ser simplement Sant Andreu, com la parada situada a la pla\u00e7a d\u2019Orfil\u00b7la.<\/span><\/p>\n<p><span style=\"font-weight: 400;\">Els altres canvis s\u00f3n els seg\u00fcents:<\/span><\/p>\n<p>&nbsp;<\/p>\n<p><span style=\"font-weight: 400;\">L\u2019estaci\u00f3 Clot de metro (L1 i L2) i Clot-Arag\u00f3 de renfe passa a ser el Clot<\/span><\/p>\n<p><span style=\"font-weight: 400;\">Drassanes ser\u00e0 la Rambla | Drassanes, de l\u2019L3 del metro<\/span><\/p>\n<p><span style=\"font-weight: 400;\">Vall d\u2019Hebron ser\u00e0\u00a0 Vall d\u2019Hebron | Sant Gen\u00eds, de l\u2019L3 i L5 del metro<\/span><\/p>\n<p><span style=\"font-weight: 400;\">El Congr\u00e9s ser\u00e0 el Congr\u00e9s | Indians, de l\u2019L5 del metro<\/span><\/p>\n<p><span style=\"font-weight: 400;\">I al TRAM, la parada de Wellington ser\u00e0 Wellington | UPF<\/span><\/p>\n<p>&nbsp;<\/p>\n","protected":false},"excerpt":{"rendered":"<p>L\u2019estaci\u00f3 de renfe de Torre Bar\u00f3 tamb\u00e9 afegir\u00e0 el nomencl\u00e0tor Vallbona\u00a0 L\u2019AMB ha anunciat canvis en el nomencl\u00e0tor de deu<\/p>\n","protected":false},"author":2,"featured_media":79066,"comment_status":"closed","ping_status":"closed","sticky":false,"template":"","format":"standard","meta":{"colormag_page_layout":"default_layout","_monsterinsights_skip_tracking":false,"_monsterinsights_sitenote_active":false,"_monsterinsights_sitenote_note":"","_monsterinsights_sitenote_category":0,"footnotes":""},"categories":[125,1],"tags":[121],"class_list":["post-79065","post","type-post","status-publish","format-standard","has-post-thumbnail","hentry","category-mobilitat","category-nou-barris","tag-equipaments"],"yoast_head":"<!-- This site is optimized with the Yoast SEO plugin v25.3 - https:\/\/yoast.com\/wordpress\/plugins\/seo\/ -->\n<title>La parada de metro de Llucmajor es convertir\u00e0 en Llucmajor- Rep\u00fablica - NouBarris.Net<\/title>\n<meta name=\"robots\" content=\"index, follow, max-snippet:-1, max-image-preview:large, max-video-preview:-1\" \/>\n<link rel=\"canonical\" href=\"https:\/\/www.noubarris.net\/web40\/la-parada-de-metro-de-llucmajor-es-convertira-en-llucmajor-republica\/\" \/>\n<meta property=\"og:locale\" content=\"ca_ES\" \/>\n<meta property=\"og:type\" content=\"article\" \/>\n<meta property=\"og:title\" content=\"La parada de metro de Llucmajor es convertir\u00e0 en Llucmajor- Rep\u00fablica - NouBarris.Net\" \/>\n<meta property=\"og:description\" content=\"L\u2019estaci\u00f3 de renfe de Torre Bar\u00f3 tamb\u00e9 afegir\u00e0 el nomencl\u00e0tor Vallbona\u00a0 L\u2019AMB ha anunciat canvis en el nomencl\u00e0tor de deu\" \/>\n<meta property=\"og:url\" content=\"https:\/\/www.noubarris.net\/web40\/la-parada-de-metro-de-llucmajor-es-convertira-en-llucmajor-republica\/\" \/>\n<meta property=\"og:site_name\" content=\"NouBarris.Net\" \/>\n<meta property=\"article:publisher\" content=\"https:\/\/www.facebook.com\/NouBarris.net\/?locale=es_ES\" \/>\n<meta property=\"article:published_time\" content=\"2022-05-09T22:00:11+00:00\" \/>\n<meta property=\"article:modified_time\" content=\"2022-05-14T17:03:10+00:00\" \/>\n<meta property=\"og:image\" content=\"https:\/\/www.noubarris.net\/web40\/wp-content\/uploads\/2022\/05\/La-Parada-de-Llucmajor-289.png\" \/>\n\t<meta property=\"og:image:width\" content=\"768\" \/>\n\t<meta property=\"og:image:height\" content=\"432\" \/>\n\t<meta property=\"og:image:type\" content=\"image\/png\" \/>\n<meta name=\"author\" content=\"Informatius\" \/>\n<meta name=\"twitter:card\" content=\"summary_large_image\" \/>\n<meta name=\"twitter:creator\" content=\"@9BTV\" \/>\n<meta name=\"twitter:site\" content=\"@9BTV\" \/>\n<meta name=\"twitter:label1\" content=\"Escrit per\" \/>\n\t<meta name=\"twitter:data1\" content=\"Informatius\" \/>\n\t<meta name=\"twitter:label2\" content=\"Temps estimat de lectura\" \/>\n\t<meta name=\"twitter:data2\" content=\"2 minuts\" \/>\n<script type=\"application\/ld+json\" class=\"yoast-schema-graph\">{\"@context\":\"https:\/\/schema.org\",\"@graph\":[{\"@type\":\"Article\",\"@id\":\"https:\/\/www.noubarris.net\/web40\/la-parada-de-metro-de-llucmajor-es-convertira-en-llucmajor-republica\/#article\",\"isPartOf\":{\"@id\":\"https:\/\/www.noubarris.net\/web40\/la-parada-de-metro-de-llucmajor-es-convertira-en-llucmajor-republica\/\"},\"author\":{\"name\":\"Informatius\",\"@id\":\"https:\/\/www.noubarris.net\/web40\/#\/schema\/person\/1827f92aaa316c54abbf4dac0de76069\"},\"headline\":\"La parada de metro de Llucmajor es convertir\u00e0 en Llucmajor- Rep\u00fablica\",\"datePublished\":\"2022-05-09T22:00:11+00:00\",\"dateModified\":\"2022-05-14T17:03:10+00:00\",\"mainEntityOfPage\":{\"@id\":\"https:\/\/www.noubarris.net\/web40\/la-parada-de-metro-de-llucmajor-es-convertira-en-llucmajor-republica\/\"},\"wordCount\":383,\"publisher\":{\"@id\":\"https:\/\/www.noubarris.net\/web40\/#organization\"},\"image\":{\"@id\":\"https:\/\/www.noubarris.net\/web40\/la-parada-de-metro-de-llucmajor-es-convertira-en-llucmajor-republica\/#primaryimage\"},\"thumbnailUrl\":\"https:\/\/www.noubarris.net\/web40\/wp-content\/uploads\/2022\/05\/La-Parada-de-Llucmajor-289.png\",\"keywords\":[\"Equipaments\"],\"articleSection\":[\"Mobilitat\",\"Nou Barris\"],\"inLanguage\":\"ca\"},{\"@type\":\"WebPage\",\"@id\":\"https:\/\/www.noubarris.net\/web40\/la-parada-de-metro-de-llucmajor-es-convertira-en-llucmajor-republica\/\",\"url\":\"https:\/\/www.noubarris.net\/web40\/la-parada-de-metro-de-llucmajor-es-convertira-en-llucmajor-republica\/\",\"name\":\"La parada de metro de Llucmajor es convertir\u00e0 en Llucmajor- Rep\u00fablica - NouBarris.Net\",\"isPartOf\":{\"@id\":\"https:\/\/www.noubarris.net\/web40\/#website\"},\"primaryImageOfPage\":{\"@id\":\"https:\/\/www.noubarris.net\/web40\/la-parada-de-metro-de-llucmajor-es-convertira-en-llucmajor-republica\/#primaryimage\"},\"image\":{\"@id\":\"https:\/\/www.noubarris.net\/web40\/la-parada-de-metro-de-llucmajor-es-convertira-en-llucmajor-republica\/#primaryimage\"},\"thumbnailUrl\":\"https:\/\/www.noubarris.net\/web40\/wp-content\/uploads\/2022\/05\/La-Parada-de-Llucmajor-289.png\",\"datePublished\":\"2022-05-09T22:00:11+00:00\",\"dateModified\":\"2022-05-14T17:03:10+00:00\",\"breadcrumb\":{\"@id\":\"https:\/\/www.noubarris.net\/web40\/la-parada-de-metro-de-llucmajor-es-convertira-en-llucmajor-republica\/#breadcrumb\"},\"inLanguage\":\"ca\",\"potentialAction\":[{\"@type\":\"ReadAction\",\"target\":[\"https:\/\/www.noubarris.net\/web40\/la-parada-de-metro-de-llucmajor-es-convertira-en-llucmajor-republica\/\"]}]},{\"@type\":\"ImageObject\",\"inLanguage\":\"ca\",\"@id\":\"https:\/\/www.noubarris.net\/web40\/la-parada-de-metro-de-llucmajor-es-convertira-en-llucmajor-republica\/#primaryimage\",\"url\":\"https:\/\/www.noubarris.net\/web40\/wp-content\/uploads\/2022\/05\/La-Parada-de-Llucmajor-289.png\",\"contentUrl\":\"https:\/\/www.noubarris.net\/web40\/wp-content\/uploads\/2022\/05\/La-Parada-de-Llucmajor-289.png\",\"width\":768,\"height\":432,\"caption\":\"Parada metro Llucmajor\"},{\"@type\":\"BreadcrumbList\",\"@id\":\"https:\/\/www.noubarris.net\/web40\/la-parada-de-metro-de-llucmajor-es-convertira-en-llucmajor-republica\/#breadcrumb\",\"itemListElement\":[{\"@type\":\"ListItem\",\"position\":1,\"name\":\"Inici\",\"item\":\"https:\/\/www.noubarris.net\/web40\/\"},{\"@type\":\"ListItem\",\"position\":2,\"name\":\"La parada de metro de Llucmajor es convertir\u00e0 en Llucmajor- Rep\u00fablica\"}]},{\"@type\":\"WebSite\",\"@id\":\"https:\/\/www.noubarris.net\/web40\/#website\",\"url\":\"https:\/\/www.noubarris.net\/web40\/\",\"name\":\"NouBarris.Net\",\"description\":\"Seguint la vida de Nou Barris des de 1985\",\"publisher\":{\"@id\":\"https:\/\/www.noubarris.net\/web40\/#organization\"},\"potentialAction\":[{\"@type\":\"SearchAction\",\"target\":{\"@type\":\"EntryPoint\",\"urlTemplate\":\"https:\/\/www.noubarris.net\/web40\/?s={search_term_string}\"},\"query-input\":{\"@type\":\"PropertyValueSpecification\",\"valueRequired\":true,\"valueName\":\"search_term_string\"}}],\"inLanguage\":\"ca\"},{\"@type\":\"Organization\",\"@id\":\"https:\/\/www.noubarris.net\/web40\/#organization\",\"name\":\"NouBarris.Net\",\"url\":\"https:\/\/www.noubarris.net\/web40\/\",\"logo\":{\"@type\":\"ImageObject\",\"inLanguage\":\"ca\",\"@id\":\"https:\/\/www.noubarris.net\/web40\/#\/schema\/logo\/image\/\",\"url\":\"https:\/\/www.noubarris.net\/web40\/wp-content\/uploads\/2024\/11\/cropped-cropped-LOGO_9BTV-2024_Insta-1.jpg\",\"contentUrl\":\"https:\/\/www.noubarris.net\/web40\/wp-content\/uploads\/2024\/11\/cropped-cropped-LOGO_9BTV-2024_Insta-1.jpg\",\"width\":512,\"height\":512,\"caption\":\"NouBarris.Net\"},\"image\":{\"@id\":\"https:\/\/www.noubarris.net\/web40\/#\/schema\/logo\/image\/\"},\"sameAs\":[\"https:\/\/www.facebook.com\/NouBarris.net\/?locale=es_ES\",\"https:\/\/x.com\/9BTV\"]},{\"@type\":\"Person\",\"@id\":\"https:\/\/www.noubarris.net\/web40\/#\/schema\/person\/1827f92aaa316c54abbf4dac0de76069\",\"name\":\"Informatius\",\"image\":{\"@type\":\"ImageObject\",\"inLanguage\":\"ca\",\"@id\":\"https:\/\/www.noubarris.net\/web40\/#\/schema\/person\/image\/\",\"url\":\"https:\/\/secure.gravatar.com\/avatar\/87a3b47928835fc72c6ee5b0e1a7263ef0c2d05003a98189bc14926c5f11bcdb?s=96&d=mm&r=g\",\"contentUrl\":\"https:\/\/secure.gravatar.com\/avatar\/87a3b47928835fc72c6ee5b0e1a7263ef0c2d05003a98189bc14926c5f11bcdb?s=96&d=mm&r=g\",\"caption\":\"Informatius\"},\"url\":\"https:\/\/www.noubarris.net\/web40\/author\/tele\/\"}]}<\/script>\n<!-- \/ Yoast SEO plugin. -->","yoast_head_json":{"title":"La parada de metro de Llucmajor es convertir\u00e0 en Llucmajor- Rep\u00fablica - NouBarris.Net","robots":{"index":"index","follow":"follow","max-snippet":"max-snippet:-1","max-image-preview":"max-image-preview:large","max-video-preview":"max-video-preview:-1"},"canonical":"https:\/\/www.noubarris.net\/web40\/la-parada-de-metro-de-llucmajor-es-convertira-en-llucmajor-republica\/","og_locale":"ca_ES","og_type":"article","og_title":"La parada de metro de Llucmajor es convertir\u00e0 en Llucmajor- Rep\u00fablica - NouBarris.Net","og_description":"L\u2019estaci\u00f3 de renfe de Torre Bar\u00f3 tamb\u00e9 afegir\u00e0 el nomencl\u00e0tor Vallbona\u00a0 L\u2019AMB ha anunciat canvis en el nomencl\u00e0tor de deu","og_url":"https:\/\/www.noubarris.net\/web40\/la-parada-de-metro-de-llucmajor-es-convertira-en-llucmajor-republica\/","og_site_name":"NouBarris.Net","article_publisher":"https:\/\/www.facebook.com\/NouBarris.net\/?locale=es_ES","article_published_time":"2022-05-09T22:00:11+00:00","article_modified_time":"2022-05-14T17:03:10+00:00","og_image":[{"width":768,"height":432,"url":"https:\/\/www.noubarris.net\/web40\/wp-content\/uploads\/2022\/05\/La-Parada-de-Llucmajor-289.png","type":"image\/png"}],"author":"Informatius","twitter_card":"summary_large_image","twitter_creator":"@9BTV","twitter_site":"@9BTV","twitter_misc":{"Escrit per":"Informatius","Temps estimat de lectura":"2 minuts"},"schema":{"@context":"https:\/\/schema.org","@graph":[{"@type":"Article","@id":"https:\/\/www.noubarris.net\/web40\/la-parada-de-metro-de-llucmajor-es-convertira-en-llucmajor-republica\/#article","isPartOf":{"@id":"https:\/\/www.noubarris.net\/web40\/la-parada-de-metro-de-llucmajor-es-convertira-en-llucmajor-republica\/"},"author":{"name":"Informatius","@id":"https:\/\/www.noubarris.net\/web40\/#\/schema\/person\/1827f92aaa316c54abbf4dac0de76069"},"headline":"La parada de metro de Llucmajor es convertir\u00e0 en Llucmajor- Rep\u00fablica","datePublished":"2022-05-09T22:00:11+00:00","dateModified":"2022-05-14T17:03:10+00:00","mainEntityOfPage":{"@id":"https:\/\/www.noubarris.net\/web40\/la-parada-de-metro-de-llucmajor-es-convertira-en-llucmajor-republica\/"},"wordCount":383,"publisher":{"@id":"https:\/\/www.noubarris.net\/web40\/#organization"},"image":{"@id":"https:\/\/www.noubarris.net\/web40\/la-parada-de-metro-de-llucmajor-es-convertira-en-llucmajor-republica\/#primaryimage"},"thumbnailUrl":"https:\/\/www.noubarris.net\/web40\/wp-content\/uploads\/2022\/05\/La-Parada-de-Llucmajor-289.png","keywords":["Equipaments"],"articleSection":["Mobilitat","Nou Barris"],"inLanguage":"ca"},{"@type":"WebPage","@id":"https:\/\/www.noubarris.net\/web40\/la-parada-de-metro-de-llucmajor-es-convertira-en-llucmajor-republica\/","url":"https:\/\/www.noubarris.net\/web40\/la-parada-de-metro-de-llucmajor-es-convertira-en-llucmajor-republica\/","name":"La parada de metro de Llucmajor es convertir\u00e0 en Llucmajor- Rep\u00fablica - NouBarris.Net","isPartOf":{"@id":"https:\/\/www.noubarris.net\/web40\/#website"},"primaryImageOfPage":{"@id":"https:\/\/www.noubarris.net\/web40\/la-parada-de-metro-de-llucmajor-es-convertira-en-llucmajor-republica\/#primaryimage"},"image":{"@id":"https:\/\/www.noubarris.net\/web40\/la-parada-de-metro-de-llucmajor-es-convertira-en-llucmajor-republica\/#primaryimage"},"thumbnailUrl":"https:\/\/www.noubarris.net\/web40\/wp-content\/uploads\/2022\/05\/La-Parada-de-Llucmajor-289.png","datePublished":"2022-05-09T22:00:11+00:00","dateModified":"2022-05-14T17:03:10+00:00","breadcrumb":{"@id":"https:\/\/www.noubarris.net\/web40\/la-parada-de-metro-de-llucmajor-es-convertira-en-llucmajor-republica\/#breadcrumb"},"inLanguage":"ca","potentialAction":[{"@type":"ReadAction","target":["https:\/\/www.noubarris.net\/web40\/la-parada-de-metro-de-llucmajor-es-convertira-en-llucmajor-republica\/"]}]},{"@type":"ImageObject","inLanguage":"ca","@id":"https:\/\/www.noubarris.net\/web40\/la-parada-de-metro-de-llucmajor-es-convertira-en-llucmajor-republica\/#primaryimage","url":"https:\/\/www.noubarris.net\/web40\/wp-content\/uploads\/2022\/05\/La-Parada-de-Llucmajor-289.png","contentUrl":"https:\/\/www.noubarris.net\/web40\/wp-content\/uploads\/2022\/05\/La-Parada-de-Llucmajor-289.png","width":768,"height":432,"caption":"Parada metro Llucmajor"},{"@type":"BreadcrumbList","@id":"https:\/\/www.noubarris.net\/web40\/la-parada-de-metro-de-llucmajor-es-convertira-en-llucmajor-republica\/#breadcrumb","itemListElement":[{"@type":"ListItem","position":1,"name":"Inici","item":"https:\/\/www.noubarris.net\/web40\/"},{"@type":"ListItem","position":2,"name":"La parada de metro de Llucmajor es convertir\u00e0 en Llucmajor- Rep\u00fablica"}]},{"@type":"WebSite","@id":"https:\/\/www.noubarris.net\/web40\/#website","url":"https:\/\/www.noubarris.net\/web40\/","name":"NouBarris.Net","description":"Seguint la vida de Nou Barris des de 1985","publisher":{"@id":"https:\/\/www.noubarris.net\/web40\/#organization"},"potentialAction":[{"@type":"SearchAction","target":{"@type":"EntryPoint","urlTemplate":"https:\/\/www.noubarris.net\/web40\/?s={search_term_string}"},"query-input":{"@type":"PropertyValueSpecification","valueRequired":true,"valueName":"search_term_string"}}],"inLanguage":"ca"},{"@type":"Organization","@id":"https:\/\/www.noubarris.net\/web40\/#organization","name":"NouBarris.Net","url":"https:\/\/www.noubarris.net\/web40\/","logo":{"@type":"ImageObject","inLanguage":"ca","@id":"https:\/\/www.noubarris.net\/web40\/#\/schema\/logo\/image\/","url":"https:\/\/www.noubarris.net\/web40\/wp-content\/uploads\/2024\/11\/cropped-cropped-LOGO_9BTV-2024_Insta-1.jpg","contentUrl":"https:\/\/www.noubarris.net\/web40\/wp-content\/uploads\/2024\/11\/cropped-cropped-LOGO_9BTV-2024_Insta-1.jpg","width":512,"height":512,"caption":"NouBarris.Net"},"image":{"@id":"https:\/\/www.noubarris.net\/web40\/#\/schema\/logo\/image\/"},"sameAs":["https:\/\/www.facebook.com\/NouBarris.net\/?locale=es_ES","https:\/\/x.com\/9BTV"]},{"@type":"Person","@id":"https:\/\/www.noubarris.net\/web40\/#\/schema\/person\/1827f92aaa316c54abbf4dac0de76069","name":"Informatius","image":{"@type":"ImageObject","inLanguage":"ca","@id":"https:\/\/www.noubarris.net\/web40\/#\/schema\/person\/image\/","url":"https:\/\/secure.gravatar.com\/avatar\/87a3b47928835fc72c6ee5b0e1a7263ef0c2d05003a98189bc14926c5f11bcdb?s=96&d=mm&r=g","contentUrl":"https:\/\/secure.gravatar.com\/avatar\/87a3b47928835fc72c6ee5b0e1a7263ef0c2d05003a98189bc14926c5f11bcdb?s=96&d=mm&r=g","caption":"Informatius"},"url":"https:\/\/www.noubarris.net\/web40\/author\/tele\/"}]}},"_links":{"self":[{"href":"https:\/\/www.noubarris.net\/web40\/wp-json\/wp\/v2\/posts\/79065","targetHints":{"allow":["GET"]}}],"collection":[{"href":"https:\/\/www.noubarris.net\/web40\/wp-json\/wp\/v2\/posts"}],"about":[{"href":"https:\/\/www.noubarris.net\/web40\/wp-json\/wp\/v2\/types\/post"}],"author":[{"embeddable":true,"href":"https:\/\/www.noubarris.net\/web40\/wp-json\/wp\/v2\/users\/2"}],"replies":[{"embeddable":true,"href":"https:\/\/www.noubarris.net\/web40\/wp-json\/wp\/v2\/comments?post=79065"}],"version-history":[{"count":1,"href":"https:\/\/www.noubarris.net\/web40\/wp-json\/wp\/v2\/posts\/79065\/revisions"}],"predecessor-version":[{"id":79067,"href":"https:\/\/www.noubarris.net\/web40\/wp-json\/wp\/v2\/posts\/79065\/revisions\/79067"}],"wp:featuredmedia":[{"embeddable":true,"href":"https:\/\/www.noubarris.net\/web40\/wp-json\/wp\/v2\/media\/79066"}],"wp:attachment":[{"href":"https:\/\/www.noubarris.net\/web40\/wp-json\/wp\/v2\/media?parent=79065"}],"wp:term":[{"taxonomy":"category","embeddable":true,"href":"https:\/\/www.noubarris.net\/web40\/wp-json\/wp\/v2\/categories?post=79065"},{"taxonomy":"post_tag","embeddable":true,"href":"https:\/\/www.noubarris.net\/web40\/wp-json\/wp\/v2\/tags?post=79065"}],"curies":[{"name":"wp","href":"https:\/\/api.w.org\/{rel}","templated":true}]}}