{"id":79079,"date":"2022-05-15T00:00:04","date_gmt":"2022-05-14T22:00:04","guid":{"rendered":"https:\/\/www.noubarris.net\/web40\/?p=79079"},"modified":"2022-05-14T19:58:43","modified_gmt":"2022-05-14T17:58:43","slug":"el-festival-de-flamenc-divers-roles-sintegra-aquest-cop-a-la-festa-major-de-nou-barris","status":"publish","type":"post","link":"https:\/\/www.noubarris.net\/web40\/el-festival-de-flamenc-divers-roles-sintegra-aquest-cop-a-la-festa-major-de-nou-barris\/","title":{"rendered":"El festival de flamenc divers (R)oles s&#8217;integra aquest cop a la Festa Major de Nou Barris"},"content":{"rendered":"<p><strong>Les actuacions tindran lloc el 21 i 22 de maig amb Las Migas, Las Noray, La Chunga, Alba Morena, Miranda Fern\u00e1ndez i Cristina L\u00f3pez<\/strong><\/p>\n<p>Ja tenim a tocar la Festa Major de Nou Barris 2022 (comen\u00e7a aquest dimarts) i entre les novetats destaca la incorporaci\u00f3 <a href=\"https:\/\/media-edg.barcelona.cat\/wp-content\/uploads\/2022\/05\/10172754\/Diptic-Festival-Famenc-Roles-22-IMPREMTA.pdf\">al programa del festival R(OLES)<\/a>, el certamen de flamenc que es va crear per a l&#8217;Estiu al Pati, al juliol del 2018. \u00c9s un festival de flamenc singular, on el pes el portes les dones o persones lgtbi, i on es trenquen els rols i t\u00f2pics del g\u00e8nere sense renunciar a l\u2019autenticitat, la for\u00e7a i la idiosincr\u00e0sia d\u2019aquesta disciplina. Les entrades s\u00f3n gratu\u00eftes.<\/p>\n<p>R(o)les comen\u00e7a dissabte 21 a les 20.30h amb les actuacions de Las Nora, que ens proposaran un viatge pels diferents <em>palos<\/em>, com les <em>buler\u00edas<\/em>,\u00a0 <em>tangos<\/em>,\u00a0 <em>rumbas<\/em>\u00a0i\u00a0<em>alegr\u00edas<\/em>; i de Las Migas, quatre dones que, amb el Premi de la M\u00fasica Independent (MIN) al Millor \u00c0lbum Flamenc pel seu disc \u201cCuatro\u201d, oferiran temes que cliquen l\u2019ullet al country, el pop americ\u00e0 i la m\u00fasica urbana.<\/p>\n<p>Per al diumenge 22 s&#8217;han programat tres actuacions a partir de les 21h. Una \u00e9s la de La Chunga, la cantant barcelonina Mariona Longar\u00f3n Ropero, que dialoga amb les seves arrels m\u00e9s flamenques i folkl\u00f2riques. La segona \u00e9s la de Miranda Fern\u00e1ndez i Cristina L\u00f3pez, que retran homenatge a totes les flamenques lluitadores. I finalment, Alba Morena cantar\u00e0 des de l\u00edric fins a jazz, incloent g\u00e8neres mediterranis i aflamencats.<\/p>\n","protected":false},"excerpt":{"rendered":"<p>Les actuacions tindran lloc el 21 i 22 de maig amb Las Migas, Las Noray, La Chunga, Alba Morena, Miranda<\/p>\n","protected":false},"author":2,"featured_media":79082,"comment_status":"closed","ping_status":"closed","sticky":false,"template":"","format":"standard","meta":{"colormag_page_layout":"default_layout","_monsterinsights_skip_tracking":false,"_monsterinsights_sitenote_active":false,"_monsterinsights_sitenote_note":"","_monsterinsights_sitenote_category":0,"footnotes":""},"categories":[129,1],"tags":[],"class_list":["post-79079","post","type-post","status-publish","format-standard","has-post-thumbnail","hentry","category-cultura","category-nou-barris"],"yoast_head":"<!-- This site is optimized with the Yoast SEO plugin v25.3 - https:\/\/yoast.com\/wordpress\/plugins\/seo\/ -->\n<title>El festival de flamenc divers (R)oles s&#039;integra aquest cop a la Festa Major de Nou Barris - NouBarris.Net<\/title>\n<meta name=\"robots\" content=\"index, follow, max-snippet:-1, max-image-preview:large, max-video-preview:-1\" \/>\n<link rel=\"canonical\" href=\"https:\/\/www.noubarris.net\/web40\/el-festival-de-flamenc-divers-roles-sintegra-aquest-cop-a-la-festa-major-de-nou-barris\/\" \/>\n<meta property=\"og:locale\" content=\"ca_ES\" \/>\n<meta property=\"og:type\" content=\"article\" \/>\n<meta property=\"og:title\" content=\"El festival de flamenc divers (R)oles s&#039;integra aquest cop a la Festa Major de Nou Barris - NouBarris.Net\" \/>\n<meta property=\"og:description\" content=\"Les actuacions tindran lloc el 21 i 22 de maig amb Las Migas, Las Noray, La Chunga, Alba Morena, Miranda\" \/>\n<meta property=\"og:url\" content=\"https:\/\/www.noubarris.net\/web40\/el-festival-de-flamenc-divers-roles-sintegra-aquest-cop-a-la-festa-major-de-nou-barris\/\" \/>\n<meta property=\"og:site_name\" content=\"NouBarris.Net\" \/>\n<meta property=\"article:publisher\" content=\"https:\/\/www.facebook.com\/NouBarris.net\/?locale=es_ES\" \/>\n<meta property=\"article:published_time\" content=\"2022-05-14T22:00:04+00:00\" \/>\n<meta property=\"og:image\" content=\"https:\/\/www.noubarris.net\/web40\/wp-content\/uploads\/2022\/05\/150522.jpg\" \/>\n\t<meta property=\"og:image:width\" content=\"768\" \/>\n\t<meta property=\"og:image:height\" content=\"432\" \/>\n\t<meta property=\"og:image:type\" content=\"image\/jpeg\" \/>\n<meta name=\"author\" content=\"Informatius\" \/>\n<meta name=\"twitter:card\" content=\"summary_large_image\" \/>\n<meta name=\"twitter:creator\" content=\"@9BTV\" \/>\n<meta name=\"twitter:site\" content=\"@9BTV\" \/>\n<meta name=\"twitter:label1\" content=\"Escrit per\" \/>\n\t<meta name=\"twitter:data1\" content=\"Informatius\" \/>\n\t<meta name=\"twitter:label2\" content=\"Temps estimat de lectura\" \/>\n\t<meta name=\"twitter:data2\" content=\"1 minut\" \/>\n<script type=\"application\/ld+json\" class=\"yoast-schema-graph\">{\"@context\":\"https:\/\/schema.org\",\"@graph\":[{\"@type\":\"Article\",\"@id\":\"https:\/\/www.noubarris.net\/web40\/el-festival-de-flamenc-divers-roles-sintegra-aquest-cop-a-la-festa-major-de-nou-barris\/#article\",\"isPartOf\":{\"@id\":\"https:\/\/www.noubarris.net\/web40\/el-festival-de-flamenc-divers-roles-sintegra-aquest-cop-a-la-festa-major-de-nou-barris\/\"},\"author\":{\"name\":\"Informatius\",\"@id\":\"https:\/\/www.noubarris.net\/web40\/#\/schema\/person\/1827f92aaa316c54abbf4dac0de76069\"},\"headline\":\"El festival de flamenc divers (R)oles s&#8217;integra aquest cop a la Festa Major de Nou Barris\",\"datePublished\":\"2022-05-14T22:00:04+00:00\",\"mainEntityOfPage\":{\"@id\":\"https:\/\/www.noubarris.net\/web40\/el-festival-de-flamenc-divers-roles-sintegra-aquest-cop-a-la-festa-major-de-nou-barris\/\"},\"wordCount\":283,\"publisher\":{\"@id\":\"https:\/\/www.noubarris.net\/web40\/#organization\"},\"image\":{\"@id\":\"https:\/\/www.noubarris.net\/web40\/el-festival-de-flamenc-divers-roles-sintegra-aquest-cop-a-la-festa-major-de-nou-barris\/#primaryimage\"},\"thumbnailUrl\":\"https:\/\/www.noubarris.net\/web40\/wp-content\/uploads\/2022\/05\/150522.jpg\",\"articleSection\":[\"Cultura\",\"Nou Barris\"],\"inLanguage\":\"ca\"},{\"@type\":\"WebPage\",\"@id\":\"https:\/\/www.noubarris.net\/web40\/el-festival-de-flamenc-divers-roles-sintegra-aquest-cop-a-la-festa-major-de-nou-barris\/\",\"url\":\"https:\/\/www.noubarris.net\/web40\/el-festival-de-flamenc-divers-roles-sintegra-aquest-cop-a-la-festa-major-de-nou-barris\/\",\"name\":\"El festival de flamenc divers (R)oles s'integra aquest cop a la Festa Major de Nou Barris - NouBarris.Net\",\"isPartOf\":{\"@id\":\"https:\/\/www.noubarris.net\/web40\/#website\"},\"primaryImageOfPage\":{\"@id\":\"https:\/\/www.noubarris.net\/web40\/el-festival-de-flamenc-divers-roles-sintegra-aquest-cop-a-la-festa-major-de-nou-barris\/#primaryimage\"},\"image\":{\"@id\":\"https:\/\/www.noubarris.net\/web40\/el-festival-de-flamenc-divers-roles-sintegra-aquest-cop-a-la-festa-major-de-nou-barris\/#primaryimage\"},\"thumbnailUrl\":\"https:\/\/www.noubarris.net\/web40\/wp-content\/uploads\/2022\/05\/150522.jpg\",\"datePublished\":\"2022-05-14T22:00:04+00:00\",\"breadcrumb\":{\"@id\":\"https:\/\/www.noubarris.net\/web40\/el-festival-de-flamenc-divers-roles-sintegra-aquest-cop-a-la-festa-major-de-nou-barris\/#breadcrumb\"},\"inLanguage\":\"ca\",\"potentialAction\":[{\"@type\":\"ReadAction\",\"target\":[\"https:\/\/www.noubarris.net\/web40\/el-festival-de-flamenc-divers-roles-sintegra-aquest-cop-a-la-festa-major-de-nou-barris\/\"]}]},{\"@type\":\"ImageObject\",\"inLanguage\":\"ca\",\"@id\":\"https:\/\/www.noubarris.net\/web40\/el-festival-de-flamenc-divers-roles-sintegra-aquest-cop-a-la-festa-major-de-nou-barris\/#primaryimage\",\"url\":\"https:\/\/www.noubarris.net\/web40\/wp-content\/uploads\/2022\/05\/150522.jpg\",\"contentUrl\":\"https:\/\/www.noubarris.net\/web40\/wp-content\/uploads\/2022\/05\/150522.jpg\",\"width\":768,\"height\":432},{\"@type\":\"BreadcrumbList\",\"@id\":\"https:\/\/www.noubarris.net\/web40\/el-festival-de-flamenc-divers-roles-sintegra-aquest-cop-a-la-festa-major-de-nou-barris\/#breadcrumb\",\"itemListElement\":[{\"@type\":\"ListItem\",\"position\":1,\"name\":\"Inici\",\"item\":\"https:\/\/www.noubarris.net\/web40\/\"},{\"@type\":\"ListItem\",\"position\":2,\"name\":\"El festival de flamenc divers (R)oles s&#8217;integra aquest cop a la Festa Major de Nou Barris\"}]},{\"@type\":\"WebSite\",\"@id\":\"https:\/\/www.noubarris.net\/web40\/#website\",\"url\":\"https:\/\/www.noubarris.net\/web40\/\",\"name\":\"NouBarris.Net\",\"description\":\"Seguint la vida de Nou Barris des de 1985\",\"publisher\":{\"@id\":\"https:\/\/www.noubarris.net\/web40\/#organization\"},\"potentialAction\":[{\"@type\":\"SearchAction\",\"target\":{\"@type\":\"EntryPoint\",\"urlTemplate\":\"https:\/\/www.noubarris.net\/web40\/?s={search_term_string}\"},\"query-input\":{\"@type\":\"PropertyValueSpecification\",\"valueRequired\":true,\"valueName\":\"search_term_string\"}}],\"inLanguage\":\"ca\"},{\"@type\":\"Organization\",\"@id\":\"https:\/\/www.noubarris.net\/web40\/#organization\",\"name\":\"NouBarris.Net\",\"url\":\"https:\/\/www.noubarris.net\/web40\/\",\"logo\":{\"@type\":\"ImageObject\",\"inLanguage\":\"ca\",\"@id\":\"https:\/\/www.noubarris.net\/web40\/#\/schema\/logo\/image\/\",\"url\":\"https:\/\/www.noubarris.net\/web40\/wp-content\/uploads\/2024\/11\/cropped-cropped-LOGO_9BTV-2024_Insta-1.jpg\",\"contentUrl\":\"https:\/\/www.noubarris.net\/web40\/wp-content\/uploads\/2024\/11\/cropped-cropped-LOGO_9BTV-2024_Insta-1.jpg\",\"width\":512,\"height\":512,\"caption\":\"NouBarris.Net\"},\"image\":{\"@id\":\"https:\/\/www.noubarris.net\/web40\/#\/schema\/logo\/image\/\"},\"sameAs\":[\"https:\/\/www.facebook.com\/NouBarris.net\/?locale=es_ES\",\"https:\/\/x.com\/9BTV\"]},{\"@type\":\"Person\",\"@id\":\"https:\/\/www.noubarris.net\/web40\/#\/schema\/person\/1827f92aaa316c54abbf4dac0de76069\",\"name\":\"Informatius\",\"image\":{\"@type\":\"ImageObject\",\"inLanguage\":\"ca\",\"@id\":\"https:\/\/www.noubarris.net\/web40\/#\/schema\/person\/image\/\",\"url\":\"https:\/\/secure.gravatar.com\/avatar\/87a3b47928835fc72c6ee5b0e1a7263ef0c2d05003a98189bc14926c5f11bcdb?s=96&d=mm&r=g\",\"contentUrl\":\"https:\/\/secure.gravatar.com\/avatar\/87a3b47928835fc72c6ee5b0e1a7263ef0c2d05003a98189bc14926c5f11bcdb?s=96&d=mm&r=g\",\"caption\":\"Informatius\"},\"url\":\"https:\/\/www.noubarris.net\/web40\/author\/tele\/\"}]}<\/script>\n<!-- \/ Yoast SEO plugin. -->","yoast_head_json":{"title":"El festival de flamenc divers (R)oles s'integra aquest cop a la Festa Major de Nou Barris - NouBarris.Net","robots":{"index":"index","follow":"follow","max-snippet":"max-snippet:-1","max-image-preview":"max-image-preview:large","max-video-preview":"max-video-preview:-1"},"canonical":"https:\/\/www.noubarris.net\/web40\/el-festival-de-flamenc-divers-roles-sintegra-aquest-cop-a-la-festa-major-de-nou-barris\/","og_locale":"ca_ES","og_type":"article","og_title":"El festival de flamenc divers (R)oles s'integra aquest cop a la Festa Major de Nou Barris - NouBarris.Net","og_description":"Les actuacions tindran lloc el 21 i 22 de maig amb Las Migas, Las Noray, La Chunga, Alba Morena, Miranda","og_url":"https:\/\/www.noubarris.net\/web40\/el-festival-de-flamenc-divers-roles-sintegra-aquest-cop-a-la-festa-major-de-nou-barris\/","og_site_name":"NouBarris.Net","article_publisher":"https:\/\/www.facebook.com\/NouBarris.net\/?locale=es_ES","article_published_time":"2022-05-14T22:00:04+00:00","og_image":[{"width":768,"height":432,"url":"https:\/\/www.noubarris.net\/web40\/wp-content\/uploads\/2022\/05\/150522.jpg","type":"image\/jpeg"}],"author":"Informatius","twitter_card":"summary_large_image","twitter_creator":"@9BTV","twitter_site":"@9BTV","twitter_misc":{"Escrit per":"Informatius","Temps estimat de lectura":"1 minut"},"schema":{"@context":"https:\/\/schema.org","@graph":[{"@type":"Article","@id":"https:\/\/www.noubarris.net\/web40\/el-festival-de-flamenc-divers-roles-sintegra-aquest-cop-a-la-festa-major-de-nou-barris\/#article","isPartOf":{"@id":"https:\/\/www.noubarris.net\/web40\/el-festival-de-flamenc-divers-roles-sintegra-aquest-cop-a-la-festa-major-de-nou-barris\/"},"author":{"name":"Informatius","@id":"https:\/\/www.noubarris.net\/web40\/#\/schema\/person\/1827f92aaa316c54abbf4dac0de76069"},"headline":"El festival de flamenc divers (R)oles s&#8217;integra aquest cop a la Festa Major de Nou Barris","datePublished":"2022-05-14T22:00:04+00:00","mainEntityOfPage":{"@id":"https:\/\/www.noubarris.net\/web40\/el-festival-de-flamenc-divers-roles-sintegra-aquest-cop-a-la-festa-major-de-nou-barris\/"},"wordCount":283,"publisher":{"@id":"https:\/\/www.noubarris.net\/web40\/#organization"},"image":{"@id":"https:\/\/www.noubarris.net\/web40\/el-festival-de-flamenc-divers-roles-sintegra-aquest-cop-a-la-festa-major-de-nou-barris\/#primaryimage"},"thumbnailUrl":"https:\/\/www.noubarris.net\/web40\/wp-content\/uploads\/2022\/05\/150522.jpg","articleSection":["Cultura","Nou Barris"],"inLanguage":"ca"},{"@type":"WebPage","@id":"https:\/\/www.noubarris.net\/web40\/el-festival-de-flamenc-divers-roles-sintegra-aquest-cop-a-la-festa-major-de-nou-barris\/","url":"https:\/\/www.noubarris.net\/web40\/el-festival-de-flamenc-divers-roles-sintegra-aquest-cop-a-la-festa-major-de-nou-barris\/","name":"El festival de flamenc divers (R)oles s'integra aquest cop a la Festa Major de Nou Barris - NouBarris.Net","isPartOf":{"@id":"https:\/\/www.noubarris.net\/web40\/#website"},"primaryImageOfPage":{"@id":"https:\/\/www.noubarris.net\/web40\/el-festival-de-flamenc-divers-roles-sintegra-aquest-cop-a-la-festa-major-de-nou-barris\/#primaryimage"},"image":{"@id":"https:\/\/www.noubarris.net\/web40\/el-festival-de-flamenc-divers-roles-sintegra-aquest-cop-a-la-festa-major-de-nou-barris\/#primaryimage"},"thumbnailUrl":"https:\/\/www.noubarris.net\/web40\/wp-content\/uploads\/2022\/05\/150522.jpg","datePublished":"2022-05-14T22:00:04+00:00","breadcrumb":{"@id":"https:\/\/www.noubarris.net\/web40\/el-festival-de-flamenc-divers-roles-sintegra-aquest-cop-a-la-festa-major-de-nou-barris\/#breadcrumb"},"inLanguage":"ca","potentialAction":[{"@type":"ReadAction","target":["https:\/\/www.noubarris.net\/web40\/el-festival-de-flamenc-divers-roles-sintegra-aquest-cop-a-la-festa-major-de-nou-barris\/"]}]},{"@type":"ImageObject","inLanguage":"ca","@id":"https:\/\/www.noubarris.net\/web40\/el-festival-de-flamenc-divers-roles-sintegra-aquest-cop-a-la-festa-major-de-nou-barris\/#primaryimage","url":"https:\/\/www.noubarris.net\/web40\/wp-content\/uploads\/2022\/05\/150522.jpg","contentUrl":"https:\/\/www.noubarris.net\/web40\/wp-content\/uploads\/2022\/05\/150522.jpg","width":768,"height":432},{"@type":"BreadcrumbList","@id":"https:\/\/www.noubarris.net\/web40\/el-festival-de-flamenc-divers-roles-sintegra-aquest-cop-a-la-festa-major-de-nou-barris\/#breadcrumb","itemListElement":[{"@type":"ListItem","position":1,"name":"Inici","item":"https:\/\/www.noubarris.net\/web40\/"},{"@type":"ListItem","position":2,"name":"El festival de flamenc divers (R)oles s&#8217;integra aquest cop a la Festa Major de Nou Barris"}]},{"@type":"WebSite","@id":"https:\/\/www.noubarris.net\/web40\/#website","url":"https:\/\/www.noubarris.net\/web40\/","name":"NouBarris.Net","description":"Seguint la vida de Nou Barris des de 1985","publisher":{"@id":"https:\/\/www.noubarris.net\/web40\/#organization"},"potentialAction":[{"@type":"SearchAction","target":{"@type":"EntryPoint","urlTemplate":"https:\/\/www.noubarris.net\/web40\/?s={search_term_string}"},"query-input":{"@type":"PropertyValueSpecification","valueRequired":true,"valueName":"search_term_string"}}],"inLanguage":"ca"},{"@type":"Organization","@id":"https:\/\/www.noubarris.net\/web40\/#organization","name":"NouBarris.Net","url":"https:\/\/www.noubarris.net\/web40\/","logo":{"@type":"ImageObject","inLanguage":"ca","@id":"https:\/\/www.noubarris.net\/web40\/#\/schema\/logo\/image\/","url":"https:\/\/www.noubarris.net\/web40\/wp-content\/uploads\/2024\/11\/cropped-cropped-LOGO_9BTV-2024_Insta-1.jpg","contentUrl":"https:\/\/www.noubarris.net\/web40\/wp-content\/uploads\/2024\/11\/cropped-cropped-LOGO_9BTV-2024_Insta-1.jpg","width":512,"height":512,"caption":"NouBarris.Net"},"image":{"@id":"https:\/\/www.noubarris.net\/web40\/#\/schema\/logo\/image\/"},"sameAs":["https:\/\/www.facebook.com\/NouBarris.net\/?locale=es_ES","https:\/\/x.com\/9BTV"]},{"@type":"Person","@id":"https:\/\/www.noubarris.net\/web40\/#\/schema\/person\/1827f92aaa316c54abbf4dac0de76069","name":"Informatius","image":{"@type":"ImageObject","inLanguage":"ca","@id":"https:\/\/www.noubarris.net\/web40\/#\/schema\/person\/image\/","url":"https:\/\/secure.gravatar.com\/avatar\/87a3b47928835fc72c6ee5b0e1a7263ef0c2d05003a98189bc14926c5f11bcdb?s=96&d=mm&r=g","contentUrl":"https:\/\/secure.gravatar.com\/avatar\/87a3b47928835fc72c6ee5b0e1a7263ef0c2d05003a98189bc14926c5f11bcdb?s=96&d=mm&r=g","caption":"Informatius"},"url":"https:\/\/www.noubarris.net\/web40\/author\/tele\/"}]}},"_links":{"self":[{"href":"https:\/\/www.noubarris.net\/web40\/wp-json\/wp\/v2\/posts\/79079","targetHints":{"allow":["GET"]}}],"collection":[{"href":"https:\/\/www.noubarris.net\/web40\/wp-json\/wp\/v2\/posts"}],"about":[{"href":"https:\/\/www.noubarris.net\/web40\/wp-json\/wp\/v2\/types\/post"}],"author":[{"embeddable":true,"href":"https:\/\/www.noubarris.net\/web40\/wp-json\/wp\/v2\/users\/2"}],"replies":[{"embeddable":true,"href":"https:\/\/www.noubarris.net\/web40\/wp-json\/wp\/v2\/comments?post=79079"}],"version-history":[{"count":3,"href":"https:\/\/www.noubarris.net\/web40\/wp-json\/wp\/v2\/posts\/79079\/revisions"}],"predecessor-version":[{"id":79083,"href":"https:\/\/www.noubarris.net\/web40\/wp-json\/wp\/v2\/posts\/79079\/revisions\/79083"}],"wp:featuredmedia":[{"embeddable":true,"href":"https:\/\/www.noubarris.net\/web40\/wp-json\/wp\/v2\/media\/79082"}],"wp:attachment":[{"href":"https:\/\/www.noubarris.net\/web40\/wp-json\/wp\/v2\/media?parent=79079"}],"wp:term":[{"taxonomy":"category","embeddable":true,"href":"https:\/\/www.noubarris.net\/web40\/wp-json\/wp\/v2\/categories?post=79079"},{"taxonomy":"post_tag","embeddable":true,"href":"https:\/\/www.noubarris.net\/web40\/wp-json\/wp\/v2\/tags?post=79079"}],"curies":[{"name":"wp","href":"https:\/\/api.w.org\/{rel}","templated":true}]}}