{"id":79094,"date":"2022-05-16T00:00:26","date_gmt":"2022-05-15T22:00:26","guid":{"rendered":"http:\/\/www.noubarris.net\/web40\/?p=79094"},"modified":"2022-05-15T22:36:30","modified_gmt":"2022-05-15T20:36:30","slug":"els-premis-nou-barris-2022-guardonen-projectes-educatius-i-una-trajectoria-esportiva-pionera","status":"publish","type":"post","link":"https:\/\/www.noubarris.net\/web40\/els-premis-nou-barris-2022-guardonen-projectes-educatius-i-una-trajectoria-esportiva-pionera\/","title":{"rendered":"Els Premis Nou Barris 2022 guardonen projectes educatius i una traject\u00f2ria esportiva pionera"},"content":{"rendered":"<p><strong>La votaci\u00f3 popular va otorgar els premis a la boxejadora Esther &#8220;Flechita&#8221; P\u00e1ez; a Francesc I. Freixanet, director de l&#8217;IES Antaviana i a l&#8217;Associaci\u00f3 educativa Tropezando con Suerte<\/strong><\/p>\n<p>L&#8217;acte de lliurament dels Premis Nou Barris va tornar ahir al vespre a la sala de plens del districte, despr\u00e9s d&#8217;alguns anys d&#8217;aturada de la convocat\u00f2ria. I ho van fer amb uns premis otorgats a partir de votaci\u00f3 popular a les categories individuals femenina i masculina; i una categoria col\u00b7lectiva.<\/p>\n<p>En el primer dels casos, les votacions van declinar el premi cap a Esther &#8220;Flechita&#8221; P\u00e1ez (amb samarreta negra a la foto superior), la nostra ve\u00efna que va fer hist\u00f2ria en convertir-se en la primera boxejadora professional i en els molts t\u00edtols nacionals i internacionals aconseguits. Va comen\u00e7ar la seva carrera al KO Verdun i avui dia continua al ring, per\u00f2 sobretot treballant per fer pedrera a l&#8217;Espai de Creaci\u00f3 Valeria. &#8220;Sempre he portat a Nou Barris amb mi a tots els llocs on hi ha anat, i estic molt agra\u00efda que m&#8217;hagin votat, com\u00a0 a exemple de dona que trenca prototips&#8221;, assegura.<\/p>\n<p>El premi individual mascul\u00ed ha estat per a Francesc I. Freixanet, director de l&#8217;Institut Escola Antaviana (e l segon per l&#8217;esquerra a la imatge). &#8220;Vaig comen\u00e7ar a mitjans dels noranta a l&#8217;escola Ton i Guida, amb el seu sistema educatiu innovador, seguint les directrius del m\u00e8tode Montessori. Despr\u00e9s vaig arribar a l&#8217;Antaviana quan es va fusionar amb la Pla de Fornells i aqu\u00ed porto vint anys, fins ara, que em jubilar\u00e9, tot i que continuar\u00e9 venint com a voluntari i col\u00b7laborant&#8221;. Freixanet defensa la necessitat que els infants i joves siguin feli\u00e7os a les aules com a via que facilita l&#8217;aprenentatge i sempre ha lluitat per aconseguir millores per a l&#8217;Antaviana, com quan fa uns anys es va convertir en institut escola. &#8220;Un barri perif\u00e8ric com les Roquetes necessita la millor escola, amb les millors instal\u00b7lacions i la millor pedagogia per equilibrar la balan\u00e7a&#8221;, assegura. S\u00f3n molts els projectes i serveis de suport especial per a l&#8217;alumnat, des de projectes art\u00edstics i convenis amb l&#8217;Ateneu Popular de 9 Barris, a l&#8217;hort d&#8217;arbres fruiters i la granja de gallines i \u00e0necs que tenen. &#8220;El premi el considero compartit amb tot l&#8217;equip\u00e0s que tinc que fa possible aquest institut escola&#8221;.<\/p>\n<p>Per \u00faltim, l&#8217;associaci\u00f3 educativa Tropezando con Suerte va recollir tamb\u00e9 el seu guard\u00f3. Es tracta d&#8217;una entitat dedicada a promoure refor\u00e7 escolar i activitats de lleure. Despleguen la seva activitat a diversos punts de Catalunya i en el cas de Nou Barris, es troben a l&#8217;Escola Marinada, a la Guineueta. &#8220;Per a nosaltres, aquest premi es com una empenta, una mostra de suport per continuar endavant amb la nostra tasca&#8221;, expliquen els seus representants, a la dreta de la fotografia.<\/p>\n","protected":false},"excerpt":{"rendered":"<p>La votaci\u00f3 popular va otorgar els premis a la boxejadora Esther &#8220;Flechita&#8221; P\u00e1ez; a Francesc I. Freixanet, director de l&#8217;IES<\/p>\n","protected":false},"author":2,"featured_media":79095,"comment_status":"closed","ping_status":"closed","sticky":false,"template":"","format":"standard","meta":{"colormag_page_layout":"default_layout","_monsterinsights_skip_tracking":false,"_monsterinsights_sitenote_active":false,"_monsterinsights_sitenote_note":"","_monsterinsights_sitenote_category":0,"footnotes":""},"categories":[129,1],"tags":[63,288],"class_list":["post-79094","post","type-post","status-publish","format-standard","has-post-thumbnail","hentry","category-cultura","category-nou-barris","tag-festa-major","tag-premis-nou-barris"],"yoast_head":"<!-- This site is optimized with the Yoast SEO plugin v25.3 - https:\/\/yoast.com\/wordpress\/plugins\/seo\/ -->\n<title>Els Premis Nou Barris 2022 guardonen projectes educatius i una traject\u00f2ria esportiva pionera - NouBarris.Net<\/title>\n<meta name=\"robots\" content=\"index, follow, max-snippet:-1, max-image-preview:large, max-video-preview:-1\" \/>\n<link rel=\"canonical\" href=\"https:\/\/www.noubarris.net\/web40\/els-premis-nou-barris-2022-guardonen-projectes-educatius-i-una-trajectoria-esportiva-pionera\/\" \/>\n<meta property=\"og:locale\" content=\"ca_ES\" \/>\n<meta property=\"og:type\" content=\"article\" \/>\n<meta property=\"og:title\" content=\"Els Premis Nou Barris 2022 guardonen projectes educatius i una traject\u00f2ria esportiva pionera - NouBarris.Net\" \/>\n<meta property=\"og:description\" content=\"La votaci\u00f3 popular va otorgar els premis a la boxejadora Esther &#8220;Flechita&#8221; P\u00e1ez; a Francesc I. Freixanet, director de l&#8217;IES\" \/>\n<meta property=\"og:url\" content=\"https:\/\/www.noubarris.net\/web40\/els-premis-nou-barris-2022-guardonen-projectes-educatius-i-una-trajectoria-esportiva-pionera\/\" \/>\n<meta property=\"og:site_name\" content=\"NouBarris.Net\" \/>\n<meta property=\"article:publisher\" content=\"https:\/\/www.facebook.com\/NouBarris.net\/?locale=es_ES\" \/>\n<meta property=\"article:published_time\" content=\"2022-05-15T22:00:26+00:00\" \/>\n<meta property=\"og:image\" content=\"https:\/\/www.noubarris.net\/web40\/wp-content\/uploads\/2022\/05\/160522premisnb.jpg\" \/>\n\t<meta property=\"og:image:width\" content=\"768\" \/>\n\t<meta property=\"og:image:height\" content=\"432\" \/>\n\t<meta property=\"og:image:type\" content=\"image\/jpeg\" \/>\n<meta name=\"author\" content=\"Informatius\" \/>\n<meta name=\"twitter:card\" content=\"summary_large_image\" \/>\n<meta name=\"twitter:creator\" content=\"@9BTV\" \/>\n<meta name=\"twitter:site\" content=\"@9BTV\" \/>\n<meta name=\"twitter:label1\" content=\"Escrit per\" \/>\n\t<meta name=\"twitter:data1\" content=\"Informatius\" \/>\n\t<meta name=\"twitter:label2\" content=\"Temps estimat de lectura\" \/>\n\t<meta name=\"twitter:data2\" content=\"2 minuts\" \/>\n<script type=\"application\/ld+json\" class=\"yoast-schema-graph\">{\"@context\":\"https:\/\/schema.org\",\"@graph\":[{\"@type\":\"Article\",\"@id\":\"https:\/\/www.noubarris.net\/web40\/els-premis-nou-barris-2022-guardonen-projectes-educatius-i-una-trajectoria-esportiva-pionera\/#article\",\"isPartOf\":{\"@id\":\"https:\/\/www.noubarris.net\/web40\/els-premis-nou-barris-2022-guardonen-projectes-educatius-i-una-trajectoria-esportiva-pionera\/\"},\"author\":{\"name\":\"Informatius\",\"@id\":\"https:\/\/www.noubarris.net\/web40\/#\/schema\/person\/1827f92aaa316c54abbf4dac0de76069\"},\"headline\":\"Els Premis Nou Barris 2022 guardonen projectes educatius i una traject\u00f2ria esportiva pionera\",\"datePublished\":\"2022-05-15T22:00:26+00:00\",\"mainEntityOfPage\":{\"@id\":\"https:\/\/www.noubarris.net\/web40\/els-premis-nou-barris-2022-guardonen-projectes-educatius-i-una-trajectoria-esportiva-pionera\/\"},\"wordCount\":513,\"publisher\":{\"@id\":\"https:\/\/www.noubarris.net\/web40\/#organization\"},\"image\":{\"@id\":\"https:\/\/www.noubarris.net\/web40\/els-premis-nou-barris-2022-guardonen-projectes-educatius-i-una-trajectoria-esportiva-pionera\/#primaryimage\"},\"thumbnailUrl\":\"https:\/\/www.noubarris.net\/web40\/wp-content\/uploads\/2022\/05\/160522premisnb.jpg\",\"keywords\":[\"Festa Major\",\"Premis Nou Barris\"],\"articleSection\":[\"Cultura\",\"Nou Barris\"],\"inLanguage\":\"ca\"},{\"@type\":\"WebPage\",\"@id\":\"https:\/\/www.noubarris.net\/web40\/els-premis-nou-barris-2022-guardonen-projectes-educatius-i-una-trajectoria-esportiva-pionera\/\",\"url\":\"https:\/\/www.noubarris.net\/web40\/els-premis-nou-barris-2022-guardonen-projectes-educatius-i-una-trajectoria-esportiva-pionera\/\",\"name\":\"Els Premis Nou Barris 2022 guardonen projectes educatius i una traject\u00f2ria esportiva pionera - NouBarris.Net\",\"isPartOf\":{\"@id\":\"https:\/\/www.noubarris.net\/web40\/#website\"},\"primaryImageOfPage\":{\"@id\":\"https:\/\/www.noubarris.net\/web40\/els-premis-nou-barris-2022-guardonen-projectes-educatius-i-una-trajectoria-esportiva-pionera\/#primaryimage\"},\"image\":{\"@id\":\"https:\/\/www.noubarris.net\/web40\/els-premis-nou-barris-2022-guardonen-projectes-educatius-i-una-trajectoria-esportiva-pionera\/#primaryimage\"},\"thumbnailUrl\":\"https:\/\/www.noubarris.net\/web40\/wp-content\/uploads\/2022\/05\/160522premisnb.jpg\",\"datePublished\":\"2022-05-15T22:00:26+00:00\",\"breadcrumb\":{\"@id\":\"https:\/\/www.noubarris.net\/web40\/els-premis-nou-barris-2022-guardonen-projectes-educatius-i-una-trajectoria-esportiva-pionera\/#breadcrumb\"},\"inLanguage\":\"ca\",\"potentialAction\":[{\"@type\":\"ReadAction\",\"target\":[\"https:\/\/www.noubarris.net\/web40\/els-premis-nou-barris-2022-guardonen-projectes-educatius-i-una-trajectoria-esportiva-pionera\/\"]}]},{\"@type\":\"ImageObject\",\"inLanguage\":\"ca\",\"@id\":\"https:\/\/www.noubarris.net\/web40\/els-premis-nou-barris-2022-guardonen-projectes-educatius-i-una-trajectoria-esportiva-pionera\/#primaryimage\",\"url\":\"https:\/\/www.noubarris.net\/web40\/wp-content\/uploads\/2022\/05\/160522premisnb.jpg\",\"contentUrl\":\"https:\/\/www.noubarris.net\/web40\/wp-content\/uploads\/2022\/05\/160522premisnb.jpg\",\"width\":768,\"height\":432},{\"@type\":\"BreadcrumbList\",\"@id\":\"https:\/\/www.noubarris.net\/web40\/els-premis-nou-barris-2022-guardonen-projectes-educatius-i-una-trajectoria-esportiva-pionera\/#breadcrumb\",\"itemListElement\":[{\"@type\":\"ListItem\",\"position\":1,\"name\":\"Inici\",\"item\":\"https:\/\/www.noubarris.net\/web40\/\"},{\"@type\":\"ListItem\",\"position\":2,\"name\":\"Els Premis Nou Barris 2022 guardonen projectes educatius i una traject\u00f2ria esportiva pionera\"}]},{\"@type\":\"WebSite\",\"@id\":\"https:\/\/www.noubarris.net\/web40\/#website\",\"url\":\"https:\/\/www.noubarris.net\/web40\/\",\"name\":\"NouBarris.Net\",\"description\":\"Seguint la vida de Nou Barris des de 1985\",\"publisher\":{\"@id\":\"https:\/\/www.noubarris.net\/web40\/#organization\"},\"potentialAction\":[{\"@type\":\"SearchAction\",\"target\":{\"@type\":\"EntryPoint\",\"urlTemplate\":\"https:\/\/www.noubarris.net\/web40\/?s={search_term_string}\"},\"query-input\":{\"@type\":\"PropertyValueSpecification\",\"valueRequired\":true,\"valueName\":\"search_term_string\"}}],\"inLanguage\":\"ca\"},{\"@type\":\"Organization\",\"@id\":\"https:\/\/www.noubarris.net\/web40\/#organization\",\"name\":\"NouBarris.Net\",\"url\":\"https:\/\/www.noubarris.net\/web40\/\",\"logo\":{\"@type\":\"ImageObject\",\"inLanguage\":\"ca\",\"@id\":\"https:\/\/www.noubarris.net\/web40\/#\/schema\/logo\/image\/\",\"url\":\"https:\/\/www.noubarris.net\/web40\/wp-content\/uploads\/2024\/11\/cropped-cropped-LOGO_9BTV-2024_Insta-1.jpg\",\"contentUrl\":\"https:\/\/www.noubarris.net\/web40\/wp-content\/uploads\/2024\/11\/cropped-cropped-LOGO_9BTV-2024_Insta-1.jpg\",\"width\":512,\"height\":512,\"caption\":\"NouBarris.Net\"},\"image\":{\"@id\":\"https:\/\/www.noubarris.net\/web40\/#\/schema\/logo\/image\/\"},\"sameAs\":[\"https:\/\/www.facebook.com\/NouBarris.net\/?locale=es_ES\",\"https:\/\/x.com\/9BTV\"]},{\"@type\":\"Person\",\"@id\":\"https:\/\/www.noubarris.net\/web40\/#\/schema\/person\/1827f92aaa316c54abbf4dac0de76069\",\"name\":\"Informatius\",\"image\":{\"@type\":\"ImageObject\",\"inLanguage\":\"ca\",\"@id\":\"https:\/\/www.noubarris.net\/web40\/#\/schema\/person\/image\/\",\"url\":\"https:\/\/secure.gravatar.com\/avatar\/87a3b47928835fc72c6ee5b0e1a7263ef0c2d05003a98189bc14926c5f11bcdb?s=96&d=mm&r=g\",\"contentUrl\":\"https:\/\/secure.gravatar.com\/avatar\/87a3b47928835fc72c6ee5b0e1a7263ef0c2d05003a98189bc14926c5f11bcdb?s=96&d=mm&r=g\",\"caption\":\"Informatius\"},\"url\":\"https:\/\/www.noubarris.net\/web40\/author\/tele\/\"}]}<\/script>\n<!-- \/ Yoast SEO plugin. -->","yoast_head_json":{"title":"Els Premis Nou Barris 2022 guardonen projectes educatius i una traject\u00f2ria esportiva pionera - NouBarris.Net","robots":{"index":"index","follow":"follow","max-snippet":"max-snippet:-1","max-image-preview":"max-image-preview:large","max-video-preview":"max-video-preview:-1"},"canonical":"https:\/\/www.noubarris.net\/web40\/els-premis-nou-barris-2022-guardonen-projectes-educatius-i-una-trajectoria-esportiva-pionera\/","og_locale":"ca_ES","og_type":"article","og_title":"Els Premis Nou Barris 2022 guardonen projectes educatius i una traject\u00f2ria esportiva pionera - NouBarris.Net","og_description":"La votaci\u00f3 popular va otorgar els premis a la boxejadora Esther &#8220;Flechita&#8221; P\u00e1ez; a Francesc I. Freixanet, director de l&#8217;IES","og_url":"https:\/\/www.noubarris.net\/web40\/els-premis-nou-barris-2022-guardonen-projectes-educatius-i-una-trajectoria-esportiva-pionera\/","og_site_name":"NouBarris.Net","article_publisher":"https:\/\/www.facebook.com\/NouBarris.net\/?locale=es_ES","article_published_time":"2022-05-15T22:00:26+00:00","og_image":[{"width":768,"height":432,"url":"https:\/\/www.noubarris.net\/web40\/wp-content\/uploads\/2022\/05\/160522premisnb.jpg","type":"image\/jpeg"}],"author":"Informatius","twitter_card":"summary_large_image","twitter_creator":"@9BTV","twitter_site":"@9BTV","twitter_misc":{"Escrit per":"Informatius","Temps estimat de lectura":"2 minuts"},"schema":{"@context":"https:\/\/schema.org","@graph":[{"@type":"Article","@id":"https:\/\/www.noubarris.net\/web40\/els-premis-nou-barris-2022-guardonen-projectes-educatius-i-una-trajectoria-esportiva-pionera\/#article","isPartOf":{"@id":"https:\/\/www.noubarris.net\/web40\/els-premis-nou-barris-2022-guardonen-projectes-educatius-i-una-trajectoria-esportiva-pionera\/"},"author":{"name":"Informatius","@id":"https:\/\/www.noubarris.net\/web40\/#\/schema\/person\/1827f92aaa316c54abbf4dac0de76069"},"headline":"Els Premis Nou Barris 2022 guardonen projectes educatius i una traject\u00f2ria esportiva pionera","datePublished":"2022-05-15T22:00:26+00:00","mainEntityOfPage":{"@id":"https:\/\/www.noubarris.net\/web40\/els-premis-nou-barris-2022-guardonen-projectes-educatius-i-una-trajectoria-esportiva-pionera\/"},"wordCount":513,"publisher":{"@id":"https:\/\/www.noubarris.net\/web40\/#organization"},"image":{"@id":"https:\/\/www.noubarris.net\/web40\/els-premis-nou-barris-2022-guardonen-projectes-educatius-i-una-trajectoria-esportiva-pionera\/#primaryimage"},"thumbnailUrl":"https:\/\/www.noubarris.net\/web40\/wp-content\/uploads\/2022\/05\/160522premisnb.jpg","keywords":["Festa Major","Premis Nou Barris"],"articleSection":["Cultura","Nou Barris"],"inLanguage":"ca"},{"@type":"WebPage","@id":"https:\/\/www.noubarris.net\/web40\/els-premis-nou-barris-2022-guardonen-projectes-educatius-i-una-trajectoria-esportiva-pionera\/","url":"https:\/\/www.noubarris.net\/web40\/els-premis-nou-barris-2022-guardonen-projectes-educatius-i-una-trajectoria-esportiva-pionera\/","name":"Els Premis Nou Barris 2022 guardonen projectes educatius i una traject\u00f2ria esportiva pionera - NouBarris.Net","isPartOf":{"@id":"https:\/\/www.noubarris.net\/web40\/#website"},"primaryImageOfPage":{"@id":"https:\/\/www.noubarris.net\/web40\/els-premis-nou-barris-2022-guardonen-projectes-educatius-i-una-trajectoria-esportiva-pionera\/#primaryimage"},"image":{"@id":"https:\/\/www.noubarris.net\/web40\/els-premis-nou-barris-2022-guardonen-projectes-educatius-i-una-trajectoria-esportiva-pionera\/#primaryimage"},"thumbnailUrl":"https:\/\/www.noubarris.net\/web40\/wp-content\/uploads\/2022\/05\/160522premisnb.jpg","datePublished":"2022-05-15T22:00:26+00:00","breadcrumb":{"@id":"https:\/\/www.noubarris.net\/web40\/els-premis-nou-barris-2022-guardonen-projectes-educatius-i-una-trajectoria-esportiva-pionera\/#breadcrumb"},"inLanguage":"ca","potentialAction":[{"@type":"ReadAction","target":["https:\/\/www.noubarris.net\/web40\/els-premis-nou-barris-2022-guardonen-projectes-educatius-i-una-trajectoria-esportiva-pionera\/"]}]},{"@type":"ImageObject","inLanguage":"ca","@id":"https:\/\/www.noubarris.net\/web40\/els-premis-nou-barris-2022-guardonen-projectes-educatius-i-una-trajectoria-esportiva-pionera\/#primaryimage","url":"https:\/\/www.noubarris.net\/web40\/wp-content\/uploads\/2022\/05\/160522premisnb.jpg","contentUrl":"https:\/\/www.noubarris.net\/web40\/wp-content\/uploads\/2022\/05\/160522premisnb.jpg","width":768,"height":432},{"@type":"BreadcrumbList","@id":"https:\/\/www.noubarris.net\/web40\/els-premis-nou-barris-2022-guardonen-projectes-educatius-i-una-trajectoria-esportiva-pionera\/#breadcrumb","itemListElement":[{"@type":"ListItem","position":1,"name":"Inici","item":"https:\/\/www.noubarris.net\/web40\/"},{"@type":"ListItem","position":2,"name":"Els Premis Nou Barris 2022 guardonen projectes educatius i una traject\u00f2ria esportiva pionera"}]},{"@type":"WebSite","@id":"https:\/\/www.noubarris.net\/web40\/#website","url":"https:\/\/www.noubarris.net\/web40\/","name":"NouBarris.Net","description":"Seguint la vida de Nou Barris des de 1985","publisher":{"@id":"https:\/\/www.noubarris.net\/web40\/#organization"},"potentialAction":[{"@type":"SearchAction","target":{"@type":"EntryPoint","urlTemplate":"https:\/\/www.noubarris.net\/web40\/?s={search_term_string}"},"query-input":{"@type":"PropertyValueSpecification","valueRequired":true,"valueName":"search_term_string"}}],"inLanguage":"ca"},{"@type":"Organization","@id":"https:\/\/www.noubarris.net\/web40\/#organization","name":"NouBarris.Net","url":"https:\/\/www.noubarris.net\/web40\/","logo":{"@type":"ImageObject","inLanguage":"ca","@id":"https:\/\/www.noubarris.net\/web40\/#\/schema\/logo\/image\/","url":"https:\/\/www.noubarris.net\/web40\/wp-content\/uploads\/2024\/11\/cropped-cropped-LOGO_9BTV-2024_Insta-1.jpg","contentUrl":"https:\/\/www.noubarris.net\/web40\/wp-content\/uploads\/2024\/11\/cropped-cropped-LOGO_9BTV-2024_Insta-1.jpg","width":512,"height":512,"caption":"NouBarris.Net"},"image":{"@id":"https:\/\/www.noubarris.net\/web40\/#\/schema\/logo\/image\/"},"sameAs":["https:\/\/www.facebook.com\/NouBarris.net\/?locale=es_ES","https:\/\/x.com\/9BTV"]},{"@type":"Person","@id":"https:\/\/www.noubarris.net\/web40\/#\/schema\/person\/1827f92aaa316c54abbf4dac0de76069","name":"Informatius","image":{"@type":"ImageObject","inLanguage":"ca","@id":"https:\/\/www.noubarris.net\/web40\/#\/schema\/person\/image\/","url":"https:\/\/secure.gravatar.com\/avatar\/87a3b47928835fc72c6ee5b0e1a7263ef0c2d05003a98189bc14926c5f11bcdb?s=96&d=mm&r=g","contentUrl":"https:\/\/secure.gravatar.com\/avatar\/87a3b47928835fc72c6ee5b0e1a7263ef0c2d05003a98189bc14926c5f11bcdb?s=96&d=mm&r=g","caption":"Informatius"},"url":"https:\/\/www.noubarris.net\/web40\/author\/tele\/"}]}},"_links":{"self":[{"href":"https:\/\/www.noubarris.net\/web40\/wp-json\/wp\/v2\/posts\/79094","targetHints":{"allow":["GET"]}}],"collection":[{"href":"https:\/\/www.noubarris.net\/web40\/wp-json\/wp\/v2\/posts"}],"about":[{"href":"https:\/\/www.noubarris.net\/web40\/wp-json\/wp\/v2\/types\/post"}],"author":[{"embeddable":true,"href":"https:\/\/www.noubarris.net\/web40\/wp-json\/wp\/v2\/users\/2"}],"replies":[{"embeddable":true,"href":"https:\/\/www.noubarris.net\/web40\/wp-json\/wp\/v2\/comments?post=79094"}],"version-history":[{"count":1,"href":"https:\/\/www.noubarris.net\/web40\/wp-json\/wp\/v2\/posts\/79094\/revisions"}],"predecessor-version":[{"id":79096,"href":"https:\/\/www.noubarris.net\/web40\/wp-json\/wp\/v2\/posts\/79094\/revisions\/79096"}],"wp:featuredmedia":[{"embeddable":true,"href":"https:\/\/www.noubarris.net\/web40\/wp-json\/wp\/v2\/media\/79095"}],"wp:attachment":[{"href":"https:\/\/www.noubarris.net\/web40\/wp-json\/wp\/v2\/media?parent=79094"}],"wp:term":[{"taxonomy":"category","embeddable":true,"href":"https:\/\/www.noubarris.net\/web40\/wp-json\/wp\/v2\/categories?post=79094"},{"taxonomy":"post_tag","embeddable":true,"href":"https:\/\/www.noubarris.net\/web40\/wp-json\/wp\/v2\/tags?post=79094"}],"curies":[{"name":"wp","href":"https:\/\/api.w.org\/{rel}","templated":true}]}}