{"id":79104,"date":"2022-05-18T10:34:38","date_gmt":"2022-05-18T08:34:38","guid":{"rendered":"http:\/\/www.noubarris.net\/web40\/?p=79104"},"modified":"2022-05-18T10:47:50","modified_gmt":"2022-05-18T08:47:50","slug":"el-turo-de-la-peira-esta-de-dol-per-la-perdua-de-fermin-diaz-un-referent-dins-lesport-i-el-barri","status":"publish","type":"post","link":"https:\/\/www.noubarris.net\/web40\/el-turo-de-la-peira-esta-de-dol-per-la-perdua-de-fermin-diaz-un-referent-dins-lesport-i-el-barri\/","title":{"rendered":"El Tur\u00f3 de la Peira est\u00e0 de dol per la p\u00e8rdua de Ferm\u00edn D\u00edaz, un referent dins l&#8217;esport i el barri"},"content":{"rendered":"<div><b>El club i els ve\u00efns el recorden com una persona sempre disposada a ajudar a tothom\u00a0<\/b><\/div>\n<div><\/div>\n<div><\/div>\n<div>Ferm\u00edn D\u00edaz, era un dels referents de l&#8217;esport de barri al Districte. Era un dels pilars m\u00e9s importants del CCD Tur\u00f3 de la Peira, entitat que vicepresidia actualment. En Ferm\u00edn n\u2019havia estat l\u2019\u00e0nima del club, sempre a la recerca de recursos per garantir-ne la superviv\u00e8ncia. El seu principal objectiu era que els infants i adolescents poguessin fer esport amb independ\u00e8ncia de les seves possibilitats.<\/div>\n<div><\/div>\n<div>Va liderar la lluita per instal\u00b7lar gespa al camp del Tur\u00f3 de la Peira, un dels darrers en tenir-la. I tamb\u00e9 per aconseguit millores a les instal\u00b7lacions, que fins i tot havien tingut despreniments en una de les cantonades. El seu tarann\u00e0 integrador el va portat tamb\u00e9 a promoure que els diumenges al mat\u00ed la comunitat pakistanesa jugui a criquet al camp. El CCD Tur\u00f3 de la Peira ha arribat a tenir fins a 25 nacionalitats diferents entre els jugadors.<\/div>\n<div><\/div>\n<div>Des del club, emfatitzen l\u2019alt valor hum\u00e0 de Ferm\u00edn D\u00edaz. Destaquen la capacitat que tenia per ajudar sempre de forma absolutament altruista. Com, per exemple, quan cedia un pis de la seva propietat a jugadors majors d\u2019edat sense recursos o a fam\u00edlies que puntualment no tenien feina i no podien pagar un lloguer. Per tot plegat\u00a0 en Ferm\u00edn era respectat i estimat per tothom al Tur\u00f3 i enguany ha estat un dels nominats als Premis Nou Barris.<\/div>\n<div><\/div>\n<div>Des de Noubarris.net i la televisi\u00f3 de Nou Barris volem traslladar el nostre condol a familiars i amics, aix\u00ed com al seu estimat CCD Tur\u00f3 de la Peira.<\/div>\n","protected":false},"excerpt":{"rendered":"<p>El club i els ve\u00efns el recorden com una persona sempre disposada a ajudar a tothom\u00a0 Ferm\u00edn D\u00edaz, era un<\/p>\n","protected":false},"author":2,"featured_media":79105,"comment_status":"closed","ping_status":"closed","sticky":false,"template":"","format":"standard","meta":{"colormag_page_layout":"default_layout","_monsterinsights_skip_tracking":false,"_monsterinsights_sitenote_active":false,"_monsterinsights_sitenote_note":"","_monsterinsights_sitenote_category":0,"footnotes":""},"categories":[139,1,484,124],"tags":[246,422],"class_list":["post-79104","post","type-post","status-publish","format-standard","has-post-thumbnail","hentry","category-el-turo-de-la-peira","category-nou-barris","category-participacio","category-societat","tag-el-turo-de-la-peira","tag-societat"],"yoast_head":"<!-- This site is optimized with the Yoast SEO plugin v25.3 - https:\/\/yoast.com\/wordpress\/plugins\/seo\/ -->\n<title>El Tur\u00f3 de la Peira est\u00e0 de dol per la p\u00e8rdua de Ferm\u00edn D\u00edaz, un referent dins l&#039;esport i el barri - NouBarris.Net<\/title>\n<meta name=\"robots\" content=\"index, follow, max-snippet:-1, max-image-preview:large, max-video-preview:-1\" \/>\n<link rel=\"canonical\" href=\"https:\/\/www.noubarris.net\/web40\/el-turo-de-la-peira-esta-de-dol-per-la-perdua-de-fermin-diaz-un-referent-dins-lesport-i-el-barri\/\" \/>\n<meta property=\"og:locale\" content=\"ca_ES\" \/>\n<meta property=\"og:type\" content=\"article\" \/>\n<meta property=\"og:title\" content=\"El Tur\u00f3 de la Peira est\u00e0 de dol per la p\u00e8rdua de Ferm\u00edn D\u00edaz, un referent dins l&#039;esport i el barri - NouBarris.Net\" \/>\n<meta property=\"og:description\" content=\"El club i els ve\u00efns el recorden com una persona sempre disposada a ajudar a tothom\u00a0 Ferm\u00edn D\u00edaz, era un\" \/>\n<meta property=\"og:url\" content=\"https:\/\/www.noubarris.net\/web40\/el-turo-de-la-peira-esta-de-dol-per-la-perdua-de-fermin-diaz-un-referent-dins-lesport-i-el-barri\/\" \/>\n<meta property=\"og:site_name\" content=\"NouBarris.Net\" \/>\n<meta property=\"article:publisher\" content=\"https:\/\/www.facebook.com\/NouBarris.net\/?locale=es_ES\" \/>\n<meta property=\"article:published_time\" content=\"2022-05-18T08:34:38+00:00\" \/>\n<meta property=\"article:modified_time\" content=\"2022-05-18T08:47:50+00:00\" \/>\n<meta property=\"og:image\" content=\"https:\/\/www.noubarris.net\/web40\/wp-content\/uploads\/2022\/05\/fermin-diaz-180522.jpg\" \/>\n\t<meta property=\"og:image:width\" content=\"768\" \/>\n\t<meta property=\"og:image:height\" content=\"432\" \/>\n\t<meta property=\"og:image:type\" content=\"image\/jpeg\" \/>\n<meta name=\"author\" content=\"Informatius\" \/>\n<meta name=\"twitter:card\" content=\"summary_large_image\" \/>\n<meta name=\"twitter:creator\" content=\"@9BTV\" \/>\n<meta name=\"twitter:site\" content=\"@9BTV\" \/>\n<meta name=\"twitter:label1\" content=\"Escrit per\" \/>\n\t<meta name=\"twitter:data1\" content=\"Informatius\" \/>\n\t<meta name=\"twitter:label2\" content=\"Temps estimat de lectura\" \/>\n\t<meta name=\"twitter:data2\" content=\"1 minut\" \/>\n<script type=\"application\/ld+json\" class=\"yoast-schema-graph\">{\"@context\":\"https:\/\/schema.org\",\"@graph\":[{\"@type\":\"Article\",\"@id\":\"https:\/\/www.noubarris.net\/web40\/el-turo-de-la-peira-esta-de-dol-per-la-perdua-de-fermin-diaz-un-referent-dins-lesport-i-el-barri\/#article\",\"isPartOf\":{\"@id\":\"https:\/\/www.noubarris.net\/web40\/el-turo-de-la-peira-esta-de-dol-per-la-perdua-de-fermin-diaz-un-referent-dins-lesport-i-el-barri\/\"},\"author\":{\"name\":\"Informatius\",\"@id\":\"https:\/\/www.noubarris.net\/web40\/#\/schema\/person\/1827f92aaa316c54abbf4dac0de76069\"},\"headline\":\"El Tur\u00f3 de la Peira est\u00e0 de dol per la p\u00e8rdua de Ferm\u00edn D\u00edaz, un referent dins l&#8217;esport i el barri\",\"datePublished\":\"2022-05-18T08:34:38+00:00\",\"dateModified\":\"2022-05-18T08:47:50+00:00\",\"mainEntityOfPage\":{\"@id\":\"https:\/\/www.noubarris.net\/web40\/el-turo-de-la-peira-esta-de-dol-per-la-perdua-de-fermin-diaz-un-referent-dins-lesport-i-el-barri\/\"},\"wordCount\":308,\"publisher\":{\"@id\":\"https:\/\/www.noubarris.net\/web40\/#organization\"},\"image\":{\"@id\":\"https:\/\/www.noubarris.net\/web40\/el-turo-de-la-peira-esta-de-dol-per-la-perdua-de-fermin-diaz-un-referent-dins-lesport-i-el-barri\/#primaryimage\"},\"thumbnailUrl\":\"https:\/\/www.noubarris.net\/web40\/wp-content\/uploads\/2022\/05\/fermin-diaz-180522.jpg\",\"keywords\":[\"El Tur\u00f3 de la Peira\",\"societat\"],\"articleSection\":[\"El Tur\u00f3 de la Peira\",\"Nou Barris\",\"Participaci\u00f3\",\"Societat\"],\"inLanguage\":\"ca\"},{\"@type\":\"WebPage\",\"@id\":\"https:\/\/www.noubarris.net\/web40\/el-turo-de-la-peira-esta-de-dol-per-la-perdua-de-fermin-diaz-un-referent-dins-lesport-i-el-barri\/\",\"url\":\"https:\/\/www.noubarris.net\/web40\/el-turo-de-la-peira-esta-de-dol-per-la-perdua-de-fermin-diaz-un-referent-dins-lesport-i-el-barri\/\",\"name\":\"El Tur\u00f3 de la Peira est\u00e0 de dol per la p\u00e8rdua de Ferm\u00edn D\u00edaz, un referent dins l'esport i el barri - NouBarris.Net\",\"isPartOf\":{\"@id\":\"https:\/\/www.noubarris.net\/web40\/#website\"},\"primaryImageOfPage\":{\"@id\":\"https:\/\/www.noubarris.net\/web40\/el-turo-de-la-peira-esta-de-dol-per-la-perdua-de-fermin-diaz-un-referent-dins-lesport-i-el-barri\/#primaryimage\"},\"image\":{\"@id\":\"https:\/\/www.noubarris.net\/web40\/el-turo-de-la-peira-esta-de-dol-per-la-perdua-de-fermin-diaz-un-referent-dins-lesport-i-el-barri\/#primaryimage\"},\"thumbnailUrl\":\"https:\/\/www.noubarris.net\/web40\/wp-content\/uploads\/2022\/05\/fermin-diaz-180522.jpg\",\"datePublished\":\"2022-05-18T08:34:38+00:00\",\"dateModified\":\"2022-05-18T08:47:50+00:00\",\"breadcrumb\":{\"@id\":\"https:\/\/www.noubarris.net\/web40\/el-turo-de-la-peira-esta-de-dol-per-la-perdua-de-fermin-diaz-un-referent-dins-lesport-i-el-barri\/#breadcrumb\"},\"inLanguage\":\"ca\",\"potentialAction\":[{\"@type\":\"ReadAction\",\"target\":[\"https:\/\/www.noubarris.net\/web40\/el-turo-de-la-peira-esta-de-dol-per-la-perdua-de-fermin-diaz-un-referent-dins-lesport-i-el-barri\/\"]}]},{\"@type\":\"ImageObject\",\"inLanguage\":\"ca\",\"@id\":\"https:\/\/www.noubarris.net\/web40\/el-turo-de-la-peira-esta-de-dol-per-la-perdua-de-fermin-diaz-un-referent-dins-lesport-i-el-barri\/#primaryimage\",\"url\":\"https:\/\/www.noubarris.net\/web40\/wp-content\/uploads\/2022\/05\/fermin-diaz-180522.jpg\",\"contentUrl\":\"https:\/\/www.noubarris.net\/web40\/wp-content\/uploads\/2022\/05\/fermin-diaz-180522.jpg\",\"width\":768,\"height\":432,\"caption\":\"Ferm\u00edn D\u00edaz\"},{\"@type\":\"BreadcrumbList\",\"@id\":\"https:\/\/www.noubarris.net\/web40\/el-turo-de-la-peira-esta-de-dol-per-la-perdua-de-fermin-diaz-un-referent-dins-lesport-i-el-barri\/#breadcrumb\",\"itemListElement\":[{\"@type\":\"ListItem\",\"position\":1,\"name\":\"Inici\",\"item\":\"https:\/\/www.noubarris.net\/web40\/\"},{\"@type\":\"ListItem\",\"position\":2,\"name\":\"El Tur\u00f3 de la Peira est\u00e0 de dol per la p\u00e8rdua de Ferm\u00edn D\u00edaz, un referent dins l&#8217;esport i el barri\"}]},{\"@type\":\"WebSite\",\"@id\":\"https:\/\/www.noubarris.net\/web40\/#website\",\"url\":\"https:\/\/www.noubarris.net\/web40\/\",\"name\":\"NouBarris.Net\",\"description\":\"Seguint la vida de Nou Barris des de 1985\",\"publisher\":{\"@id\":\"https:\/\/www.noubarris.net\/web40\/#organization\"},\"potentialAction\":[{\"@type\":\"SearchAction\",\"target\":{\"@type\":\"EntryPoint\",\"urlTemplate\":\"https:\/\/www.noubarris.net\/web40\/?s={search_term_string}\"},\"query-input\":{\"@type\":\"PropertyValueSpecification\",\"valueRequired\":true,\"valueName\":\"search_term_string\"}}],\"inLanguage\":\"ca\"},{\"@type\":\"Organization\",\"@id\":\"https:\/\/www.noubarris.net\/web40\/#organization\",\"name\":\"NouBarris.Net\",\"url\":\"https:\/\/www.noubarris.net\/web40\/\",\"logo\":{\"@type\":\"ImageObject\",\"inLanguage\":\"ca\",\"@id\":\"https:\/\/www.noubarris.net\/web40\/#\/schema\/logo\/image\/\",\"url\":\"https:\/\/www.noubarris.net\/web40\/wp-content\/uploads\/2024\/11\/cropped-cropped-LOGO_9BTV-2024_Insta-1.jpg\",\"contentUrl\":\"https:\/\/www.noubarris.net\/web40\/wp-content\/uploads\/2024\/11\/cropped-cropped-LOGO_9BTV-2024_Insta-1.jpg\",\"width\":512,\"height\":512,\"caption\":\"NouBarris.Net\"},\"image\":{\"@id\":\"https:\/\/www.noubarris.net\/web40\/#\/schema\/logo\/image\/\"},\"sameAs\":[\"https:\/\/www.facebook.com\/NouBarris.net\/?locale=es_ES\",\"https:\/\/x.com\/9BTV\"]},{\"@type\":\"Person\",\"@id\":\"https:\/\/www.noubarris.net\/web40\/#\/schema\/person\/1827f92aaa316c54abbf4dac0de76069\",\"name\":\"Informatius\",\"image\":{\"@type\":\"ImageObject\",\"inLanguage\":\"ca\",\"@id\":\"https:\/\/www.noubarris.net\/web40\/#\/schema\/person\/image\/\",\"url\":\"https:\/\/secure.gravatar.com\/avatar\/87a3b47928835fc72c6ee5b0e1a7263ef0c2d05003a98189bc14926c5f11bcdb?s=96&d=mm&r=g\",\"contentUrl\":\"https:\/\/secure.gravatar.com\/avatar\/87a3b47928835fc72c6ee5b0e1a7263ef0c2d05003a98189bc14926c5f11bcdb?s=96&d=mm&r=g\",\"caption\":\"Informatius\"},\"url\":\"https:\/\/www.noubarris.net\/web40\/author\/tele\/\"}]}<\/script>\n<!-- \/ Yoast SEO plugin. -->","yoast_head_json":{"title":"El Tur\u00f3 de la Peira est\u00e0 de dol per la p\u00e8rdua de Ferm\u00edn D\u00edaz, un referent dins l'esport i el barri - NouBarris.Net","robots":{"index":"index","follow":"follow","max-snippet":"max-snippet:-1","max-image-preview":"max-image-preview:large","max-video-preview":"max-video-preview:-1"},"canonical":"https:\/\/www.noubarris.net\/web40\/el-turo-de-la-peira-esta-de-dol-per-la-perdua-de-fermin-diaz-un-referent-dins-lesport-i-el-barri\/","og_locale":"ca_ES","og_type":"article","og_title":"El Tur\u00f3 de la Peira est\u00e0 de dol per la p\u00e8rdua de Ferm\u00edn D\u00edaz, un referent dins l'esport i el barri - NouBarris.Net","og_description":"El club i els ve\u00efns el recorden com una persona sempre disposada a ajudar a tothom\u00a0 Ferm\u00edn D\u00edaz, era un","og_url":"https:\/\/www.noubarris.net\/web40\/el-turo-de-la-peira-esta-de-dol-per-la-perdua-de-fermin-diaz-un-referent-dins-lesport-i-el-barri\/","og_site_name":"NouBarris.Net","article_publisher":"https:\/\/www.facebook.com\/NouBarris.net\/?locale=es_ES","article_published_time":"2022-05-18T08:34:38+00:00","article_modified_time":"2022-05-18T08:47:50+00:00","og_image":[{"width":768,"height":432,"url":"https:\/\/www.noubarris.net\/web40\/wp-content\/uploads\/2022\/05\/fermin-diaz-180522.jpg","type":"image\/jpeg"}],"author":"Informatius","twitter_card":"summary_large_image","twitter_creator":"@9BTV","twitter_site":"@9BTV","twitter_misc":{"Escrit per":"Informatius","Temps estimat de lectura":"1 minut"},"schema":{"@context":"https:\/\/schema.org","@graph":[{"@type":"Article","@id":"https:\/\/www.noubarris.net\/web40\/el-turo-de-la-peira-esta-de-dol-per-la-perdua-de-fermin-diaz-un-referent-dins-lesport-i-el-barri\/#article","isPartOf":{"@id":"https:\/\/www.noubarris.net\/web40\/el-turo-de-la-peira-esta-de-dol-per-la-perdua-de-fermin-diaz-un-referent-dins-lesport-i-el-barri\/"},"author":{"name":"Informatius","@id":"https:\/\/www.noubarris.net\/web40\/#\/schema\/person\/1827f92aaa316c54abbf4dac0de76069"},"headline":"El Tur\u00f3 de la Peira est\u00e0 de dol per la p\u00e8rdua de Ferm\u00edn D\u00edaz, un referent dins l&#8217;esport i el barri","datePublished":"2022-05-18T08:34:38+00:00","dateModified":"2022-05-18T08:47:50+00:00","mainEntityOfPage":{"@id":"https:\/\/www.noubarris.net\/web40\/el-turo-de-la-peira-esta-de-dol-per-la-perdua-de-fermin-diaz-un-referent-dins-lesport-i-el-barri\/"},"wordCount":308,"publisher":{"@id":"https:\/\/www.noubarris.net\/web40\/#organization"},"image":{"@id":"https:\/\/www.noubarris.net\/web40\/el-turo-de-la-peira-esta-de-dol-per-la-perdua-de-fermin-diaz-un-referent-dins-lesport-i-el-barri\/#primaryimage"},"thumbnailUrl":"https:\/\/www.noubarris.net\/web40\/wp-content\/uploads\/2022\/05\/fermin-diaz-180522.jpg","keywords":["El Tur\u00f3 de la Peira","societat"],"articleSection":["El Tur\u00f3 de la Peira","Nou Barris","Participaci\u00f3","Societat"],"inLanguage":"ca"},{"@type":"WebPage","@id":"https:\/\/www.noubarris.net\/web40\/el-turo-de-la-peira-esta-de-dol-per-la-perdua-de-fermin-diaz-un-referent-dins-lesport-i-el-barri\/","url":"https:\/\/www.noubarris.net\/web40\/el-turo-de-la-peira-esta-de-dol-per-la-perdua-de-fermin-diaz-un-referent-dins-lesport-i-el-barri\/","name":"El Tur\u00f3 de la Peira est\u00e0 de dol per la p\u00e8rdua de Ferm\u00edn D\u00edaz, un referent dins l'esport i el barri - NouBarris.Net","isPartOf":{"@id":"https:\/\/www.noubarris.net\/web40\/#website"},"primaryImageOfPage":{"@id":"https:\/\/www.noubarris.net\/web40\/el-turo-de-la-peira-esta-de-dol-per-la-perdua-de-fermin-diaz-un-referent-dins-lesport-i-el-barri\/#primaryimage"},"image":{"@id":"https:\/\/www.noubarris.net\/web40\/el-turo-de-la-peira-esta-de-dol-per-la-perdua-de-fermin-diaz-un-referent-dins-lesport-i-el-barri\/#primaryimage"},"thumbnailUrl":"https:\/\/www.noubarris.net\/web40\/wp-content\/uploads\/2022\/05\/fermin-diaz-180522.jpg","datePublished":"2022-05-18T08:34:38+00:00","dateModified":"2022-05-18T08:47:50+00:00","breadcrumb":{"@id":"https:\/\/www.noubarris.net\/web40\/el-turo-de-la-peira-esta-de-dol-per-la-perdua-de-fermin-diaz-un-referent-dins-lesport-i-el-barri\/#breadcrumb"},"inLanguage":"ca","potentialAction":[{"@type":"ReadAction","target":["https:\/\/www.noubarris.net\/web40\/el-turo-de-la-peira-esta-de-dol-per-la-perdua-de-fermin-diaz-un-referent-dins-lesport-i-el-barri\/"]}]},{"@type":"ImageObject","inLanguage":"ca","@id":"https:\/\/www.noubarris.net\/web40\/el-turo-de-la-peira-esta-de-dol-per-la-perdua-de-fermin-diaz-un-referent-dins-lesport-i-el-barri\/#primaryimage","url":"https:\/\/www.noubarris.net\/web40\/wp-content\/uploads\/2022\/05\/fermin-diaz-180522.jpg","contentUrl":"https:\/\/www.noubarris.net\/web40\/wp-content\/uploads\/2022\/05\/fermin-diaz-180522.jpg","width":768,"height":432,"caption":"Ferm\u00edn D\u00edaz"},{"@type":"BreadcrumbList","@id":"https:\/\/www.noubarris.net\/web40\/el-turo-de-la-peira-esta-de-dol-per-la-perdua-de-fermin-diaz-un-referent-dins-lesport-i-el-barri\/#breadcrumb","itemListElement":[{"@type":"ListItem","position":1,"name":"Inici","item":"https:\/\/www.noubarris.net\/web40\/"},{"@type":"ListItem","position":2,"name":"El Tur\u00f3 de la Peira est\u00e0 de dol per la p\u00e8rdua de Ferm\u00edn D\u00edaz, un referent dins l&#8217;esport i el barri"}]},{"@type":"WebSite","@id":"https:\/\/www.noubarris.net\/web40\/#website","url":"https:\/\/www.noubarris.net\/web40\/","name":"NouBarris.Net","description":"Seguint la vida de Nou Barris des de 1985","publisher":{"@id":"https:\/\/www.noubarris.net\/web40\/#organization"},"potentialAction":[{"@type":"SearchAction","target":{"@type":"EntryPoint","urlTemplate":"https:\/\/www.noubarris.net\/web40\/?s={search_term_string}"},"query-input":{"@type":"PropertyValueSpecification","valueRequired":true,"valueName":"search_term_string"}}],"inLanguage":"ca"},{"@type":"Organization","@id":"https:\/\/www.noubarris.net\/web40\/#organization","name":"NouBarris.Net","url":"https:\/\/www.noubarris.net\/web40\/","logo":{"@type":"ImageObject","inLanguage":"ca","@id":"https:\/\/www.noubarris.net\/web40\/#\/schema\/logo\/image\/","url":"https:\/\/www.noubarris.net\/web40\/wp-content\/uploads\/2024\/11\/cropped-cropped-LOGO_9BTV-2024_Insta-1.jpg","contentUrl":"https:\/\/www.noubarris.net\/web40\/wp-content\/uploads\/2024\/11\/cropped-cropped-LOGO_9BTV-2024_Insta-1.jpg","width":512,"height":512,"caption":"NouBarris.Net"},"image":{"@id":"https:\/\/www.noubarris.net\/web40\/#\/schema\/logo\/image\/"},"sameAs":["https:\/\/www.facebook.com\/NouBarris.net\/?locale=es_ES","https:\/\/x.com\/9BTV"]},{"@type":"Person","@id":"https:\/\/www.noubarris.net\/web40\/#\/schema\/person\/1827f92aaa316c54abbf4dac0de76069","name":"Informatius","image":{"@type":"ImageObject","inLanguage":"ca","@id":"https:\/\/www.noubarris.net\/web40\/#\/schema\/person\/image\/","url":"https:\/\/secure.gravatar.com\/avatar\/87a3b47928835fc72c6ee5b0e1a7263ef0c2d05003a98189bc14926c5f11bcdb?s=96&d=mm&r=g","contentUrl":"https:\/\/secure.gravatar.com\/avatar\/87a3b47928835fc72c6ee5b0e1a7263ef0c2d05003a98189bc14926c5f11bcdb?s=96&d=mm&r=g","caption":"Informatius"},"url":"https:\/\/www.noubarris.net\/web40\/author\/tele\/"}]}},"_links":{"self":[{"href":"https:\/\/www.noubarris.net\/web40\/wp-json\/wp\/v2\/posts\/79104","targetHints":{"allow":["GET"]}}],"collection":[{"href":"https:\/\/www.noubarris.net\/web40\/wp-json\/wp\/v2\/posts"}],"about":[{"href":"https:\/\/www.noubarris.net\/web40\/wp-json\/wp\/v2\/types\/post"}],"author":[{"embeddable":true,"href":"https:\/\/www.noubarris.net\/web40\/wp-json\/wp\/v2\/users\/2"}],"replies":[{"embeddable":true,"href":"https:\/\/www.noubarris.net\/web40\/wp-json\/wp\/v2\/comments?post=79104"}],"version-history":[{"count":3,"href":"https:\/\/www.noubarris.net\/web40\/wp-json\/wp\/v2\/posts\/79104\/revisions"}],"predecessor-version":[{"id":79109,"href":"https:\/\/www.noubarris.net\/web40\/wp-json\/wp\/v2\/posts\/79104\/revisions\/79109"}],"wp:featuredmedia":[{"embeddable":true,"href":"https:\/\/www.noubarris.net\/web40\/wp-json\/wp\/v2\/media\/79105"}],"wp:attachment":[{"href":"https:\/\/www.noubarris.net\/web40\/wp-json\/wp\/v2\/media?parent=79104"}],"wp:term":[{"taxonomy":"category","embeddable":true,"href":"https:\/\/www.noubarris.net\/web40\/wp-json\/wp\/v2\/categories?post=79104"},{"taxonomy":"post_tag","embeddable":true,"href":"https:\/\/www.noubarris.net\/web40\/wp-json\/wp\/v2\/tags?post=79104"}],"curies":[{"name":"wp","href":"https:\/\/api.w.org\/{rel}","templated":true}]}}