{"id":79112,"date":"2022-05-20T00:00:13","date_gmt":"2022-05-19T22:00:13","guid":{"rendered":"http:\/\/www.noubarris.net\/web40\/?p=79112"},"modified":"2022-05-19T21:44:52","modified_gmt":"2022-05-19T19:44:52","slug":"la-festa-major-encara-un-cap-de-setmana-amb-un-esclat-dactivitats","status":"publish","type":"post","link":"https:\/\/www.noubarris.net\/web40\/la-festa-major-encara-un-cap-de-setmana-amb-un-esclat-dactivitats\/","title":{"rendered":"La Festa Major encara un cap de setmana amb un esclat d&#8217;activitats"},"content":{"rendered":"<p><strong>El pregoner d&#8217;enguany, el campi\u00f3 de boxa S\u00e1ndor Mart\u00edn va reivindicar el talent del barri (V\u00cdDEO)<\/strong><\/p>\n<p>La Festa Major de Nou Barris encara el cap de setmana i, per tant, el gruix m\u00e9s gran del programa. Dissabte i diumenge trobareu la Fira Modernista, concerts, l&#8217;actuaci\u00f3 dels gegants de Nou Barris, de les colles castelleres, una mostra de comer\u00e7&#8230; en definitiva, moltes de les activitats que habitualment es duien a terme a la festa major del districte i que enguany es recuperen despr\u00e9s de dos anys en blanc per la covid-19.<\/p>\n<p>Podeu consultar <a href=\"https:\/\/media-edg.barcelona.cat\/wp-content\/uploads\/2022\/05\/17103718\/Programa-web-FM-2022_Accessible.pdf\">el programa per a aquests tres dies en aquest enlla\u00e7,<\/a> per\u00f2, a continuaci\u00f3 us oferim l&#8217;agenda d&#8217;avui:<\/p>\n<p>De 17 a 20h. Torneig 3&#215;3 B\u00e0squet Nou Barris al Poliesportiu Valldaura. Per a noies i nois de 12 a 17 anys. Org. Club de B\u00e0squet Nou Barris<\/p>\n<p>De 17.30 a 20h Parc de jocs a la pla\u00e7a Major de Nou Barris. A c\u00e0rrec de la Xarxa de Casals Infantils de Nou Barris<\/p>\n<p>18h. El Desperta Festa, a la pla\u00e7a Major de Nou Barris.\u00a0 Org. Colla gegantera de Nou Barris<\/p>\n<p>18h. Taller de balls de Festa Major. Org. \u00d2mnium Nou Barris, a la Sala d\u2019actes de la Seu del Districte<\/p>\n<p>18.30h. Concert del cor A Tota Veu a la Biblioteca Vilapicina i la Torre Llobeta<\/p>\n<p>19h. Taula rodona C\u00f2mic, plaer i tab\u00fa. A c\u00e0rrec del Col\u00b7lectiu Sextories, al Centre C\u00edvic Can Verdaguer<\/p>\n<p>19h. Concert amb la Banda Simf\u00f2nica Roquetes \u2013 Nou Barris, al Pati de la Seu del Districte<\/p>\n<p>22h. Concert de Festa Major amb l\u2019Orquestra Aqu\u00e0rium, a la pla\u00e7a de Joaquim Serra, al costat de la pla\u00e7a Major de Nou Barris.<\/p>\n<p>Abans que decidiu qu\u00e8 fer, us volem deixar el preg\u00f3 de la festa que aquest any ha anat a c\u00e0rrec del boxejador S\u00e1ndor Mart\u00edn, ve\u00ed del barri i al capdavant, junt amb el seu pare, del gimn\u00e0s KO Verd\u00fan. S\u00e1ndor Mart\u00edn va reivindicar en el seu preg\u00f3 el talent dels nostres barris i va posar en valor tot el que el districte pot oferir.<\/p>\n<p><iframe loading=\"lazy\" title=\"Prego Festa Major Nou Barris 2022 | Sandor Marti\u0301n\" width=\"800\" height=\"450\" src=\"https:\/\/www.youtube.com\/embed\/zQ3E5OSyKuM?feature=oembed\" frameborder=\"0\" allow=\"accelerometer; autoplay; clipboard-write; encrypted-media; gyroscope; picture-in-picture\" allowfullscreen><\/iframe><\/p>\n","protected":false},"excerpt":{"rendered":"<p>El pregoner d&#8217;enguany, el campi\u00f3 de boxa S\u00e1ndor Mart\u00edn va reivindicar el talent del barri (V\u00cdDEO) La Festa Major de<\/p>\n","protected":false},"author":2,"featured_media":79113,"comment_status":"closed","ping_status":"closed","sticky":false,"template":"","format":"standard","meta":{"colormag_page_layout":"default_layout","_monsterinsights_skip_tracking":false,"_monsterinsights_sitenote_active":false,"_monsterinsights_sitenote_note":"","_monsterinsights_sitenote_category":0,"footnotes":""},"categories":[129,1],"tags":[63,286],"class_list":["post-79112","post","type-post","status-publish","format-standard","has-post-thumbnail","hentry","category-cultura","category-nou-barris","tag-festa-major","tag-sandor-martin"],"yoast_head":"<!-- This site is optimized with the Yoast SEO plugin v25.3 - https:\/\/yoast.com\/wordpress\/plugins\/seo\/ -->\n<title>La Festa Major encara un cap de setmana amb un esclat d&#039;activitats - NouBarris.Net<\/title>\n<meta name=\"robots\" content=\"index, follow, max-snippet:-1, max-image-preview:large, max-video-preview:-1\" \/>\n<link rel=\"canonical\" href=\"https:\/\/www.noubarris.net\/web40\/la-festa-major-encara-un-cap-de-setmana-amb-un-esclat-dactivitats\/\" \/>\n<meta property=\"og:locale\" content=\"ca_ES\" \/>\n<meta property=\"og:type\" content=\"article\" \/>\n<meta property=\"og:title\" content=\"La Festa Major encara un cap de setmana amb un esclat d&#039;activitats - NouBarris.Net\" \/>\n<meta property=\"og:description\" content=\"El pregoner d&#8217;enguany, el campi\u00f3 de boxa S\u00e1ndor Mart\u00edn va reivindicar el talent del barri (V\u00cdDEO) La Festa Major de\" \/>\n<meta property=\"og:url\" content=\"https:\/\/www.noubarris.net\/web40\/la-festa-major-encara-un-cap-de-setmana-amb-un-esclat-dactivitats\/\" \/>\n<meta property=\"og:site_name\" content=\"NouBarris.Net\" \/>\n<meta property=\"article:publisher\" content=\"https:\/\/www.facebook.com\/NouBarris.net\/?locale=es_ES\" \/>\n<meta property=\"article:published_time\" content=\"2022-05-19T22:00:13+00:00\" \/>\n<meta property=\"og:image\" content=\"https:\/\/www.noubarris.net\/web40\/wp-content\/uploads\/2022\/05\/200522.jpg\" \/>\n\t<meta property=\"og:image:width\" content=\"768\" \/>\n\t<meta property=\"og:image:height\" content=\"432\" \/>\n\t<meta property=\"og:image:type\" content=\"image\/jpeg\" \/>\n<meta name=\"author\" content=\"Informatius\" \/>\n<meta name=\"twitter:card\" content=\"summary_large_image\" \/>\n<meta name=\"twitter:creator\" content=\"@9BTV\" \/>\n<meta name=\"twitter:site\" content=\"@9BTV\" \/>\n<meta name=\"twitter:label1\" content=\"Escrit per\" \/>\n\t<meta name=\"twitter:data1\" content=\"Informatius\" \/>\n\t<meta name=\"twitter:label2\" content=\"Temps estimat de lectura\" \/>\n\t<meta name=\"twitter:data2\" content=\"2 minuts\" \/>\n<script type=\"application\/ld+json\" class=\"yoast-schema-graph\">{\"@context\":\"https:\/\/schema.org\",\"@graph\":[{\"@type\":\"Article\",\"@id\":\"https:\/\/www.noubarris.net\/web40\/la-festa-major-encara-un-cap-de-setmana-amb-un-esclat-dactivitats\/#article\",\"isPartOf\":{\"@id\":\"https:\/\/www.noubarris.net\/web40\/la-festa-major-encara-un-cap-de-setmana-amb-un-esclat-dactivitats\/\"},\"author\":{\"name\":\"Informatius\",\"@id\":\"https:\/\/www.noubarris.net\/web40\/#\/schema\/person\/1827f92aaa316c54abbf4dac0de76069\"},\"headline\":\"La Festa Major encara un cap de setmana amb un esclat d&#8217;activitats\",\"datePublished\":\"2022-05-19T22:00:13+00:00\",\"mainEntityOfPage\":{\"@id\":\"https:\/\/www.noubarris.net\/web40\/la-festa-major-encara-un-cap-de-setmana-amb-un-esclat-dactivitats\/\"},\"wordCount\":380,\"publisher\":{\"@id\":\"https:\/\/www.noubarris.net\/web40\/#organization\"},\"image\":{\"@id\":\"https:\/\/www.noubarris.net\/web40\/la-festa-major-encara-un-cap-de-setmana-amb-un-esclat-dactivitats\/#primaryimage\"},\"thumbnailUrl\":\"https:\/\/www.noubarris.net\/web40\/wp-content\/uploads\/2022\/05\/200522.jpg\",\"keywords\":[\"Festa Major\",\"Sandor Mart\u00edn\"],\"articleSection\":[\"Cultura\",\"Nou Barris\"],\"inLanguage\":\"ca\"},{\"@type\":\"WebPage\",\"@id\":\"https:\/\/www.noubarris.net\/web40\/la-festa-major-encara-un-cap-de-setmana-amb-un-esclat-dactivitats\/\",\"url\":\"https:\/\/www.noubarris.net\/web40\/la-festa-major-encara-un-cap-de-setmana-amb-un-esclat-dactivitats\/\",\"name\":\"La Festa Major encara un cap de setmana amb un esclat d'activitats - NouBarris.Net\",\"isPartOf\":{\"@id\":\"https:\/\/www.noubarris.net\/web40\/#website\"},\"primaryImageOfPage\":{\"@id\":\"https:\/\/www.noubarris.net\/web40\/la-festa-major-encara-un-cap-de-setmana-amb-un-esclat-dactivitats\/#primaryimage\"},\"image\":{\"@id\":\"https:\/\/www.noubarris.net\/web40\/la-festa-major-encara-un-cap-de-setmana-amb-un-esclat-dactivitats\/#primaryimage\"},\"thumbnailUrl\":\"https:\/\/www.noubarris.net\/web40\/wp-content\/uploads\/2022\/05\/200522.jpg\",\"datePublished\":\"2022-05-19T22:00:13+00:00\",\"breadcrumb\":{\"@id\":\"https:\/\/www.noubarris.net\/web40\/la-festa-major-encara-un-cap-de-setmana-amb-un-esclat-dactivitats\/#breadcrumb\"},\"inLanguage\":\"ca\",\"potentialAction\":[{\"@type\":\"ReadAction\",\"target\":[\"https:\/\/www.noubarris.net\/web40\/la-festa-major-encara-un-cap-de-setmana-amb-un-esclat-dactivitats\/\"]}]},{\"@type\":\"ImageObject\",\"inLanguage\":\"ca\",\"@id\":\"https:\/\/www.noubarris.net\/web40\/la-festa-major-encara-un-cap-de-setmana-amb-un-esclat-dactivitats\/#primaryimage\",\"url\":\"https:\/\/www.noubarris.net\/web40\/wp-content\/uploads\/2022\/05\/200522.jpg\",\"contentUrl\":\"https:\/\/www.noubarris.net\/web40\/wp-content\/uploads\/2022\/05\/200522.jpg\",\"width\":768,\"height\":432},{\"@type\":\"BreadcrumbList\",\"@id\":\"https:\/\/www.noubarris.net\/web40\/la-festa-major-encara-un-cap-de-setmana-amb-un-esclat-dactivitats\/#breadcrumb\",\"itemListElement\":[{\"@type\":\"ListItem\",\"position\":1,\"name\":\"Inici\",\"item\":\"https:\/\/www.noubarris.net\/web40\/\"},{\"@type\":\"ListItem\",\"position\":2,\"name\":\"La Festa Major encara un cap de setmana amb un esclat d&#8217;activitats\"}]},{\"@type\":\"WebSite\",\"@id\":\"https:\/\/www.noubarris.net\/web40\/#website\",\"url\":\"https:\/\/www.noubarris.net\/web40\/\",\"name\":\"NouBarris.Net\",\"description\":\"Seguint la vida de Nou Barris des de 1985\",\"publisher\":{\"@id\":\"https:\/\/www.noubarris.net\/web40\/#organization\"},\"potentialAction\":[{\"@type\":\"SearchAction\",\"target\":{\"@type\":\"EntryPoint\",\"urlTemplate\":\"https:\/\/www.noubarris.net\/web40\/?s={search_term_string}\"},\"query-input\":{\"@type\":\"PropertyValueSpecification\",\"valueRequired\":true,\"valueName\":\"search_term_string\"}}],\"inLanguage\":\"ca\"},{\"@type\":\"Organization\",\"@id\":\"https:\/\/www.noubarris.net\/web40\/#organization\",\"name\":\"NouBarris.Net\",\"url\":\"https:\/\/www.noubarris.net\/web40\/\",\"logo\":{\"@type\":\"ImageObject\",\"inLanguage\":\"ca\",\"@id\":\"https:\/\/www.noubarris.net\/web40\/#\/schema\/logo\/image\/\",\"url\":\"https:\/\/www.noubarris.net\/web40\/wp-content\/uploads\/2024\/11\/cropped-cropped-LOGO_9BTV-2024_Insta-1.jpg\",\"contentUrl\":\"https:\/\/www.noubarris.net\/web40\/wp-content\/uploads\/2024\/11\/cropped-cropped-LOGO_9BTV-2024_Insta-1.jpg\",\"width\":512,\"height\":512,\"caption\":\"NouBarris.Net\"},\"image\":{\"@id\":\"https:\/\/www.noubarris.net\/web40\/#\/schema\/logo\/image\/\"},\"sameAs\":[\"https:\/\/www.facebook.com\/NouBarris.net\/?locale=es_ES\",\"https:\/\/x.com\/9BTV\"]},{\"@type\":\"Person\",\"@id\":\"https:\/\/www.noubarris.net\/web40\/#\/schema\/person\/1827f92aaa316c54abbf4dac0de76069\",\"name\":\"Informatius\",\"image\":{\"@type\":\"ImageObject\",\"inLanguage\":\"ca\",\"@id\":\"https:\/\/www.noubarris.net\/web40\/#\/schema\/person\/image\/\",\"url\":\"https:\/\/secure.gravatar.com\/avatar\/87a3b47928835fc72c6ee5b0e1a7263ef0c2d05003a98189bc14926c5f11bcdb?s=96&d=mm&r=g\",\"contentUrl\":\"https:\/\/secure.gravatar.com\/avatar\/87a3b47928835fc72c6ee5b0e1a7263ef0c2d05003a98189bc14926c5f11bcdb?s=96&d=mm&r=g\",\"caption\":\"Informatius\"},\"url\":\"https:\/\/www.noubarris.net\/web40\/author\/tele\/\"}]}<\/script>\n<!-- \/ Yoast SEO plugin. -->","yoast_head_json":{"title":"La Festa Major encara un cap de setmana amb un esclat d'activitats - NouBarris.Net","robots":{"index":"index","follow":"follow","max-snippet":"max-snippet:-1","max-image-preview":"max-image-preview:large","max-video-preview":"max-video-preview:-1"},"canonical":"https:\/\/www.noubarris.net\/web40\/la-festa-major-encara-un-cap-de-setmana-amb-un-esclat-dactivitats\/","og_locale":"ca_ES","og_type":"article","og_title":"La Festa Major encara un cap de setmana amb un esclat d'activitats - NouBarris.Net","og_description":"El pregoner d&#8217;enguany, el campi\u00f3 de boxa S\u00e1ndor Mart\u00edn va reivindicar el talent del barri (V\u00cdDEO) La Festa Major de","og_url":"https:\/\/www.noubarris.net\/web40\/la-festa-major-encara-un-cap-de-setmana-amb-un-esclat-dactivitats\/","og_site_name":"NouBarris.Net","article_publisher":"https:\/\/www.facebook.com\/NouBarris.net\/?locale=es_ES","article_published_time":"2022-05-19T22:00:13+00:00","og_image":[{"width":768,"height":432,"url":"https:\/\/www.noubarris.net\/web40\/wp-content\/uploads\/2022\/05\/200522.jpg","type":"image\/jpeg"}],"author":"Informatius","twitter_card":"summary_large_image","twitter_creator":"@9BTV","twitter_site":"@9BTV","twitter_misc":{"Escrit per":"Informatius","Temps estimat de lectura":"2 minuts"},"schema":{"@context":"https:\/\/schema.org","@graph":[{"@type":"Article","@id":"https:\/\/www.noubarris.net\/web40\/la-festa-major-encara-un-cap-de-setmana-amb-un-esclat-dactivitats\/#article","isPartOf":{"@id":"https:\/\/www.noubarris.net\/web40\/la-festa-major-encara-un-cap-de-setmana-amb-un-esclat-dactivitats\/"},"author":{"name":"Informatius","@id":"https:\/\/www.noubarris.net\/web40\/#\/schema\/person\/1827f92aaa316c54abbf4dac0de76069"},"headline":"La Festa Major encara un cap de setmana amb un esclat d&#8217;activitats","datePublished":"2022-05-19T22:00:13+00:00","mainEntityOfPage":{"@id":"https:\/\/www.noubarris.net\/web40\/la-festa-major-encara-un-cap-de-setmana-amb-un-esclat-dactivitats\/"},"wordCount":380,"publisher":{"@id":"https:\/\/www.noubarris.net\/web40\/#organization"},"image":{"@id":"https:\/\/www.noubarris.net\/web40\/la-festa-major-encara-un-cap-de-setmana-amb-un-esclat-dactivitats\/#primaryimage"},"thumbnailUrl":"https:\/\/www.noubarris.net\/web40\/wp-content\/uploads\/2022\/05\/200522.jpg","keywords":["Festa Major","Sandor Mart\u00edn"],"articleSection":["Cultura","Nou Barris"],"inLanguage":"ca"},{"@type":"WebPage","@id":"https:\/\/www.noubarris.net\/web40\/la-festa-major-encara-un-cap-de-setmana-amb-un-esclat-dactivitats\/","url":"https:\/\/www.noubarris.net\/web40\/la-festa-major-encara-un-cap-de-setmana-amb-un-esclat-dactivitats\/","name":"La Festa Major encara un cap de setmana amb un esclat d'activitats - NouBarris.Net","isPartOf":{"@id":"https:\/\/www.noubarris.net\/web40\/#website"},"primaryImageOfPage":{"@id":"https:\/\/www.noubarris.net\/web40\/la-festa-major-encara-un-cap-de-setmana-amb-un-esclat-dactivitats\/#primaryimage"},"image":{"@id":"https:\/\/www.noubarris.net\/web40\/la-festa-major-encara-un-cap-de-setmana-amb-un-esclat-dactivitats\/#primaryimage"},"thumbnailUrl":"https:\/\/www.noubarris.net\/web40\/wp-content\/uploads\/2022\/05\/200522.jpg","datePublished":"2022-05-19T22:00:13+00:00","breadcrumb":{"@id":"https:\/\/www.noubarris.net\/web40\/la-festa-major-encara-un-cap-de-setmana-amb-un-esclat-dactivitats\/#breadcrumb"},"inLanguage":"ca","potentialAction":[{"@type":"ReadAction","target":["https:\/\/www.noubarris.net\/web40\/la-festa-major-encara-un-cap-de-setmana-amb-un-esclat-dactivitats\/"]}]},{"@type":"ImageObject","inLanguage":"ca","@id":"https:\/\/www.noubarris.net\/web40\/la-festa-major-encara-un-cap-de-setmana-amb-un-esclat-dactivitats\/#primaryimage","url":"https:\/\/www.noubarris.net\/web40\/wp-content\/uploads\/2022\/05\/200522.jpg","contentUrl":"https:\/\/www.noubarris.net\/web40\/wp-content\/uploads\/2022\/05\/200522.jpg","width":768,"height":432},{"@type":"BreadcrumbList","@id":"https:\/\/www.noubarris.net\/web40\/la-festa-major-encara-un-cap-de-setmana-amb-un-esclat-dactivitats\/#breadcrumb","itemListElement":[{"@type":"ListItem","position":1,"name":"Inici","item":"https:\/\/www.noubarris.net\/web40\/"},{"@type":"ListItem","position":2,"name":"La Festa Major encara un cap de setmana amb un esclat d&#8217;activitats"}]},{"@type":"WebSite","@id":"https:\/\/www.noubarris.net\/web40\/#website","url":"https:\/\/www.noubarris.net\/web40\/","name":"NouBarris.Net","description":"Seguint la vida de Nou Barris des de 1985","publisher":{"@id":"https:\/\/www.noubarris.net\/web40\/#organization"},"potentialAction":[{"@type":"SearchAction","target":{"@type":"EntryPoint","urlTemplate":"https:\/\/www.noubarris.net\/web40\/?s={search_term_string}"},"query-input":{"@type":"PropertyValueSpecification","valueRequired":true,"valueName":"search_term_string"}}],"inLanguage":"ca"},{"@type":"Organization","@id":"https:\/\/www.noubarris.net\/web40\/#organization","name":"NouBarris.Net","url":"https:\/\/www.noubarris.net\/web40\/","logo":{"@type":"ImageObject","inLanguage":"ca","@id":"https:\/\/www.noubarris.net\/web40\/#\/schema\/logo\/image\/","url":"https:\/\/www.noubarris.net\/web40\/wp-content\/uploads\/2024\/11\/cropped-cropped-LOGO_9BTV-2024_Insta-1.jpg","contentUrl":"https:\/\/www.noubarris.net\/web40\/wp-content\/uploads\/2024\/11\/cropped-cropped-LOGO_9BTV-2024_Insta-1.jpg","width":512,"height":512,"caption":"NouBarris.Net"},"image":{"@id":"https:\/\/www.noubarris.net\/web40\/#\/schema\/logo\/image\/"},"sameAs":["https:\/\/www.facebook.com\/NouBarris.net\/?locale=es_ES","https:\/\/x.com\/9BTV"]},{"@type":"Person","@id":"https:\/\/www.noubarris.net\/web40\/#\/schema\/person\/1827f92aaa316c54abbf4dac0de76069","name":"Informatius","image":{"@type":"ImageObject","inLanguage":"ca","@id":"https:\/\/www.noubarris.net\/web40\/#\/schema\/person\/image\/","url":"https:\/\/secure.gravatar.com\/avatar\/87a3b47928835fc72c6ee5b0e1a7263ef0c2d05003a98189bc14926c5f11bcdb?s=96&d=mm&r=g","contentUrl":"https:\/\/secure.gravatar.com\/avatar\/87a3b47928835fc72c6ee5b0e1a7263ef0c2d05003a98189bc14926c5f11bcdb?s=96&d=mm&r=g","caption":"Informatius"},"url":"https:\/\/www.noubarris.net\/web40\/author\/tele\/"}]}},"_links":{"self":[{"href":"https:\/\/www.noubarris.net\/web40\/wp-json\/wp\/v2\/posts\/79112","targetHints":{"allow":["GET"]}}],"collection":[{"href":"https:\/\/www.noubarris.net\/web40\/wp-json\/wp\/v2\/posts"}],"about":[{"href":"https:\/\/www.noubarris.net\/web40\/wp-json\/wp\/v2\/types\/post"}],"author":[{"embeddable":true,"href":"https:\/\/www.noubarris.net\/web40\/wp-json\/wp\/v2\/users\/2"}],"replies":[{"embeddable":true,"href":"https:\/\/www.noubarris.net\/web40\/wp-json\/wp\/v2\/comments?post=79112"}],"version-history":[{"count":1,"href":"https:\/\/www.noubarris.net\/web40\/wp-json\/wp\/v2\/posts\/79112\/revisions"}],"predecessor-version":[{"id":79114,"href":"https:\/\/www.noubarris.net\/web40\/wp-json\/wp\/v2\/posts\/79112\/revisions\/79114"}],"wp:featuredmedia":[{"embeddable":true,"href":"https:\/\/www.noubarris.net\/web40\/wp-json\/wp\/v2\/media\/79113"}],"wp:attachment":[{"href":"https:\/\/www.noubarris.net\/web40\/wp-json\/wp\/v2\/media?parent=79112"}],"wp:term":[{"taxonomy":"category","embeddable":true,"href":"https:\/\/www.noubarris.net\/web40\/wp-json\/wp\/v2\/categories?post=79112"},{"taxonomy":"post_tag","embeddable":true,"href":"https:\/\/www.noubarris.net\/web40\/wp-json\/wp\/v2\/tags?post=79112"}],"curies":[{"name":"wp","href":"https:\/\/api.w.org\/{rel}","templated":true}]}}