{"id":79118,"date":"2022-05-22T09:48:54","date_gmt":"2022-05-22T07:48:54","guid":{"rendered":"http:\/\/www.noubarris.net\/web40\/?p=79118"},"modified":"2022-05-22T10:28:06","modified_gmt":"2022-05-22T08:28:06","slug":"darrer-dia-de-festa-major-amb-jornada-castellera-cursa-i-molt-mes","status":"publish","type":"post","link":"https:\/\/www.noubarris.net\/web40\/darrer-dia-de-festa-major-amb-jornada-castellera-cursa-i-molt-mes\/","title":{"rendered":"Darrer dia de Festa Major amb jornada castellera, cursa i molt m\u00e9s"},"content":{"rendered":"<p><strong>Encara podeu gaudir de la festa de les entitats animalistes, cotxes cl\u00e0ssics, flamenc i concerts<\/strong><\/p>\n<p>Sis\u00e8 i darrer dia de Festa Major de Nou Barris que t\u00e9 pressa per comen\u00e7ar, amb la hist\u00f2rica ja Cursa de Nou Barris, que recorrer\u00e0 els carrers del sud i centre del districte des de primera hora.\u00a0 A m\u00e9s, el programa \u00e9s molt ple d&#8217;opcions ben diverses, amb l&#8217;epicentre situat a la pla\u00e7a Major de Nou Barris. All\u00e0 es mant\u00e9 la Fira Modernista tot i que amb menys parades que altres anys. A les 12h del migdia la pla\u00e7a s&#8217;omplir\u00e0 de colors i gralles amb les colles castelleres de Barcelona i de Vilanova (els Bordegassos).<\/p>\n<p>A dins hi continuen les visites teatralitzades, que recorden que la Seu del Districte va ser l&#8217;Institut Mental de la Santa Creu. I a les 12h hi haur\u00e0 a la Sala de Plens un acte i xerrada en record de Francesc Pujol, membre de l&#8217;Arxiu Hist\u00f2ric de Roquetes-Nou Barris i autor d&#8217;un dels primers llibres sobre la hist\u00f2ria del nostre districte, el Relligant Nou Barris.<\/p>\n<p>Tamb\u00e9 podeu, per cert, con\u00e9ixer per dins el Parc Tecnol\u00f2gic.\u00a0 I all\u00e0 davant trobareu la Festa dels Animals.<\/p>\n<p>Tot un seguit d&#8217;activitats que es complementen amb teatre, les darreres actuacions del flamenc m\u00e9s divers i trencador d&#8217;estereoptips, i molt m\u00e9s. <a href=\"https:\/\/media-edg.barcelona.cat\/wp-content\/uploads\/2022\/05\/17103718\/Programa-web-FM-2022_Accessible.pdf\">Podeu consultar tota la programaci\u00f3 en aquest enlla\u00e7<\/a>.<\/p>\n<p><span style=\"font-weight: 400;\">Us deixem ara un v\u00eddeo sobre el mat\u00ed d&#8217;ahir, amb la Fira Modernista, els jocs infantils i les puntaires, que van tornar a omplir el passeig des de Pi i Molist fins a la pla\u00e7a Major. Un punt on hi van haver paradetes com la d&#8217;\u00d2mnium o la solid\u00e0ria amb Ucra\u00efna.<\/span><\/p>\n<p>&nbsp;<\/p>\n<p><iframe loading=\"lazy\" title=\"Mat\u00ed de dissabte de Festa Major Nou Barris 2022\" width=\"800\" height=\"450\" src=\"https:\/\/www.youtube.com\/embed\/fJfzrmX5Mdo?feature=oembed\" frameborder=\"0\" allow=\"accelerometer; autoplay; clipboard-write; encrypted-media; gyroscope; picture-in-picture\" allowfullscreen><\/iframe><\/p>\n","protected":false},"excerpt":{"rendered":"<p>Encara podeu gaudir de la festa de les entitats animalistes, cotxes cl\u00e0ssics, flamenc i concerts Sis\u00e8 i darrer dia de<\/p>\n","protected":false},"author":2,"featured_media":79120,"comment_status":"closed","ping_status":"closed","sticky":false,"template":"","format":"standard","meta":{"colormag_page_layout":"default_layout","_monsterinsights_skip_tracking":false,"_monsterinsights_sitenote_active":false,"_monsterinsights_sitenote_note":"","_monsterinsights_sitenote_category":0,"footnotes":""},"categories":[129,1],"tags":[63],"class_list":["post-79118","post","type-post","status-publish","format-standard","has-post-thumbnail","hentry","category-cultura","category-nou-barris","tag-festa-major"],"yoast_head":"<!-- This site is optimized with the Yoast SEO plugin v25.3 - https:\/\/yoast.com\/wordpress\/plugins\/seo\/ -->\n<title>Darrer dia de Festa Major amb jornada castellera, cursa i molt m\u00e9s - NouBarris.Net<\/title>\n<meta name=\"robots\" content=\"index, follow, max-snippet:-1, max-image-preview:large, max-video-preview:-1\" \/>\n<link rel=\"canonical\" href=\"https:\/\/www.noubarris.net\/web40\/darrer-dia-de-festa-major-amb-jornada-castellera-cursa-i-molt-mes\/\" \/>\n<meta property=\"og:locale\" content=\"ca_ES\" \/>\n<meta property=\"og:type\" content=\"article\" \/>\n<meta property=\"og:title\" content=\"Darrer dia de Festa Major amb jornada castellera, cursa i molt m\u00e9s - NouBarris.Net\" \/>\n<meta property=\"og:description\" content=\"Encara podeu gaudir de la festa de les entitats animalistes, cotxes cl\u00e0ssics, flamenc i concerts Sis\u00e8 i darrer dia de\" \/>\n<meta property=\"og:url\" content=\"https:\/\/www.noubarris.net\/web40\/darrer-dia-de-festa-major-amb-jornada-castellera-cursa-i-molt-mes\/\" \/>\n<meta property=\"og:site_name\" content=\"NouBarris.Net\" \/>\n<meta property=\"article:publisher\" content=\"https:\/\/www.facebook.com\/NouBarris.net\/?locale=es_ES\" \/>\n<meta property=\"article:published_time\" content=\"2022-05-22T07:48:54+00:00\" \/>\n<meta property=\"article:modified_time\" content=\"2022-05-22T08:28:06+00:00\" \/>\n<meta property=\"og:image\" content=\"https:\/\/www.noubarris.net\/web40\/wp-content\/uploads\/2022\/05\/210522-1.jpg\" \/>\n\t<meta property=\"og:image:width\" content=\"768\" \/>\n\t<meta property=\"og:image:height\" content=\"432\" \/>\n\t<meta property=\"og:image:type\" content=\"image\/jpeg\" \/>\n<meta name=\"author\" content=\"Informatius\" \/>\n<meta name=\"twitter:card\" content=\"summary_large_image\" \/>\n<meta name=\"twitter:creator\" content=\"@9BTV\" \/>\n<meta name=\"twitter:site\" content=\"@9BTV\" \/>\n<meta name=\"twitter:label1\" content=\"Escrit per\" \/>\n\t<meta name=\"twitter:data1\" content=\"Informatius\" \/>\n\t<meta name=\"twitter:label2\" content=\"Temps estimat de lectura\" \/>\n\t<meta name=\"twitter:data2\" content=\"1 minut\" \/>\n<script type=\"application\/ld+json\" class=\"yoast-schema-graph\">{\"@context\":\"https:\/\/schema.org\",\"@graph\":[{\"@type\":\"Article\",\"@id\":\"https:\/\/www.noubarris.net\/web40\/darrer-dia-de-festa-major-amb-jornada-castellera-cursa-i-molt-mes\/#article\",\"isPartOf\":{\"@id\":\"https:\/\/www.noubarris.net\/web40\/darrer-dia-de-festa-major-amb-jornada-castellera-cursa-i-molt-mes\/\"},\"author\":{\"name\":\"Informatius\",\"@id\":\"https:\/\/www.noubarris.net\/web40\/#\/schema\/person\/1827f92aaa316c54abbf4dac0de76069\"},\"headline\":\"Darrer dia de Festa Major amb jornada castellera, cursa i molt m\u00e9s\",\"datePublished\":\"2022-05-22T07:48:54+00:00\",\"dateModified\":\"2022-05-22T08:28:06+00:00\",\"mainEntityOfPage\":{\"@id\":\"https:\/\/www.noubarris.net\/web40\/darrer-dia-de-festa-major-amb-jornada-castellera-cursa-i-molt-mes\/\"},\"wordCount\":319,\"publisher\":{\"@id\":\"https:\/\/www.noubarris.net\/web40\/#organization\"},\"image\":{\"@id\":\"https:\/\/www.noubarris.net\/web40\/darrer-dia-de-festa-major-amb-jornada-castellera-cursa-i-molt-mes\/#primaryimage\"},\"thumbnailUrl\":\"https:\/\/www.noubarris.net\/web40\/wp-content\/uploads\/2022\/05\/210522-1.jpg\",\"keywords\":[\"Festa Major\"],\"articleSection\":[\"Cultura\",\"Nou Barris\"],\"inLanguage\":\"ca\"},{\"@type\":\"WebPage\",\"@id\":\"https:\/\/www.noubarris.net\/web40\/darrer-dia-de-festa-major-amb-jornada-castellera-cursa-i-molt-mes\/\",\"url\":\"https:\/\/www.noubarris.net\/web40\/darrer-dia-de-festa-major-amb-jornada-castellera-cursa-i-molt-mes\/\",\"name\":\"Darrer dia de Festa Major amb jornada castellera, cursa i molt m\u00e9s - NouBarris.Net\",\"isPartOf\":{\"@id\":\"https:\/\/www.noubarris.net\/web40\/#website\"},\"primaryImageOfPage\":{\"@id\":\"https:\/\/www.noubarris.net\/web40\/darrer-dia-de-festa-major-amb-jornada-castellera-cursa-i-molt-mes\/#primaryimage\"},\"image\":{\"@id\":\"https:\/\/www.noubarris.net\/web40\/darrer-dia-de-festa-major-amb-jornada-castellera-cursa-i-molt-mes\/#primaryimage\"},\"thumbnailUrl\":\"https:\/\/www.noubarris.net\/web40\/wp-content\/uploads\/2022\/05\/210522-1.jpg\",\"datePublished\":\"2022-05-22T07:48:54+00:00\",\"dateModified\":\"2022-05-22T08:28:06+00:00\",\"breadcrumb\":{\"@id\":\"https:\/\/www.noubarris.net\/web40\/darrer-dia-de-festa-major-amb-jornada-castellera-cursa-i-molt-mes\/#breadcrumb\"},\"inLanguage\":\"ca\",\"potentialAction\":[{\"@type\":\"ReadAction\",\"target\":[\"https:\/\/www.noubarris.net\/web40\/darrer-dia-de-festa-major-amb-jornada-castellera-cursa-i-molt-mes\/\"]}]},{\"@type\":\"ImageObject\",\"inLanguage\":\"ca\",\"@id\":\"https:\/\/www.noubarris.net\/web40\/darrer-dia-de-festa-major-amb-jornada-castellera-cursa-i-molt-mes\/#primaryimage\",\"url\":\"https:\/\/www.noubarris.net\/web40\/wp-content\/uploads\/2022\/05\/210522-1.jpg\",\"contentUrl\":\"https:\/\/www.noubarris.net\/web40\/wp-content\/uploads\/2022\/05\/210522-1.jpg\",\"width\":768,\"height\":432},{\"@type\":\"BreadcrumbList\",\"@id\":\"https:\/\/www.noubarris.net\/web40\/darrer-dia-de-festa-major-amb-jornada-castellera-cursa-i-molt-mes\/#breadcrumb\",\"itemListElement\":[{\"@type\":\"ListItem\",\"position\":1,\"name\":\"Inici\",\"item\":\"https:\/\/www.noubarris.net\/web40\/\"},{\"@type\":\"ListItem\",\"position\":2,\"name\":\"Darrer dia de Festa Major amb jornada castellera, cursa i molt m\u00e9s\"}]},{\"@type\":\"WebSite\",\"@id\":\"https:\/\/www.noubarris.net\/web40\/#website\",\"url\":\"https:\/\/www.noubarris.net\/web40\/\",\"name\":\"NouBarris.Net\",\"description\":\"Seguint la vida de Nou Barris des de 1985\",\"publisher\":{\"@id\":\"https:\/\/www.noubarris.net\/web40\/#organization\"},\"potentialAction\":[{\"@type\":\"SearchAction\",\"target\":{\"@type\":\"EntryPoint\",\"urlTemplate\":\"https:\/\/www.noubarris.net\/web40\/?s={search_term_string}\"},\"query-input\":{\"@type\":\"PropertyValueSpecification\",\"valueRequired\":true,\"valueName\":\"search_term_string\"}}],\"inLanguage\":\"ca\"},{\"@type\":\"Organization\",\"@id\":\"https:\/\/www.noubarris.net\/web40\/#organization\",\"name\":\"NouBarris.Net\",\"url\":\"https:\/\/www.noubarris.net\/web40\/\",\"logo\":{\"@type\":\"ImageObject\",\"inLanguage\":\"ca\",\"@id\":\"https:\/\/www.noubarris.net\/web40\/#\/schema\/logo\/image\/\",\"url\":\"https:\/\/www.noubarris.net\/web40\/wp-content\/uploads\/2024\/11\/cropped-cropped-LOGO_9BTV-2024_Insta-1.jpg\",\"contentUrl\":\"https:\/\/www.noubarris.net\/web40\/wp-content\/uploads\/2024\/11\/cropped-cropped-LOGO_9BTV-2024_Insta-1.jpg\",\"width\":512,\"height\":512,\"caption\":\"NouBarris.Net\"},\"image\":{\"@id\":\"https:\/\/www.noubarris.net\/web40\/#\/schema\/logo\/image\/\"},\"sameAs\":[\"https:\/\/www.facebook.com\/NouBarris.net\/?locale=es_ES\",\"https:\/\/x.com\/9BTV\"]},{\"@type\":\"Person\",\"@id\":\"https:\/\/www.noubarris.net\/web40\/#\/schema\/person\/1827f92aaa316c54abbf4dac0de76069\",\"name\":\"Informatius\",\"image\":{\"@type\":\"ImageObject\",\"inLanguage\":\"ca\",\"@id\":\"https:\/\/www.noubarris.net\/web40\/#\/schema\/person\/image\/\",\"url\":\"https:\/\/secure.gravatar.com\/avatar\/87a3b47928835fc72c6ee5b0e1a7263ef0c2d05003a98189bc14926c5f11bcdb?s=96&d=mm&r=g\",\"contentUrl\":\"https:\/\/secure.gravatar.com\/avatar\/87a3b47928835fc72c6ee5b0e1a7263ef0c2d05003a98189bc14926c5f11bcdb?s=96&d=mm&r=g\",\"caption\":\"Informatius\"},\"url\":\"https:\/\/www.noubarris.net\/web40\/author\/tele\/\"}]}<\/script>\n<!-- \/ Yoast SEO plugin. -->","yoast_head_json":{"title":"Darrer dia de Festa Major amb jornada castellera, cursa i molt m\u00e9s - NouBarris.Net","robots":{"index":"index","follow":"follow","max-snippet":"max-snippet:-1","max-image-preview":"max-image-preview:large","max-video-preview":"max-video-preview:-1"},"canonical":"https:\/\/www.noubarris.net\/web40\/darrer-dia-de-festa-major-amb-jornada-castellera-cursa-i-molt-mes\/","og_locale":"ca_ES","og_type":"article","og_title":"Darrer dia de Festa Major amb jornada castellera, cursa i molt m\u00e9s - NouBarris.Net","og_description":"Encara podeu gaudir de la festa de les entitats animalistes, cotxes cl\u00e0ssics, flamenc i concerts Sis\u00e8 i darrer dia de","og_url":"https:\/\/www.noubarris.net\/web40\/darrer-dia-de-festa-major-amb-jornada-castellera-cursa-i-molt-mes\/","og_site_name":"NouBarris.Net","article_publisher":"https:\/\/www.facebook.com\/NouBarris.net\/?locale=es_ES","article_published_time":"2022-05-22T07:48:54+00:00","article_modified_time":"2022-05-22T08:28:06+00:00","og_image":[{"width":768,"height":432,"url":"https:\/\/www.noubarris.net\/web40\/wp-content\/uploads\/2022\/05\/210522-1.jpg","type":"image\/jpeg"}],"author":"Informatius","twitter_card":"summary_large_image","twitter_creator":"@9BTV","twitter_site":"@9BTV","twitter_misc":{"Escrit per":"Informatius","Temps estimat de lectura":"1 minut"},"schema":{"@context":"https:\/\/schema.org","@graph":[{"@type":"Article","@id":"https:\/\/www.noubarris.net\/web40\/darrer-dia-de-festa-major-amb-jornada-castellera-cursa-i-molt-mes\/#article","isPartOf":{"@id":"https:\/\/www.noubarris.net\/web40\/darrer-dia-de-festa-major-amb-jornada-castellera-cursa-i-molt-mes\/"},"author":{"name":"Informatius","@id":"https:\/\/www.noubarris.net\/web40\/#\/schema\/person\/1827f92aaa316c54abbf4dac0de76069"},"headline":"Darrer dia de Festa Major amb jornada castellera, cursa i molt m\u00e9s","datePublished":"2022-05-22T07:48:54+00:00","dateModified":"2022-05-22T08:28:06+00:00","mainEntityOfPage":{"@id":"https:\/\/www.noubarris.net\/web40\/darrer-dia-de-festa-major-amb-jornada-castellera-cursa-i-molt-mes\/"},"wordCount":319,"publisher":{"@id":"https:\/\/www.noubarris.net\/web40\/#organization"},"image":{"@id":"https:\/\/www.noubarris.net\/web40\/darrer-dia-de-festa-major-amb-jornada-castellera-cursa-i-molt-mes\/#primaryimage"},"thumbnailUrl":"https:\/\/www.noubarris.net\/web40\/wp-content\/uploads\/2022\/05\/210522-1.jpg","keywords":["Festa Major"],"articleSection":["Cultura","Nou Barris"],"inLanguage":"ca"},{"@type":"WebPage","@id":"https:\/\/www.noubarris.net\/web40\/darrer-dia-de-festa-major-amb-jornada-castellera-cursa-i-molt-mes\/","url":"https:\/\/www.noubarris.net\/web40\/darrer-dia-de-festa-major-amb-jornada-castellera-cursa-i-molt-mes\/","name":"Darrer dia de Festa Major amb jornada castellera, cursa i molt m\u00e9s - NouBarris.Net","isPartOf":{"@id":"https:\/\/www.noubarris.net\/web40\/#website"},"primaryImageOfPage":{"@id":"https:\/\/www.noubarris.net\/web40\/darrer-dia-de-festa-major-amb-jornada-castellera-cursa-i-molt-mes\/#primaryimage"},"image":{"@id":"https:\/\/www.noubarris.net\/web40\/darrer-dia-de-festa-major-amb-jornada-castellera-cursa-i-molt-mes\/#primaryimage"},"thumbnailUrl":"https:\/\/www.noubarris.net\/web40\/wp-content\/uploads\/2022\/05\/210522-1.jpg","datePublished":"2022-05-22T07:48:54+00:00","dateModified":"2022-05-22T08:28:06+00:00","breadcrumb":{"@id":"https:\/\/www.noubarris.net\/web40\/darrer-dia-de-festa-major-amb-jornada-castellera-cursa-i-molt-mes\/#breadcrumb"},"inLanguage":"ca","potentialAction":[{"@type":"ReadAction","target":["https:\/\/www.noubarris.net\/web40\/darrer-dia-de-festa-major-amb-jornada-castellera-cursa-i-molt-mes\/"]}]},{"@type":"ImageObject","inLanguage":"ca","@id":"https:\/\/www.noubarris.net\/web40\/darrer-dia-de-festa-major-amb-jornada-castellera-cursa-i-molt-mes\/#primaryimage","url":"https:\/\/www.noubarris.net\/web40\/wp-content\/uploads\/2022\/05\/210522-1.jpg","contentUrl":"https:\/\/www.noubarris.net\/web40\/wp-content\/uploads\/2022\/05\/210522-1.jpg","width":768,"height":432},{"@type":"BreadcrumbList","@id":"https:\/\/www.noubarris.net\/web40\/darrer-dia-de-festa-major-amb-jornada-castellera-cursa-i-molt-mes\/#breadcrumb","itemListElement":[{"@type":"ListItem","position":1,"name":"Inici","item":"https:\/\/www.noubarris.net\/web40\/"},{"@type":"ListItem","position":2,"name":"Darrer dia de Festa Major amb jornada castellera, cursa i molt m\u00e9s"}]},{"@type":"WebSite","@id":"https:\/\/www.noubarris.net\/web40\/#website","url":"https:\/\/www.noubarris.net\/web40\/","name":"NouBarris.Net","description":"Seguint la vida de Nou Barris des de 1985","publisher":{"@id":"https:\/\/www.noubarris.net\/web40\/#organization"},"potentialAction":[{"@type":"SearchAction","target":{"@type":"EntryPoint","urlTemplate":"https:\/\/www.noubarris.net\/web40\/?s={search_term_string}"},"query-input":{"@type":"PropertyValueSpecification","valueRequired":true,"valueName":"search_term_string"}}],"inLanguage":"ca"},{"@type":"Organization","@id":"https:\/\/www.noubarris.net\/web40\/#organization","name":"NouBarris.Net","url":"https:\/\/www.noubarris.net\/web40\/","logo":{"@type":"ImageObject","inLanguage":"ca","@id":"https:\/\/www.noubarris.net\/web40\/#\/schema\/logo\/image\/","url":"https:\/\/www.noubarris.net\/web40\/wp-content\/uploads\/2024\/11\/cropped-cropped-LOGO_9BTV-2024_Insta-1.jpg","contentUrl":"https:\/\/www.noubarris.net\/web40\/wp-content\/uploads\/2024\/11\/cropped-cropped-LOGO_9BTV-2024_Insta-1.jpg","width":512,"height":512,"caption":"NouBarris.Net"},"image":{"@id":"https:\/\/www.noubarris.net\/web40\/#\/schema\/logo\/image\/"},"sameAs":["https:\/\/www.facebook.com\/NouBarris.net\/?locale=es_ES","https:\/\/x.com\/9BTV"]},{"@type":"Person","@id":"https:\/\/www.noubarris.net\/web40\/#\/schema\/person\/1827f92aaa316c54abbf4dac0de76069","name":"Informatius","image":{"@type":"ImageObject","inLanguage":"ca","@id":"https:\/\/www.noubarris.net\/web40\/#\/schema\/person\/image\/","url":"https:\/\/secure.gravatar.com\/avatar\/87a3b47928835fc72c6ee5b0e1a7263ef0c2d05003a98189bc14926c5f11bcdb?s=96&d=mm&r=g","contentUrl":"https:\/\/secure.gravatar.com\/avatar\/87a3b47928835fc72c6ee5b0e1a7263ef0c2d05003a98189bc14926c5f11bcdb?s=96&d=mm&r=g","caption":"Informatius"},"url":"https:\/\/www.noubarris.net\/web40\/author\/tele\/"}]}},"_links":{"self":[{"href":"https:\/\/www.noubarris.net\/web40\/wp-json\/wp\/v2\/posts\/79118","targetHints":{"allow":["GET"]}}],"collection":[{"href":"https:\/\/www.noubarris.net\/web40\/wp-json\/wp\/v2\/posts"}],"about":[{"href":"https:\/\/www.noubarris.net\/web40\/wp-json\/wp\/v2\/types\/post"}],"author":[{"embeddable":true,"href":"https:\/\/www.noubarris.net\/web40\/wp-json\/wp\/v2\/users\/2"}],"replies":[{"embeddable":true,"href":"https:\/\/www.noubarris.net\/web40\/wp-json\/wp\/v2\/comments?post=79118"}],"version-history":[{"count":5,"href":"https:\/\/www.noubarris.net\/web40\/wp-json\/wp\/v2\/posts\/79118\/revisions"}],"predecessor-version":[{"id":79124,"href":"https:\/\/www.noubarris.net\/web40\/wp-json\/wp\/v2\/posts\/79118\/revisions\/79124"}],"wp:featuredmedia":[{"embeddable":true,"href":"https:\/\/www.noubarris.net\/web40\/wp-json\/wp\/v2\/media\/79120"}],"wp:attachment":[{"href":"https:\/\/www.noubarris.net\/web40\/wp-json\/wp\/v2\/media?parent=79118"}],"wp:term":[{"taxonomy":"category","embeddable":true,"href":"https:\/\/www.noubarris.net\/web40\/wp-json\/wp\/v2\/categories?post=79118"},{"taxonomy":"post_tag","embeddable":true,"href":"https:\/\/www.noubarris.net\/web40\/wp-json\/wp\/v2\/tags?post=79118"}],"curies":[{"name":"wp","href":"https:\/\/api.w.org\/{rel}","templated":true}]}}