{"id":79129,"date":"2022-05-24T00:00:18","date_gmt":"2022-05-23T22:00:18","guid":{"rendered":"http:\/\/www.noubarris.net\/web40\/?p=79129"},"modified":"2022-05-22T11:15:31","modified_gmt":"2022-05-22T09:15:31","slug":"ple-de-nou-barris-amb-punts-sobre-convivencia-les-medalles-dhonor-i-lescola-dadults-de-ciutat-meridiana","status":"publish","type":"post","link":"https:\/\/www.noubarris.net\/web40\/ple-de-nou-barris-amb-punts-sobre-convivencia-les-medalles-dhonor-i-lescola-dadults-de-ciutat-meridiana\/","title":{"rendered":"Ple de Nou Barris amb punts sobre conviv\u00e8ncia, les Medalles d&#8217;Honor i l&#8217;escola d&#8217;adults de Ciutat Meridiana"},"content":{"rendered":"\n<p><strong>La sessi\u00f3 comen\u00e7ar\u00e0 presencialment i telem\u00e0tica a les 18.30h amb un gran llistat de temes a debatre<\/strong><\/p>\n\n\n\n<p>Govern, oposici\u00f3 i ve\u00efnat de Nou Barris debatran sobre els temes candents del districte. A les 18.30h a la Sala de Plens <a href=\"https:\/\/media-edg.barcelona.cat\/wp-content\/uploads\/2022\/05\/18124709\/01-Convocatoriaordre-del-dia.pdf\">s&#8217;iniciar\u00e0 un ordre del dia<\/a> encap\u00e7alat pel record a dos ve\u00efns il\u00b7lustres que ens han deixat les darreres setmanes: Maria Llu\u00efsa Serralta, cofundadora de l&#8217;Arxiu Hist\u00f2ric de Roquetes-Nou Barris i expresidenta de l&#8217;AV Verdum entre altres fites, i Ferm\u00edn D\u00edaz, un dels pilars del CCD Tur\u00f3 de la Peira.<\/p>\n\n\n\n<p>Si no hi podeu anar presencialment, podeu seguir la sessi\u00f3 per Youtube:<\/p>\n\n\n\n<figure class=\"wp-block-embed is-type-video is-provider-youtube wp-block-embed-youtube wp-embed-aspect-16-9 wp-has-aspect-ratio\"><div class=\"wp-block-embed__wrapper\">\n<iframe loading=\"lazy\" title=\"Consell Plenari de Nou Barris\" width=\"800\" height=\"450\" src=\"https:\/\/www.youtube.com\/embed\/G9bnJ81e4Zs?feature=oembed\" frameborder=\"0\" allow=\"accelerometer; autoplay; clipboard-write; encrypted-media; gyroscope; picture-in-picture\" allowfullscreen><\/iframe>\n<\/div><\/figure>\n\n\n\n<p>La sessi\u00f3 inclour\u00e0 l&#8217;informe del regidor, que explicar\u00e0 els aven\u00e7os dels darrers dos mesos i la situaci\u00f3 en general. Tamb\u00e9 es presentar\u00e0 una mesura sobre civisme i conviv\u00e8ncia a Nou Barris, un tema sempre candent quan arriba el bon temps i places i carrers no es buiden tan aviat com a l&#8217;hivern. Cal dir que en diversos partits pol\u00b4tiics de l&#8217;oposici\u00f3 porten alguns temes en aquesta l\u00ednia, com &#8220;l&#8217;incivisme a can Xiringoi&#8221; o el &#8220;soroll a la pla\u00e7a d\u00a1\u00c0ngel Pesta\u00f1a&#8221;. <\/p>\n\n\n\n<p>I encara en l&#8217;apartat proposat pel govern municipal, s&#8217;exposaran les candidatures a Medalla d&#8217;Honor de la Ciutat i la sortida a adjudicaci\u00f3 de m\u00e9s d&#8217;un centenar de pisos protegits.<\/p>\n\n\n\n<h2 class=\"wp-block-heading\"><strong>El conflicte de l&#8217;Aula de Formaci\u00f3 d&#8217;Adults de Ciutat Meridiana<\/strong><\/h2>\n\n\n\n<p>A partir d&#8217;aqu\u00ed, els grups de l&#8217;oposici\u00f3 han incl\u00f3s diverses proposicions i precs. Entre ells, en destaquem el referent a la sitauci\u00f3 de l&#8217;Aula de Formaci\u00f3 d&#8217;Adults de Ciutat Meridiana. Un equipament que es troba en lluita per passar de ser aula a centre. Aquesta transformaci\u00f3 li donaria autonomia i estabilitat. Tanmateix, el Consorci d&#8217;Educaci\u00f3 nega aquest canvi administratiu perqu\u00e8 l&#8217;escola es troba, des de fa 45 anys, en un terreny qualificat de zona verda. La conseq\u00fc\u00e8ncia immediata \u00e9s que el centre deixar\u00e0 d&#8217;impartir en dos anys els cursos i t\u00edtols de la secund\u00e0ria obligat\u00f2ria.<\/p>\n\n\n\n<p>Un fet que els usuaris i ve\u00efns de Ciutat Meridiana temen que es converteixi en el principi d&#8217;una agonia del centre&nbsp; i acabi tancant. Reclamen una requalificaci\u00f3 del solar i en aquest sentit han convocat per aquesta tarda a les 18.30, coincidint amb el plenari, una manifestaci\u00f3.<\/p>\n\n\n\n<figure class=\"wp-block-embed is-type-rich is-provider-twitter wp-block-embed-twitter\"><div class=\"wp-block-embed__wrapper\">\n<blockquote class=\"twitter-tweet\" data-width=\"550\" data-dnt=\"true\"><p lang=\"es\" dir=\"ltr\">AQUELLO QUE SE CONSIGUI\u00d3 HACE 44 A\u00d1OS CON LA LUCHA NO PODEMOS PERDERLO AHORA SIN LUCHAR. <a href=\"https:\/\/t.co\/heETi4mhUs\">pic.twitter.com\/heETi4mhUs<\/a><\/p>&mdash; AVV de Ciutat Meridiana (@avvcmeridiana) <a href=\"https:\/\/twitter.com\/avvcmeridiana\/status\/1527314916558147585?ref_src=twsrc%5Etfw\">May 19, 2022<\/a><\/blockquote><script async src=\"https:\/\/platform.twitter.com\/widgets.js\" charset=\"utf-8\"><\/script>\n<\/div><\/figure>\n\n\n","protected":false},"excerpt":{"rendered":"<p>La sessi\u00f3 comen\u00e7ar\u00e0 presencialment i telem\u00e0tica a les 18.30h amb un gran llistat de temes a debatre Govern, oposici\u00f3 i<\/p>\n","protected":false},"author":2,"featured_media":0,"comment_status":"closed","ping_status":"closed","sticky":false,"template":"","format":"standard","meta":{"colormag_page_layout":"default_layout","_monsterinsights_skip_tracking":false,"_monsterinsights_sitenote_active":false,"_monsterinsights_sitenote_note":"","_monsterinsights_sitenote_category":0,"footnotes":""},"categories":[447,1],"tags":[327,320],"class_list":["post-79129","post","type-post","status-publish","format-standard","hentry","category-audiencia-publica-i-plenari","category-nou-barris","tag-participacio","tag-plenari"],"yoast_head":"<!-- This site is optimized with the Yoast SEO plugin v25.3 - https:\/\/yoast.com\/wordpress\/plugins\/seo\/ -->\n<title>Ple de Nou Barris amb punts sobre conviv\u00e8ncia, les Medalles d&#039;Honor i l&#039;escola d&#039;adults de Ciutat Meridiana - NouBarris.Net<\/title>\n<meta name=\"robots\" content=\"index, follow, max-snippet:-1, max-image-preview:large, max-video-preview:-1\" \/>\n<link rel=\"canonical\" href=\"https:\/\/www.noubarris.net\/web40\/ple-de-nou-barris-amb-punts-sobre-convivencia-les-medalles-dhonor-i-lescola-dadults-de-ciutat-meridiana\/\" \/>\n<meta property=\"og:locale\" content=\"ca_ES\" \/>\n<meta property=\"og:type\" content=\"article\" \/>\n<meta property=\"og:title\" content=\"Ple de Nou Barris amb punts sobre conviv\u00e8ncia, les Medalles d&#039;Honor i l&#039;escola d&#039;adults de Ciutat Meridiana - NouBarris.Net\" \/>\n<meta property=\"og:description\" content=\"La sessi\u00f3 comen\u00e7ar\u00e0 presencialment i telem\u00e0tica a les 18.30h amb un gran llistat de temes a debatre Govern, oposici\u00f3 i\" \/>\n<meta property=\"og:url\" content=\"https:\/\/www.noubarris.net\/web40\/ple-de-nou-barris-amb-punts-sobre-convivencia-les-medalles-dhonor-i-lescola-dadults-de-ciutat-meridiana\/\" \/>\n<meta property=\"og:site_name\" content=\"NouBarris.Net\" \/>\n<meta property=\"article:publisher\" content=\"https:\/\/www.facebook.com\/NouBarris.net\/?locale=es_ES\" \/>\n<meta property=\"article:published_time\" content=\"2022-05-23T22:00:18+00:00\" \/>\n<meta name=\"author\" content=\"Informatius\" \/>\n<meta name=\"twitter:card\" content=\"summary_large_image\" \/>\n<meta name=\"twitter:creator\" content=\"@9BTV\" \/>\n<meta name=\"twitter:site\" content=\"@9BTV\" \/>\n<meta name=\"twitter:label1\" content=\"Escrit per\" \/>\n\t<meta name=\"twitter:data1\" content=\"Informatius\" \/>\n\t<meta name=\"twitter:label2\" content=\"Temps estimat de lectura\" \/>\n\t<meta name=\"twitter:data2\" content=\"2 minuts\" \/>\n<script type=\"application\/ld+json\" class=\"yoast-schema-graph\">{\"@context\":\"https:\/\/schema.org\",\"@graph\":[{\"@type\":\"Article\",\"@id\":\"https:\/\/www.noubarris.net\/web40\/ple-de-nou-barris-amb-punts-sobre-convivencia-les-medalles-dhonor-i-lescola-dadults-de-ciutat-meridiana\/#article\",\"isPartOf\":{\"@id\":\"https:\/\/www.noubarris.net\/web40\/ple-de-nou-barris-amb-punts-sobre-convivencia-les-medalles-dhonor-i-lescola-dadults-de-ciutat-meridiana\/\"},\"author\":{\"name\":\"Informatius\",\"@id\":\"https:\/\/www.noubarris.net\/web40\/#\/schema\/person\/1827f92aaa316c54abbf4dac0de76069\"},\"headline\":\"Ple de Nou Barris amb punts sobre conviv\u00e8ncia, les Medalles d&#8217;Honor i l&#8217;escola d&#8217;adults de Ciutat Meridiana\",\"datePublished\":\"2022-05-23T22:00:18+00:00\",\"mainEntityOfPage\":{\"@id\":\"https:\/\/www.noubarris.net\/web40\/ple-de-nou-barris-amb-punts-sobre-convivencia-les-medalles-dhonor-i-lescola-dadults-de-ciutat-meridiana\/\"},\"wordCount\":441,\"publisher\":{\"@id\":\"https:\/\/www.noubarris.net\/web40\/#organization\"},\"keywords\":[\"Participaci\u00f3\",\"Plenari\"],\"articleSection\":[\"Audi\u00e8ncia p\u00fablica i Plenari\",\"Nou Barris\"],\"inLanguage\":\"ca\"},{\"@type\":\"WebPage\",\"@id\":\"https:\/\/www.noubarris.net\/web40\/ple-de-nou-barris-amb-punts-sobre-convivencia-les-medalles-dhonor-i-lescola-dadults-de-ciutat-meridiana\/\",\"url\":\"https:\/\/www.noubarris.net\/web40\/ple-de-nou-barris-amb-punts-sobre-convivencia-les-medalles-dhonor-i-lescola-dadults-de-ciutat-meridiana\/\",\"name\":\"Ple de Nou Barris amb punts sobre conviv\u00e8ncia, les Medalles d'Honor i l'escola d'adults de Ciutat Meridiana - NouBarris.Net\",\"isPartOf\":{\"@id\":\"https:\/\/www.noubarris.net\/web40\/#website\"},\"datePublished\":\"2022-05-23T22:00:18+00:00\",\"breadcrumb\":{\"@id\":\"https:\/\/www.noubarris.net\/web40\/ple-de-nou-barris-amb-punts-sobre-convivencia-les-medalles-dhonor-i-lescola-dadults-de-ciutat-meridiana\/#breadcrumb\"},\"inLanguage\":\"ca\",\"potentialAction\":[{\"@type\":\"ReadAction\",\"target\":[\"https:\/\/www.noubarris.net\/web40\/ple-de-nou-barris-amb-punts-sobre-convivencia-les-medalles-dhonor-i-lescola-dadults-de-ciutat-meridiana\/\"]}]},{\"@type\":\"BreadcrumbList\",\"@id\":\"https:\/\/www.noubarris.net\/web40\/ple-de-nou-barris-amb-punts-sobre-convivencia-les-medalles-dhonor-i-lescola-dadults-de-ciutat-meridiana\/#breadcrumb\",\"itemListElement\":[{\"@type\":\"ListItem\",\"position\":1,\"name\":\"Inici\",\"item\":\"https:\/\/www.noubarris.net\/web40\/\"},{\"@type\":\"ListItem\",\"position\":2,\"name\":\"Ple de Nou Barris amb punts sobre conviv\u00e8ncia, les Medalles d&#8217;Honor i l&#8217;escola d&#8217;adults de Ciutat Meridiana\"}]},{\"@type\":\"WebSite\",\"@id\":\"https:\/\/www.noubarris.net\/web40\/#website\",\"url\":\"https:\/\/www.noubarris.net\/web40\/\",\"name\":\"NouBarris.Net\",\"description\":\"Seguint la vida de Nou Barris des de 1985\",\"publisher\":{\"@id\":\"https:\/\/www.noubarris.net\/web40\/#organization\"},\"potentialAction\":[{\"@type\":\"SearchAction\",\"target\":{\"@type\":\"EntryPoint\",\"urlTemplate\":\"https:\/\/www.noubarris.net\/web40\/?s={search_term_string}\"},\"query-input\":{\"@type\":\"PropertyValueSpecification\",\"valueRequired\":true,\"valueName\":\"search_term_string\"}}],\"inLanguage\":\"ca\"},{\"@type\":\"Organization\",\"@id\":\"https:\/\/www.noubarris.net\/web40\/#organization\",\"name\":\"NouBarris.Net\",\"url\":\"https:\/\/www.noubarris.net\/web40\/\",\"logo\":{\"@type\":\"ImageObject\",\"inLanguage\":\"ca\",\"@id\":\"https:\/\/www.noubarris.net\/web40\/#\/schema\/logo\/image\/\",\"url\":\"https:\/\/www.noubarris.net\/web40\/wp-content\/uploads\/2024\/11\/cropped-cropped-LOGO_9BTV-2024_Insta-1.jpg\",\"contentUrl\":\"https:\/\/www.noubarris.net\/web40\/wp-content\/uploads\/2024\/11\/cropped-cropped-LOGO_9BTV-2024_Insta-1.jpg\",\"width\":512,\"height\":512,\"caption\":\"NouBarris.Net\"},\"image\":{\"@id\":\"https:\/\/www.noubarris.net\/web40\/#\/schema\/logo\/image\/\"},\"sameAs\":[\"https:\/\/www.facebook.com\/NouBarris.net\/?locale=es_ES\",\"https:\/\/x.com\/9BTV\"]},{\"@type\":\"Person\",\"@id\":\"https:\/\/www.noubarris.net\/web40\/#\/schema\/person\/1827f92aaa316c54abbf4dac0de76069\",\"name\":\"Informatius\",\"image\":{\"@type\":\"ImageObject\",\"inLanguage\":\"ca\",\"@id\":\"https:\/\/www.noubarris.net\/web40\/#\/schema\/person\/image\/\",\"url\":\"https:\/\/secure.gravatar.com\/avatar\/87a3b47928835fc72c6ee5b0e1a7263ef0c2d05003a98189bc14926c5f11bcdb?s=96&d=mm&r=g\",\"contentUrl\":\"https:\/\/secure.gravatar.com\/avatar\/87a3b47928835fc72c6ee5b0e1a7263ef0c2d05003a98189bc14926c5f11bcdb?s=96&d=mm&r=g\",\"caption\":\"Informatius\"},\"url\":\"https:\/\/www.noubarris.net\/web40\/author\/tele\/\"}]}<\/script>\n<!-- \/ Yoast SEO plugin. -->","yoast_head_json":{"title":"Ple de Nou Barris amb punts sobre conviv\u00e8ncia, les Medalles d'Honor i l'escola d'adults de Ciutat Meridiana - NouBarris.Net","robots":{"index":"index","follow":"follow","max-snippet":"max-snippet:-1","max-image-preview":"max-image-preview:large","max-video-preview":"max-video-preview:-1"},"canonical":"https:\/\/www.noubarris.net\/web40\/ple-de-nou-barris-amb-punts-sobre-convivencia-les-medalles-dhonor-i-lescola-dadults-de-ciutat-meridiana\/","og_locale":"ca_ES","og_type":"article","og_title":"Ple de Nou Barris amb punts sobre conviv\u00e8ncia, les Medalles d'Honor i l'escola d'adults de Ciutat Meridiana - NouBarris.Net","og_description":"La sessi\u00f3 comen\u00e7ar\u00e0 presencialment i telem\u00e0tica a les 18.30h amb un gran llistat de temes a debatre Govern, oposici\u00f3 i","og_url":"https:\/\/www.noubarris.net\/web40\/ple-de-nou-barris-amb-punts-sobre-convivencia-les-medalles-dhonor-i-lescola-dadults-de-ciutat-meridiana\/","og_site_name":"NouBarris.Net","article_publisher":"https:\/\/www.facebook.com\/NouBarris.net\/?locale=es_ES","article_published_time":"2022-05-23T22:00:18+00:00","author":"Informatius","twitter_card":"summary_large_image","twitter_creator":"@9BTV","twitter_site":"@9BTV","twitter_misc":{"Escrit per":"Informatius","Temps estimat de lectura":"2 minuts"},"schema":{"@context":"https:\/\/schema.org","@graph":[{"@type":"Article","@id":"https:\/\/www.noubarris.net\/web40\/ple-de-nou-barris-amb-punts-sobre-convivencia-les-medalles-dhonor-i-lescola-dadults-de-ciutat-meridiana\/#article","isPartOf":{"@id":"https:\/\/www.noubarris.net\/web40\/ple-de-nou-barris-amb-punts-sobre-convivencia-les-medalles-dhonor-i-lescola-dadults-de-ciutat-meridiana\/"},"author":{"name":"Informatius","@id":"https:\/\/www.noubarris.net\/web40\/#\/schema\/person\/1827f92aaa316c54abbf4dac0de76069"},"headline":"Ple de Nou Barris amb punts sobre conviv\u00e8ncia, les Medalles d&#8217;Honor i l&#8217;escola d&#8217;adults de Ciutat Meridiana","datePublished":"2022-05-23T22:00:18+00:00","mainEntityOfPage":{"@id":"https:\/\/www.noubarris.net\/web40\/ple-de-nou-barris-amb-punts-sobre-convivencia-les-medalles-dhonor-i-lescola-dadults-de-ciutat-meridiana\/"},"wordCount":441,"publisher":{"@id":"https:\/\/www.noubarris.net\/web40\/#organization"},"keywords":["Participaci\u00f3","Plenari"],"articleSection":["Audi\u00e8ncia p\u00fablica i Plenari","Nou Barris"],"inLanguage":"ca"},{"@type":"WebPage","@id":"https:\/\/www.noubarris.net\/web40\/ple-de-nou-barris-amb-punts-sobre-convivencia-les-medalles-dhonor-i-lescola-dadults-de-ciutat-meridiana\/","url":"https:\/\/www.noubarris.net\/web40\/ple-de-nou-barris-amb-punts-sobre-convivencia-les-medalles-dhonor-i-lescola-dadults-de-ciutat-meridiana\/","name":"Ple de Nou Barris amb punts sobre conviv\u00e8ncia, les Medalles d'Honor i l'escola d'adults de Ciutat Meridiana - NouBarris.Net","isPartOf":{"@id":"https:\/\/www.noubarris.net\/web40\/#website"},"datePublished":"2022-05-23T22:00:18+00:00","breadcrumb":{"@id":"https:\/\/www.noubarris.net\/web40\/ple-de-nou-barris-amb-punts-sobre-convivencia-les-medalles-dhonor-i-lescola-dadults-de-ciutat-meridiana\/#breadcrumb"},"inLanguage":"ca","potentialAction":[{"@type":"ReadAction","target":["https:\/\/www.noubarris.net\/web40\/ple-de-nou-barris-amb-punts-sobre-convivencia-les-medalles-dhonor-i-lescola-dadults-de-ciutat-meridiana\/"]}]},{"@type":"BreadcrumbList","@id":"https:\/\/www.noubarris.net\/web40\/ple-de-nou-barris-amb-punts-sobre-convivencia-les-medalles-dhonor-i-lescola-dadults-de-ciutat-meridiana\/#breadcrumb","itemListElement":[{"@type":"ListItem","position":1,"name":"Inici","item":"https:\/\/www.noubarris.net\/web40\/"},{"@type":"ListItem","position":2,"name":"Ple de Nou Barris amb punts sobre conviv\u00e8ncia, les Medalles d&#8217;Honor i l&#8217;escola d&#8217;adults de Ciutat Meridiana"}]},{"@type":"WebSite","@id":"https:\/\/www.noubarris.net\/web40\/#website","url":"https:\/\/www.noubarris.net\/web40\/","name":"NouBarris.Net","description":"Seguint la vida de Nou Barris des de 1985","publisher":{"@id":"https:\/\/www.noubarris.net\/web40\/#organization"},"potentialAction":[{"@type":"SearchAction","target":{"@type":"EntryPoint","urlTemplate":"https:\/\/www.noubarris.net\/web40\/?s={search_term_string}"},"query-input":{"@type":"PropertyValueSpecification","valueRequired":true,"valueName":"search_term_string"}}],"inLanguage":"ca"},{"@type":"Organization","@id":"https:\/\/www.noubarris.net\/web40\/#organization","name":"NouBarris.Net","url":"https:\/\/www.noubarris.net\/web40\/","logo":{"@type":"ImageObject","inLanguage":"ca","@id":"https:\/\/www.noubarris.net\/web40\/#\/schema\/logo\/image\/","url":"https:\/\/www.noubarris.net\/web40\/wp-content\/uploads\/2024\/11\/cropped-cropped-LOGO_9BTV-2024_Insta-1.jpg","contentUrl":"https:\/\/www.noubarris.net\/web40\/wp-content\/uploads\/2024\/11\/cropped-cropped-LOGO_9BTV-2024_Insta-1.jpg","width":512,"height":512,"caption":"NouBarris.Net"},"image":{"@id":"https:\/\/www.noubarris.net\/web40\/#\/schema\/logo\/image\/"},"sameAs":["https:\/\/www.facebook.com\/NouBarris.net\/?locale=es_ES","https:\/\/x.com\/9BTV"]},{"@type":"Person","@id":"https:\/\/www.noubarris.net\/web40\/#\/schema\/person\/1827f92aaa316c54abbf4dac0de76069","name":"Informatius","image":{"@type":"ImageObject","inLanguage":"ca","@id":"https:\/\/www.noubarris.net\/web40\/#\/schema\/person\/image\/","url":"https:\/\/secure.gravatar.com\/avatar\/87a3b47928835fc72c6ee5b0e1a7263ef0c2d05003a98189bc14926c5f11bcdb?s=96&d=mm&r=g","contentUrl":"https:\/\/secure.gravatar.com\/avatar\/87a3b47928835fc72c6ee5b0e1a7263ef0c2d05003a98189bc14926c5f11bcdb?s=96&d=mm&r=g","caption":"Informatius"},"url":"https:\/\/www.noubarris.net\/web40\/author\/tele\/"}]}},"_links":{"self":[{"href":"https:\/\/www.noubarris.net\/web40\/wp-json\/wp\/v2\/posts\/79129","targetHints":{"allow":["GET"]}}],"collection":[{"href":"https:\/\/www.noubarris.net\/web40\/wp-json\/wp\/v2\/posts"}],"about":[{"href":"https:\/\/www.noubarris.net\/web40\/wp-json\/wp\/v2\/types\/post"}],"author":[{"embeddable":true,"href":"https:\/\/www.noubarris.net\/web40\/wp-json\/wp\/v2\/users\/2"}],"replies":[{"embeddable":true,"href":"https:\/\/www.noubarris.net\/web40\/wp-json\/wp\/v2\/comments?post=79129"}],"version-history":[{"count":2,"href":"https:\/\/www.noubarris.net\/web40\/wp-json\/wp\/v2\/posts\/79129\/revisions"}],"predecessor-version":[{"id":79131,"href":"https:\/\/www.noubarris.net\/web40\/wp-json\/wp\/v2\/posts\/79129\/revisions\/79131"}],"wp:attachment":[{"href":"https:\/\/www.noubarris.net\/web40\/wp-json\/wp\/v2\/media?parent=79129"}],"wp:term":[{"taxonomy":"category","embeddable":true,"href":"https:\/\/www.noubarris.net\/web40\/wp-json\/wp\/v2\/categories?post=79129"},{"taxonomy":"post_tag","embeddable":true,"href":"https:\/\/www.noubarris.net\/web40\/wp-json\/wp\/v2\/tags?post=79129"}],"curies":[{"name":"wp","href":"https:\/\/api.w.org\/{rel}","templated":true}]}}