{"id":79134,"date":"2022-05-25T00:00:08","date_gmt":"2022-05-24T22:00:08","guid":{"rendered":"http:\/\/www.noubarris.net\/web40\/?p=79134"},"modified":"2022-05-22T19:45:49","modified_gmt":"2022-05-22T17:45:49","slug":"aixi-avanca-la-rehabilitacio-de-la-masia-de-can-valent-video","status":"publish","type":"post","link":"https:\/\/www.noubarris.net\/web40\/aixi-avanca-la-rehabilitacio-de-la-masia-de-can-valent-video\/","title":{"rendered":"Aix\u00ed avan\u00e7a la rehabilitaci\u00f3 de la masia de Can Valent (V\u00cdDEO)"},"content":{"rendered":"\n<p><strong>Ja \u00e9s visible l&#8217;apuntalament interior de l&#8217;estructura, un cop retirada la vegetaci\u00f3 i les peces que suposaven un risc<\/strong><\/p>\n\n\n\n<p>Es compleix un mes des de l&#8217;inici de les obres que han d&#8217;estabilitzar l&#8217;estructura de la masia de Can Valent. Un temps en qu\u00e8 els operaris han avan\u00e7at en la retirada de tots aquells elements de la masia que podien ser perillosos. Per comen\u00e7ar, han retirat les bigues de fusta que amena\u00e7aven amb caure. Tamb\u00e9 s&#8217;han retirat els maons que cobrien les finestres, i s&#8217;ha eliminat l&#8217;annex posterior a la masia, que va aixecar durant els anys 80 l&#8217;empresa constructora que va fer servir la masia com a magatzem.<\/p>\n\n\n\n<p><\/p>\n\n\n\n<figure class=\"wp-block-embed is-type-video is-provider-youtube wp-block-embed-youtube wp-embed-aspect-16-9 wp-has-aspect-ratio\"><div class=\"wp-block-embed__wrapper\">\n<iframe loading=\"lazy\" title=\"Avan\u00e7a la rehabilitaci\u00f3 de la masia de Can Valent\" width=\"800\" height=\"450\" src=\"https:\/\/www.youtube.com\/embed\/AYIBGaODwU8?feature=oembed\" frameborder=\"0\" allow=\"accelerometer; autoplay; clipboard-write; encrypted-media; gyroscope; picture-in-picture\" allowfullscreen><\/iframe>\n<\/div><\/figure>\n\n\n\n<p>Precisament la caiguda d&#8217;aquestes parets posteriors van provocar les protestes de l&#8217;Arxiu Hist\u00f2ric de Roquetes-Nou Barris, en considerar que tamb\u00e9 s&#8217;havien tirat a terra algunes parts molt m\u00e9s antigues. Des de Districte de Nou Barris se&#8217;ls va respondre que l&#8217;obra \u00e9s sota la supervisi\u00f3 d&#8217;un arque\u00f2leg i que, en tot cas, les peces retirades susceptibles de tenir algun valor patrimonial s&#8217;estan conservant per ser examinades. S\u00f3n aquestes les pedres i bigues que s&#8217;estan emmagatzemant a pocs metres de la masia, en un tros de l&#8217;aparcament provisional del carrer del Doctor Pintor Alsamora.<\/p>\n\n\n\n<p><\/p>\n\n\n\n<figure class=\"wp-block-image size-full\"><img loading=\"lazy\" decoding=\"async\" width=\"768\" height=\"432\" src=\"https:\/\/www.noubarris.net\/web40\/wp-content\/uploads\/2022\/05\/250522_peces.jpg\" alt=\"\" class=\"wp-image-79137\" srcset=\"https:\/\/www.noubarris.net\/web40\/wp-content\/uploads\/2022\/05\/250522_peces.jpg 768w, https:\/\/www.noubarris.net\/web40\/wp-content\/uploads\/2022\/05\/250522_peces-300x169.jpg 300w, https:\/\/www.noubarris.net\/web40\/wp-content\/uploads\/2022\/05\/250522_peces-600x338.jpg 600w, https:\/\/www.noubarris.net\/web40\/wp-content\/uploads\/2022\/05\/250522_peces-150x84.jpg 150w\" sizes=\"auto, (max-width: 768px) 100vw, 768px\" \/><\/figure>\n\n\n\n<p>A banda d&#8217;aquesta part posterior, tamb\u00e9 s&#8217;ha anat treballant en l&#8217;interior de la masia, de manera que actualment qualsevol que s&#8217;apropi a Can Valent, podr\u00e0 apreciar des de fora l&#8217;estructura interior, tal com podeu comprovar en el v\u00eddeo que acompanya aquesta not\u00edcia. S&#8217;hi han col\u00b7locat puntals per estabilitzar les parets. A la part exterior, en un dels laterals tamb\u00e9 s&#8217;han posat puntals a mode de contraforts per subjectar els murs, sobretot tenint en compte que just a tocar hi ha unes altres obres d&#8217;envergadura, les del tanatori.<\/p>\n\n\n\n<p>S\u00f3n els primers passos per sanejar i estabilitzar la masia. Un cop estigui rehabilitada l&#8217;estructura de Can Valent, caldr\u00e0 fer el seg\u00fcent pas, condicionar-la per donar-li un \u00fas futur. Aquest \u00fas encara s&#8217;est\u00e0 acabant de definir en un proc\u00e9s participatiu amb les entitats del barri. <\/p>\n\n\n\n<figure class=\"wp-block-image size-full\"><img loading=\"lazy\" decoding=\"async\" width=\"768\" height=\"432\" src=\"https:\/\/www.noubarris.net\/web40\/wp-content\/uploads\/2022\/05\/250522_canvalent.jpg\" alt=\"\" class=\"wp-image-79139\" srcset=\"https:\/\/www.noubarris.net\/web40\/wp-content\/uploads\/2022\/05\/250522_canvalent.jpg 768w, https:\/\/www.noubarris.net\/web40\/wp-content\/uploads\/2022\/05\/250522_canvalent-300x169.jpg 300w, https:\/\/www.noubarris.net\/web40\/wp-content\/uploads\/2022\/05\/250522_canvalent-600x338.jpg 600w, https:\/\/www.noubarris.net\/web40\/wp-content\/uploads\/2022\/05\/250522_canvalent-150x84.jpg 150w\" sizes=\"auto, (max-width: 768px) 100vw, 768px\" \/><\/figure>\n","protected":false},"excerpt":{"rendered":"<p>Ja \u00e9s visible l&#8217;apuntalament interior de l&#8217;estructura, un cop retirada la vegetaci\u00f3 i les peces que suposaven un risc Es<\/p>\n","protected":false},"author":2,"featured_media":79140,"comment_status":"closed","ping_status":"closed","sticky":false,"template":"","format":"standard","meta":{"colormag_page_layout":"default_layout","_monsterinsights_skip_tracking":false,"_monsterinsights_sitenote_active":false,"_monsterinsights_sitenote_note":"","_monsterinsights_sitenote_category":0,"footnotes":""},"categories":[134,124],"tags":[227,456,235],"class_list":["post-79134","post","type-post","status-publish","format-standard","has-post-thumbnail","hentry","category-porta","category-societat","tag-can-valent","tag-masies","tag-patrimoni"],"yoast_head":"<!-- This site is optimized with the Yoast SEO plugin v25.3 - https:\/\/yoast.com\/wordpress\/plugins\/seo\/ -->\n<title>Aix\u00ed avan\u00e7a la rehabilitaci\u00f3 de la masia de Can Valent (V\u00cdDEO) - NouBarris.Net<\/title>\n<meta name=\"robots\" content=\"index, follow, max-snippet:-1, max-image-preview:large, max-video-preview:-1\" \/>\n<link rel=\"canonical\" href=\"https:\/\/www.noubarris.net\/web40\/aixi-avanca-la-rehabilitacio-de-la-masia-de-can-valent-video\/\" \/>\n<meta property=\"og:locale\" content=\"ca_ES\" \/>\n<meta property=\"og:type\" content=\"article\" \/>\n<meta property=\"og:title\" content=\"Aix\u00ed avan\u00e7a la rehabilitaci\u00f3 de la masia de Can Valent (V\u00cdDEO) - NouBarris.Net\" \/>\n<meta property=\"og:description\" content=\"Ja \u00e9s visible l&#8217;apuntalament interior de l&#8217;estructura, un cop retirada la vegetaci\u00f3 i les peces que suposaven un risc Es\" \/>\n<meta property=\"og:url\" content=\"https:\/\/www.noubarris.net\/web40\/aixi-avanca-la-rehabilitacio-de-la-masia-de-can-valent-video\/\" \/>\n<meta property=\"og:site_name\" content=\"NouBarris.Net\" \/>\n<meta property=\"article:publisher\" content=\"https:\/\/www.facebook.com\/NouBarris.net\/?locale=es_ES\" \/>\n<meta property=\"article:published_time\" content=\"2022-05-24T22:00:08+00:00\" \/>\n<meta property=\"og:image\" content=\"https:\/\/www.noubarris.net\/web40\/wp-content\/uploads\/2022\/05\/250522-1.jpg\" \/>\n\t<meta property=\"og:image:width\" content=\"768\" \/>\n\t<meta property=\"og:image:height\" content=\"432\" \/>\n\t<meta property=\"og:image:type\" content=\"image\/jpeg\" \/>\n<meta name=\"author\" content=\"Informatius\" \/>\n<meta name=\"twitter:card\" content=\"summary_large_image\" \/>\n<meta name=\"twitter:creator\" content=\"@9BTV\" \/>\n<meta name=\"twitter:site\" content=\"@9BTV\" \/>\n<meta name=\"twitter:label1\" content=\"Escrit per\" \/>\n\t<meta name=\"twitter:data1\" content=\"Informatius\" \/>\n\t<meta name=\"twitter:label2\" content=\"Temps estimat de lectura\" \/>\n\t<meta name=\"twitter:data2\" content=\"2 minuts\" \/>\n<script type=\"application\/ld+json\" class=\"yoast-schema-graph\">{\"@context\":\"https:\/\/schema.org\",\"@graph\":[{\"@type\":\"Article\",\"@id\":\"https:\/\/www.noubarris.net\/web40\/aixi-avanca-la-rehabilitacio-de-la-masia-de-can-valent-video\/#article\",\"isPartOf\":{\"@id\":\"https:\/\/www.noubarris.net\/web40\/aixi-avanca-la-rehabilitacio-de-la-masia-de-can-valent-video\/\"},\"author\":{\"name\":\"Informatius\",\"@id\":\"https:\/\/www.noubarris.net\/web40\/#\/schema\/person\/1827f92aaa316c54abbf4dac0de76069\"},\"headline\":\"Aix\u00ed avan\u00e7a la rehabilitaci\u00f3 de la masia de Can Valent (V\u00cdDEO)\",\"datePublished\":\"2022-05-24T22:00:08+00:00\",\"mainEntityOfPage\":{\"@id\":\"https:\/\/www.noubarris.net\/web40\/aixi-avanca-la-rehabilitacio-de-la-masia-de-can-valent-video\/\"},\"wordCount\":389,\"publisher\":{\"@id\":\"https:\/\/www.noubarris.net\/web40\/#organization\"},\"image\":{\"@id\":\"https:\/\/www.noubarris.net\/web40\/aixi-avanca-la-rehabilitacio-de-la-masia-de-can-valent-video\/#primaryimage\"},\"thumbnailUrl\":\"https:\/\/www.noubarris.net\/web40\/wp-content\/uploads\/2022\/05\/250522-1.jpg\",\"keywords\":[\"Can Valent\",\"masies\",\"patrimoni\"],\"articleSection\":[\"Porta\",\"Societat\"],\"inLanguage\":\"ca\"},{\"@type\":\"WebPage\",\"@id\":\"https:\/\/www.noubarris.net\/web40\/aixi-avanca-la-rehabilitacio-de-la-masia-de-can-valent-video\/\",\"url\":\"https:\/\/www.noubarris.net\/web40\/aixi-avanca-la-rehabilitacio-de-la-masia-de-can-valent-video\/\",\"name\":\"Aix\u00ed avan\u00e7a la rehabilitaci\u00f3 de la masia de Can Valent (V\u00cdDEO) - NouBarris.Net\",\"isPartOf\":{\"@id\":\"https:\/\/www.noubarris.net\/web40\/#website\"},\"primaryImageOfPage\":{\"@id\":\"https:\/\/www.noubarris.net\/web40\/aixi-avanca-la-rehabilitacio-de-la-masia-de-can-valent-video\/#primaryimage\"},\"image\":{\"@id\":\"https:\/\/www.noubarris.net\/web40\/aixi-avanca-la-rehabilitacio-de-la-masia-de-can-valent-video\/#primaryimage\"},\"thumbnailUrl\":\"https:\/\/www.noubarris.net\/web40\/wp-content\/uploads\/2022\/05\/250522-1.jpg\",\"datePublished\":\"2022-05-24T22:00:08+00:00\",\"breadcrumb\":{\"@id\":\"https:\/\/www.noubarris.net\/web40\/aixi-avanca-la-rehabilitacio-de-la-masia-de-can-valent-video\/#breadcrumb\"},\"inLanguage\":\"ca\",\"potentialAction\":[{\"@type\":\"ReadAction\",\"target\":[\"https:\/\/www.noubarris.net\/web40\/aixi-avanca-la-rehabilitacio-de-la-masia-de-can-valent-video\/\"]}]},{\"@type\":\"ImageObject\",\"inLanguage\":\"ca\",\"@id\":\"https:\/\/www.noubarris.net\/web40\/aixi-avanca-la-rehabilitacio-de-la-masia-de-can-valent-video\/#primaryimage\",\"url\":\"https:\/\/www.noubarris.net\/web40\/wp-content\/uploads\/2022\/05\/250522-1.jpg\",\"contentUrl\":\"https:\/\/www.noubarris.net\/web40\/wp-content\/uploads\/2022\/05\/250522-1.jpg\",\"width\":768,\"height\":432},{\"@type\":\"BreadcrumbList\",\"@id\":\"https:\/\/www.noubarris.net\/web40\/aixi-avanca-la-rehabilitacio-de-la-masia-de-can-valent-video\/#breadcrumb\",\"itemListElement\":[{\"@type\":\"ListItem\",\"position\":1,\"name\":\"Inici\",\"item\":\"https:\/\/www.noubarris.net\/web40\/\"},{\"@type\":\"ListItem\",\"position\":2,\"name\":\"Aix\u00ed avan\u00e7a la rehabilitaci\u00f3 de la masia de Can Valent (V\u00cdDEO)\"}]},{\"@type\":\"WebSite\",\"@id\":\"https:\/\/www.noubarris.net\/web40\/#website\",\"url\":\"https:\/\/www.noubarris.net\/web40\/\",\"name\":\"NouBarris.Net\",\"description\":\"Seguint la vida de Nou Barris des de 1985\",\"publisher\":{\"@id\":\"https:\/\/www.noubarris.net\/web40\/#organization\"},\"potentialAction\":[{\"@type\":\"SearchAction\",\"target\":{\"@type\":\"EntryPoint\",\"urlTemplate\":\"https:\/\/www.noubarris.net\/web40\/?s={search_term_string}\"},\"query-input\":{\"@type\":\"PropertyValueSpecification\",\"valueRequired\":true,\"valueName\":\"search_term_string\"}}],\"inLanguage\":\"ca\"},{\"@type\":\"Organization\",\"@id\":\"https:\/\/www.noubarris.net\/web40\/#organization\",\"name\":\"NouBarris.Net\",\"url\":\"https:\/\/www.noubarris.net\/web40\/\",\"logo\":{\"@type\":\"ImageObject\",\"inLanguage\":\"ca\",\"@id\":\"https:\/\/www.noubarris.net\/web40\/#\/schema\/logo\/image\/\",\"url\":\"https:\/\/www.noubarris.net\/web40\/wp-content\/uploads\/2024\/11\/cropped-cropped-LOGO_9BTV-2024_Insta-1.jpg\",\"contentUrl\":\"https:\/\/www.noubarris.net\/web40\/wp-content\/uploads\/2024\/11\/cropped-cropped-LOGO_9BTV-2024_Insta-1.jpg\",\"width\":512,\"height\":512,\"caption\":\"NouBarris.Net\"},\"image\":{\"@id\":\"https:\/\/www.noubarris.net\/web40\/#\/schema\/logo\/image\/\"},\"sameAs\":[\"https:\/\/www.facebook.com\/NouBarris.net\/?locale=es_ES\",\"https:\/\/x.com\/9BTV\"]},{\"@type\":\"Person\",\"@id\":\"https:\/\/www.noubarris.net\/web40\/#\/schema\/person\/1827f92aaa316c54abbf4dac0de76069\",\"name\":\"Informatius\",\"image\":{\"@type\":\"ImageObject\",\"inLanguage\":\"ca\",\"@id\":\"https:\/\/www.noubarris.net\/web40\/#\/schema\/person\/image\/\",\"url\":\"https:\/\/secure.gravatar.com\/avatar\/87a3b47928835fc72c6ee5b0e1a7263ef0c2d05003a98189bc14926c5f11bcdb?s=96&d=mm&r=g\",\"contentUrl\":\"https:\/\/secure.gravatar.com\/avatar\/87a3b47928835fc72c6ee5b0e1a7263ef0c2d05003a98189bc14926c5f11bcdb?s=96&d=mm&r=g\",\"caption\":\"Informatius\"},\"url\":\"https:\/\/www.noubarris.net\/web40\/author\/tele\/\"}]}<\/script>\n<!-- \/ Yoast SEO plugin. -->","yoast_head_json":{"title":"Aix\u00ed avan\u00e7a la rehabilitaci\u00f3 de la masia de Can Valent (V\u00cdDEO) - NouBarris.Net","robots":{"index":"index","follow":"follow","max-snippet":"max-snippet:-1","max-image-preview":"max-image-preview:large","max-video-preview":"max-video-preview:-1"},"canonical":"https:\/\/www.noubarris.net\/web40\/aixi-avanca-la-rehabilitacio-de-la-masia-de-can-valent-video\/","og_locale":"ca_ES","og_type":"article","og_title":"Aix\u00ed avan\u00e7a la rehabilitaci\u00f3 de la masia de Can Valent (V\u00cdDEO) - NouBarris.Net","og_description":"Ja \u00e9s visible l&#8217;apuntalament interior de l&#8217;estructura, un cop retirada la vegetaci\u00f3 i les peces que suposaven un risc Es","og_url":"https:\/\/www.noubarris.net\/web40\/aixi-avanca-la-rehabilitacio-de-la-masia-de-can-valent-video\/","og_site_name":"NouBarris.Net","article_publisher":"https:\/\/www.facebook.com\/NouBarris.net\/?locale=es_ES","article_published_time":"2022-05-24T22:00:08+00:00","og_image":[{"width":768,"height":432,"url":"https:\/\/www.noubarris.net\/web40\/wp-content\/uploads\/2022\/05\/250522-1.jpg","type":"image\/jpeg"}],"author":"Informatius","twitter_card":"summary_large_image","twitter_creator":"@9BTV","twitter_site":"@9BTV","twitter_misc":{"Escrit per":"Informatius","Temps estimat de lectura":"2 minuts"},"schema":{"@context":"https:\/\/schema.org","@graph":[{"@type":"Article","@id":"https:\/\/www.noubarris.net\/web40\/aixi-avanca-la-rehabilitacio-de-la-masia-de-can-valent-video\/#article","isPartOf":{"@id":"https:\/\/www.noubarris.net\/web40\/aixi-avanca-la-rehabilitacio-de-la-masia-de-can-valent-video\/"},"author":{"name":"Informatius","@id":"https:\/\/www.noubarris.net\/web40\/#\/schema\/person\/1827f92aaa316c54abbf4dac0de76069"},"headline":"Aix\u00ed avan\u00e7a la rehabilitaci\u00f3 de la masia de Can Valent (V\u00cdDEO)","datePublished":"2022-05-24T22:00:08+00:00","mainEntityOfPage":{"@id":"https:\/\/www.noubarris.net\/web40\/aixi-avanca-la-rehabilitacio-de-la-masia-de-can-valent-video\/"},"wordCount":389,"publisher":{"@id":"https:\/\/www.noubarris.net\/web40\/#organization"},"image":{"@id":"https:\/\/www.noubarris.net\/web40\/aixi-avanca-la-rehabilitacio-de-la-masia-de-can-valent-video\/#primaryimage"},"thumbnailUrl":"https:\/\/www.noubarris.net\/web40\/wp-content\/uploads\/2022\/05\/250522-1.jpg","keywords":["Can Valent","masies","patrimoni"],"articleSection":["Porta","Societat"],"inLanguage":"ca"},{"@type":"WebPage","@id":"https:\/\/www.noubarris.net\/web40\/aixi-avanca-la-rehabilitacio-de-la-masia-de-can-valent-video\/","url":"https:\/\/www.noubarris.net\/web40\/aixi-avanca-la-rehabilitacio-de-la-masia-de-can-valent-video\/","name":"Aix\u00ed avan\u00e7a la rehabilitaci\u00f3 de la masia de Can Valent (V\u00cdDEO) - NouBarris.Net","isPartOf":{"@id":"https:\/\/www.noubarris.net\/web40\/#website"},"primaryImageOfPage":{"@id":"https:\/\/www.noubarris.net\/web40\/aixi-avanca-la-rehabilitacio-de-la-masia-de-can-valent-video\/#primaryimage"},"image":{"@id":"https:\/\/www.noubarris.net\/web40\/aixi-avanca-la-rehabilitacio-de-la-masia-de-can-valent-video\/#primaryimage"},"thumbnailUrl":"https:\/\/www.noubarris.net\/web40\/wp-content\/uploads\/2022\/05\/250522-1.jpg","datePublished":"2022-05-24T22:00:08+00:00","breadcrumb":{"@id":"https:\/\/www.noubarris.net\/web40\/aixi-avanca-la-rehabilitacio-de-la-masia-de-can-valent-video\/#breadcrumb"},"inLanguage":"ca","potentialAction":[{"@type":"ReadAction","target":["https:\/\/www.noubarris.net\/web40\/aixi-avanca-la-rehabilitacio-de-la-masia-de-can-valent-video\/"]}]},{"@type":"ImageObject","inLanguage":"ca","@id":"https:\/\/www.noubarris.net\/web40\/aixi-avanca-la-rehabilitacio-de-la-masia-de-can-valent-video\/#primaryimage","url":"https:\/\/www.noubarris.net\/web40\/wp-content\/uploads\/2022\/05\/250522-1.jpg","contentUrl":"https:\/\/www.noubarris.net\/web40\/wp-content\/uploads\/2022\/05\/250522-1.jpg","width":768,"height":432},{"@type":"BreadcrumbList","@id":"https:\/\/www.noubarris.net\/web40\/aixi-avanca-la-rehabilitacio-de-la-masia-de-can-valent-video\/#breadcrumb","itemListElement":[{"@type":"ListItem","position":1,"name":"Inici","item":"https:\/\/www.noubarris.net\/web40\/"},{"@type":"ListItem","position":2,"name":"Aix\u00ed avan\u00e7a la rehabilitaci\u00f3 de la masia de Can Valent (V\u00cdDEO)"}]},{"@type":"WebSite","@id":"https:\/\/www.noubarris.net\/web40\/#website","url":"https:\/\/www.noubarris.net\/web40\/","name":"NouBarris.Net","description":"Seguint la vida de Nou Barris des de 1985","publisher":{"@id":"https:\/\/www.noubarris.net\/web40\/#organization"},"potentialAction":[{"@type":"SearchAction","target":{"@type":"EntryPoint","urlTemplate":"https:\/\/www.noubarris.net\/web40\/?s={search_term_string}"},"query-input":{"@type":"PropertyValueSpecification","valueRequired":true,"valueName":"search_term_string"}}],"inLanguage":"ca"},{"@type":"Organization","@id":"https:\/\/www.noubarris.net\/web40\/#organization","name":"NouBarris.Net","url":"https:\/\/www.noubarris.net\/web40\/","logo":{"@type":"ImageObject","inLanguage":"ca","@id":"https:\/\/www.noubarris.net\/web40\/#\/schema\/logo\/image\/","url":"https:\/\/www.noubarris.net\/web40\/wp-content\/uploads\/2024\/11\/cropped-cropped-LOGO_9BTV-2024_Insta-1.jpg","contentUrl":"https:\/\/www.noubarris.net\/web40\/wp-content\/uploads\/2024\/11\/cropped-cropped-LOGO_9BTV-2024_Insta-1.jpg","width":512,"height":512,"caption":"NouBarris.Net"},"image":{"@id":"https:\/\/www.noubarris.net\/web40\/#\/schema\/logo\/image\/"},"sameAs":["https:\/\/www.facebook.com\/NouBarris.net\/?locale=es_ES","https:\/\/x.com\/9BTV"]},{"@type":"Person","@id":"https:\/\/www.noubarris.net\/web40\/#\/schema\/person\/1827f92aaa316c54abbf4dac0de76069","name":"Informatius","image":{"@type":"ImageObject","inLanguage":"ca","@id":"https:\/\/www.noubarris.net\/web40\/#\/schema\/person\/image\/","url":"https:\/\/secure.gravatar.com\/avatar\/87a3b47928835fc72c6ee5b0e1a7263ef0c2d05003a98189bc14926c5f11bcdb?s=96&d=mm&r=g","contentUrl":"https:\/\/secure.gravatar.com\/avatar\/87a3b47928835fc72c6ee5b0e1a7263ef0c2d05003a98189bc14926c5f11bcdb?s=96&d=mm&r=g","caption":"Informatius"},"url":"https:\/\/www.noubarris.net\/web40\/author\/tele\/"}]}},"_links":{"self":[{"href":"https:\/\/www.noubarris.net\/web40\/wp-json\/wp\/v2\/posts\/79134","targetHints":{"allow":["GET"]}}],"collection":[{"href":"https:\/\/www.noubarris.net\/web40\/wp-json\/wp\/v2\/posts"}],"about":[{"href":"https:\/\/www.noubarris.net\/web40\/wp-json\/wp\/v2\/types\/post"}],"author":[{"embeddable":true,"href":"https:\/\/www.noubarris.net\/web40\/wp-json\/wp\/v2\/users\/2"}],"replies":[{"embeddable":true,"href":"https:\/\/www.noubarris.net\/web40\/wp-json\/wp\/v2\/comments?post=79134"}],"version-history":[{"count":4,"href":"https:\/\/www.noubarris.net\/web40\/wp-json\/wp\/v2\/posts\/79134\/revisions"}],"predecessor-version":[{"id":79142,"href":"https:\/\/www.noubarris.net\/web40\/wp-json\/wp\/v2\/posts\/79134\/revisions\/79142"}],"wp:featuredmedia":[{"embeddable":true,"href":"https:\/\/www.noubarris.net\/web40\/wp-json\/wp\/v2\/media\/79140"}],"wp:attachment":[{"href":"https:\/\/www.noubarris.net\/web40\/wp-json\/wp\/v2\/media?parent=79134"}],"wp:term":[{"taxonomy":"category","embeddable":true,"href":"https:\/\/www.noubarris.net\/web40\/wp-json\/wp\/v2\/categories?post=79134"},{"taxonomy":"post_tag","embeddable":true,"href":"https:\/\/www.noubarris.net\/web40\/wp-json\/wp\/v2\/tags?post=79134"}],"curies":[{"name":"wp","href":"https:\/\/api.w.org\/{rel}","templated":true}]}}