{"id":79388,"date":"2022-07-05T10:11:09","date_gmt":"2022-07-05T08:11:09","guid":{"rendered":"http:\/\/www.noubarris.net\/web40\/?p=79388"},"modified":"2022-07-05T10:11:09","modified_gmt":"2022-07-05T08:11:09","slug":"obres-per-enllacar-els-carrers-de-vacarisses-i-castelldefels-a-torre-baro","status":"publish","type":"post","link":"https:\/\/www.noubarris.net\/web40\/obres-per-enllacar-els-carrers-de-vacarisses-i-castelldefels-a-torre-baro\/","title":{"rendered":"Obres per enlla\u00e7ar els carrers de Vacarisses i Castelldefels, a Torre Bar\u00f3"},"content":{"rendered":"<p><strong>Districte Nou Barris convoca una reuni\u00f3 informativa dem\u00e0 a les 17h al Casal de Barri Torre Bar\u00f3\u00a0<\/strong><\/p>\n<p>L&#8217;Ajuntament preveu comen\u00e7ar properament les obres que han de connectar dos carrers de Torre Bar\u00f3 que actualment es troben separats per un torrent. Es tracta dels carrers de Castelldefels i de Vacarisses, i l\u2019objectiu \u00e9s ordenar aquest sector del barri, situada a la part sud.<\/p>\n<p>Al tram del carrer de Castelldefels amb Vacarisses s\u2019ampliar\u00e0 la cal\u00e7ada i es reduir\u00e0 un important desnivell de cota, el que permetr\u00e0 millorar la connexi\u00f3 entre ambd\u00f3s carrers. Aquesta actuaci\u00f3 es complementar\u00e0 amb el condicionament i l\u2019accessibilitat de les zones verdes i els espais interiors. Les previsions inicials apunten el final de les obres per al proper mes de febrer.<\/p>\n<p>Districte ha convocat una reuni\u00f3 informativa aquest dimecres a la tarda, a les 17h, per informar detalladament del projecte i de les afectacions que es produiran, com ara talls de tr\u00e0nsit. Ser\u00e0 una reuni\u00f3 \u00fanicament presencial, al Casal de Barri Torre Bar\u00f3 (avinguda de l\u2019Escolapi C\u00e0ncer 5)<\/p>\n","protected":false},"excerpt":{"rendered":"<p>Districte Nou Barris convoca una reuni\u00f3 informativa dem\u00e0 a les 17h al Casal de Barri Torre Bar\u00f3\u00a0 L&#8217;Ajuntament preveu comen\u00e7ar<\/p>\n","protected":false},"author":2,"featured_media":79390,"comment_status":"closed","ping_status":"closed","sticky":false,"template":"","format":"standard","meta":{"colormag_page_layout":"default_layout","_monsterinsights_skip_tracking":false,"_monsterinsights_sitenote_active":false,"_monsterinsights_sitenote_note":"","_monsterinsights_sitenote_category":0,"footnotes":""},"categories":[137,302],"tags":[360],"class_list":["post-79388","post","type-post","status-publish","format-standard","has-post-thumbnail","hentry","category-torre-baro","category-urbanisme","tag-obres"],"yoast_head":"<!-- This site is optimized with the Yoast SEO plugin v25.3 - https:\/\/yoast.com\/wordpress\/plugins\/seo\/ -->\n<title>Obres per enlla\u00e7ar els carrers de Vacarisses i Castelldefels, a Torre Bar\u00f3 - NouBarris.Net<\/title>\n<meta name=\"robots\" content=\"index, follow, max-snippet:-1, max-image-preview:large, max-video-preview:-1\" \/>\n<link rel=\"canonical\" href=\"https:\/\/www.noubarris.net\/web40\/obres-per-enllacar-els-carrers-de-vacarisses-i-castelldefels-a-torre-baro\/\" \/>\n<meta property=\"og:locale\" content=\"ca_ES\" \/>\n<meta property=\"og:type\" content=\"article\" \/>\n<meta property=\"og:title\" content=\"Obres per enlla\u00e7ar els carrers de Vacarisses i Castelldefels, a Torre Bar\u00f3 - NouBarris.Net\" \/>\n<meta property=\"og:description\" content=\"Districte Nou Barris convoca una reuni\u00f3 informativa dem\u00e0 a les 17h al Casal de Barri Torre Bar\u00f3\u00a0 L&#8217;Ajuntament preveu comen\u00e7ar\" \/>\n<meta property=\"og:url\" content=\"https:\/\/www.noubarris.net\/web40\/obres-per-enllacar-els-carrers-de-vacarisses-i-castelldefels-a-torre-baro\/\" \/>\n<meta property=\"og:site_name\" content=\"NouBarris.Net\" \/>\n<meta property=\"article:publisher\" content=\"https:\/\/www.facebook.com\/NouBarris.net\/?locale=es_ES\" \/>\n<meta property=\"article:published_time\" content=\"2022-07-05T08:11:09+00:00\" \/>\n<meta property=\"og:image\" content=\"https:\/\/www.noubarris.net\/web40\/wp-content\/uploads\/2022\/07\/050722.jpg\" \/>\n\t<meta property=\"og:image:width\" content=\"768\" \/>\n\t<meta property=\"og:image:height\" content=\"432\" \/>\n\t<meta property=\"og:image:type\" content=\"image\/jpeg\" \/>\n<meta name=\"author\" content=\"Informatius\" \/>\n<meta name=\"twitter:card\" content=\"summary_large_image\" \/>\n<meta name=\"twitter:creator\" content=\"@9BTV\" \/>\n<meta name=\"twitter:site\" content=\"@9BTV\" \/>\n<meta name=\"twitter:label1\" content=\"Escrit per\" \/>\n\t<meta name=\"twitter:data1\" content=\"Informatius\" \/>\n\t<meta name=\"twitter:label2\" content=\"Temps estimat de lectura\" \/>\n\t<meta name=\"twitter:data2\" content=\"1 minut\" \/>\n<script type=\"application\/ld+json\" class=\"yoast-schema-graph\">{\"@context\":\"https:\/\/schema.org\",\"@graph\":[{\"@type\":\"Article\",\"@id\":\"https:\/\/www.noubarris.net\/web40\/obres-per-enllacar-els-carrers-de-vacarisses-i-castelldefels-a-torre-baro\/#article\",\"isPartOf\":{\"@id\":\"https:\/\/www.noubarris.net\/web40\/obres-per-enllacar-els-carrers-de-vacarisses-i-castelldefels-a-torre-baro\/\"},\"author\":{\"name\":\"Informatius\",\"@id\":\"https:\/\/www.noubarris.net\/web40\/#\/schema\/person\/1827f92aaa316c54abbf4dac0de76069\"},\"headline\":\"Obres per enlla\u00e7ar els carrers de Vacarisses i Castelldefels, a Torre Bar\u00f3\",\"datePublished\":\"2022-07-05T08:11:09+00:00\",\"mainEntityOfPage\":{\"@id\":\"https:\/\/www.noubarris.net\/web40\/obres-per-enllacar-els-carrers-de-vacarisses-i-castelldefels-a-torre-baro\/\"},\"wordCount\":191,\"publisher\":{\"@id\":\"https:\/\/www.noubarris.net\/web40\/#organization\"},\"image\":{\"@id\":\"https:\/\/www.noubarris.net\/web40\/obres-per-enllacar-els-carrers-de-vacarisses-i-castelldefels-a-torre-baro\/#primaryimage\"},\"thumbnailUrl\":\"https:\/\/www.noubarris.net\/web40\/wp-content\/uploads\/2022\/07\/050722.jpg\",\"keywords\":[\"Obres\"],\"articleSection\":[\"Torre Bar\u00f3\",\"Urbanisme\"],\"inLanguage\":\"ca\"},{\"@type\":\"WebPage\",\"@id\":\"https:\/\/www.noubarris.net\/web40\/obres-per-enllacar-els-carrers-de-vacarisses-i-castelldefels-a-torre-baro\/\",\"url\":\"https:\/\/www.noubarris.net\/web40\/obres-per-enllacar-els-carrers-de-vacarisses-i-castelldefels-a-torre-baro\/\",\"name\":\"Obres per enlla\u00e7ar els carrers de Vacarisses i Castelldefels, a Torre Bar\u00f3 - NouBarris.Net\",\"isPartOf\":{\"@id\":\"https:\/\/www.noubarris.net\/web40\/#website\"},\"primaryImageOfPage\":{\"@id\":\"https:\/\/www.noubarris.net\/web40\/obres-per-enllacar-els-carrers-de-vacarisses-i-castelldefels-a-torre-baro\/#primaryimage\"},\"image\":{\"@id\":\"https:\/\/www.noubarris.net\/web40\/obres-per-enllacar-els-carrers-de-vacarisses-i-castelldefels-a-torre-baro\/#primaryimage\"},\"thumbnailUrl\":\"https:\/\/www.noubarris.net\/web40\/wp-content\/uploads\/2022\/07\/050722.jpg\",\"datePublished\":\"2022-07-05T08:11:09+00:00\",\"breadcrumb\":{\"@id\":\"https:\/\/www.noubarris.net\/web40\/obres-per-enllacar-els-carrers-de-vacarisses-i-castelldefels-a-torre-baro\/#breadcrumb\"},\"inLanguage\":\"ca\",\"potentialAction\":[{\"@type\":\"ReadAction\",\"target\":[\"https:\/\/www.noubarris.net\/web40\/obres-per-enllacar-els-carrers-de-vacarisses-i-castelldefels-a-torre-baro\/\"]}]},{\"@type\":\"ImageObject\",\"inLanguage\":\"ca\",\"@id\":\"https:\/\/www.noubarris.net\/web40\/obres-per-enllacar-els-carrers-de-vacarisses-i-castelldefels-a-torre-baro\/#primaryimage\",\"url\":\"https:\/\/www.noubarris.net\/web40\/wp-content\/uploads\/2022\/07\/050722.jpg\",\"contentUrl\":\"https:\/\/www.noubarris.net\/web40\/wp-content\/uploads\/2022\/07\/050722.jpg\",\"width\":768,\"height\":432},{\"@type\":\"BreadcrumbList\",\"@id\":\"https:\/\/www.noubarris.net\/web40\/obres-per-enllacar-els-carrers-de-vacarisses-i-castelldefels-a-torre-baro\/#breadcrumb\",\"itemListElement\":[{\"@type\":\"ListItem\",\"position\":1,\"name\":\"Inici\",\"item\":\"https:\/\/www.noubarris.net\/web40\/\"},{\"@type\":\"ListItem\",\"position\":2,\"name\":\"Obres per enlla\u00e7ar els carrers de Vacarisses i Castelldefels, a Torre Bar\u00f3\"}]},{\"@type\":\"WebSite\",\"@id\":\"https:\/\/www.noubarris.net\/web40\/#website\",\"url\":\"https:\/\/www.noubarris.net\/web40\/\",\"name\":\"NouBarris.Net\",\"description\":\"Seguint la vida de Nou Barris des de 1985\",\"publisher\":{\"@id\":\"https:\/\/www.noubarris.net\/web40\/#organization\"},\"potentialAction\":[{\"@type\":\"SearchAction\",\"target\":{\"@type\":\"EntryPoint\",\"urlTemplate\":\"https:\/\/www.noubarris.net\/web40\/?s={search_term_string}\"},\"query-input\":{\"@type\":\"PropertyValueSpecification\",\"valueRequired\":true,\"valueName\":\"search_term_string\"}}],\"inLanguage\":\"ca\"},{\"@type\":\"Organization\",\"@id\":\"https:\/\/www.noubarris.net\/web40\/#organization\",\"name\":\"NouBarris.Net\",\"url\":\"https:\/\/www.noubarris.net\/web40\/\",\"logo\":{\"@type\":\"ImageObject\",\"inLanguage\":\"ca\",\"@id\":\"https:\/\/www.noubarris.net\/web40\/#\/schema\/logo\/image\/\",\"url\":\"https:\/\/www.noubarris.net\/web40\/wp-content\/uploads\/2024\/11\/cropped-cropped-LOGO_9BTV-2024_Insta-1.jpg\",\"contentUrl\":\"https:\/\/www.noubarris.net\/web40\/wp-content\/uploads\/2024\/11\/cropped-cropped-LOGO_9BTV-2024_Insta-1.jpg\",\"width\":512,\"height\":512,\"caption\":\"NouBarris.Net\"},\"image\":{\"@id\":\"https:\/\/www.noubarris.net\/web40\/#\/schema\/logo\/image\/\"},\"sameAs\":[\"https:\/\/www.facebook.com\/NouBarris.net\/?locale=es_ES\",\"https:\/\/x.com\/9BTV\"]},{\"@type\":\"Person\",\"@id\":\"https:\/\/www.noubarris.net\/web40\/#\/schema\/person\/1827f92aaa316c54abbf4dac0de76069\",\"name\":\"Informatius\",\"image\":{\"@type\":\"ImageObject\",\"inLanguage\":\"ca\",\"@id\":\"https:\/\/www.noubarris.net\/web40\/#\/schema\/person\/image\/\",\"url\":\"https:\/\/secure.gravatar.com\/avatar\/87a3b47928835fc72c6ee5b0e1a7263ef0c2d05003a98189bc14926c5f11bcdb?s=96&d=mm&r=g\",\"contentUrl\":\"https:\/\/secure.gravatar.com\/avatar\/87a3b47928835fc72c6ee5b0e1a7263ef0c2d05003a98189bc14926c5f11bcdb?s=96&d=mm&r=g\",\"caption\":\"Informatius\"},\"url\":\"https:\/\/www.noubarris.net\/web40\/author\/tele\/\"}]}<\/script>\n<!-- \/ Yoast SEO plugin. -->","yoast_head_json":{"title":"Obres per enlla\u00e7ar els carrers de Vacarisses i Castelldefels, a Torre Bar\u00f3 - NouBarris.Net","robots":{"index":"index","follow":"follow","max-snippet":"max-snippet:-1","max-image-preview":"max-image-preview:large","max-video-preview":"max-video-preview:-1"},"canonical":"https:\/\/www.noubarris.net\/web40\/obres-per-enllacar-els-carrers-de-vacarisses-i-castelldefels-a-torre-baro\/","og_locale":"ca_ES","og_type":"article","og_title":"Obres per enlla\u00e7ar els carrers de Vacarisses i Castelldefels, a Torre Bar\u00f3 - NouBarris.Net","og_description":"Districte Nou Barris convoca una reuni\u00f3 informativa dem\u00e0 a les 17h al Casal de Barri Torre Bar\u00f3\u00a0 L&#8217;Ajuntament preveu comen\u00e7ar","og_url":"https:\/\/www.noubarris.net\/web40\/obres-per-enllacar-els-carrers-de-vacarisses-i-castelldefels-a-torre-baro\/","og_site_name":"NouBarris.Net","article_publisher":"https:\/\/www.facebook.com\/NouBarris.net\/?locale=es_ES","article_published_time":"2022-07-05T08:11:09+00:00","og_image":[{"width":768,"height":432,"url":"https:\/\/www.noubarris.net\/web40\/wp-content\/uploads\/2022\/07\/050722.jpg","type":"image\/jpeg"}],"author":"Informatius","twitter_card":"summary_large_image","twitter_creator":"@9BTV","twitter_site":"@9BTV","twitter_misc":{"Escrit per":"Informatius","Temps estimat de lectura":"1 minut"},"schema":{"@context":"https:\/\/schema.org","@graph":[{"@type":"Article","@id":"https:\/\/www.noubarris.net\/web40\/obres-per-enllacar-els-carrers-de-vacarisses-i-castelldefels-a-torre-baro\/#article","isPartOf":{"@id":"https:\/\/www.noubarris.net\/web40\/obres-per-enllacar-els-carrers-de-vacarisses-i-castelldefels-a-torre-baro\/"},"author":{"name":"Informatius","@id":"https:\/\/www.noubarris.net\/web40\/#\/schema\/person\/1827f92aaa316c54abbf4dac0de76069"},"headline":"Obres per enlla\u00e7ar els carrers de Vacarisses i Castelldefels, a Torre Bar\u00f3","datePublished":"2022-07-05T08:11:09+00:00","mainEntityOfPage":{"@id":"https:\/\/www.noubarris.net\/web40\/obres-per-enllacar-els-carrers-de-vacarisses-i-castelldefels-a-torre-baro\/"},"wordCount":191,"publisher":{"@id":"https:\/\/www.noubarris.net\/web40\/#organization"},"image":{"@id":"https:\/\/www.noubarris.net\/web40\/obres-per-enllacar-els-carrers-de-vacarisses-i-castelldefels-a-torre-baro\/#primaryimage"},"thumbnailUrl":"https:\/\/www.noubarris.net\/web40\/wp-content\/uploads\/2022\/07\/050722.jpg","keywords":["Obres"],"articleSection":["Torre Bar\u00f3","Urbanisme"],"inLanguage":"ca"},{"@type":"WebPage","@id":"https:\/\/www.noubarris.net\/web40\/obres-per-enllacar-els-carrers-de-vacarisses-i-castelldefels-a-torre-baro\/","url":"https:\/\/www.noubarris.net\/web40\/obres-per-enllacar-els-carrers-de-vacarisses-i-castelldefels-a-torre-baro\/","name":"Obres per enlla\u00e7ar els carrers de Vacarisses i Castelldefels, a Torre Bar\u00f3 - NouBarris.Net","isPartOf":{"@id":"https:\/\/www.noubarris.net\/web40\/#website"},"primaryImageOfPage":{"@id":"https:\/\/www.noubarris.net\/web40\/obres-per-enllacar-els-carrers-de-vacarisses-i-castelldefels-a-torre-baro\/#primaryimage"},"image":{"@id":"https:\/\/www.noubarris.net\/web40\/obres-per-enllacar-els-carrers-de-vacarisses-i-castelldefels-a-torre-baro\/#primaryimage"},"thumbnailUrl":"https:\/\/www.noubarris.net\/web40\/wp-content\/uploads\/2022\/07\/050722.jpg","datePublished":"2022-07-05T08:11:09+00:00","breadcrumb":{"@id":"https:\/\/www.noubarris.net\/web40\/obres-per-enllacar-els-carrers-de-vacarisses-i-castelldefels-a-torre-baro\/#breadcrumb"},"inLanguage":"ca","potentialAction":[{"@type":"ReadAction","target":["https:\/\/www.noubarris.net\/web40\/obres-per-enllacar-els-carrers-de-vacarisses-i-castelldefels-a-torre-baro\/"]}]},{"@type":"ImageObject","inLanguage":"ca","@id":"https:\/\/www.noubarris.net\/web40\/obres-per-enllacar-els-carrers-de-vacarisses-i-castelldefels-a-torre-baro\/#primaryimage","url":"https:\/\/www.noubarris.net\/web40\/wp-content\/uploads\/2022\/07\/050722.jpg","contentUrl":"https:\/\/www.noubarris.net\/web40\/wp-content\/uploads\/2022\/07\/050722.jpg","width":768,"height":432},{"@type":"BreadcrumbList","@id":"https:\/\/www.noubarris.net\/web40\/obres-per-enllacar-els-carrers-de-vacarisses-i-castelldefels-a-torre-baro\/#breadcrumb","itemListElement":[{"@type":"ListItem","position":1,"name":"Inici","item":"https:\/\/www.noubarris.net\/web40\/"},{"@type":"ListItem","position":2,"name":"Obres per enlla\u00e7ar els carrers de Vacarisses i Castelldefels, a Torre Bar\u00f3"}]},{"@type":"WebSite","@id":"https:\/\/www.noubarris.net\/web40\/#website","url":"https:\/\/www.noubarris.net\/web40\/","name":"NouBarris.Net","description":"Seguint la vida de Nou Barris des de 1985","publisher":{"@id":"https:\/\/www.noubarris.net\/web40\/#organization"},"potentialAction":[{"@type":"SearchAction","target":{"@type":"EntryPoint","urlTemplate":"https:\/\/www.noubarris.net\/web40\/?s={search_term_string}"},"query-input":{"@type":"PropertyValueSpecification","valueRequired":true,"valueName":"search_term_string"}}],"inLanguage":"ca"},{"@type":"Organization","@id":"https:\/\/www.noubarris.net\/web40\/#organization","name":"NouBarris.Net","url":"https:\/\/www.noubarris.net\/web40\/","logo":{"@type":"ImageObject","inLanguage":"ca","@id":"https:\/\/www.noubarris.net\/web40\/#\/schema\/logo\/image\/","url":"https:\/\/www.noubarris.net\/web40\/wp-content\/uploads\/2024\/11\/cropped-cropped-LOGO_9BTV-2024_Insta-1.jpg","contentUrl":"https:\/\/www.noubarris.net\/web40\/wp-content\/uploads\/2024\/11\/cropped-cropped-LOGO_9BTV-2024_Insta-1.jpg","width":512,"height":512,"caption":"NouBarris.Net"},"image":{"@id":"https:\/\/www.noubarris.net\/web40\/#\/schema\/logo\/image\/"},"sameAs":["https:\/\/www.facebook.com\/NouBarris.net\/?locale=es_ES","https:\/\/x.com\/9BTV"]},{"@type":"Person","@id":"https:\/\/www.noubarris.net\/web40\/#\/schema\/person\/1827f92aaa316c54abbf4dac0de76069","name":"Informatius","image":{"@type":"ImageObject","inLanguage":"ca","@id":"https:\/\/www.noubarris.net\/web40\/#\/schema\/person\/image\/","url":"https:\/\/secure.gravatar.com\/avatar\/87a3b47928835fc72c6ee5b0e1a7263ef0c2d05003a98189bc14926c5f11bcdb?s=96&d=mm&r=g","contentUrl":"https:\/\/secure.gravatar.com\/avatar\/87a3b47928835fc72c6ee5b0e1a7263ef0c2d05003a98189bc14926c5f11bcdb?s=96&d=mm&r=g","caption":"Informatius"},"url":"https:\/\/www.noubarris.net\/web40\/author\/tele\/"}]}},"_links":{"self":[{"href":"https:\/\/www.noubarris.net\/web40\/wp-json\/wp\/v2\/posts\/79388","targetHints":{"allow":["GET"]}}],"collection":[{"href":"https:\/\/www.noubarris.net\/web40\/wp-json\/wp\/v2\/posts"}],"about":[{"href":"https:\/\/www.noubarris.net\/web40\/wp-json\/wp\/v2\/types\/post"}],"author":[{"embeddable":true,"href":"https:\/\/www.noubarris.net\/web40\/wp-json\/wp\/v2\/users\/2"}],"replies":[{"embeddable":true,"href":"https:\/\/www.noubarris.net\/web40\/wp-json\/wp\/v2\/comments?post=79388"}],"version-history":[{"count":2,"href":"https:\/\/www.noubarris.net\/web40\/wp-json\/wp\/v2\/posts\/79388\/revisions"}],"predecessor-version":[{"id":79391,"href":"https:\/\/www.noubarris.net\/web40\/wp-json\/wp\/v2\/posts\/79388\/revisions\/79391"}],"wp:featuredmedia":[{"embeddable":true,"href":"https:\/\/www.noubarris.net\/web40\/wp-json\/wp\/v2\/media\/79390"}],"wp:attachment":[{"href":"https:\/\/www.noubarris.net\/web40\/wp-json\/wp\/v2\/media?parent=79388"}],"wp:term":[{"taxonomy":"category","embeddable":true,"href":"https:\/\/www.noubarris.net\/web40\/wp-json\/wp\/v2\/categories?post=79388"},{"taxonomy":"post_tag","embeddable":true,"href":"https:\/\/www.noubarris.net\/web40\/wp-json\/wp\/v2\/tags?post=79388"}],"curies":[{"name":"wp","href":"https:\/\/api.w.org\/{rel}","templated":true}]}}