{"id":79393,"date":"2022-07-06T10:19:29","date_gmt":"2022-07-06T08:19:29","guid":{"rendered":"http:\/\/www.noubarris.net\/web40\/?p=79393"},"modified":"2022-07-06T10:20:02","modified_gmt":"2022-07-06T08:20:02","slug":"el-centre-civic-zona-nord-tancara-unes-setmanes-per-manteniment","status":"publish","type":"post","link":"https:\/\/www.noubarris.net\/web40\/el-centre-civic-zona-nord-tancara-unes-setmanes-per-manteniment\/","title":{"rendered":"El centre c\u00edvic Zona Nord tancar\u00e0 unes setmanes per manteniment"},"content":{"rendered":"<p><strong>Altres equipaments del districte tamb\u00e9 ajusten els horaris a la temporada d&#8217;estiu<\/strong><\/p>\n<p>Com cada estiu, els equipaments municipals modifiquen els seus horaris o tanquen. Aquest darrer \u00e9s el cas del centre c\u00edvic Zona Nord, que aprofitar\u00e0 per dur a terme obres de caire t\u00e8cnic i de manteniment. De moment no s&#8217;ha especificat en quines dates tancar\u00e0 i reobrir\u00e0 l&#8217;equipament per\u00f2 s\u00ed que es diu que ser\u00e0 q\u00fcesti\u00f3 de &#8220;unes setmanes&#8221;, i s&#8217;empla\u00e7a a les persones usu\u00e0ries a seguir-ne l&#8217;actualitzaci\u00f3 de la informaci\u00f3 pel web del centre c\u00edvic.<\/p>\n<p>Pel que fa a la resta d&#8217;equipaments, aquests s\u00f3n els canvis d&#8217;horaris previstos:<\/p>\n<p>&nbsp;<\/p>\n<ul>\n<li>OAC de la Seu del Districte (pla\u00e7a Major de Nou Barris, 1): romandr\u00e0 oberta fins al 30 de setembre nom\u00e9s al mat\u00ed, de 8.30 a 14.30h.<\/li>\n<\/ul>\n<p>&nbsp;<\/p>\n<ul>\n<li>Espai Zona Nord<\/li>\n<\/ul>\n<p>L\u2019Espai Zona Nord, ubicat al carrer Escolapi C\u00e0ncer 5, al barri de Torre Bar\u00f3, ofereix al ve\u00efnat dels barris de la Zona Nord tres serveis: OAC (Oficina d\u2019Atenci\u00f3 Ciutadana), OH (Oficina d\u2019Habitatge) i PAE (Punt d\u2019Assessorament Energ\u00e8tic)<\/p>\n<p>Doncs b\u00e9, tant l\u2019OAC com l\u2019OH tancaran del 4 de juliol al 4 de setembre. Pel que fa al PAE, el juliol i setembre obrir\u00e0 tres dies, els dimarts, dimecres i dijous de 8.30 a 14 hores. A l\u2019agost, l\u2019oficina obrir\u00e0 els dimecres de 9 a 14 hores.<\/p>\n<p>&nbsp;<\/p>\n<ul>\n<li>Biblioteques<\/li>\n<\/ul>\n<p>Les biblioteques del districte obriran el juliol, excepte l\u2019\u00faltim dia, el 31, quan tancaran fins al 31 d\u2019agost. L\u2019\u00fanica excepci\u00f3, la Biblioteca Nou Barris, que obrir\u00e0 tot el mes d\u2019agost excepte el dia 15. Pel que fa a la resta de biblioteques de Barcelona tancaran els dies 11, 24 i 26 de setembre.<\/p>\n<p>Les sales d\u2019estudi estaran tancades del 27 de juliol a l\u20191 de setembre (ambd\u00f3s inclosos), excepte les sales d\u2019estudi de cap de setmana que mantenen el seu horari.<\/p>\n<ul>\n<li>PIAD<\/li>\n<\/ul>\n<p>Els Punts d\u2019Informaci\u00f3 i Atenci\u00f3 a les Dones de\u00a0 Zona Nord tancar\u00e0 juliol i agost.<\/p>\n<p>Pel que fa al PIAD Nou Barris, romandr\u00e0 obert tot el juliol, tot i que caldr\u00e0 demanar cita pr\u00e8via al tel\u00e8fon 900 922 357, de dilluns a dijous de 9 a 19h. i divendres de 9 a 16 h. A l\u2019agost, aquest servei obrir\u00e0 la setmana de l\u20191 al 5 d\u2019agost i del 22 al 26 d\u2019agost. La resta de setmanes del mes estar\u00e0 tancat. A l\u2019agost tamb\u00e9 caldr\u00e0 demanar cita pr\u00e8via.<\/p>\n<p>Fora d\u2019aquests horaris, per urg\u00e8ncies i durant les 24 hores del dia, us podeu adre\u00e7ar al CUESB (Tel. 900 703 030; carrer de Llacuna, 25).<\/p>\n<p>&nbsp;<\/p>\n","protected":false},"excerpt":{"rendered":"<p>Altres equipaments del districte tamb\u00e9 ajusten els horaris a la temporada d&#8217;estiu Com cada estiu, els equipaments municipals modifiquen els<\/p>\n","protected":false},"author":2,"featured_media":79398,"comment_status":"closed","ping_status":"closed","sticky":false,"template":"","format":"standard","meta":{"colormag_page_layout":"default_layout","_monsterinsights_skip_tracking":false,"_monsterinsights_sitenote_active":false,"_monsterinsights_sitenote_note":"","_monsterinsights_sitenote_category":0,"footnotes":""},"categories":[1,124],"tags":[121],"class_list":["post-79393","post","type-post","status-publish","format-standard","has-post-thumbnail","hentry","category-nou-barris","category-societat","tag-equipaments"],"yoast_head":"<!-- This site is optimized with the Yoast SEO plugin v25.3 - https:\/\/yoast.com\/wordpress\/plugins\/seo\/ -->\n<title>El centre c\u00edvic Zona Nord tancar\u00e0 unes setmanes per manteniment - NouBarris.Net<\/title>\n<meta name=\"robots\" content=\"index, follow, max-snippet:-1, max-image-preview:large, max-video-preview:-1\" \/>\n<link rel=\"canonical\" href=\"https:\/\/www.noubarris.net\/web40\/el-centre-civic-zona-nord-tancara-unes-setmanes-per-manteniment\/\" \/>\n<meta property=\"og:locale\" content=\"ca_ES\" \/>\n<meta property=\"og:type\" content=\"article\" \/>\n<meta property=\"og:title\" content=\"El centre c\u00edvic Zona Nord tancar\u00e0 unes setmanes per manteniment - NouBarris.Net\" \/>\n<meta property=\"og:description\" content=\"Altres equipaments del districte tamb\u00e9 ajusten els horaris a la temporada d&#8217;estiu Com cada estiu, els equipaments municipals modifiquen els\" \/>\n<meta property=\"og:url\" content=\"https:\/\/www.noubarris.net\/web40\/el-centre-civic-zona-nord-tancara-unes-setmanes-per-manteniment\/\" \/>\n<meta property=\"og:site_name\" content=\"NouBarris.Net\" \/>\n<meta property=\"article:publisher\" content=\"https:\/\/www.facebook.com\/NouBarris.net\/?locale=es_ES\" \/>\n<meta property=\"article:published_time\" content=\"2022-07-06T08:19:29+00:00\" \/>\n<meta property=\"article:modified_time\" content=\"2022-07-06T08:20:02+00:00\" \/>\n<meta property=\"og:image\" content=\"https:\/\/www.noubarris.net\/web40\/wp-content\/uploads\/2022\/07\/060722.jpg\" \/>\n\t<meta property=\"og:image:width\" content=\"768\" \/>\n\t<meta property=\"og:image:height\" content=\"432\" \/>\n\t<meta property=\"og:image:type\" content=\"image\/jpeg\" \/>\n<meta name=\"author\" content=\"Informatius\" \/>\n<meta name=\"twitter:card\" content=\"summary_large_image\" \/>\n<meta name=\"twitter:creator\" content=\"@9BTV\" \/>\n<meta name=\"twitter:site\" content=\"@9BTV\" \/>\n<meta name=\"twitter:label1\" content=\"Escrit per\" \/>\n\t<meta name=\"twitter:data1\" content=\"Informatius\" \/>\n\t<meta name=\"twitter:label2\" content=\"Temps estimat de lectura\" \/>\n\t<meta name=\"twitter:data2\" content=\"2 minuts\" \/>\n<script type=\"application\/ld+json\" class=\"yoast-schema-graph\">{\"@context\":\"https:\/\/schema.org\",\"@graph\":[{\"@type\":\"Article\",\"@id\":\"https:\/\/www.noubarris.net\/web40\/el-centre-civic-zona-nord-tancara-unes-setmanes-per-manteniment\/#article\",\"isPartOf\":{\"@id\":\"https:\/\/www.noubarris.net\/web40\/el-centre-civic-zona-nord-tancara-unes-setmanes-per-manteniment\/\"},\"author\":{\"name\":\"Informatius\",\"@id\":\"https:\/\/www.noubarris.net\/web40\/#\/schema\/person\/1827f92aaa316c54abbf4dac0de76069\"},\"headline\":\"El centre c\u00edvic Zona Nord tancar\u00e0 unes setmanes per manteniment\",\"datePublished\":\"2022-07-06T08:19:29+00:00\",\"dateModified\":\"2022-07-06T08:20:02+00:00\",\"mainEntityOfPage\":{\"@id\":\"https:\/\/www.noubarris.net\/web40\/el-centre-civic-zona-nord-tancara-unes-setmanes-per-manteniment\/\"},\"wordCount\":438,\"publisher\":{\"@id\":\"https:\/\/www.noubarris.net\/web40\/#organization\"},\"image\":{\"@id\":\"https:\/\/www.noubarris.net\/web40\/el-centre-civic-zona-nord-tancara-unes-setmanes-per-manteniment\/#primaryimage\"},\"thumbnailUrl\":\"https:\/\/www.noubarris.net\/web40\/wp-content\/uploads\/2022\/07\/060722.jpg\",\"keywords\":[\"Equipaments\"],\"articleSection\":[\"Nou Barris\",\"Societat\"],\"inLanguage\":\"ca\"},{\"@type\":\"WebPage\",\"@id\":\"https:\/\/www.noubarris.net\/web40\/el-centre-civic-zona-nord-tancara-unes-setmanes-per-manteniment\/\",\"url\":\"https:\/\/www.noubarris.net\/web40\/el-centre-civic-zona-nord-tancara-unes-setmanes-per-manteniment\/\",\"name\":\"El centre c\u00edvic Zona Nord tancar\u00e0 unes setmanes per manteniment - NouBarris.Net\",\"isPartOf\":{\"@id\":\"https:\/\/www.noubarris.net\/web40\/#website\"},\"primaryImageOfPage\":{\"@id\":\"https:\/\/www.noubarris.net\/web40\/el-centre-civic-zona-nord-tancara-unes-setmanes-per-manteniment\/#primaryimage\"},\"image\":{\"@id\":\"https:\/\/www.noubarris.net\/web40\/el-centre-civic-zona-nord-tancara-unes-setmanes-per-manteniment\/#primaryimage\"},\"thumbnailUrl\":\"https:\/\/www.noubarris.net\/web40\/wp-content\/uploads\/2022\/07\/060722.jpg\",\"datePublished\":\"2022-07-06T08:19:29+00:00\",\"dateModified\":\"2022-07-06T08:20:02+00:00\",\"breadcrumb\":{\"@id\":\"https:\/\/www.noubarris.net\/web40\/el-centre-civic-zona-nord-tancara-unes-setmanes-per-manteniment\/#breadcrumb\"},\"inLanguage\":\"ca\",\"potentialAction\":[{\"@type\":\"ReadAction\",\"target\":[\"https:\/\/www.noubarris.net\/web40\/el-centre-civic-zona-nord-tancara-unes-setmanes-per-manteniment\/\"]}]},{\"@type\":\"ImageObject\",\"inLanguage\":\"ca\",\"@id\":\"https:\/\/www.noubarris.net\/web40\/el-centre-civic-zona-nord-tancara-unes-setmanes-per-manteniment\/#primaryimage\",\"url\":\"https:\/\/www.noubarris.net\/web40\/wp-content\/uploads\/2022\/07\/060722.jpg\",\"contentUrl\":\"https:\/\/www.noubarris.net\/web40\/wp-content\/uploads\/2022\/07\/060722.jpg\",\"width\":768,\"height\":432},{\"@type\":\"BreadcrumbList\",\"@id\":\"https:\/\/www.noubarris.net\/web40\/el-centre-civic-zona-nord-tancara-unes-setmanes-per-manteniment\/#breadcrumb\",\"itemListElement\":[{\"@type\":\"ListItem\",\"position\":1,\"name\":\"Inici\",\"item\":\"https:\/\/www.noubarris.net\/web40\/\"},{\"@type\":\"ListItem\",\"position\":2,\"name\":\"El centre c\u00edvic Zona Nord tancar\u00e0 unes setmanes per manteniment\"}]},{\"@type\":\"WebSite\",\"@id\":\"https:\/\/www.noubarris.net\/web40\/#website\",\"url\":\"https:\/\/www.noubarris.net\/web40\/\",\"name\":\"NouBarris.Net\",\"description\":\"Seguint la vida de Nou Barris des de 1985\",\"publisher\":{\"@id\":\"https:\/\/www.noubarris.net\/web40\/#organization\"},\"potentialAction\":[{\"@type\":\"SearchAction\",\"target\":{\"@type\":\"EntryPoint\",\"urlTemplate\":\"https:\/\/www.noubarris.net\/web40\/?s={search_term_string}\"},\"query-input\":{\"@type\":\"PropertyValueSpecification\",\"valueRequired\":true,\"valueName\":\"search_term_string\"}}],\"inLanguage\":\"ca\"},{\"@type\":\"Organization\",\"@id\":\"https:\/\/www.noubarris.net\/web40\/#organization\",\"name\":\"NouBarris.Net\",\"url\":\"https:\/\/www.noubarris.net\/web40\/\",\"logo\":{\"@type\":\"ImageObject\",\"inLanguage\":\"ca\",\"@id\":\"https:\/\/www.noubarris.net\/web40\/#\/schema\/logo\/image\/\",\"url\":\"https:\/\/www.noubarris.net\/web40\/wp-content\/uploads\/2024\/11\/cropped-cropped-LOGO_9BTV-2024_Insta-1.jpg\",\"contentUrl\":\"https:\/\/www.noubarris.net\/web40\/wp-content\/uploads\/2024\/11\/cropped-cropped-LOGO_9BTV-2024_Insta-1.jpg\",\"width\":512,\"height\":512,\"caption\":\"NouBarris.Net\"},\"image\":{\"@id\":\"https:\/\/www.noubarris.net\/web40\/#\/schema\/logo\/image\/\"},\"sameAs\":[\"https:\/\/www.facebook.com\/NouBarris.net\/?locale=es_ES\",\"https:\/\/x.com\/9BTV\"]},{\"@type\":\"Person\",\"@id\":\"https:\/\/www.noubarris.net\/web40\/#\/schema\/person\/1827f92aaa316c54abbf4dac0de76069\",\"name\":\"Informatius\",\"image\":{\"@type\":\"ImageObject\",\"inLanguage\":\"ca\",\"@id\":\"https:\/\/www.noubarris.net\/web40\/#\/schema\/person\/image\/\",\"url\":\"https:\/\/secure.gravatar.com\/avatar\/87a3b47928835fc72c6ee5b0e1a7263ef0c2d05003a98189bc14926c5f11bcdb?s=96&d=mm&r=g\",\"contentUrl\":\"https:\/\/secure.gravatar.com\/avatar\/87a3b47928835fc72c6ee5b0e1a7263ef0c2d05003a98189bc14926c5f11bcdb?s=96&d=mm&r=g\",\"caption\":\"Informatius\"},\"url\":\"https:\/\/www.noubarris.net\/web40\/author\/tele\/\"}]}<\/script>\n<!-- \/ Yoast SEO plugin. -->","yoast_head_json":{"title":"El centre c\u00edvic Zona Nord tancar\u00e0 unes setmanes per manteniment - NouBarris.Net","robots":{"index":"index","follow":"follow","max-snippet":"max-snippet:-1","max-image-preview":"max-image-preview:large","max-video-preview":"max-video-preview:-1"},"canonical":"https:\/\/www.noubarris.net\/web40\/el-centre-civic-zona-nord-tancara-unes-setmanes-per-manteniment\/","og_locale":"ca_ES","og_type":"article","og_title":"El centre c\u00edvic Zona Nord tancar\u00e0 unes setmanes per manteniment - NouBarris.Net","og_description":"Altres equipaments del districte tamb\u00e9 ajusten els horaris a la temporada d&#8217;estiu Com cada estiu, els equipaments municipals modifiquen els","og_url":"https:\/\/www.noubarris.net\/web40\/el-centre-civic-zona-nord-tancara-unes-setmanes-per-manteniment\/","og_site_name":"NouBarris.Net","article_publisher":"https:\/\/www.facebook.com\/NouBarris.net\/?locale=es_ES","article_published_time":"2022-07-06T08:19:29+00:00","article_modified_time":"2022-07-06T08:20:02+00:00","og_image":[{"width":768,"height":432,"url":"https:\/\/www.noubarris.net\/web40\/wp-content\/uploads\/2022\/07\/060722.jpg","type":"image\/jpeg"}],"author":"Informatius","twitter_card":"summary_large_image","twitter_creator":"@9BTV","twitter_site":"@9BTV","twitter_misc":{"Escrit per":"Informatius","Temps estimat de lectura":"2 minuts"},"schema":{"@context":"https:\/\/schema.org","@graph":[{"@type":"Article","@id":"https:\/\/www.noubarris.net\/web40\/el-centre-civic-zona-nord-tancara-unes-setmanes-per-manteniment\/#article","isPartOf":{"@id":"https:\/\/www.noubarris.net\/web40\/el-centre-civic-zona-nord-tancara-unes-setmanes-per-manteniment\/"},"author":{"name":"Informatius","@id":"https:\/\/www.noubarris.net\/web40\/#\/schema\/person\/1827f92aaa316c54abbf4dac0de76069"},"headline":"El centre c\u00edvic Zona Nord tancar\u00e0 unes setmanes per manteniment","datePublished":"2022-07-06T08:19:29+00:00","dateModified":"2022-07-06T08:20:02+00:00","mainEntityOfPage":{"@id":"https:\/\/www.noubarris.net\/web40\/el-centre-civic-zona-nord-tancara-unes-setmanes-per-manteniment\/"},"wordCount":438,"publisher":{"@id":"https:\/\/www.noubarris.net\/web40\/#organization"},"image":{"@id":"https:\/\/www.noubarris.net\/web40\/el-centre-civic-zona-nord-tancara-unes-setmanes-per-manteniment\/#primaryimage"},"thumbnailUrl":"https:\/\/www.noubarris.net\/web40\/wp-content\/uploads\/2022\/07\/060722.jpg","keywords":["Equipaments"],"articleSection":["Nou Barris","Societat"],"inLanguage":"ca"},{"@type":"WebPage","@id":"https:\/\/www.noubarris.net\/web40\/el-centre-civic-zona-nord-tancara-unes-setmanes-per-manteniment\/","url":"https:\/\/www.noubarris.net\/web40\/el-centre-civic-zona-nord-tancara-unes-setmanes-per-manteniment\/","name":"El centre c\u00edvic Zona Nord tancar\u00e0 unes setmanes per manteniment - NouBarris.Net","isPartOf":{"@id":"https:\/\/www.noubarris.net\/web40\/#website"},"primaryImageOfPage":{"@id":"https:\/\/www.noubarris.net\/web40\/el-centre-civic-zona-nord-tancara-unes-setmanes-per-manteniment\/#primaryimage"},"image":{"@id":"https:\/\/www.noubarris.net\/web40\/el-centre-civic-zona-nord-tancara-unes-setmanes-per-manteniment\/#primaryimage"},"thumbnailUrl":"https:\/\/www.noubarris.net\/web40\/wp-content\/uploads\/2022\/07\/060722.jpg","datePublished":"2022-07-06T08:19:29+00:00","dateModified":"2022-07-06T08:20:02+00:00","breadcrumb":{"@id":"https:\/\/www.noubarris.net\/web40\/el-centre-civic-zona-nord-tancara-unes-setmanes-per-manteniment\/#breadcrumb"},"inLanguage":"ca","potentialAction":[{"@type":"ReadAction","target":["https:\/\/www.noubarris.net\/web40\/el-centre-civic-zona-nord-tancara-unes-setmanes-per-manteniment\/"]}]},{"@type":"ImageObject","inLanguage":"ca","@id":"https:\/\/www.noubarris.net\/web40\/el-centre-civic-zona-nord-tancara-unes-setmanes-per-manteniment\/#primaryimage","url":"https:\/\/www.noubarris.net\/web40\/wp-content\/uploads\/2022\/07\/060722.jpg","contentUrl":"https:\/\/www.noubarris.net\/web40\/wp-content\/uploads\/2022\/07\/060722.jpg","width":768,"height":432},{"@type":"BreadcrumbList","@id":"https:\/\/www.noubarris.net\/web40\/el-centre-civic-zona-nord-tancara-unes-setmanes-per-manteniment\/#breadcrumb","itemListElement":[{"@type":"ListItem","position":1,"name":"Inici","item":"https:\/\/www.noubarris.net\/web40\/"},{"@type":"ListItem","position":2,"name":"El centre c\u00edvic Zona Nord tancar\u00e0 unes setmanes per manteniment"}]},{"@type":"WebSite","@id":"https:\/\/www.noubarris.net\/web40\/#website","url":"https:\/\/www.noubarris.net\/web40\/","name":"NouBarris.Net","description":"Seguint la vida de Nou Barris des de 1985","publisher":{"@id":"https:\/\/www.noubarris.net\/web40\/#organization"},"potentialAction":[{"@type":"SearchAction","target":{"@type":"EntryPoint","urlTemplate":"https:\/\/www.noubarris.net\/web40\/?s={search_term_string}"},"query-input":{"@type":"PropertyValueSpecification","valueRequired":true,"valueName":"search_term_string"}}],"inLanguage":"ca"},{"@type":"Organization","@id":"https:\/\/www.noubarris.net\/web40\/#organization","name":"NouBarris.Net","url":"https:\/\/www.noubarris.net\/web40\/","logo":{"@type":"ImageObject","inLanguage":"ca","@id":"https:\/\/www.noubarris.net\/web40\/#\/schema\/logo\/image\/","url":"https:\/\/www.noubarris.net\/web40\/wp-content\/uploads\/2024\/11\/cropped-cropped-LOGO_9BTV-2024_Insta-1.jpg","contentUrl":"https:\/\/www.noubarris.net\/web40\/wp-content\/uploads\/2024\/11\/cropped-cropped-LOGO_9BTV-2024_Insta-1.jpg","width":512,"height":512,"caption":"NouBarris.Net"},"image":{"@id":"https:\/\/www.noubarris.net\/web40\/#\/schema\/logo\/image\/"},"sameAs":["https:\/\/www.facebook.com\/NouBarris.net\/?locale=es_ES","https:\/\/x.com\/9BTV"]},{"@type":"Person","@id":"https:\/\/www.noubarris.net\/web40\/#\/schema\/person\/1827f92aaa316c54abbf4dac0de76069","name":"Informatius","image":{"@type":"ImageObject","inLanguage":"ca","@id":"https:\/\/www.noubarris.net\/web40\/#\/schema\/person\/image\/","url":"https:\/\/secure.gravatar.com\/avatar\/87a3b47928835fc72c6ee5b0e1a7263ef0c2d05003a98189bc14926c5f11bcdb?s=96&d=mm&r=g","contentUrl":"https:\/\/secure.gravatar.com\/avatar\/87a3b47928835fc72c6ee5b0e1a7263ef0c2d05003a98189bc14926c5f11bcdb?s=96&d=mm&r=g","caption":"Informatius"},"url":"https:\/\/www.noubarris.net\/web40\/author\/tele\/"}]}},"_links":{"self":[{"href":"https:\/\/www.noubarris.net\/web40\/wp-json\/wp\/v2\/posts\/79393","targetHints":{"allow":["GET"]}}],"collection":[{"href":"https:\/\/www.noubarris.net\/web40\/wp-json\/wp\/v2\/posts"}],"about":[{"href":"https:\/\/www.noubarris.net\/web40\/wp-json\/wp\/v2\/types\/post"}],"author":[{"embeddable":true,"href":"https:\/\/www.noubarris.net\/web40\/wp-json\/wp\/v2\/users\/2"}],"replies":[{"embeddable":true,"href":"https:\/\/www.noubarris.net\/web40\/wp-json\/wp\/v2\/comments?post=79393"}],"version-history":[{"count":1,"href":"https:\/\/www.noubarris.net\/web40\/wp-json\/wp\/v2\/posts\/79393\/revisions"}],"predecessor-version":[{"id":79399,"href":"https:\/\/www.noubarris.net\/web40\/wp-json\/wp\/v2\/posts\/79393\/revisions\/79399"}],"wp:featuredmedia":[{"embeddable":true,"href":"https:\/\/www.noubarris.net\/web40\/wp-json\/wp\/v2\/media\/79398"}],"wp:attachment":[{"href":"https:\/\/www.noubarris.net\/web40\/wp-json\/wp\/v2\/media?parent=79393"}],"wp:term":[{"taxonomy":"category","embeddable":true,"href":"https:\/\/www.noubarris.net\/web40\/wp-json\/wp\/v2\/categories?post=79393"},{"taxonomy":"post_tag","embeddable":true,"href":"https:\/\/www.noubarris.net\/web40\/wp-json\/wp\/v2\/tags?post=79393"}],"curies":[{"name":"wp","href":"https:\/\/api.w.org\/{rel}","templated":true}]}}