{"id":79775,"date":"2022-09-28T00:00:32","date_gmt":"2022-09-27T22:00:32","guid":{"rendered":"http:\/\/www.noubarris.net\/web40\/?p=79775"},"modified":"2022-09-27T21:09:22","modified_gmt":"2022-09-27T19:09:22","slug":"gaudeix-de-la-musica-de-sempre-amb-seniors-en-allegro","status":"publish","type":"post","link":"https:\/\/www.noubarris.net\/web40\/gaudeix-de-la-musica-de-sempre-amb-seniors-en-allegro\/","title":{"rendered":"Gaudeix de la m\u00fasica de sempre amb Seniors en Allegro"},"content":{"rendered":"<p><strong>El grup ofereix el primer concert del curs al Centre C\u00edvic Can Verdaguer<\/strong><\/p>\n<p>Seniors en Allegro \u00e9s una associaci\u00f3 de persones grans que gaudeixen de les can\u00e7ons que ens fan evocar moments inolvidables. El grup neix de l\u2019expresi\u00f3 musical i espont\u00e0nia de tres dels seus components (\u201clos sin tres\u201d) agrupats posteriorment al grup musical que s\u00f3n avui. El grup dinamitza diferents concerts tant al centre c\u00edvic com a altres indrets d\u2019arreu de Barcelona.<\/p>\n<p>Aquesta tarda, a partir de les 18h, Senios en Allegro inauguren el curs amb un concert al Centre C\u00edvic Can Verdaguer. Una oportunitat per escoltar grans can\u00e7ons interepretades amb el toc personal dels membres de l&#8217;entitat.<\/p>\n","protected":false},"excerpt":{"rendered":"<p>El grup ofereix el primer concert del curs al Centre C\u00edvic Can Verdaguer Seniors en Allegro \u00e9s una associaci\u00f3 de<\/p>\n","protected":false},"author":2,"featured_media":79776,"comment_status":"closed","ping_status":"closed","sticky":false,"template":"","format":"standard","meta":{"colormag_page_layout":"default_layout","_monsterinsights_skip_tracking":false,"_monsterinsights_sitenote_active":false,"_monsterinsights_sitenote_note":"","_monsterinsights_sitenote_category":0,"footnotes":""},"categories":[134,124],"tags":[226,101,44],"class_list":["post-79775","post","type-post","status-publish","format-standard","has-post-thumbnail","hentry","category-porta","category-societat","tag-can-verdaguer","tag-concert","tag-porta"],"yoast_head":"<!-- This site is optimized with the Yoast SEO plugin v25.3 - https:\/\/yoast.com\/wordpress\/plugins\/seo\/ -->\n<title>Gaudeix de la m\u00fasica de sempre amb Seniors en Allegro - NouBarris.Net<\/title>\n<meta name=\"robots\" content=\"index, follow, max-snippet:-1, max-image-preview:large, max-video-preview:-1\" \/>\n<link rel=\"canonical\" href=\"https:\/\/www.noubarris.net\/web40\/gaudeix-de-la-musica-de-sempre-amb-seniors-en-allegro\/\" \/>\n<meta property=\"og:locale\" content=\"ca_ES\" \/>\n<meta property=\"og:type\" content=\"article\" \/>\n<meta property=\"og:title\" content=\"Gaudeix de la m\u00fasica de sempre amb Seniors en Allegro - NouBarris.Net\" \/>\n<meta property=\"og:description\" content=\"El grup ofereix el primer concert del curs al Centre C\u00edvic Can Verdaguer Seniors en Allegro \u00e9s una associaci\u00f3 de\" \/>\n<meta property=\"og:url\" content=\"https:\/\/www.noubarris.net\/web40\/gaudeix-de-la-musica-de-sempre-amb-seniors-en-allegro\/\" \/>\n<meta property=\"og:site_name\" content=\"NouBarris.Net\" \/>\n<meta property=\"article:publisher\" content=\"https:\/\/www.facebook.com\/NouBarris.net\/?locale=es_ES\" \/>\n<meta property=\"article:published_time\" content=\"2022-09-27T22:00:32+00:00\" \/>\n<meta property=\"og:image\" content=\"https:\/\/www.noubarris.net\/web40\/wp-content\/uploads\/2022\/09\/280922.jpg\" \/>\n\t<meta property=\"og:image:width\" content=\"768\" \/>\n\t<meta property=\"og:image:height\" content=\"432\" \/>\n\t<meta property=\"og:image:type\" content=\"image\/jpeg\" \/>\n<meta name=\"author\" content=\"Informatius\" \/>\n<meta name=\"twitter:card\" content=\"summary_large_image\" \/>\n<meta name=\"twitter:creator\" content=\"@9BTV\" \/>\n<meta name=\"twitter:site\" content=\"@9BTV\" \/>\n<meta name=\"twitter:label1\" content=\"Escrit per\" \/>\n\t<meta name=\"twitter:data1\" content=\"Informatius\" \/>\n\t<meta name=\"twitter:label2\" content=\"Temps estimat de lectura\" \/>\n\t<meta name=\"twitter:data2\" content=\"1 minut\" \/>\n<script type=\"application\/ld+json\" class=\"yoast-schema-graph\">{\"@context\":\"https:\/\/schema.org\",\"@graph\":[{\"@type\":\"Article\",\"@id\":\"https:\/\/www.noubarris.net\/web40\/gaudeix-de-la-musica-de-sempre-amb-seniors-en-allegro\/#article\",\"isPartOf\":{\"@id\":\"https:\/\/www.noubarris.net\/web40\/gaudeix-de-la-musica-de-sempre-amb-seniors-en-allegro\/\"},\"author\":{\"name\":\"Informatius\",\"@id\":\"https:\/\/www.noubarris.net\/web40\/#\/schema\/person\/1827f92aaa316c54abbf4dac0de76069\"},\"headline\":\"Gaudeix de la m\u00fasica de sempre amb Seniors en Allegro\",\"datePublished\":\"2022-09-27T22:00:32+00:00\",\"mainEntityOfPage\":{\"@id\":\"https:\/\/www.noubarris.net\/web40\/gaudeix-de-la-musica-de-sempre-amb-seniors-en-allegro\/\"},\"wordCount\":130,\"publisher\":{\"@id\":\"https:\/\/www.noubarris.net\/web40\/#organization\"},\"image\":{\"@id\":\"https:\/\/www.noubarris.net\/web40\/gaudeix-de-la-musica-de-sempre-amb-seniors-en-allegro\/#primaryimage\"},\"thumbnailUrl\":\"https:\/\/www.noubarris.net\/web40\/wp-content\/uploads\/2022\/09\/280922.jpg\",\"keywords\":[\"Can Verdaguer\",\"Concert\",\"Porta\"],\"articleSection\":[\"Porta\",\"Societat\"],\"inLanguage\":\"ca\"},{\"@type\":\"WebPage\",\"@id\":\"https:\/\/www.noubarris.net\/web40\/gaudeix-de-la-musica-de-sempre-amb-seniors-en-allegro\/\",\"url\":\"https:\/\/www.noubarris.net\/web40\/gaudeix-de-la-musica-de-sempre-amb-seniors-en-allegro\/\",\"name\":\"Gaudeix de la m\u00fasica de sempre amb Seniors en Allegro - NouBarris.Net\",\"isPartOf\":{\"@id\":\"https:\/\/www.noubarris.net\/web40\/#website\"},\"primaryImageOfPage\":{\"@id\":\"https:\/\/www.noubarris.net\/web40\/gaudeix-de-la-musica-de-sempre-amb-seniors-en-allegro\/#primaryimage\"},\"image\":{\"@id\":\"https:\/\/www.noubarris.net\/web40\/gaudeix-de-la-musica-de-sempre-amb-seniors-en-allegro\/#primaryimage\"},\"thumbnailUrl\":\"https:\/\/www.noubarris.net\/web40\/wp-content\/uploads\/2022\/09\/280922.jpg\",\"datePublished\":\"2022-09-27T22:00:32+00:00\",\"breadcrumb\":{\"@id\":\"https:\/\/www.noubarris.net\/web40\/gaudeix-de-la-musica-de-sempre-amb-seniors-en-allegro\/#breadcrumb\"},\"inLanguage\":\"ca\",\"potentialAction\":[{\"@type\":\"ReadAction\",\"target\":[\"https:\/\/www.noubarris.net\/web40\/gaudeix-de-la-musica-de-sempre-amb-seniors-en-allegro\/\"]}]},{\"@type\":\"ImageObject\",\"inLanguage\":\"ca\",\"@id\":\"https:\/\/www.noubarris.net\/web40\/gaudeix-de-la-musica-de-sempre-amb-seniors-en-allegro\/#primaryimage\",\"url\":\"https:\/\/www.noubarris.net\/web40\/wp-content\/uploads\/2022\/09\/280922.jpg\",\"contentUrl\":\"https:\/\/www.noubarris.net\/web40\/wp-content\/uploads\/2022\/09\/280922.jpg\",\"width\":768,\"height\":432},{\"@type\":\"BreadcrumbList\",\"@id\":\"https:\/\/www.noubarris.net\/web40\/gaudeix-de-la-musica-de-sempre-amb-seniors-en-allegro\/#breadcrumb\",\"itemListElement\":[{\"@type\":\"ListItem\",\"position\":1,\"name\":\"Inici\",\"item\":\"https:\/\/www.noubarris.net\/web40\/\"},{\"@type\":\"ListItem\",\"position\":2,\"name\":\"Gaudeix de la m\u00fasica de sempre amb Seniors en Allegro\"}]},{\"@type\":\"WebSite\",\"@id\":\"https:\/\/www.noubarris.net\/web40\/#website\",\"url\":\"https:\/\/www.noubarris.net\/web40\/\",\"name\":\"NouBarris.Net\",\"description\":\"Seguint la vida de Nou Barris des de 1985\",\"publisher\":{\"@id\":\"https:\/\/www.noubarris.net\/web40\/#organization\"},\"potentialAction\":[{\"@type\":\"SearchAction\",\"target\":{\"@type\":\"EntryPoint\",\"urlTemplate\":\"https:\/\/www.noubarris.net\/web40\/?s={search_term_string}\"},\"query-input\":{\"@type\":\"PropertyValueSpecification\",\"valueRequired\":true,\"valueName\":\"search_term_string\"}}],\"inLanguage\":\"ca\"},{\"@type\":\"Organization\",\"@id\":\"https:\/\/www.noubarris.net\/web40\/#organization\",\"name\":\"NouBarris.Net\",\"url\":\"https:\/\/www.noubarris.net\/web40\/\",\"logo\":{\"@type\":\"ImageObject\",\"inLanguage\":\"ca\",\"@id\":\"https:\/\/www.noubarris.net\/web40\/#\/schema\/logo\/image\/\",\"url\":\"https:\/\/www.noubarris.net\/web40\/wp-content\/uploads\/2024\/11\/cropped-cropped-LOGO_9BTV-2024_Insta-1.jpg\",\"contentUrl\":\"https:\/\/www.noubarris.net\/web40\/wp-content\/uploads\/2024\/11\/cropped-cropped-LOGO_9BTV-2024_Insta-1.jpg\",\"width\":512,\"height\":512,\"caption\":\"NouBarris.Net\"},\"image\":{\"@id\":\"https:\/\/www.noubarris.net\/web40\/#\/schema\/logo\/image\/\"},\"sameAs\":[\"https:\/\/www.facebook.com\/NouBarris.net\/?locale=es_ES\",\"https:\/\/x.com\/9BTV\"]},{\"@type\":\"Person\",\"@id\":\"https:\/\/www.noubarris.net\/web40\/#\/schema\/person\/1827f92aaa316c54abbf4dac0de76069\",\"name\":\"Informatius\",\"image\":{\"@type\":\"ImageObject\",\"inLanguage\":\"ca\",\"@id\":\"https:\/\/www.noubarris.net\/web40\/#\/schema\/person\/image\/\",\"url\":\"https:\/\/secure.gravatar.com\/avatar\/87a3b47928835fc72c6ee5b0e1a7263ef0c2d05003a98189bc14926c5f11bcdb?s=96&d=mm&r=g\",\"contentUrl\":\"https:\/\/secure.gravatar.com\/avatar\/87a3b47928835fc72c6ee5b0e1a7263ef0c2d05003a98189bc14926c5f11bcdb?s=96&d=mm&r=g\",\"caption\":\"Informatius\"},\"url\":\"https:\/\/www.noubarris.net\/web40\/author\/tele\/\"}]}<\/script>\n<!-- \/ Yoast SEO plugin. -->","yoast_head_json":{"title":"Gaudeix de la m\u00fasica de sempre amb Seniors en Allegro - NouBarris.Net","robots":{"index":"index","follow":"follow","max-snippet":"max-snippet:-1","max-image-preview":"max-image-preview:large","max-video-preview":"max-video-preview:-1"},"canonical":"https:\/\/www.noubarris.net\/web40\/gaudeix-de-la-musica-de-sempre-amb-seniors-en-allegro\/","og_locale":"ca_ES","og_type":"article","og_title":"Gaudeix de la m\u00fasica de sempre amb Seniors en Allegro - NouBarris.Net","og_description":"El grup ofereix el primer concert del curs al Centre C\u00edvic Can Verdaguer Seniors en Allegro \u00e9s una associaci\u00f3 de","og_url":"https:\/\/www.noubarris.net\/web40\/gaudeix-de-la-musica-de-sempre-amb-seniors-en-allegro\/","og_site_name":"NouBarris.Net","article_publisher":"https:\/\/www.facebook.com\/NouBarris.net\/?locale=es_ES","article_published_time":"2022-09-27T22:00:32+00:00","og_image":[{"width":768,"height":432,"url":"https:\/\/www.noubarris.net\/web40\/wp-content\/uploads\/2022\/09\/280922.jpg","type":"image\/jpeg"}],"author":"Informatius","twitter_card":"summary_large_image","twitter_creator":"@9BTV","twitter_site":"@9BTV","twitter_misc":{"Escrit per":"Informatius","Temps estimat de lectura":"1 minut"},"schema":{"@context":"https:\/\/schema.org","@graph":[{"@type":"Article","@id":"https:\/\/www.noubarris.net\/web40\/gaudeix-de-la-musica-de-sempre-amb-seniors-en-allegro\/#article","isPartOf":{"@id":"https:\/\/www.noubarris.net\/web40\/gaudeix-de-la-musica-de-sempre-amb-seniors-en-allegro\/"},"author":{"name":"Informatius","@id":"https:\/\/www.noubarris.net\/web40\/#\/schema\/person\/1827f92aaa316c54abbf4dac0de76069"},"headline":"Gaudeix de la m\u00fasica de sempre amb Seniors en Allegro","datePublished":"2022-09-27T22:00:32+00:00","mainEntityOfPage":{"@id":"https:\/\/www.noubarris.net\/web40\/gaudeix-de-la-musica-de-sempre-amb-seniors-en-allegro\/"},"wordCount":130,"publisher":{"@id":"https:\/\/www.noubarris.net\/web40\/#organization"},"image":{"@id":"https:\/\/www.noubarris.net\/web40\/gaudeix-de-la-musica-de-sempre-amb-seniors-en-allegro\/#primaryimage"},"thumbnailUrl":"https:\/\/www.noubarris.net\/web40\/wp-content\/uploads\/2022\/09\/280922.jpg","keywords":["Can Verdaguer","Concert","Porta"],"articleSection":["Porta","Societat"],"inLanguage":"ca"},{"@type":"WebPage","@id":"https:\/\/www.noubarris.net\/web40\/gaudeix-de-la-musica-de-sempre-amb-seniors-en-allegro\/","url":"https:\/\/www.noubarris.net\/web40\/gaudeix-de-la-musica-de-sempre-amb-seniors-en-allegro\/","name":"Gaudeix de la m\u00fasica de sempre amb Seniors en Allegro - NouBarris.Net","isPartOf":{"@id":"https:\/\/www.noubarris.net\/web40\/#website"},"primaryImageOfPage":{"@id":"https:\/\/www.noubarris.net\/web40\/gaudeix-de-la-musica-de-sempre-amb-seniors-en-allegro\/#primaryimage"},"image":{"@id":"https:\/\/www.noubarris.net\/web40\/gaudeix-de-la-musica-de-sempre-amb-seniors-en-allegro\/#primaryimage"},"thumbnailUrl":"https:\/\/www.noubarris.net\/web40\/wp-content\/uploads\/2022\/09\/280922.jpg","datePublished":"2022-09-27T22:00:32+00:00","breadcrumb":{"@id":"https:\/\/www.noubarris.net\/web40\/gaudeix-de-la-musica-de-sempre-amb-seniors-en-allegro\/#breadcrumb"},"inLanguage":"ca","potentialAction":[{"@type":"ReadAction","target":["https:\/\/www.noubarris.net\/web40\/gaudeix-de-la-musica-de-sempre-amb-seniors-en-allegro\/"]}]},{"@type":"ImageObject","inLanguage":"ca","@id":"https:\/\/www.noubarris.net\/web40\/gaudeix-de-la-musica-de-sempre-amb-seniors-en-allegro\/#primaryimage","url":"https:\/\/www.noubarris.net\/web40\/wp-content\/uploads\/2022\/09\/280922.jpg","contentUrl":"https:\/\/www.noubarris.net\/web40\/wp-content\/uploads\/2022\/09\/280922.jpg","width":768,"height":432},{"@type":"BreadcrumbList","@id":"https:\/\/www.noubarris.net\/web40\/gaudeix-de-la-musica-de-sempre-amb-seniors-en-allegro\/#breadcrumb","itemListElement":[{"@type":"ListItem","position":1,"name":"Inici","item":"https:\/\/www.noubarris.net\/web40\/"},{"@type":"ListItem","position":2,"name":"Gaudeix de la m\u00fasica de sempre amb Seniors en Allegro"}]},{"@type":"WebSite","@id":"https:\/\/www.noubarris.net\/web40\/#website","url":"https:\/\/www.noubarris.net\/web40\/","name":"NouBarris.Net","description":"Seguint la vida de Nou Barris des de 1985","publisher":{"@id":"https:\/\/www.noubarris.net\/web40\/#organization"},"potentialAction":[{"@type":"SearchAction","target":{"@type":"EntryPoint","urlTemplate":"https:\/\/www.noubarris.net\/web40\/?s={search_term_string}"},"query-input":{"@type":"PropertyValueSpecification","valueRequired":true,"valueName":"search_term_string"}}],"inLanguage":"ca"},{"@type":"Organization","@id":"https:\/\/www.noubarris.net\/web40\/#organization","name":"NouBarris.Net","url":"https:\/\/www.noubarris.net\/web40\/","logo":{"@type":"ImageObject","inLanguage":"ca","@id":"https:\/\/www.noubarris.net\/web40\/#\/schema\/logo\/image\/","url":"https:\/\/www.noubarris.net\/web40\/wp-content\/uploads\/2024\/11\/cropped-cropped-LOGO_9BTV-2024_Insta-1.jpg","contentUrl":"https:\/\/www.noubarris.net\/web40\/wp-content\/uploads\/2024\/11\/cropped-cropped-LOGO_9BTV-2024_Insta-1.jpg","width":512,"height":512,"caption":"NouBarris.Net"},"image":{"@id":"https:\/\/www.noubarris.net\/web40\/#\/schema\/logo\/image\/"},"sameAs":["https:\/\/www.facebook.com\/NouBarris.net\/?locale=es_ES","https:\/\/x.com\/9BTV"]},{"@type":"Person","@id":"https:\/\/www.noubarris.net\/web40\/#\/schema\/person\/1827f92aaa316c54abbf4dac0de76069","name":"Informatius","image":{"@type":"ImageObject","inLanguage":"ca","@id":"https:\/\/www.noubarris.net\/web40\/#\/schema\/person\/image\/","url":"https:\/\/secure.gravatar.com\/avatar\/87a3b47928835fc72c6ee5b0e1a7263ef0c2d05003a98189bc14926c5f11bcdb?s=96&d=mm&r=g","contentUrl":"https:\/\/secure.gravatar.com\/avatar\/87a3b47928835fc72c6ee5b0e1a7263ef0c2d05003a98189bc14926c5f11bcdb?s=96&d=mm&r=g","caption":"Informatius"},"url":"https:\/\/www.noubarris.net\/web40\/author\/tele\/"}]}},"_links":{"self":[{"href":"https:\/\/www.noubarris.net\/web40\/wp-json\/wp\/v2\/posts\/79775","targetHints":{"allow":["GET"]}}],"collection":[{"href":"https:\/\/www.noubarris.net\/web40\/wp-json\/wp\/v2\/posts"}],"about":[{"href":"https:\/\/www.noubarris.net\/web40\/wp-json\/wp\/v2\/types\/post"}],"author":[{"embeddable":true,"href":"https:\/\/www.noubarris.net\/web40\/wp-json\/wp\/v2\/users\/2"}],"replies":[{"embeddable":true,"href":"https:\/\/www.noubarris.net\/web40\/wp-json\/wp\/v2\/comments?post=79775"}],"version-history":[{"count":4,"href":"https:\/\/www.noubarris.net\/web40\/wp-json\/wp\/v2\/posts\/79775\/revisions"}],"predecessor-version":[{"id":79779,"href":"https:\/\/www.noubarris.net\/web40\/wp-json\/wp\/v2\/posts\/79775\/revisions\/79779"}],"wp:featuredmedia":[{"embeddable":true,"href":"https:\/\/www.noubarris.net\/web40\/wp-json\/wp\/v2\/media\/79776"}],"wp:attachment":[{"href":"https:\/\/www.noubarris.net\/web40\/wp-json\/wp\/v2\/media?parent=79775"}],"wp:term":[{"taxonomy":"category","embeddable":true,"href":"https:\/\/www.noubarris.net\/web40\/wp-json\/wp\/v2\/categories?post=79775"},{"taxonomy":"post_tag","embeddable":true,"href":"https:\/\/www.noubarris.net\/web40\/wp-json\/wp\/v2\/tags?post=79775"}],"curies":[{"name":"wp","href":"https:\/\/api.w.org\/{rel}","templated":true}]}}