{"id":79782,"date":"2022-09-29T00:00:54","date_gmt":"2022-09-28T22:00:54","guid":{"rendered":"http:\/\/www.noubarris.net\/web40\/?p=79782"},"modified":"2022-09-28T19:33:14","modified_gmt":"2022-09-28T17:33:14","slug":"el-bus-127-modifica-el-recorregut-per-donar-un-millor-servei-a-la-part-alta-de-les-roquetes","status":"publish","type":"post","link":"https:\/\/www.noubarris.net\/web40\/el-bus-127-modifica-el-recorregut-per-donar-un-millor-servei-a-la-part-alta-de-les-roquetes\/","title":{"rendered":"El bus 127 modifica el recorregut per donar un millor servei a la part alta de les Roquetes"},"content":{"rendered":"<p><strong>L&#8217;AV de les Roquetes considera que aquesta \u00e9s una mesura provisional i defensa la implantaci\u00f3 d&#8217;un nou bus de barri\u00a0\u00a0<\/strong><\/p>\n<p>La l\u00ednia 127 de bus ha modificat el recorregut aquesta setmana. Des de dilluns els busos fan dos recorreguts de manera alterna: el primer recorregut accedeix pel carrer de Rodrigo Caro i el segon pel carrer d&#8217;Artesania. Per saber si el bus far\u00e0 el recorregut pel carrer de Rodrigo Caro o d&#8217;Artesania, podeu llegir amb el m\u00f2bil el codi QR que trobareu a les marquesines i parades de la l\u00ednia. Un altre canvi important a la l\u00ednia 127 \u00e9s que s&#8217;ha suprimit el recorregut entre el carrer d&#8217;Almansa i la pla\u00e7a de Karl Marx. Aquestes modificacions de la l\u00ednia 127 de bus s\u00f3n per a l&#8217;AV de les Roquetes una soluci\u00f3 provisional per donar un millor servei de transport a la part alta del barri.<\/p>\n<p>Des que l&#8217;Ajuntament va assumir i reorganitzar les antigues l\u00ednies de bus Salag\u00e9s al nord de Nou Barris, els ve\u00efns de les Roquetes demanen una alternativa a la desaparici\u00f3 de l&#8217;antiga l\u00ednia 81.\u00a0 Des de l&#8217;AV de les Roquetes s&#8217;ha reclamat a TMB i Ajuntament una nova l\u00ednia de bus de barri amb un recorregut que arribi fins la part alta del barri. L&#8217;AV de les Roquetes preveu que les negociacions per arribar a un acord seran llargues i per aquest motiu ha acceptat provisionalment aquests canvis a la l\u00ednia 127, a l&#8217;espera que en un futur es pugui implantar una nova l\u00ednia de bus de barri per a les Roquetes.<\/p>\n<p>A continuaci\u00f3 us detallemt els canvis en les parades i recorregut a la l\u00ednia 127:<\/p>\n<ul>\n<li>Nou origen\/final a 3814 &#8211; via Fav\u00e8ncia\/carrer de Pablo Iglesias<\/li>\n<li>Parades anul\u00b7lades:<\/li>\n<\/ul>\n<p>15 &#8211; Via Fav\u00e8ncia &#8211; Almagro<br \/>\n16 &#8211; Via Fav\u00e8ncia &#8211; Castor<br \/>\n769 &#8211; Via Fav\u00e8ncia &#8211; Rambla Ca\u00e7ador<br \/>\n1172 &#8211; Via Fav\u00e8ncia &#8211; IES Guineueta<br \/>\n1519 &#8211; Pl Karl Marx &#8211; Pg Valldaura<br \/>\n2260 &#8211; Metro Canyelles<br \/>\n2261 &#8211; Via Fav\u00e8ncia &#8211; Pl Karl Marx<br \/>\n2269 &#8211; Via Fav\u00e8ncia &#8211; Barri Canyelles<br \/>\n3163 &#8211; Via Fav\u00e8ncia &#8211; Pg Valldaura<br \/>\n3786 &#8211; Pla de Fornells &#8211; Cantera-<\/p>\n<ul>\n<li>Parades noves:<\/li>\n<\/ul>\n<p>3099 &#8211; Artesania &#8211; Alc\u00e1ntara<br \/>\n3128 &#8211; Artesania &#8211; Jaume Pinent<\/p>\n<p>&nbsp;<\/p>\n","protected":false},"excerpt":{"rendered":"<p>L&#8217;AV de les Roquetes considera que aquesta \u00e9s una mesura provisional i defensa la implantaci\u00f3 d&#8217;un nou bus de barri\u00a0\u00a0<\/p>\n","protected":false},"author":2,"featured_media":79784,"comment_status":"closed","ping_status":"closed","sticky":false,"template":"","format":"standard","meta":{"colormag_page_layout":"default_layout","_monsterinsights_skip_tracking":false,"_monsterinsights_sitenote_active":false,"_monsterinsights_sitenote_note":"","_monsterinsights_sitenote_category":0,"footnotes":""},"categories":[136],"tags":[688,49],"class_list":["post-79782","post","type-post","status-publish","format-standard","has-post-thumbnail","hentry","category-les-roquetes","tag-bus","tag-les-roquetes"],"yoast_head":"<!-- This site is optimized with the Yoast SEO plugin v25.3 - https:\/\/yoast.com\/wordpress\/plugins\/seo\/ -->\n<title>El bus 127 modifica el recorregut per donar un millor servei a la part alta de les Roquetes - NouBarris.Net<\/title>\n<meta name=\"robots\" content=\"index, follow, max-snippet:-1, max-image-preview:large, max-video-preview:-1\" \/>\n<link rel=\"canonical\" href=\"https:\/\/www.noubarris.net\/web40\/el-bus-127-modifica-el-recorregut-per-donar-un-millor-servei-a-la-part-alta-de-les-roquetes\/\" \/>\n<meta property=\"og:locale\" content=\"ca_ES\" \/>\n<meta property=\"og:type\" content=\"article\" \/>\n<meta property=\"og:title\" content=\"El bus 127 modifica el recorregut per donar un millor servei a la part alta de les Roquetes - NouBarris.Net\" \/>\n<meta property=\"og:description\" content=\"L&#8217;AV de les Roquetes considera que aquesta \u00e9s una mesura provisional i defensa la implantaci\u00f3 d&#8217;un nou bus de barri\u00a0\u00a0\" \/>\n<meta property=\"og:url\" content=\"https:\/\/www.noubarris.net\/web40\/el-bus-127-modifica-el-recorregut-per-donar-un-millor-servei-a-la-part-alta-de-les-roquetes\/\" \/>\n<meta property=\"og:site_name\" content=\"NouBarris.Net\" \/>\n<meta property=\"article:publisher\" content=\"https:\/\/www.facebook.com\/NouBarris.net\/?locale=es_ES\" \/>\n<meta property=\"article:published_time\" content=\"2022-09-28T22:00:54+00:00\" \/>\n<meta property=\"og:image\" content=\"https:\/\/www.noubarris.net\/web40\/wp-content\/uploads\/2022\/09\/290922.jpg\" \/>\n\t<meta property=\"og:image:width\" content=\"768\" \/>\n\t<meta property=\"og:image:height\" content=\"432\" \/>\n\t<meta property=\"og:image:type\" content=\"image\/jpeg\" \/>\n<meta name=\"author\" content=\"Informatius\" \/>\n<meta name=\"twitter:card\" content=\"summary_large_image\" \/>\n<meta name=\"twitter:creator\" content=\"@9BTV\" \/>\n<meta name=\"twitter:site\" content=\"@9BTV\" \/>\n<meta name=\"twitter:label1\" content=\"Escrit per\" \/>\n\t<meta name=\"twitter:data1\" content=\"Informatius\" \/>\n\t<meta name=\"twitter:label2\" content=\"Temps estimat de lectura\" \/>\n\t<meta name=\"twitter:data2\" content=\"2 minuts\" \/>\n<script type=\"application\/ld+json\" class=\"yoast-schema-graph\">{\"@context\":\"https:\/\/schema.org\",\"@graph\":[{\"@type\":\"Article\",\"@id\":\"https:\/\/www.noubarris.net\/web40\/el-bus-127-modifica-el-recorregut-per-donar-un-millor-servei-a-la-part-alta-de-les-roquetes\/#article\",\"isPartOf\":{\"@id\":\"https:\/\/www.noubarris.net\/web40\/el-bus-127-modifica-el-recorregut-per-donar-un-millor-servei-a-la-part-alta-de-les-roquetes\/\"},\"author\":{\"name\":\"Informatius\",\"@id\":\"https:\/\/www.noubarris.net\/web40\/#\/schema\/person\/1827f92aaa316c54abbf4dac0de76069\"},\"headline\":\"El bus 127 modifica el recorregut per donar un millor servei a la part alta de les Roquetes\",\"datePublished\":\"2022-09-28T22:00:54+00:00\",\"mainEntityOfPage\":{\"@id\":\"https:\/\/www.noubarris.net\/web40\/el-bus-127-modifica-el-recorregut-per-donar-un-millor-servei-a-la-part-alta-de-les-roquetes\/\"},\"wordCount\":403,\"publisher\":{\"@id\":\"https:\/\/www.noubarris.net\/web40\/#organization\"},\"image\":{\"@id\":\"https:\/\/www.noubarris.net\/web40\/el-bus-127-modifica-el-recorregut-per-donar-un-millor-servei-a-la-part-alta-de-les-roquetes\/#primaryimage\"},\"thumbnailUrl\":\"https:\/\/www.noubarris.net\/web40\/wp-content\/uploads\/2022\/09\/290922.jpg\",\"keywords\":[\"bus\",\"Les Roquetes\"],\"articleSection\":[\"Les Roquetes\"],\"inLanguage\":\"ca\"},{\"@type\":\"WebPage\",\"@id\":\"https:\/\/www.noubarris.net\/web40\/el-bus-127-modifica-el-recorregut-per-donar-un-millor-servei-a-la-part-alta-de-les-roquetes\/\",\"url\":\"https:\/\/www.noubarris.net\/web40\/el-bus-127-modifica-el-recorregut-per-donar-un-millor-servei-a-la-part-alta-de-les-roquetes\/\",\"name\":\"El bus 127 modifica el recorregut per donar un millor servei a la part alta de les Roquetes - NouBarris.Net\",\"isPartOf\":{\"@id\":\"https:\/\/www.noubarris.net\/web40\/#website\"},\"primaryImageOfPage\":{\"@id\":\"https:\/\/www.noubarris.net\/web40\/el-bus-127-modifica-el-recorregut-per-donar-un-millor-servei-a-la-part-alta-de-les-roquetes\/#primaryimage\"},\"image\":{\"@id\":\"https:\/\/www.noubarris.net\/web40\/el-bus-127-modifica-el-recorregut-per-donar-un-millor-servei-a-la-part-alta-de-les-roquetes\/#primaryimage\"},\"thumbnailUrl\":\"https:\/\/www.noubarris.net\/web40\/wp-content\/uploads\/2022\/09\/290922.jpg\",\"datePublished\":\"2022-09-28T22:00:54+00:00\",\"breadcrumb\":{\"@id\":\"https:\/\/www.noubarris.net\/web40\/el-bus-127-modifica-el-recorregut-per-donar-un-millor-servei-a-la-part-alta-de-les-roquetes\/#breadcrumb\"},\"inLanguage\":\"ca\",\"potentialAction\":[{\"@type\":\"ReadAction\",\"target\":[\"https:\/\/www.noubarris.net\/web40\/el-bus-127-modifica-el-recorregut-per-donar-un-millor-servei-a-la-part-alta-de-les-roquetes\/\"]}]},{\"@type\":\"ImageObject\",\"inLanguage\":\"ca\",\"@id\":\"https:\/\/www.noubarris.net\/web40\/el-bus-127-modifica-el-recorregut-per-donar-un-millor-servei-a-la-part-alta-de-les-roquetes\/#primaryimage\",\"url\":\"https:\/\/www.noubarris.net\/web40\/wp-content\/uploads\/2022\/09\/290922.jpg\",\"contentUrl\":\"https:\/\/www.noubarris.net\/web40\/wp-content\/uploads\/2022\/09\/290922.jpg\",\"width\":768,\"height\":432},{\"@type\":\"BreadcrumbList\",\"@id\":\"https:\/\/www.noubarris.net\/web40\/el-bus-127-modifica-el-recorregut-per-donar-un-millor-servei-a-la-part-alta-de-les-roquetes\/#breadcrumb\",\"itemListElement\":[{\"@type\":\"ListItem\",\"position\":1,\"name\":\"Inici\",\"item\":\"https:\/\/www.noubarris.net\/web40\/\"},{\"@type\":\"ListItem\",\"position\":2,\"name\":\"El bus 127 modifica el recorregut per donar un millor servei a la part alta de les Roquetes\"}]},{\"@type\":\"WebSite\",\"@id\":\"https:\/\/www.noubarris.net\/web40\/#website\",\"url\":\"https:\/\/www.noubarris.net\/web40\/\",\"name\":\"NouBarris.Net\",\"description\":\"Seguint la vida de Nou Barris des de 1985\",\"publisher\":{\"@id\":\"https:\/\/www.noubarris.net\/web40\/#organization\"},\"potentialAction\":[{\"@type\":\"SearchAction\",\"target\":{\"@type\":\"EntryPoint\",\"urlTemplate\":\"https:\/\/www.noubarris.net\/web40\/?s={search_term_string}\"},\"query-input\":{\"@type\":\"PropertyValueSpecification\",\"valueRequired\":true,\"valueName\":\"search_term_string\"}}],\"inLanguage\":\"ca\"},{\"@type\":\"Organization\",\"@id\":\"https:\/\/www.noubarris.net\/web40\/#organization\",\"name\":\"NouBarris.Net\",\"url\":\"https:\/\/www.noubarris.net\/web40\/\",\"logo\":{\"@type\":\"ImageObject\",\"inLanguage\":\"ca\",\"@id\":\"https:\/\/www.noubarris.net\/web40\/#\/schema\/logo\/image\/\",\"url\":\"https:\/\/www.noubarris.net\/web40\/wp-content\/uploads\/2024\/11\/cropped-cropped-LOGO_9BTV-2024_Insta-1.jpg\",\"contentUrl\":\"https:\/\/www.noubarris.net\/web40\/wp-content\/uploads\/2024\/11\/cropped-cropped-LOGO_9BTV-2024_Insta-1.jpg\",\"width\":512,\"height\":512,\"caption\":\"NouBarris.Net\"},\"image\":{\"@id\":\"https:\/\/www.noubarris.net\/web40\/#\/schema\/logo\/image\/\"},\"sameAs\":[\"https:\/\/www.facebook.com\/NouBarris.net\/?locale=es_ES\",\"https:\/\/x.com\/9BTV\"]},{\"@type\":\"Person\",\"@id\":\"https:\/\/www.noubarris.net\/web40\/#\/schema\/person\/1827f92aaa316c54abbf4dac0de76069\",\"name\":\"Informatius\",\"image\":{\"@type\":\"ImageObject\",\"inLanguage\":\"ca\",\"@id\":\"https:\/\/www.noubarris.net\/web40\/#\/schema\/person\/image\/\",\"url\":\"https:\/\/secure.gravatar.com\/avatar\/87a3b47928835fc72c6ee5b0e1a7263ef0c2d05003a98189bc14926c5f11bcdb?s=96&d=mm&r=g\",\"contentUrl\":\"https:\/\/secure.gravatar.com\/avatar\/87a3b47928835fc72c6ee5b0e1a7263ef0c2d05003a98189bc14926c5f11bcdb?s=96&d=mm&r=g\",\"caption\":\"Informatius\"},\"url\":\"https:\/\/www.noubarris.net\/web40\/author\/tele\/\"}]}<\/script>\n<!-- \/ Yoast SEO plugin. -->","yoast_head_json":{"title":"El bus 127 modifica el recorregut per donar un millor servei a la part alta de les Roquetes - NouBarris.Net","robots":{"index":"index","follow":"follow","max-snippet":"max-snippet:-1","max-image-preview":"max-image-preview:large","max-video-preview":"max-video-preview:-1"},"canonical":"https:\/\/www.noubarris.net\/web40\/el-bus-127-modifica-el-recorregut-per-donar-un-millor-servei-a-la-part-alta-de-les-roquetes\/","og_locale":"ca_ES","og_type":"article","og_title":"El bus 127 modifica el recorregut per donar un millor servei a la part alta de les Roquetes - NouBarris.Net","og_description":"L&#8217;AV de les Roquetes considera que aquesta \u00e9s una mesura provisional i defensa la implantaci\u00f3 d&#8217;un nou bus de barri\u00a0\u00a0","og_url":"https:\/\/www.noubarris.net\/web40\/el-bus-127-modifica-el-recorregut-per-donar-un-millor-servei-a-la-part-alta-de-les-roquetes\/","og_site_name":"NouBarris.Net","article_publisher":"https:\/\/www.facebook.com\/NouBarris.net\/?locale=es_ES","article_published_time":"2022-09-28T22:00:54+00:00","og_image":[{"width":768,"height":432,"url":"https:\/\/www.noubarris.net\/web40\/wp-content\/uploads\/2022\/09\/290922.jpg","type":"image\/jpeg"}],"author":"Informatius","twitter_card":"summary_large_image","twitter_creator":"@9BTV","twitter_site":"@9BTV","twitter_misc":{"Escrit per":"Informatius","Temps estimat de lectura":"2 minuts"},"schema":{"@context":"https:\/\/schema.org","@graph":[{"@type":"Article","@id":"https:\/\/www.noubarris.net\/web40\/el-bus-127-modifica-el-recorregut-per-donar-un-millor-servei-a-la-part-alta-de-les-roquetes\/#article","isPartOf":{"@id":"https:\/\/www.noubarris.net\/web40\/el-bus-127-modifica-el-recorregut-per-donar-un-millor-servei-a-la-part-alta-de-les-roquetes\/"},"author":{"name":"Informatius","@id":"https:\/\/www.noubarris.net\/web40\/#\/schema\/person\/1827f92aaa316c54abbf4dac0de76069"},"headline":"El bus 127 modifica el recorregut per donar un millor servei a la part alta de les Roquetes","datePublished":"2022-09-28T22:00:54+00:00","mainEntityOfPage":{"@id":"https:\/\/www.noubarris.net\/web40\/el-bus-127-modifica-el-recorregut-per-donar-un-millor-servei-a-la-part-alta-de-les-roquetes\/"},"wordCount":403,"publisher":{"@id":"https:\/\/www.noubarris.net\/web40\/#organization"},"image":{"@id":"https:\/\/www.noubarris.net\/web40\/el-bus-127-modifica-el-recorregut-per-donar-un-millor-servei-a-la-part-alta-de-les-roquetes\/#primaryimage"},"thumbnailUrl":"https:\/\/www.noubarris.net\/web40\/wp-content\/uploads\/2022\/09\/290922.jpg","keywords":["bus","Les Roquetes"],"articleSection":["Les Roquetes"],"inLanguage":"ca"},{"@type":"WebPage","@id":"https:\/\/www.noubarris.net\/web40\/el-bus-127-modifica-el-recorregut-per-donar-un-millor-servei-a-la-part-alta-de-les-roquetes\/","url":"https:\/\/www.noubarris.net\/web40\/el-bus-127-modifica-el-recorregut-per-donar-un-millor-servei-a-la-part-alta-de-les-roquetes\/","name":"El bus 127 modifica el recorregut per donar un millor servei a la part alta de les Roquetes - NouBarris.Net","isPartOf":{"@id":"https:\/\/www.noubarris.net\/web40\/#website"},"primaryImageOfPage":{"@id":"https:\/\/www.noubarris.net\/web40\/el-bus-127-modifica-el-recorregut-per-donar-un-millor-servei-a-la-part-alta-de-les-roquetes\/#primaryimage"},"image":{"@id":"https:\/\/www.noubarris.net\/web40\/el-bus-127-modifica-el-recorregut-per-donar-un-millor-servei-a-la-part-alta-de-les-roquetes\/#primaryimage"},"thumbnailUrl":"https:\/\/www.noubarris.net\/web40\/wp-content\/uploads\/2022\/09\/290922.jpg","datePublished":"2022-09-28T22:00:54+00:00","breadcrumb":{"@id":"https:\/\/www.noubarris.net\/web40\/el-bus-127-modifica-el-recorregut-per-donar-un-millor-servei-a-la-part-alta-de-les-roquetes\/#breadcrumb"},"inLanguage":"ca","potentialAction":[{"@type":"ReadAction","target":["https:\/\/www.noubarris.net\/web40\/el-bus-127-modifica-el-recorregut-per-donar-un-millor-servei-a-la-part-alta-de-les-roquetes\/"]}]},{"@type":"ImageObject","inLanguage":"ca","@id":"https:\/\/www.noubarris.net\/web40\/el-bus-127-modifica-el-recorregut-per-donar-un-millor-servei-a-la-part-alta-de-les-roquetes\/#primaryimage","url":"https:\/\/www.noubarris.net\/web40\/wp-content\/uploads\/2022\/09\/290922.jpg","contentUrl":"https:\/\/www.noubarris.net\/web40\/wp-content\/uploads\/2022\/09\/290922.jpg","width":768,"height":432},{"@type":"BreadcrumbList","@id":"https:\/\/www.noubarris.net\/web40\/el-bus-127-modifica-el-recorregut-per-donar-un-millor-servei-a-la-part-alta-de-les-roquetes\/#breadcrumb","itemListElement":[{"@type":"ListItem","position":1,"name":"Inici","item":"https:\/\/www.noubarris.net\/web40\/"},{"@type":"ListItem","position":2,"name":"El bus 127 modifica el recorregut per donar un millor servei a la part alta de les Roquetes"}]},{"@type":"WebSite","@id":"https:\/\/www.noubarris.net\/web40\/#website","url":"https:\/\/www.noubarris.net\/web40\/","name":"NouBarris.Net","description":"Seguint la vida de Nou Barris des de 1985","publisher":{"@id":"https:\/\/www.noubarris.net\/web40\/#organization"},"potentialAction":[{"@type":"SearchAction","target":{"@type":"EntryPoint","urlTemplate":"https:\/\/www.noubarris.net\/web40\/?s={search_term_string}"},"query-input":{"@type":"PropertyValueSpecification","valueRequired":true,"valueName":"search_term_string"}}],"inLanguage":"ca"},{"@type":"Organization","@id":"https:\/\/www.noubarris.net\/web40\/#organization","name":"NouBarris.Net","url":"https:\/\/www.noubarris.net\/web40\/","logo":{"@type":"ImageObject","inLanguage":"ca","@id":"https:\/\/www.noubarris.net\/web40\/#\/schema\/logo\/image\/","url":"https:\/\/www.noubarris.net\/web40\/wp-content\/uploads\/2024\/11\/cropped-cropped-LOGO_9BTV-2024_Insta-1.jpg","contentUrl":"https:\/\/www.noubarris.net\/web40\/wp-content\/uploads\/2024\/11\/cropped-cropped-LOGO_9BTV-2024_Insta-1.jpg","width":512,"height":512,"caption":"NouBarris.Net"},"image":{"@id":"https:\/\/www.noubarris.net\/web40\/#\/schema\/logo\/image\/"},"sameAs":["https:\/\/www.facebook.com\/NouBarris.net\/?locale=es_ES","https:\/\/x.com\/9BTV"]},{"@type":"Person","@id":"https:\/\/www.noubarris.net\/web40\/#\/schema\/person\/1827f92aaa316c54abbf4dac0de76069","name":"Informatius","image":{"@type":"ImageObject","inLanguage":"ca","@id":"https:\/\/www.noubarris.net\/web40\/#\/schema\/person\/image\/","url":"https:\/\/secure.gravatar.com\/avatar\/87a3b47928835fc72c6ee5b0e1a7263ef0c2d05003a98189bc14926c5f11bcdb?s=96&d=mm&r=g","contentUrl":"https:\/\/secure.gravatar.com\/avatar\/87a3b47928835fc72c6ee5b0e1a7263ef0c2d05003a98189bc14926c5f11bcdb?s=96&d=mm&r=g","caption":"Informatius"},"url":"https:\/\/www.noubarris.net\/web40\/author\/tele\/"}]}},"_links":{"self":[{"href":"https:\/\/www.noubarris.net\/web40\/wp-json\/wp\/v2\/posts\/79782","targetHints":{"allow":["GET"]}}],"collection":[{"href":"https:\/\/www.noubarris.net\/web40\/wp-json\/wp\/v2\/posts"}],"about":[{"href":"https:\/\/www.noubarris.net\/web40\/wp-json\/wp\/v2\/types\/post"}],"author":[{"embeddable":true,"href":"https:\/\/www.noubarris.net\/web40\/wp-json\/wp\/v2\/users\/2"}],"replies":[{"embeddable":true,"href":"https:\/\/www.noubarris.net\/web40\/wp-json\/wp\/v2\/comments?post=79782"}],"version-history":[{"count":1,"href":"https:\/\/www.noubarris.net\/web40\/wp-json\/wp\/v2\/posts\/79782\/revisions"}],"predecessor-version":[{"id":79783,"href":"https:\/\/www.noubarris.net\/web40\/wp-json\/wp\/v2\/posts\/79782\/revisions\/79783"}],"wp:featuredmedia":[{"embeddable":true,"href":"https:\/\/www.noubarris.net\/web40\/wp-json\/wp\/v2\/media\/79784"}],"wp:attachment":[{"href":"https:\/\/www.noubarris.net\/web40\/wp-json\/wp\/v2\/media?parent=79782"}],"wp:term":[{"taxonomy":"category","embeddable":true,"href":"https:\/\/www.noubarris.net\/web40\/wp-json\/wp\/v2\/categories?post=79782"},{"taxonomy":"post_tag","embeddable":true,"href":"https:\/\/www.noubarris.net\/web40\/wp-json\/wp\/v2\/tags?post=79782"}],"curies":[{"name":"wp","href":"https:\/\/api.w.org\/{rel}","templated":true}]}}