{"id":79837,"date":"2022-10-11T00:00:01","date_gmt":"2022-10-10T22:00:01","guid":{"rendered":"http:\/\/www.noubarris.net\/web40\/?p=79837"},"modified":"2022-10-10T20:26:58","modified_gmt":"2022-10-10T18:26:58","slug":"descobert-en-mal-estat-un-altre-acces-al-refugi-de-can-peguera","status":"publish","type":"post","link":"https:\/\/www.noubarris.net\/web40\/descobert-en-mal-estat-un-altre-acces-al-refugi-de-can-peguera\/","title":{"rendered":"Descobert en mal estat un altre acc\u00e9s al refugi de Can Peguera"},"content":{"rendered":"<p><strong>El ve\u00efnat ja havia advertit d&#8217;aquesta porta, situada al recinte de l&#8217;antiga escola\u00a0<\/strong><\/p>\n<p>Els pl\u00e0nols i la mem\u00f2ria dels ve\u00efns de Can Peguera ja ho indicaven, i amb aquestes alertes, els obrers que treballen en el Balc\u00f3 d&#8217;Equipaments van localitzar a l&#8217;estiu un nou acc\u00e9s al refugi antiaeri del carrer de Cornudella. Era l&#8217;acc\u00e9s constru\u00eft per als nens i nenes de l&#8217;escola Hermenegildo Giner de los R\u00edos. Durant les darreres setmanes hi ha treballat el servei d&#8217;arqueologia i finalment han confirmat el que ja es temia des del principi: la galeria descoberta no podr\u00e0 ser visitada, a causa dels risc de despreniments.<\/p>\n<p>Des de l&#8217;AV Can Peguera no es perd l&#8217;esperan\u00e7a que es puguin rehabilitar en un futur. No ho volen reivindicar ara com una prioritat perqu\u00e8 consideren que el barri t\u00e9 altres urg\u00e8ncies, com ara millorar la situaci\u00f3 socioecon\u00f2mica del ve\u00efnat i la rehabilitaci\u00f3 que el Pla de Futur preveu per a les casetes blanques.<\/p>\n<p>Les altres galeries descobertes al llarg del carrer de Cornudella tamb\u00e9 es troben tancades des de fa molts anys per la mateixa ra\u00f3, el seu mal estat. Tan sols s&#8217;hi ha pogut entrar en un parell d&#8217;ocasions i ara romanen rere portes met\u00e0l\u00b7liques o tapiades. En una d&#8217;elles podeu trobar des de 2013 un dels QR del nostre projecte <span style=\"color: #0000ff;\"><strong><a style=\"color: #0000ff;\" href=\"https:\/\/www.noubarris.net\/relligantnb\/?p=218\">Relligant Nou Barris<\/a><\/strong><\/span>, en qu\u00e8 s&#8217;explica la hist\u00f2ria del refugi.<\/p>\n\n\n\n\n<figure class=\"wp-block-embed is-type-video is-provider-youtube wp-block-embed-youtube wp-embed-aspect-16-9 wp-has-aspect-ratio\"><div class=\"wp-block-embed__wrapper\">\n<iframe loading=\"lazy\" title=\"Refugi antiaeri de Can Peguera\" width=\"800\" height=\"450\" src=\"https:\/\/www.youtube.com\/embed\/8AuW0mU9JDk?list=PLiB0DlgbaQ3IOvTtKkV1h_nBY4zbQ1AJq\" frameborder=\"0\" allow=\"accelerometer; autoplay; clipboard-write; encrypted-media; gyroscope; picture-in-picture\" allowfullscreen><\/iframe>\n<\/div><\/figure>\n\n\n\n<p>Mentrestant, les obres del Balc\u00f3 d&#8217;Equipaments no s&#8217;han aturat. Aquests treballs faran m\u00e9s accessibles els equipaments, que es troben a una cota molt superior que la de les casetes. Per aix\u00f2 s&#8217;estan creant nous accessos per comunicar amb el Casal de Barri i el Centre Obert, entre d&#8217;altres actuacions de la primera fase.<\/p>\n","protected":false},"excerpt":{"rendered":"<p>El ve\u00efnat ja havia advertit d&#8217;aquesta porta, situada al recinte de l&#8217;antiga escola\u00a0 Els pl\u00e0nols i la mem\u00f2ria dels ve\u00efns<\/p>\n","protected":false},"author":2,"featured_media":79839,"comment_status":"closed","ping_status":"closed","sticky":false,"template":"","format":"standard","meta":{"colormag_page_layout":"default_layout","_monsterinsights_skip_tracking":false,"_monsterinsights_sitenote_active":false,"_monsterinsights_sitenote_note":"","_monsterinsights_sitenote_category":0,"footnotes":""},"categories":[130,124],"tags":[235,590],"class_list":["post-79837","post","type-post","status-publish","format-standard","has-post-thumbnail","hentry","category-can-peguera","category-societat","tag-patrimoni","tag-refugi-antiaeri"],"yoast_head":"<!-- This site is optimized with the Yoast SEO plugin v25.3 - https:\/\/yoast.com\/wordpress\/plugins\/seo\/ -->\n<title>Descobert en mal estat un altre acc\u00e9s al refugi de Can Peguera - NouBarris.Net<\/title>\n<meta name=\"robots\" content=\"index, follow, max-snippet:-1, max-image-preview:large, max-video-preview:-1\" \/>\n<link rel=\"canonical\" href=\"https:\/\/www.noubarris.net\/web40\/descobert-en-mal-estat-un-altre-acces-al-refugi-de-can-peguera\/\" \/>\n<meta property=\"og:locale\" content=\"ca_ES\" \/>\n<meta property=\"og:type\" content=\"article\" \/>\n<meta property=\"og:title\" content=\"Descobert en mal estat un altre acc\u00e9s al refugi de Can Peguera - NouBarris.Net\" \/>\n<meta property=\"og:description\" content=\"El ve\u00efnat ja havia advertit d&#8217;aquesta porta, situada al recinte de l&#8217;antiga escola\u00a0 Els pl\u00e0nols i la mem\u00f2ria dels ve\u00efns\" \/>\n<meta property=\"og:url\" content=\"https:\/\/www.noubarris.net\/web40\/descobert-en-mal-estat-un-altre-acces-al-refugi-de-can-peguera\/\" \/>\n<meta property=\"og:site_name\" content=\"NouBarris.Net\" \/>\n<meta property=\"article:publisher\" content=\"https:\/\/www.facebook.com\/NouBarris.net\/?locale=es_ES\" \/>\n<meta property=\"article:published_time\" content=\"2022-10-10T22:00:01+00:00\" \/>\n<meta property=\"og:image\" content=\"https:\/\/www.noubarris.net\/web40\/wp-content\/uploads\/2022\/10\/111022.jpg\" \/>\n\t<meta property=\"og:image:width\" content=\"768\" \/>\n\t<meta property=\"og:image:height\" content=\"432\" \/>\n\t<meta property=\"og:image:type\" content=\"image\/jpeg\" \/>\n<meta name=\"author\" content=\"Informatius\" \/>\n<meta name=\"twitter:card\" content=\"summary_large_image\" \/>\n<meta name=\"twitter:creator\" content=\"@9BTV\" \/>\n<meta name=\"twitter:site\" content=\"@9BTV\" \/>\n<meta name=\"twitter:label1\" content=\"Escrit per\" \/>\n\t<meta name=\"twitter:data1\" content=\"Informatius\" \/>\n\t<meta name=\"twitter:label2\" content=\"Temps estimat de lectura\" \/>\n\t<meta name=\"twitter:data2\" content=\"2 minuts\" \/>\n<script type=\"application\/ld+json\" class=\"yoast-schema-graph\">{\"@context\":\"https:\/\/schema.org\",\"@graph\":[{\"@type\":\"Article\",\"@id\":\"https:\/\/www.noubarris.net\/web40\/descobert-en-mal-estat-un-altre-acces-al-refugi-de-can-peguera\/#article\",\"isPartOf\":{\"@id\":\"https:\/\/www.noubarris.net\/web40\/descobert-en-mal-estat-un-altre-acces-al-refugi-de-can-peguera\/\"},\"author\":{\"name\":\"Informatius\",\"@id\":\"https:\/\/www.noubarris.net\/web40\/#\/schema\/person\/1827f92aaa316c54abbf4dac0de76069\"},\"headline\":\"Descobert en mal estat un altre acc\u00e9s al refugi de Can Peguera\",\"datePublished\":\"2022-10-10T22:00:01+00:00\",\"mainEntityOfPage\":{\"@id\":\"https:\/\/www.noubarris.net\/web40\/descobert-en-mal-estat-un-altre-acces-al-refugi-de-can-peguera\/\"},\"wordCount\":344,\"publisher\":{\"@id\":\"https:\/\/www.noubarris.net\/web40\/#organization\"},\"image\":{\"@id\":\"https:\/\/www.noubarris.net\/web40\/descobert-en-mal-estat-un-altre-acces-al-refugi-de-can-peguera\/#primaryimage\"},\"thumbnailUrl\":\"https:\/\/www.noubarris.net\/web40\/wp-content\/uploads\/2022\/10\/111022.jpg\",\"keywords\":[\"patrimoni\",\"refugi antiaeri\"],\"articleSection\":[\"Can Peguera\",\"Societat\"],\"inLanguage\":\"ca\"},{\"@type\":\"WebPage\",\"@id\":\"https:\/\/www.noubarris.net\/web40\/descobert-en-mal-estat-un-altre-acces-al-refugi-de-can-peguera\/\",\"url\":\"https:\/\/www.noubarris.net\/web40\/descobert-en-mal-estat-un-altre-acces-al-refugi-de-can-peguera\/\",\"name\":\"Descobert en mal estat un altre acc\u00e9s al refugi de Can Peguera - NouBarris.Net\",\"isPartOf\":{\"@id\":\"https:\/\/www.noubarris.net\/web40\/#website\"},\"primaryImageOfPage\":{\"@id\":\"https:\/\/www.noubarris.net\/web40\/descobert-en-mal-estat-un-altre-acces-al-refugi-de-can-peguera\/#primaryimage\"},\"image\":{\"@id\":\"https:\/\/www.noubarris.net\/web40\/descobert-en-mal-estat-un-altre-acces-al-refugi-de-can-peguera\/#primaryimage\"},\"thumbnailUrl\":\"https:\/\/www.noubarris.net\/web40\/wp-content\/uploads\/2022\/10\/111022.jpg\",\"datePublished\":\"2022-10-10T22:00:01+00:00\",\"breadcrumb\":{\"@id\":\"https:\/\/www.noubarris.net\/web40\/descobert-en-mal-estat-un-altre-acces-al-refugi-de-can-peguera\/#breadcrumb\"},\"inLanguage\":\"ca\",\"potentialAction\":[{\"@type\":\"ReadAction\",\"target\":[\"https:\/\/www.noubarris.net\/web40\/descobert-en-mal-estat-un-altre-acces-al-refugi-de-can-peguera\/\"]}]},{\"@type\":\"ImageObject\",\"inLanguage\":\"ca\",\"@id\":\"https:\/\/www.noubarris.net\/web40\/descobert-en-mal-estat-un-altre-acces-al-refugi-de-can-peguera\/#primaryimage\",\"url\":\"https:\/\/www.noubarris.net\/web40\/wp-content\/uploads\/2022\/10\/111022.jpg\",\"contentUrl\":\"https:\/\/www.noubarris.net\/web40\/wp-content\/uploads\/2022\/10\/111022.jpg\",\"width\":768,\"height\":432},{\"@type\":\"BreadcrumbList\",\"@id\":\"https:\/\/www.noubarris.net\/web40\/descobert-en-mal-estat-un-altre-acces-al-refugi-de-can-peguera\/#breadcrumb\",\"itemListElement\":[{\"@type\":\"ListItem\",\"position\":1,\"name\":\"Inici\",\"item\":\"https:\/\/www.noubarris.net\/web40\/\"},{\"@type\":\"ListItem\",\"position\":2,\"name\":\"Descobert en mal estat un altre acc\u00e9s al refugi de Can Peguera\"}]},{\"@type\":\"WebSite\",\"@id\":\"https:\/\/www.noubarris.net\/web40\/#website\",\"url\":\"https:\/\/www.noubarris.net\/web40\/\",\"name\":\"NouBarris.Net\",\"description\":\"Seguint la vida de Nou Barris des de 1985\",\"publisher\":{\"@id\":\"https:\/\/www.noubarris.net\/web40\/#organization\"},\"potentialAction\":[{\"@type\":\"SearchAction\",\"target\":{\"@type\":\"EntryPoint\",\"urlTemplate\":\"https:\/\/www.noubarris.net\/web40\/?s={search_term_string}\"},\"query-input\":{\"@type\":\"PropertyValueSpecification\",\"valueRequired\":true,\"valueName\":\"search_term_string\"}}],\"inLanguage\":\"ca\"},{\"@type\":\"Organization\",\"@id\":\"https:\/\/www.noubarris.net\/web40\/#organization\",\"name\":\"NouBarris.Net\",\"url\":\"https:\/\/www.noubarris.net\/web40\/\",\"logo\":{\"@type\":\"ImageObject\",\"inLanguage\":\"ca\",\"@id\":\"https:\/\/www.noubarris.net\/web40\/#\/schema\/logo\/image\/\",\"url\":\"https:\/\/www.noubarris.net\/web40\/wp-content\/uploads\/2024\/11\/cropped-cropped-LOGO_9BTV-2024_Insta-1.jpg\",\"contentUrl\":\"https:\/\/www.noubarris.net\/web40\/wp-content\/uploads\/2024\/11\/cropped-cropped-LOGO_9BTV-2024_Insta-1.jpg\",\"width\":512,\"height\":512,\"caption\":\"NouBarris.Net\"},\"image\":{\"@id\":\"https:\/\/www.noubarris.net\/web40\/#\/schema\/logo\/image\/\"},\"sameAs\":[\"https:\/\/www.facebook.com\/NouBarris.net\/?locale=es_ES\",\"https:\/\/x.com\/9BTV\"]},{\"@type\":\"Person\",\"@id\":\"https:\/\/www.noubarris.net\/web40\/#\/schema\/person\/1827f92aaa316c54abbf4dac0de76069\",\"name\":\"Informatius\",\"image\":{\"@type\":\"ImageObject\",\"inLanguage\":\"ca\",\"@id\":\"https:\/\/www.noubarris.net\/web40\/#\/schema\/person\/image\/\",\"url\":\"https:\/\/secure.gravatar.com\/avatar\/87a3b47928835fc72c6ee5b0e1a7263ef0c2d05003a98189bc14926c5f11bcdb?s=96&d=mm&r=g\",\"contentUrl\":\"https:\/\/secure.gravatar.com\/avatar\/87a3b47928835fc72c6ee5b0e1a7263ef0c2d05003a98189bc14926c5f11bcdb?s=96&d=mm&r=g\",\"caption\":\"Informatius\"},\"url\":\"https:\/\/www.noubarris.net\/web40\/author\/tele\/\"}]}<\/script>\n<!-- \/ Yoast SEO plugin. -->","yoast_head_json":{"title":"Descobert en mal estat un altre acc\u00e9s al refugi de Can Peguera - NouBarris.Net","robots":{"index":"index","follow":"follow","max-snippet":"max-snippet:-1","max-image-preview":"max-image-preview:large","max-video-preview":"max-video-preview:-1"},"canonical":"https:\/\/www.noubarris.net\/web40\/descobert-en-mal-estat-un-altre-acces-al-refugi-de-can-peguera\/","og_locale":"ca_ES","og_type":"article","og_title":"Descobert en mal estat un altre acc\u00e9s al refugi de Can Peguera - NouBarris.Net","og_description":"El ve\u00efnat ja havia advertit d&#8217;aquesta porta, situada al recinte de l&#8217;antiga escola\u00a0 Els pl\u00e0nols i la mem\u00f2ria dels ve\u00efns","og_url":"https:\/\/www.noubarris.net\/web40\/descobert-en-mal-estat-un-altre-acces-al-refugi-de-can-peguera\/","og_site_name":"NouBarris.Net","article_publisher":"https:\/\/www.facebook.com\/NouBarris.net\/?locale=es_ES","article_published_time":"2022-10-10T22:00:01+00:00","og_image":[{"width":768,"height":432,"url":"https:\/\/www.noubarris.net\/web40\/wp-content\/uploads\/2022\/10\/111022.jpg","type":"image\/jpeg"}],"author":"Informatius","twitter_card":"summary_large_image","twitter_creator":"@9BTV","twitter_site":"@9BTV","twitter_misc":{"Escrit per":"Informatius","Temps estimat de lectura":"2 minuts"},"schema":{"@context":"https:\/\/schema.org","@graph":[{"@type":"Article","@id":"https:\/\/www.noubarris.net\/web40\/descobert-en-mal-estat-un-altre-acces-al-refugi-de-can-peguera\/#article","isPartOf":{"@id":"https:\/\/www.noubarris.net\/web40\/descobert-en-mal-estat-un-altre-acces-al-refugi-de-can-peguera\/"},"author":{"name":"Informatius","@id":"https:\/\/www.noubarris.net\/web40\/#\/schema\/person\/1827f92aaa316c54abbf4dac0de76069"},"headline":"Descobert en mal estat un altre acc\u00e9s al refugi de Can Peguera","datePublished":"2022-10-10T22:00:01+00:00","mainEntityOfPage":{"@id":"https:\/\/www.noubarris.net\/web40\/descobert-en-mal-estat-un-altre-acces-al-refugi-de-can-peguera\/"},"wordCount":344,"publisher":{"@id":"https:\/\/www.noubarris.net\/web40\/#organization"},"image":{"@id":"https:\/\/www.noubarris.net\/web40\/descobert-en-mal-estat-un-altre-acces-al-refugi-de-can-peguera\/#primaryimage"},"thumbnailUrl":"https:\/\/www.noubarris.net\/web40\/wp-content\/uploads\/2022\/10\/111022.jpg","keywords":["patrimoni","refugi antiaeri"],"articleSection":["Can Peguera","Societat"],"inLanguage":"ca"},{"@type":"WebPage","@id":"https:\/\/www.noubarris.net\/web40\/descobert-en-mal-estat-un-altre-acces-al-refugi-de-can-peguera\/","url":"https:\/\/www.noubarris.net\/web40\/descobert-en-mal-estat-un-altre-acces-al-refugi-de-can-peguera\/","name":"Descobert en mal estat un altre acc\u00e9s al refugi de Can Peguera - NouBarris.Net","isPartOf":{"@id":"https:\/\/www.noubarris.net\/web40\/#website"},"primaryImageOfPage":{"@id":"https:\/\/www.noubarris.net\/web40\/descobert-en-mal-estat-un-altre-acces-al-refugi-de-can-peguera\/#primaryimage"},"image":{"@id":"https:\/\/www.noubarris.net\/web40\/descobert-en-mal-estat-un-altre-acces-al-refugi-de-can-peguera\/#primaryimage"},"thumbnailUrl":"https:\/\/www.noubarris.net\/web40\/wp-content\/uploads\/2022\/10\/111022.jpg","datePublished":"2022-10-10T22:00:01+00:00","breadcrumb":{"@id":"https:\/\/www.noubarris.net\/web40\/descobert-en-mal-estat-un-altre-acces-al-refugi-de-can-peguera\/#breadcrumb"},"inLanguage":"ca","potentialAction":[{"@type":"ReadAction","target":["https:\/\/www.noubarris.net\/web40\/descobert-en-mal-estat-un-altre-acces-al-refugi-de-can-peguera\/"]}]},{"@type":"ImageObject","inLanguage":"ca","@id":"https:\/\/www.noubarris.net\/web40\/descobert-en-mal-estat-un-altre-acces-al-refugi-de-can-peguera\/#primaryimage","url":"https:\/\/www.noubarris.net\/web40\/wp-content\/uploads\/2022\/10\/111022.jpg","contentUrl":"https:\/\/www.noubarris.net\/web40\/wp-content\/uploads\/2022\/10\/111022.jpg","width":768,"height":432},{"@type":"BreadcrumbList","@id":"https:\/\/www.noubarris.net\/web40\/descobert-en-mal-estat-un-altre-acces-al-refugi-de-can-peguera\/#breadcrumb","itemListElement":[{"@type":"ListItem","position":1,"name":"Inici","item":"https:\/\/www.noubarris.net\/web40\/"},{"@type":"ListItem","position":2,"name":"Descobert en mal estat un altre acc\u00e9s al refugi de Can Peguera"}]},{"@type":"WebSite","@id":"https:\/\/www.noubarris.net\/web40\/#website","url":"https:\/\/www.noubarris.net\/web40\/","name":"NouBarris.Net","description":"Seguint la vida de Nou Barris des de 1985","publisher":{"@id":"https:\/\/www.noubarris.net\/web40\/#organization"},"potentialAction":[{"@type":"SearchAction","target":{"@type":"EntryPoint","urlTemplate":"https:\/\/www.noubarris.net\/web40\/?s={search_term_string}"},"query-input":{"@type":"PropertyValueSpecification","valueRequired":true,"valueName":"search_term_string"}}],"inLanguage":"ca"},{"@type":"Organization","@id":"https:\/\/www.noubarris.net\/web40\/#organization","name":"NouBarris.Net","url":"https:\/\/www.noubarris.net\/web40\/","logo":{"@type":"ImageObject","inLanguage":"ca","@id":"https:\/\/www.noubarris.net\/web40\/#\/schema\/logo\/image\/","url":"https:\/\/www.noubarris.net\/web40\/wp-content\/uploads\/2024\/11\/cropped-cropped-LOGO_9BTV-2024_Insta-1.jpg","contentUrl":"https:\/\/www.noubarris.net\/web40\/wp-content\/uploads\/2024\/11\/cropped-cropped-LOGO_9BTV-2024_Insta-1.jpg","width":512,"height":512,"caption":"NouBarris.Net"},"image":{"@id":"https:\/\/www.noubarris.net\/web40\/#\/schema\/logo\/image\/"},"sameAs":["https:\/\/www.facebook.com\/NouBarris.net\/?locale=es_ES","https:\/\/x.com\/9BTV"]},{"@type":"Person","@id":"https:\/\/www.noubarris.net\/web40\/#\/schema\/person\/1827f92aaa316c54abbf4dac0de76069","name":"Informatius","image":{"@type":"ImageObject","inLanguage":"ca","@id":"https:\/\/www.noubarris.net\/web40\/#\/schema\/person\/image\/","url":"https:\/\/secure.gravatar.com\/avatar\/87a3b47928835fc72c6ee5b0e1a7263ef0c2d05003a98189bc14926c5f11bcdb?s=96&d=mm&r=g","contentUrl":"https:\/\/secure.gravatar.com\/avatar\/87a3b47928835fc72c6ee5b0e1a7263ef0c2d05003a98189bc14926c5f11bcdb?s=96&d=mm&r=g","caption":"Informatius"},"url":"https:\/\/www.noubarris.net\/web40\/author\/tele\/"}]}},"_links":{"self":[{"href":"https:\/\/www.noubarris.net\/web40\/wp-json\/wp\/v2\/posts\/79837","targetHints":{"allow":["GET"]}}],"collection":[{"href":"https:\/\/www.noubarris.net\/web40\/wp-json\/wp\/v2\/posts"}],"about":[{"href":"https:\/\/www.noubarris.net\/web40\/wp-json\/wp\/v2\/types\/post"}],"author":[{"embeddable":true,"href":"https:\/\/www.noubarris.net\/web40\/wp-json\/wp\/v2\/users\/2"}],"replies":[{"embeddable":true,"href":"https:\/\/www.noubarris.net\/web40\/wp-json\/wp\/v2\/comments?post=79837"}],"version-history":[{"count":5,"href":"https:\/\/www.noubarris.net\/web40\/wp-json\/wp\/v2\/posts\/79837\/revisions"}],"predecessor-version":[{"id":79843,"href":"https:\/\/www.noubarris.net\/web40\/wp-json\/wp\/v2\/posts\/79837\/revisions\/79843"}],"wp:featuredmedia":[{"embeddable":true,"href":"https:\/\/www.noubarris.net\/web40\/wp-json\/wp\/v2\/media\/79839"}],"wp:attachment":[{"href":"https:\/\/www.noubarris.net\/web40\/wp-json\/wp\/v2\/media?parent=79837"}],"wp:term":[{"taxonomy":"category","embeddable":true,"href":"https:\/\/www.noubarris.net\/web40\/wp-json\/wp\/v2\/categories?post=79837"},{"taxonomy":"post_tag","embeddable":true,"href":"https:\/\/www.noubarris.net\/web40\/wp-json\/wp\/v2\/tags?post=79837"}],"curies":[{"name":"wp","href":"https:\/\/api.w.org\/{rel}","templated":true}]}}